{"id":1028111,"date":"2024-01-08T18:48:18","date_gmt":"2024-01-08T15:48:18","guid":{"rendered":"https:\/\/darkamazi.site\/?p=1028111"},"modified":"2024-01-08T20:06:23","modified_gmt":"2024-01-08T17:06:23","slug":"baskan-barzaniye-avusturyada-duzenlenen-suikast-girisimin-uzerinden-44-yil-gecti","status":"publish","type":"post","link":"https:\/\/darkamazi.site\/archives\/1028111","title":{"rendered":"Ba\u015fkan Barzani\u2019ye Avusturya\u2019da d\u00fczenlenen suikast giri\u015fimin \u00fczerinden 45 \u00a0y\u0131l ge\u00e7ti"},"content":{"rendered":"<p style=\"text-align: justify\">45\u00a0 y\u0131l \u00f6nce bug\u00fcn Avusturya\u2019n\u0131n ba\u015fkenti Viyana\u2019da Ba\u015fkan Barzani\u2019ye suistast d\u00fczenlendi.\u00a0 Ba\u015fkan Barzani o d\u00f6nem \u00a0K\u00fcrdistan Demokrat Partisi (KDP) Genel Sekreteriydi. \u00a0Suikast Baas Rejimi taraf\u0131ndan d\u00fczenlendi. K\u00fcrt m\u00fccadelesine tekrardan bir \u00e7\u0131k\u0131\u015f yapt\u0131rmak isteyen Ba\u015fkan Barzani\u2019yi ortadan kald\u0131rarak K\u00fcrtlerin dirili\u015f aray\u0131\u015f\u0131n\u0131 baltalamak istediler.<\/p>\n<p style=\"text-align: justify\">Ba\u015fkan Barzani 1970\u2019lerin ba\u015f\u0131ndan itibaren G\u00fcney K\u00fcrdistan\u2019da yeni bir devrimci \u00e7\u0131k\u0131\u015f\u0131 ba\u015flatmak i\u00e7in babas\u0131 Mele Mustafa Barzani ve karde\u015fi idris Barzani ile beraber \u00e7al\u0131\u015fmaya ba\u015flam\u0131\u015ft\u0131. 1979\u00a0 y\u0131l\u0131nda da Mela Mustafa Barzani\u2019nin vefat\u0131ndan sonra KDP\u2019ye karde\u015fi ile beraber liderlik etmeye ba\u015flam\u0131\u015ft\u0131.<\/p>\n<p style=\"text-align: justify\">Bir \u00e7ok dili bilmesi, Pe\u015fmergelik tecr\u00fcbesi\u00a0 ve esnek ki\u015fili\u011fi ile K\u00fcrdistan m\u00fccadelesinde \u00f6nemli \u00e7\u0131k\u0131\u015flar yapaca\u011f\u0131 genel olarak \u00f6ng\u00f6r\u00fcl\u00fcyordu. Saddam rejimi de ayn\u0131 durumu g\u00f6rerek Ba\u015fkan Barzani\u2019yi bir suikast ile etkisiz hale getirmek istedi.<\/p>\n<p style=\"text-align: justify\">8 Ocak 1979 tarihindeki suikast giri\u015fimine dair Erbil Gazetesi\u2019ne deme\u00e7 veren KDP Eski Parlamenteri Abdulselam Bervari olaya dair an\u0131lar\u0131n\u0131 anlatm\u0131\u015ft\u0131.<\/p>\n<p style=\"text-align: justify\">1979 y\u0131l\u0131n\u0131n ba\u015flar\u0131nda \u0130ran\u2019da protesto g\u00f6sterilerinin ba\u015flad\u0131\u011f\u0131n\u0131 ve protestolardan \u015eah rejiminin son bulaca\u011f\u0131n\u0131n belli oldu\u011funu belirten Bervari, \u201cBa\u015fkan Mesud Barzani o zamanlar beraberindeki heyetle birlikte Avusturya\u2019n\u0131n ba\u015fkenti Viyana\u2019dayd\u0131. O d\u00f6nemde Avusturya, Baas rejimi ajanlar\u0131n\u0131n hareket alan\u0131 olmu\u015ftu. Ba\u015fkan Mesud Barzani\u2019ye suikast giri\u015fiminde bulundular, fakat ba\u015far\u0131l\u0131 olmad\u0131lar. Suikast giri\u015fiminden Azad Bervari ve Doktor Pirot Ahmed yaral\u0131 olarak kurtuldu\u201d dedi.<\/p>\n<p style=\"text-align: justify\">Suikast\u0131n ger\u00e7ekle\u015fti\u011fi s\u00fcre\u00e7te Viyana\u2019da bulunan KDP\u2019li emektar siyaset\u00e7i Abd\u00fcsselam Bervari, olay\u0131n Avusturya bas\u0131n\u0131nda geni\u015f yer buldu\u011funa de\u011finerek, \u201cBa\u015fkan Barzani\u2019ye d\u00fczenlenen suikast giri\u015fimi Avusturya bas\u0131n\u0131nda b\u00fcy\u00fck yank\u0131 uyand\u0131rd\u0131. Ba\u015fkan Mesud Barzani Avusturya\u2019ya geldi\u011finde korunmas\u0131 ama\u00e7l\u0131 geni\u015f \u00e7apl\u0131 g\u00fcvenlik tedbirleri al\u0131n\u0131yordu\u201d diye konu\u015ftu.<\/p>\n","protected":false},"excerpt":{"rendered":"<p>45\u00a0 y\u0131l \u00f6nce bug\u00fcn Avusturya\u2019n\u0131n ba\u015fkenti Viyana\u2019da Ba\u015fkan Barzani\u2019ye suistast d\u00fczenlendi.\u00a0 Ba\u015fkan Barzani o d\u00f6nem \u00a0K\u00fcrdistan Demokrat Partisi (KDP) Genel Sekreteriydi. \u00a0Suikast Baas Rejimi taraf\u0131ndan d\u00fczenlendi. K\u00fcrt m\u00fccadelesine tekrardan bir \u00e7\u0131k\u0131\u015f yapt\u0131rmak isteyen Ba\u015fkan Barzani\u2019yi ortadan kald\u0131rarak K\u00fcrtlerin dirili\u015f aray\u0131\u015f\u0131n\u0131 baltalamak istediler. Ba\u015fkan Barzani 1970\u2019lerin ba\u015f\u0131ndan itibaren G\u00fcney K\u00fcrdistan\u2019da yeni bir devrimci \u00e7\u0131k\u0131\u015f\u0131 ba\u015flatmak i\u00e7in [&hellip;]<\/p>\n","protected":false},"author":2,"featured_media":1028112,"comment_status":"closed","ping_status":"closed","sticky":false,"template":"","format":"standard","meta":{"footnotes":""},"categories":[3],"tags":[31],"class_list":["post-1028111","post","type-post","status-publish","format-standard","has-post-thumbnail","hentry","category-kurdistan","tag-onemli"],"blocksy_meta":[],"seo_head":"<!-- This site is optimized with the Yoast SEO plugin v27.5 - https:\/\/yoast.com\/product\/yoast-seo-wordpress\/ -->\n<title>Ba\u015fkan Barzani\u2019ye Avusturya\u2019da d\u00fczenlenen suikast giri\u015fimin \u00fczerinden 45 \u00a0y\u0131l ge\u00e7ti - Darka Mazi<\/title>\n<meta name=\"robots\" content=\"index, follow, max-snippet:-1, max-image-preview:large, max-video-preview:-1\" \/>\n<link rel=\"canonical\" href=\"https:\/\/darkamazi.site\/archives\/1028111\" \/>\n<meta property=\"og:locale\" content=\"en_US\" \/>\n<meta property=\"og:type\" content=\"article\" \/>\n<meta property=\"og:title\" content=\"Ba\u015fkan Barzani\u2019ye Avusturya\u2019da d\u00fczenlenen suikast giri\u015fimin \u00fczerinden 45 \u00a0y\u0131l ge\u00e7ti - Darka Mazi\" \/>\n<meta property=\"og:description\" content=\"45\u00a0 y\u0131l \u00f6nce bug\u00fcn Avusturya\u2019n\u0131n ba\u015fkenti Viyana\u2019da Ba\u015fkan Barzani\u2019ye suistast d\u00fczenlendi.\u00a0 Ba\u015fkan Barzani o d\u00f6nem \u00a0K\u00fcrdistan Demokrat Partisi (KDP) Genel Sekreteriydi. \u00a0Suikast Baas Rejimi taraf\u0131ndan d\u00fczenlendi. K\u00fcrt m\u00fccadelesine tekrardan bir \u00e7\u0131k\u0131\u015f yapt\u0131rmak isteyen Ba\u015fkan Barzani\u2019yi ortadan kald\u0131rarak K\u00fcrtlerin dirili\u015f aray\u0131\u015f\u0131n\u0131 baltalamak istediler. Ba\u015fkan Barzani 1970\u2019lerin ba\u015f\u0131ndan itibaren G\u00fcney K\u00fcrdistan\u2019da yeni bir devrimci \u00e7\u0131k\u0131\u015f\u0131 ba\u015flatmak i\u00e7in [&hellip;]\" \/>\n<meta property=\"og:url\" content=\"https:\/\/darkamazi.site\/archives\/1028111\" \/>\n<meta property=\"og:site_name\" content=\"Darka Mazi\" \/>\n<meta property=\"article:publisher\" content=\"https:\/\/www.facebook.com\/DarkaMaziturkce\" \/>\n<meta property=\"article:published_time\" content=\"2024-01-08T15:48:18+00:00\" \/>\n<meta property=\"article:modified_time\" content=\"2024-01-08T17:06:23+00:00\" \/>\n<meta property=\"og:image\" content=\"https:\/\/darkamazi.site\/file\/2024\/01\/vinna.jpg\" \/>\n\t<meta property=\"og:image:width\" content=\"636\" \/>\n\t<meta property=\"og:image:height\" content=\"439\" \/>\n\t<meta property=\"og:image:type\" content=\"image\/jpeg\" \/>\n<meta name=\"author\" content=\"darka mazi\" \/>\n<meta name=\"twitter:card\" content=\"summary_large_image\" \/>\n<meta name=\"twitter:creator\" content=\"@DarkaMaziTurkce\" \/>\n<meta name=\"twitter:site\" content=\"@DarkaMaziTurkce\" \/>\n<meta name=\"twitter:label1\" content=\"Written by\" \/>\n\t<meta name=\"twitter:data1\" content=\"darka mazi\" \/>\n\t<meta name=\"twitter:label2\" content=\"Est. reading time\" \/>\n\t<meta name=\"twitter:data2\" content=\"2 minutes\" \/>\n<script type=\"application\/ld+json\" class=\"seo-schema-graph\">{\"@context\":\"https:\\\/\\\/schema.org\",\"@graph\":[{\"@type\":\"NewsArticle\",\"@id\":\"https:\\\/\\\/darkamazi.site\\\/archives\\\/1028111#article\",\"isPartOf\":{\"@id\":\"https:\\\/\\\/darkamazi.site\\\/archives\\\/1028111\"},\"author\":{\"name\":\"darka mazi\",\"@id\":\"https:\\\/\\\/darkamazi.site\\\/#\\\/schema\\\/person\\\/67986a95ac546c16760365877ef4a9d3\"},\"headline\":\"Ba\u015fkan Barzani\u2019ye Avusturya\u2019da d\u00fczenlenen suikast giri\u015fimin \u00fczerinden 45 \u00a0y\u0131l ge\u00e7ti\",\"datePublished\":\"2024-01-08T15:48:18+00:00\",\"dateModified\":\"2024-01-08T17:06:23+00:00\",\"mainEntityOfPage\":{\"@id\":\"https:\\\/\\\/darkamazi.site\\\/archives\\\/1028111\"},\"wordCount\":364,\"publisher\":{\"@id\":\"https:\\\/\\\/darkamazi.site\\\/#organization\"},\"image\":{\"@id\":\"https:\\\/\\\/darkamazi.site\\\/archives\\\/1028111#primaryimage\"},\"thumbnailUrl\":\"https:\\\/\\\/darkamazi.site\\\/darka-content\\\/uploads\\\/2024\\\/01\\\/vinna.jpg\",\"keywords\":[\"\u00f6nemli\"],\"articleSection\":[\"Kurdistan\"],\"inLanguage\":\"en-US\"},{\"@type\":\"WebPage\",\"@id\":\"https:\\\/\\\/darkamazi.site\\\/archives\\\/1028111\",\"url\":\"https:\\\/\\\/darkamazi.site\\\/archives\\\/1028111\",\"name\":\"Ba\u015fkan Barzani\u2019ye Avusturya\u2019da d\u00fczenlenen suikast giri\u015fimin \u00fczerinden 45 \u00a0y\u0131l ge\u00e7ti - Darka Mazi\",\"isPartOf\":{\"@id\":\"https:\\\/\\\/darkamazi.site\\\/#website\"},\"primaryImageOfPage\":{\"@id\":\"https:\\\/\\\/darkamazi.site\\\/archives\\\/1028111#primaryimage\"},\"image\":{\"@id\":\"https:\\\/\\\/darkamazi.site\\\/archives\\\/1028111#primaryimage\"},\"thumbnailUrl\":\"https:\\\/\\\/darkamazi.site\\\/darka-content\\\/uploads\\\/2024\\\/01\\\/vinna.jpg\",\"datePublished\":\"2024-01-08T15:48:18+00:00\",\"dateModified\":\"2024-01-08T17:06:23+00:00\",\"breadcrumb\":{\"@id\":\"https:\\\/\\\/darkamazi.site\\\/archives\\\/1028111#breadcrumb\"},\"inLanguage\":\"en-US\",\"potentialAction\":[{\"@type\":\"ReadAction\",\"target\":[\"https:\\\/\\\/darkamazi.site\\\/archives\\\/1028111\"]}]},{\"@type\":\"ImageObject\",\"inLanguage\":\"en-US\",\"@id\":\"https:\\\/\\\/darkamazi.site\\\/archives\\\/1028111#primaryimage\",\"url\":\"https:\\\/\\\/darkamazi.site\\\/darka-content\\\/uploads\\\/2024\\\/01\\\/vinna.jpg\",\"contentUrl\":\"https:\\\/\\\/darkamazi.site\\\/darka-content\\\/uploads\\\/2024\\\/01\\\/vinna.jpg\",\"width\":636,\"height\":439,\"caption\":\"Ba\u015fkan Barzani\u2019ye Avusturya\u2019da d\u00fczenlenen suikast giri\u015fimin \u00fczerinden 44 y\u0131l ge\u00e7ti\"},{\"@type\":\"BreadcrumbList\",\"@id\":\"https:\\\/\\\/darkamazi.site\\\/archives\\\/1028111#breadcrumb\",\"itemListElement\":[{\"@type\":\"ListItem\",\"position\":1,\"name\":\"Home\",\"item\":\"https:\\\/\\\/darkamazi.site\\\/\"},{\"@type\":\"ListItem\",\"position\":2,\"name\":\"Ba\u015fkan Barzani\u2019ye Avusturya\u2019da d\u00fczenlenen suikast giri\u015fimin \u00fczerinden 45 \u00a0y\u0131l ge\u00e7ti\"}]},{\"@type\":\"WebSite\",\"@id\":\"https:\\\/\\\/darkamazi.site\\\/#website\",\"url\":\"https:\\\/\\\/darkamazi.site\\\/\",\"name\":\"Darka Mazi\",\"description\":\"Ana Sayfa\",\"publisher\":{\"@id\":\"https:\\\/\\\/darkamazi.site\\\/#organization\"},\"potentialAction\":[{\"@type\":\"SearchAction\",\"target\":{\"@type\":\"EntryPoint\",\"urlTemplate\":\"https:\\\/\\\/darkamazi.site\\\/?s={search_term_string}\"},\"query-input\":{\"@type\":\"PropertyValueSpecification\",\"valueRequired\":true,\"valueName\":\"search_term_string\"}}],\"inLanguage\":\"en-US\"},{\"@type\":\"Organization\",\"@id\":\"https:\\\/\\\/darkamazi.site\\\/#organization\",\"name\":\"Darka Mazi T\u00fcrk\u00e7e\",\"alternateName\":\"Darka Mazi\",\"url\":\"https:\\\/\\\/darkamazi.site\\\/\",\"logo\":{\"@type\":\"ImageObject\",\"inLanguage\":\"en-US\",\"@id\":\"https:\\\/\\\/darkamazi.site\\\/#\\\/schema\\\/logo\\\/image\\\/\",\"url\":\"https:\\\/\\\/darkamazi.site\\\/darka-content\\\/uploads\\\/2017\\\/12\\\/darka-mazi-logo.png\",\"contentUrl\":\"https:\\\/\\\/darkamazi.site\\\/darka-content\\\/uploads\\\/2017\\\/12\\\/darka-mazi-logo.png\",\"width\":151,\"height\":75,\"caption\":\"Darka Mazi T\u00fcrk\u00e7e\"},\"image\":{\"@id\":\"https:\\\/\\\/darkamazi.site\\\/#\\\/schema\\\/logo\\\/image\\\/\"},\"sameAs\":[\"https:\\\/\\\/www.facebook.com\\\/DarkaMaziturkce\",\"https:\\\/\\\/x.com\\\/DarkaMaziTurkce\"]},{\"@type\":\"Person\",\"@id\":\"https:\\\/\\\/darkamazi.site\\\/#\\\/schema\\\/person\\\/67986a95ac546c16760365877ef4a9d3\",\"name\":\"darka mazi\",\"sameAs\":[\"https:\\\/\\\/darkamazi.site\"],\"url\":\"https:\\\/\\\/darkamazi.site\\\/archives\\\/author\\\/turkish\"}]}<\/script>\n<!-- \/ Yoast SEO plugin. -->","seo_head_json":{"title":"Ba\u015fkan Barzani\u2019ye Avusturya\u2019da d\u00fczenlenen suikast giri\u015fimin \u00fczerinden 45 \u00a0y\u0131l ge\u00e7ti - Darka Mazi","robots":{"index":"index","follow":"follow","max-snippet":"max-snippet:-1","max-image-preview":"max-image-preview:large","max-video-preview":"max-video-preview:-1"},"canonical":"https:\/\/darkamazi.site\/archives\/1028111","og_locale":"en_US","og_type":"article","og_title":"Ba\u015fkan Barzani\u2019ye Avusturya\u2019da d\u00fczenlenen suikast giri\u015fimin \u00fczerinden 45 \u00a0y\u0131l ge\u00e7ti - Darka Mazi","og_description":"45\u00a0 y\u0131l \u00f6nce bug\u00fcn Avusturya\u2019n\u0131n ba\u015fkenti Viyana\u2019da Ba\u015fkan Barzani\u2019ye suistast d\u00fczenlendi.\u00a0 Ba\u015fkan Barzani o d\u00f6nem \u00a0K\u00fcrdistan Demokrat Partisi (KDP) Genel Sekreteriydi. \u00a0Suikast Baas Rejimi taraf\u0131ndan d\u00fczenlendi. K\u00fcrt m\u00fccadelesine tekrardan bir \u00e7\u0131k\u0131\u015f yapt\u0131rmak isteyen Ba\u015fkan Barzani\u2019yi ortadan kald\u0131rarak K\u00fcrtlerin dirili\u015f aray\u0131\u015f\u0131n\u0131 baltalamak istediler. Ba\u015fkan Barzani 1970\u2019lerin ba\u015f\u0131ndan itibaren G\u00fcney K\u00fcrdistan\u2019da yeni bir devrimci \u00e7\u0131k\u0131\u015f\u0131 ba\u015flatmak i\u00e7in [&hellip;]","og_url":"https:\/\/darkamazi.site\/archives\/1028111","og_site_name":"Darka Mazi","article_publisher":"https:\/\/www.facebook.com\/DarkaMaziturkce","article_published_time":"2024-01-08T15:48:18+00:00","article_modified_time":"2024-01-08T17:06:23+00:00","og_image":[{"width":636,"height":439,"url":"https:\/\/darkamazi.site\/file\/2024\/01\/vinna.jpg","type":"image\/jpeg"}],"author":"darka mazi","twitter_card":"summary_large_image","twitter_creator":"@DarkaMaziTurkce","twitter_site":"@DarkaMaziTurkce","twitter_misc":{"Written by":"darka mazi","Est. reading time":"2 minutes"},"schema":{"@context":"https:\/\/schema.org","@graph":[{"@type":"NewsArticle","@id":"https:\/\/darkamazi.site\/archives\/1028111#article","isPartOf":{"@id":"https:\/\/darkamazi.site\/archives\/1028111"},"author":{"name":"darka mazi","@id":"https:\/\/darkamazi.site\/#\/schema\/person\/67986a95ac546c16760365877ef4a9d3"},"headline":"Ba\u015fkan Barzani\u2019ye Avusturya\u2019da d\u00fczenlenen suikast giri\u015fimin \u00fczerinden 45 \u00a0y\u0131l ge\u00e7ti","datePublished":"2024-01-08T15:48:18+00:00","dateModified":"2024-01-08T17:06:23+00:00","mainEntityOfPage":{"@id":"https:\/\/darkamazi.site\/archives\/1028111"},"wordCount":364,"publisher":{"@id":"https:\/\/darkamazi.site\/#organization"},"image":{"@id":"https:\/\/darkamazi.site\/archives\/1028111#primaryimage"},"thumbnailUrl":"https:\/\/darkamazi.site\/file\/2024\/01\/vinna.jpg","keywords":["\u00f6nemli"],"articleSection":["Kurdistan"],"inLanguage":"en-US"},{"@type":"WebPage","@id":"https:\/\/darkamazi.site\/archives\/1028111","url":"https:\/\/darkamazi.site\/archives\/1028111","name":"Ba\u015fkan Barzani\u2019ye Avusturya\u2019da d\u00fczenlenen suikast giri\u015fimin \u00fczerinden 45 \u00a0y\u0131l ge\u00e7ti - Darka Mazi","isPartOf":{"@id":"https:\/\/darkamazi.site\/#website"},"primaryImageOfPage":{"@id":"https:\/\/darkamazi.site\/archives\/1028111#primaryimage"},"image":{"@id":"https:\/\/darkamazi.site\/archives\/1028111#primaryimage"},"thumbnailUrl":"https:\/\/darkamazi.site\/file\/2024\/01\/vinna.jpg","datePublished":"2024-01-08T15:48:18+00:00","dateModified":"2024-01-08T17:06:23+00:00","breadcrumb":{"@id":"https:\/\/darkamazi.site\/archives\/1028111#breadcrumb"},"inLanguage":"en-US","potentialAction":[{"@type":"ReadAction","target":["https:\/\/darkamazi.site\/archives\/1028111"]}]},{"@type":"ImageObject","inLanguage":"en-US","@id":"https:\/\/darkamazi.site\/archives\/1028111#primaryimage","url":"https:\/\/darkamazi.site\/file\/2024\/01\/vinna.jpg","contentUrl":"https:\/\/darkamazi.site\/file\/2024\/01\/vinna.jpg","width":636,"height":439,"caption":"Ba\u015fkan Barzani\u2019ye Avusturya\u2019da d\u00fczenlenen suikast giri\u015fimin \u00fczerinden 44 y\u0131l ge\u00e7ti"},{"@type":"BreadcrumbList","@id":"https:\/\/darkamazi.site\/archives\/1028111#breadcrumb","itemListElement":[{"@type":"ListItem","position":1,"name":"Home","item":"https:\/\/darkamazi.site\/"},{"@type":"ListItem","position":2,"name":"Ba\u015fkan Barzani\u2019ye Avusturya\u2019da d\u00fczenlenen suikast giri\u015fimin \u00fczerinden 45 \u00a0y\u0131l ge\u00e7ti"}]},{"@type":"WebSite","@id":"https:\/\/darkamazi.site\/#website","url":"https:\/\/darkamazi.site\/","name":"Darka Mazi","description":"Ana Sayfa","publisher":{"@id":"https:\/\/darkamazi.site\/#organization"},"potentialAction":[{"@type":"SearchAction","target":{"@type":"EntryPoint","urlTemplate":"https:\/\/darkamazi.site\/?s={search_term_string}"},"query-input":{"@type":"PropertyValueSpecification","valueRequired":true,"valueName":"search_term_string"}}],"inLanguage":"en-US"},{"@type":"Organization","@id":"https:\/\/darkamazi.site\/#organization","name":"Darka Mazi T\u00fcrk\u00e7e","alternateName":"Darka Mazi","url":"https:\/\/darkamazi.site\/","logo":{"@type":"ImageObject","inLanguage":"en-US","@id":"https:\/\/darkamazi.site\/#\/schema\/logo\/image\/","url":"https:\/\/darkamazi.site\/file\/2017\/12\/darka-mazi-logo.png","contentUrl":"https:\/\/darkamazi.site\/file\/2017\/12\/darka-mazi-logo.png","width":151,"height":75,"caption":"Darka Mazi T\u00fcrk\u00e7e"},"image":{"@id":"https:\/\/darkamazi.site\/#\/schema\/logo\/image\/"},"sameAs":["https:\/\/www.facebook.com\/DarkaMaziturkce","https:\/\/x.com\/DarkaMaziTurkce"]},{"@type":"Person","@id":"https:\/\/darkamazi.site\/#\/schema\/person\/67986a95ac546c16760365877ef4a9d3","name":"darka mazi","sameAs":["https:\/\/darkamazi.site"],"url":"https:\/\/darkamazi.site\/archives\/author\/turkish"}]}},"_links":{"self":[{"href":"https:\/\/darkamazi.site\/funavuv\/wp\/v2\/posts\/1028111","targetHints":{"allow":["GET"]}}],"collection":[{"href":"https:\/\/darkamazi.site\/funavuv\/wp\/v2\/posts"}],"about":[{"href":"https:\/\/darkamazi.site\/funavuv\/wp\/v2\/types\/post"}],"author":[{"embeddable":true,"href":"https:\/\/darkamazi.site\/funavuv\/wp\/v2\/users\/2"}],"replies":[{"embeddable":true,"href":"https:\/\/darkamazi.site\/funavuv\/wp\/v2\/comments?post=1028111"}],"version-history":[{"count":0,"href":"https:\/\/darkamazi.site\/funavuv\/wp\/v2\/posts\/1028111\/revisions"}],"wp:featuredmedia":[{"embeddable":true,"href":"https:\/\/darkamazi.site\/funavuv\/wp\/v2\/media\/1028112"}],"wp:attachment":[{"href":"https:\/\/darkamazi.site\/funavuv\/wp\/v2\/media?parent=1028111"}],"wp:term":[{"taxonomy":"category","embeddable":true,"href":"https:\/\/darkamazi.site\/funavuv\/wp\/v2\/categories?post=1028111"},{"taxonomy":"post_tag","embeddable":true,"href":"https:\/\/darkamazi.site\/funavuv\/wp\/v2\/tags?post=1028111"}],"curies":[{"name":"wp","href":"https:\/\/api.w.org\/{rel}","templated":true}]}}