{"id":1028260,"date":"2024-01-23T11:43:13","date_gmt":"2024-01-23T08:43:13","guid":{"rendered":"https:\/\/darkamazi.site\/?p=1028260"},"modified":"2024-01-23T11:43:13","modified_gmt":"2024-01-23T08:43:13","slug":"zerevani-pesmerge-komutanligi-shaar-pres-adli-medya-gurubunun-provaktif-haberine-cevap-verdi","status":"publish","type":"post","link":"https:\/\/darkamazi.site\/archives\/1028260","title":{"rendered":"Zerevani Pe\u015fmerge Komutanl\u0131\u011f\u0131, Shaar Pres adl\u0131 medya gurubunun provaktif haberine cevap verdi"},"content":{"rendered":"<p style=\"text-align: justify\"><strong>Zerevani Pe\u015fmerge Komutanl\u0131\u011f\u0131, kuvvetlerine &#8220;PKK\u2019ye kar\u015f\u0131 harekete ge\u00e7me talimat\u0131 verildi\u011fi\u201d y\u00f6n\u00fcnde \u00e7\u0131kan haberlerin as\u0131ls\u0131z oldu\u011funu belirterek, payla\u015f\u0131lan belgelerin sahte oldu\u011funu bildirdi.<\/strong><\/p>\n<p style=\"text-align: justify\">D\u00fcn S\u00fcleyaminye&#8217;de yay\u0131n yapan Shaar Pres adl\u0131 medya organ\u0131 baz\u0131 belgeler yay\u0131nlayarak, Zeravani Pe\u015fmerge komutanl\u0131\u011f\u0131n\u0131n PKK&#8217;ye kar\u015f\u0131 harekete ge\u00e7mek i\u00e7in g\u00fc\u00e7lerine talimat g\u00f6nderdi\u011fini duyurdu. Haber k\u0131sa zaman i\u00e7inde yine S\u00fcleymaniye Merkezli medya ile PKK&#8217;nin TV ve\u00a0 medyas\u0131nda da\u011f\u0131t\u0131ld\u0131. Fakat Zeravani g\u00fc\u00e7leri bir a\u00e7\u0131klama yaparak konuyu provake etmek isteyen her iki \u00e7evrenin provakatif giri\u015fimini engelledi.<\/p>\n<p style=\"text-align: justify\">Komutanl\u0131ktan yap\u0131lan a\u00e7\u0131klamada, Zerevani Pe\u015fmerge kuvvetlerine &#8220;PKK\u2019ye kar\u015f\u0131 harekete ge\u00e7me talimat\u0131 verildi\u011fi\u201d y\u00f6n\u00fcnde sosyal medyada payla\u015f\u0131lan belgelerin as\u0131ls\u0131z oldu\u011fu vurguland\u0131.<\/p>\n<p style=\"text-align: justify\">\u201cBug\u00fcn sosyal medya mecralar\u0131nda g\u00fcya komutanl\u0131\u011f\u0131m\u0131z alt\u0131ndaki birliklere PKK\u2019ye kar\u015f\u0131 harekete ge\u00e7me talimat\u0131 verildi\u011fi y\u00f6n\u00fcnde payla\u015f\u0131lan haber ve belgeler sahte ve ger\u00e7ekten uzakt\u0131r.\u201d denilen a\u00e7\u0131klamada, \u201cKamuoyuna bu belgenin sahte oldu\u011funu belirtiyor, haberin i\u00e7eri\u011fini de reddediyoruz.\u201d ifadesi yer ald\u0131.<\/p>\n<p style=\"text-align: justify\">A\u00e7\u0131klamada, \u201cTam da bu zamanda bu t\u00fcr sahte haberlerin servis edilmesini bir ka\u00e7 g\u00fcn has\u0131mlar taraf\u0131ndan Erbil\u2019de d\u00fczenlenen f\u00fcze sald\u0131r\u0131 ve \u00e7arp\u0131tma kampanyas\u0131n\u0131n devam\u0131 olarak g\u00f6r\u00fcyoruz.\u201d denildi.<\/p>\n<p style=\"text-align: justify\">Zervani g\u00fc\u00e7lerinin provakosyunu de\u015fifre eden bu mesaj\u0131ndan sonra Shaar Pres haberini sildi. Fakat PKK medyas\u0131 haber yay\u0131na haz\u0131rlanana de\u011fin olaya ili\u015fkin haberi servis etmeye devam ediyor.<\/p>\n","protected":false},"excerpt":{"rendered":"<p>Zerevani Pe\u015fmerge Komutanl\u0131\u011f\u0131, kuvvetlerine &#8220;PKK\u2019ye kar\u015f\u0131 harekete ge\u00e7me talimat\u0131 verildi\u011fi\u201d y\u00f6n\u00fcnde \u00e7\u0131kan haberlerin as\u0131ls\u0131z oldu\u011funu belirterek, payla\u015f\u0131lan belgelerin sahte oldu\u011funu bildirdi. D\u00fcn S\u00fcleyaminye&#8217;de yay\u0131n yapan Shaar Pres adl\u0131 medya organ\u0131 baz\u0131 belgeler yay\u0131nlayarak, Zeravani Pe\u015fmerge komutanl\u0131\u011f\u0131n\u0131n PKK&#8217;ye kar\u015f\u0131 harekete ge\u00e7mek i\u00e7in g\u00fc\u00e7lerine talimat g\u00f6nderdi\u011fini duyurdu. Haber k\u0131sa zaman i\u00e7inde yine S\u00fcleymaniye Merkezli medya ile PKK&#8217;nin [&hellip;]<\/p>\n","protected":false},"author":2,"featured_media":1028261,"comment_status":"closed","ping_status":"closed","sticky":false,"template":"","format":"standard","meta":{"footnotes":""},"categories":[3],"tags":[31],"class_list":["post-1028260","post","type-post","status-publish","format-standard","has-post-thumbnail","hentry","category-kurdistan","tag-onemli"],"blocksy_meta":[],"seo_head":"<!-- This site is optimized with the Yoast SEO plugin v27.5 - https:\/\/yoast.com\/product\/yoast-seo-wordpress\/ -->\n<title>Zerevani Pe\u015fmerge Komutanl\u0131\u011f\u0131, Shaar Pres adl\u0131 medya gurubunun provaktif haberine cevap verdi - Darka Mazi<\/title>\n<meta name=\"robots\" content=\"index, follow, max-snippet:-1, max-image-preview:large, max-video-preview:-1\" \/>\n<link rel=\"canonical\" href=\"https:\/\/darkamazi.site\/archives\/1028260\" \/>\n<meta property=\"og:locale\" content=\"en_US\" \/>\n<meta property=\"og:type\" content=\"article\" \/>\n<meta property=\"og:title\" content=\"Zerevani Pe\u015fmerge Komutanl\u0131\u011f\u0131, Shaar Pres adl\u0131 medya gurubunun provaktif haberine cevap verdi - Darka Mazi\" \/>\n<meta property=\"og:description\" content=\"Zerevani Pe\u015fmerge Komutanl\u0131\u011f\u0131, kuvvetlerine &#8220;PKK\u2019ye kar\u015f\u0131 harekete ge\u00e7me talimat\u0131 verildi\u011fi\u201d y\u00f6n\u00fcnde \u00e7\u0131kan haberlerin as\u0131ls\u0131z oldu\u011funu belirterek, payla\u015f\u0131lan belgelerin sahte oldu\u011funu bildirdi. D\u00fcn S\u00fcleyaminye&#8217;de yay\u0131n yapan Shaar Pres adl\u0131 medya organ\u0131 baz\u0131 belgeler yay\u0131nlayarak, Zeravani Pe\u015fmerge komutanl\u0131\u011f\u0131n\u0131n PKK&#8217;ye kar\u015f\u0131 harekete ge\u00e7mek i\u00e7in g\u00fc\u00e7lerine talimat g\u00f6nderdi\u011fini duyurdu. Haber k\u0131sa zaman i\u00e7inde yine S\u00fcleymaniye Merkezli medya ile PKK&#8217;nin [&hellip;]\" \/>\n<meta property=\"og:url\" content=\"https:\/\/darkamazi.site\/archives\/1028260\" \/>\n<meta property=\"og:site_name\" content=\"Darka Mazi\" \/>\n<meta property=\"article:publisher\" content=\"https:\/\/www.facebook.com\/DarkaMaziturkce\" \/>\n<meta property=\"article:published_time\" content=\"2024-01-23T08:43:13+00:00\" \/>\n<meta property=\"og:image\" content=\"https:\/\/darkamazi.site\/file\/2024\/01\/shar-press.jpeg\" \/>\n\t<meta property=\"og:image:width\" content=\"900\" \/>\n\t<meta property=\"og:image:height\" content=\"497\" \/>\n\t<meta property=\"og:image:type\" content=\"image\/jpeg\" \/>\n<meta name=\"author\" content=\"darka mazi\" \/>\n<meta name=\"twitter:card\" content=\"summary_large_image\" \/>\n<meta name=\"twitter:creator\" content=\"@DarkaMaziTurkce\" \/>\n<meta name=\"twitter:site\" content=\"@DarkaMaziTurkce\" \/>\n<meta name=\"twitter:label1\" content=\"Written by\" \/>\n\t<meta name=\"twitter:data1\" content=\"darka mazi\" \/>\n\t<meta name=\"twitter:label2\" content=\"Est. reading time\" \/>\n\t<meta name=\"twitter:data2\" content=\"1 minute\" \/>\n<script type=\"application\/ld+json\" class=\"seo-schema-graph\">{\"@context\":\"https:\\\/\\\/schema.org\",\"@graph\":[{\"@type\":\"NewsArticle\",\"@id\":\"https:\\\/\\\/darkamazi.site\\\/archives\\\/1028260#article\",\"isPartOf\":{\"@id\":\"https:\\\/\\\/darkamazi.site\\\/archives\\\/1028260\"},\"author\":{\"name\":\"darka mazi\",\"@id\":\"https:\\\/\\\/darkamazi.site\\\/#\\\/schema\\\/person\\\/67986a95ac546c16760365877ef4a9d3\"},\"headline\":\"Zerevani Pe\u015fmerge Komutanl\u0131\u011f\u0131, Shaar Pres adl\u0131 medya gurubunun provaktif haberine cevap verdi\",\"datePublished\":\"2024-01-23T08:43:13+00:00\",\"mainEntityOfPage\":{\"@id\":\"https:\\\/\\\/darkamazi.site\\\/archives\\\/1028260\"},\"wordCount\":286,\"publisher\":{\"@id\":\"https:\\\/\\\/darkamazi.site\\\/#organization\"},\"image\":{\"@id\":\"https:\\\/\\\/darkamazi.site\\\/archives\\\/1028260#primaryimage\"},\"thumbnailUrl\":\"https:\\\/\\\/darkamazi.site\\\/darka-content\\\/uploads\\\/2024\\\/01\\\/shar-press.jpeg\",\"keywords\":[\"\u00f6nemli\"],\"articleSection\":[\"Kurdistan\"],\"inLanguage\":\"en-US\"},{\"@type\":\"WebPage\",\"@id\":\"https:\\\/\\\/darkamazi.site\\\/archives\\\/1028260\",\"url\":\"https:\\\/\\\/darkamazi.site\\\/archives\\\/1028260\",\"name\":\"Zerevani Pe\u015fmerge Komutanl\u0131\u011f\u0131, Shaar Pres adl\u0131 medya gurubunun provaktif haberine cevap verdi - Darka Mazi\",\"isPartOf\":{\"@id\":\"https:\\\/\\\/darkamazi.site\\\/#website\"},\"primaryImageOfPage\":{\"@id\":\"https:\\\/\\\/darkamazi.site\\\/archives\\\/1028260#primaryimage\"},\"image\":{\"@id\":\"https:\\\/\\\/darkamazi.site\\\/archives\\\/1028260#primaryimage\"},\"thumbnailUrl\":\"https:\\\/\\\/darkamazi.site\\\/darka-content\\\/uploads\\\/2024\\\/01\\\/shar-press.jpeg\",\"datePublished\":\"2024-01-23T08:43:13+00:00\",\"breadcrumb\":{\"@id\":\"https:\\\/\\\/darkamazi.site\\\/archives\\\/1028260#breadcrumb\"},\"inLanguage\":\"en-US\",\"potentialAction\":[{\"@type\":\"ReadAction\",\"target\":[\"https:\\\/\\\/darkamazi.site\\\/archives\\\/1028260\"]}]},{\"@type\":\"ImageObject\",\"inLanguage\":\"en-US\",\"@id\":\"https:\\\/\\\/darkamazi.site\\\/archives\\\/1028260#primaryimage\",\"url\":\"https:\\\/\\\/darkamazi.site\\\/darka-content\\\/uploads\\\/2024\\\/01\\\/shar-press.jpeg\",\"contentUrl\":\"https:\\\/\\\/darkamazi.site\\\/darka-content\\\/uploads\\\/2024\\\/01\\\/shar-press.jpeg\",\"width\":900,\"height\":497,\"caption\":\"Zerevani Pe\u015fmerge Komutanl\u0131\u011f\u0131, Shaar Pres adl\u0131 medya gurubunun provaktif haberine cevap verdi\"},{\"@type\":\"BreadcrumbList\",\"@id\":\"https:\\\/\\\/darkamazi.site\\\/archives\\\/1028260#breadcrumb\",\"itemListElement\":[{\"@type\":\"ListItem\",\"position\":1,\"name\":\"Home\",\"item\":\"https:\\\/\\\/darkamazi.site\\\/\"},{\"@type\":\"ListItem\",\"position\":2,\"name\":\"Zerevani Pe\u015fmerge Komutanl\u0131\u011f\u0131, Shaar Pres adl\u0131 medya gurubunun provaktif haberine cevap verdi\"}]},{\"@type\":\"WebSite\",\"@id\":\"https:\\\/\\\/darkamazi.site\\\/#website\",\"url\":\"https:\\\/\\\/darkamazi.site\\\/\",\"name\":\"Darka Mazi\",\"description\":\"Ana Sayfa\",\"publisher\":{\"@id\":\"https:\\\/\\\/darkamazi.site\\\/#organization\"},\"potentialAction\":[{\"@type\":\"SearchAction\",\"target\":{\"@type\":\"EntryPoint\",\"urlTemplate\":\"https:\\\/\\\/darkamazi.site\\\/?s={search_term_string}\"},\"query-input\":{\"@type\":\"PropertyValueSpecification\",\"valueRequired\":true,\"valueName\":\"search_term_string\"}}],\"inLanguage\":\"en-US\"},{\"@type\":\"Organization\",\"@id\":\"https:\\\/\\\/darkamazi.site\\\/#organization\",\"name\":\"Darka Mazi T\u00fcrk\u00e7e\",\"alternateName\":\"Darka Mazi\",\"url\":\"https:\\\/\\\/darkamazi.site\\\/\",\"logo\":{\"@type\":\"ImageObject\",\"inLanguage\":\"en-US\",\"@id\":\"https:\\\/\\\/darkamazi.site\\\/#\\\/schema\\\/logo\\\/image\\\/\",\"url\":\"https:\\\/\\\/darkamazi.site\\\/darka-content\\\/uploads\\\/2017\\\/12\\\/darka-mazi-logo.png\",\"contentUrl\":\"https:\\\/\\\/darkamazi.site\\\/darka-content\\\/uploads\\\/2017\\\/12\\\/darka-mazi-logo.png\",\"width\":151,\"height\":75,\"caption\":\"Darka Mazi T\u00fcrk\u00e7e\"},\"image\":{\"@id\":\"https:\\\/\\\/darkamazi.site\\\/#\\\/schema\\\/logo\\\/image\\\/\"},\"sameAs\":[\"https:\\\/\\\/www.facebook.com\\\/DarkaMaziturkce\",\"https:\\\/\\\/x.com\\\/DarkaMaziTurkce\"]},{\"@type\":\"Person\",\"@id\":\"https:\\\/\\\/darkamazi.site\\\/#\\\/schema\\\/person\\\/67986a95ac546c16760365877ef4a9d3\",\"name\":\"darka mazi\",\"sameAs\":[\"https:\\\/\\\/darkamazi.site\"],\"url\":\"https:\\\/\\\/darkamazi.site\\\/archives\\\/author\\\/turkish\"}]}<\/script>\n<!-- \/ Yoast SEO plugin. -->","seo_head_json":{"title":"Zerevani Pe\u015fmerge Komutanl\u0131\u011f\u0131, Shaar Pres adl\u0131 medya gurubunun provaktif haberine cevap verdi - Darka Mazi","robots":{"index":"index","follow":"follow","max-snippet":"max-snippet:-1","max-image-preview":"max-image-preview:large","max-video-preview":"max-video-preview:-1"},"canonical":"https:\/\/darkamazi.site\/archives\/1028260","og_locale":"en_US","og_type":"article","og_title":"Zerevani Pe\u015fmerge Komutanl\u0131\u011f\u0131, Shaar Pres adl\u0131 medya gurubunun provaktif haberine cevap verdi - Darka Mazi","og_description":"Zerevani Pe\u015fmerge Komutanl\u0131\u011f\u0131, kuvvetlerine &#8220;PKK\u2019ye kar\u015f\u0131 harekete ge\u00e7me talimat\u0131 verildi\u011fi\u201d y\u00f6n\u00fcnde \u00e7\u0131kan haberlerin as\u0131ls\u0131z oldu\u011funu belirterek, payla\u015f\u0131lan belgelerin sahte oldu\u011funu bildirdi. D\u00fcn S\u00fcleyaminye&#8217;de yay\u0131n yapan Shaar Pres adl\u0131 medya organ\u0131 baz\u0131 belgeler yay\u0131nlayarak, Zeravani Pe\u015fmerge komutanl\u0131\u011f\u0131n\u0131n PKK&#8217;ye kar\u015f\u0131 harekete ge\u00e7mek i\u00e7in g\u00fc\u00e7lerine talimat g\u00f6nderdi\u011fini duyurdu. Haber k\u0131sa zaman i\u00e7inde yine S\u00fcleymaniye Merkezli medya ile PKK&#8217;nin [&hellip;]","og_url":"https:\/\/darkamazi.site\/archives\/1028260","og_site_name":"Darka Mazi","article_publisher":"https:\/\/www.facebook.com\/DarkaMaziturkce","article_published_time":"2024-01-23T08:43:13+00:00","og_image":[{"width":900,"height":497,"url":"https:\/\/darkamazi.site\/file\/2024\/01\/shar-press.jpeg","type":"image\/jpeg"}],"author":"darka mazi","twitter_card":"summary_large_image","twitter_creator":"@DarkaMaziTurkce","twitter_site":"@DarkaMaziTurkce","twitter_misc":{"Written by":"darka mazi","Est. reading time":"1 minute"},"schema":{"@context":"https:\/\/schema.org","@graph":[{"@type":"NewsArticle","@id":"https:\/\/darkamazi.site\/archives\/1028260#article","isPartOf":{"@id":"https:\/\/darkamazi.site\/archives\/1028260"},"author":{"name":"darka mazi","@id":"https:\/\/darkamazi.site\/#\/schema\/person\/67986a95ac546c16760365877ef4a9d3"},"headline":"Zerevani Pe\u015fmerge Komutanl\u0131\u011f\u0131, Shaar Pres adl\u0131 medya gurubunun provaktif haberine cevap verdi","datePublished":"2024-01-23T08:43:13+00:00","mainEntityOfPage":{"@id":"https:\/\/darkamazi.site\/archives\/1028260"},"wordCount":286,"publisher":{"@id":"https:\/\/darkamazi.site\/#organization"},"image":{"@id":"https:\/\/darkamazi.site\/archives\/1028260#primaryimage"},"thumbnailUrl":"https:\/\/darkamazi.site\/file\/2024\/01\/shar-press.jpeg","keywords":["\u00f6nemli"],"articleSection":["Kurdistan"],"inLanguage":"en-US"},{"@type":"WebPage","@id":"https:\/\/darkamazi.site\/archives\/1028260","url":"https:\/\/darkamazi.site\/archives\/1028260","name":"Zerevani Pe\u015fmerge Komutanl\u0131\u011f\u0131, Shaar Pres adl\u0131 medya gurubunun provaktif haberine cevap verdi - Darka Mazi","isPartOf":{"@id":"https:\/\/darkamazi.site\/#website"},"primaryImageOfPage":{"@id":"https:\/\/darkamazi.site\/archives\/1028260#primaryimage"},"image":{"@id":"https:\/\/darkamazi.site\/archives\/1028260#primaryimage"},"thumbnailUrl":"https:\/\/darkamazi.site\/file\/2024\/01\/shar-press.jpeg","datePublished":"2024-01-23T08:43:13+00:00","breadcrumb":{"@id":"https:\/\/darkamazi.site\/archives\/1028260#breadcrumb"},"inLanguage":"en-US","potentialAction":[{"@type":"ReadAction","target":["https:\/\/darkamazi.site\/archives\/1028260"]}]},{"@type":"ImageObject","inLanguage":"en-US","@id":"https:\/\/darkamazi.site\/archives\/1028260#primaryimage","url":"https:\/\/darkamazi.site\/file\/2024\/01\/shar-press.jpeg","contentUrl":"https:\/\/darkamazi.site\/file\/2024\/01\/shar-press.jpeg","width":900,"height":497,"caption":"Zerevani Pe\u015fmerge Komutanl\u0131\u011f\u0131, Shaar Pres adl\u0131 medya gurubunun provaktif haberine cevap verdi"},{"@type":"BreadcrumbList","@id":"https:\/\/darkamazi.site\/archives\/1028260#breadcrumb","itemListElement":[{"@type":"ListItem","position":1,"name":"Home","item":"https:\/\/darkamazi.site\/"},{"@type":"ListItem","position":2,"name":"Zerevani Pe\u015fmerge Komutanl\u0131\u011f\u0131, Shaar Pres adl\u0131 medya gurubunun provaktif haberine cevap verdi"}]},{"@type":"WebSite","@id":"https:\/\/darkamazi.site\/#website","url":"https:\/\/darkamazi.site\/","name":"Darka Mazi","description":"Ana Sayfa","publisher":{"@id":"https:\/\/darkamazi.site\/#organization"},"potentialAction":[{"@type":"SearchAction","target":{"@type":"EntryPoint","urlTemplate":"https:\/\/darkamazi.site\/?s={search_term_string}"},"query-input":{"@type":"PropertyValueSpecification","valueRequired":true,"valueName":"search_term_string"}}],"inLanguage":"en-US"},{"@type":"Organization","@id":"https:\/\/darkamazi.site\/#organization","name":"Darka Mazi T\u00fcrk\u00e7e","alternateName":"Darka Mazi","url":"https:\/\/darkamazi.site\/","logo":{"@type":"ImageObject","inLanguage":"en-US","@id":"https:\/\/darkamazi.site\/#\/schema\/logo\/image\/","url":"https:\/\/darkamazi.site\/file\/2017\/12\/darka-mazi-logo.png","contentUrl":"https:\/\/darkamazi.site\/file\/2017\/12\/darka-mazi-logo.png","width":151,"height":75,"caption":"Darka Mazi T\u00fcrk\u00e7e"},"image":{"@id":"https:\/\/darkamazi.site\/#\/schema\/logo\/image\/"},"sameAs":["https:\/\/www.facebook.com\/DarkaMaziturkce","https:\/\/x.com\/DarkaMaziTurkce"]},{"@type":"Person","@id":"https:\/\/darkamazi.site\/#\/schema\/person\/67986a95ac546c16760365877ef4a9d3","name":"darka mazi","sameAs":["https:\/\/darkamazi.site"],"url":"https:\/\/darkamazi.site\/archives\/author\/turkish"}]}},"_links":{"self":[{"href":"https:\/\/darkamazi.site\/funavuv\/wp\/v2\/posts\/1028260","targetHints":{"allow":["GET"]}}],"collection":[{"href":"https:\/\/darkamazi.site\/funavuv\/wp\/v2\/posts"}],"about":[{"href":"https:\/\/darkamazi.site\/funavuv\/wp\/v2\/types\/post"}],"author":[{"embeddable":true,"href":"https:\/\/darkamazi.site\/funavuv\/wp\/v2\/users\/2"}],"replies":[{"embeddable":true,"href":"https:\/\/darkamazi.site\/funavuv\/wp\/v2\/comments?post=1028260"}],"version-history":[{"count":0,"href":"https:\/\/darkamazi.site\/funavuv\/wp\/v2\/posts\/1028260\/revisions"}],"wp:featuredmedia":[{"embeddable":true,"href":"https:\/\/darkamazi.site\/funavuv\/wp\/v2\/media\/1028261"}],"wp:attachment":[{"href":"https:\/\/darkamazi.site\/funavuv\/wp\/v2\/media?parent=1028260"}],"wp:term":[{"taxonomy":"category","embeddable":true,"href":"https:\/\/darkamazi.site\/funavuv\/wp\/v2\/categories?post=1028260"},{"taxonomy":"post_tag","embeddable":true,"href":"https:\/\/darkamazi.site\/funavuv\/wp\/v2\/tags?post=1028260"}],"curies":[{"name":"wp","href":"https:\/\/api.w.org\/{rel}","templated":true}]}}