{"id":1028284,"date":"2024-01-24T16:54:31","date_gmt":"2024-01-24T13:54:31","guid":{"rendered":"https:\/\/darkamazi.site\/?p=1028284"},"modified":"2024-01-24T16:54:31","modified_gmt":"2024-01-24T13:54:31","slug":"isidin-katlettigi-41-ezidi-kurdun-cenazesi-ailelerine-teslim-edildi","status":"publish","type":"post","link":"https:\/\/darkamazi.site\/archives\/1028284","title":{"rendered":"\u00a0I\u015e\u0130D\u2019in katletti\u011fi 41 Ezidi K\u00fcrd\u00fcn cenazesi ailelerine teslim edildi"},"content":{"rendered":"<p style=\"text-align: justify\">Naa\u015flar\u0131n 16\u2019s\u0131 Herdan k\u00f6y\u00fcnde, 20\u2019si Ko\u00e7o k\u00f6y\u00fcnde, 2\u2019si \u00a0Xanesor yerle\u015fkesinde, 3\u2019\u00fc Qine k\u00f6y\u00fcnde defnedilecek.<\/p>\n<p style=\"text-align: justify\">\u00d6n taraf\u0131nda kurban\u0131n foto\u011fraf\u0131 ve ad\u0131n\u0131n yaz\u0131l\u0131 oldu\u011fu tabutlara Irak bayraklar\u0131 ile sar\u0131ld\u0131\u011f\u0131 g\u00f6r\u00fcld\u00fc.<\/p>\n<p style=\"text-align: justify\">\u00a0I\u015e\u0130D\u2019in katletti\u011fi Ezidi K\u00fcrdlere ait toplu mezarlarda bulunan kemikler kimlik bilgileri belirlenmek\u00a0\u00fczere Ba\u011fdat\u2019a g\u00f6nderiliyor.<\/p>\n<p style=\"text-align: justify\">Bu, \u015eengal&#8217;deki yak\u0131nlar\u0131na teslim edilen Ezidi K\u00fcrdlere ait alt\u0131nc\u0131 konvoy. \u015eu ana kadar kimlik bilgileri belirlenen 188 cenaze \u015eengal&#8217;e g\u00f6nderildi.<\/p>\n<p style=\"text-align: justify\">Ka\u00e7\u0131r\u0131lan Ezidileri Kurtarma Ofisi Ba\u015fkan\u0131 H\u00fcseyin Qayidi, R\u00fbdaw&#8217;a \u015fu ana kadar Ezidi K\u00fcrtlere ait 92 toplu mezar\u0131n ke\u015ffedildi\u011fini, bunlardan 55&#8217;inin kaz\u0131ld\u0131\u011f\u0131n\u0131 ve bu mezarlarda 242 kurbana ait kemiklerin bulundu\u011funu s\u00f6yledi.<\/p>\n<p style=\"text-align: justify\">I\u015e\u0130D&#8217;in 2014&#8217;te katletti\u011fi 41 K\u00fcrd Ezidi&#8217;nin naa\u015f\u0131 \u015eerngal\u2019de d\u00fczenlenen t\u00f6renletopra\u011fa veriliyor.<\/p>\n<p style=\"text-align: justify\">Ba\u011fdat\u2019ta DNA testinde kimlik bilgileri netle\u015fen naa\u015flar \u015eengal\u2019de\u00a0I\u015e\u0130D \u015fehitleri i\u00e7in yap\u0131lan Ezidi Soyk\u0131r\u0131m An\u0131t\u0131\u2019n\u0131n oldu\u011fu alana g\u00f6t\u00fcr\u00fcld\u00fc.<\/p>\n<p style=\"text-align: justify\">Burada d\u00fczenlenen resmi t\u00f6ren ard\u0131ndan b\u00f6lgedeki 4 mezarl\u0131\u011fa\u00a0g\u00f6t\u00fcr\u00fclen naa\u015flar\u00a0bu ay i\u00e7inde defnedilecek.<\/p>\n<p style=\"text-align: justify\">\u015eengal&#8217;daki Ezidi Soyk\u0131r\u0131m An\u0131t\u0131\u2019nda d\u00fczenlenen t\u00f6rene kurbanlar\u0131n yak\u0131nlar\u0131, \u00a0din adamlar\u0131 ve baz\u0131 yetkililer kat\u0131ld\u0131.<\/p>\n<p style=\"text-align: justify\">T\u00f6ren esnas\u0131nda duygusal anlar ya\u015fand\u0131.<\/p>\n","protected":false},"excerpt":{"rendered":"<p>Naa\u015flar\u0131n 16\u2019s\u0131 Herdan k\u00f6y\u00fcnde, 20\u2019si Ko\u00e7o k\u00f6y\u00fcnde, 2\u2019si \u00a0Xanesor yerle\u015fkesinde, 3\u2019\u00fc Qine k\u00f6y\u00fcnde defnedilecek. \u00d6n taraf\u0131nda kurban\u0131n foto\u011fraf\u0131 ve ad\u0131n\u0131n yaz\u0131l\u0131 oldu\u011fu tabutlara Irak bayraklar\u0131 ile sar\u0131ld\u0131\u011f\u0131 g\u00f6r\u00fcld\u00fc. \u00a0I\u015e\u0130D\u2019in katletti\u011fi Ezidi K\u00fcrdlere ait toplu mezarlarda bulunan kemikler kimlik bilgileri belirlenmek\u00a0\u00fczere Ba\u011fdat\u2019a g\u00f6nderiliyor. Bu, \u015eengal&#8217;deki yak\u0131nlar\u0131na teslim edilen Ezidi K\u00fcrdlere ait alt\u0131nc\u0131 konvoy. \u015eu ana kadar [&hellip;]<\/p>\n","protected":false},"author":2,"featured_media":1028285,"comment_status":"closed","ping_status":"closed","sticky":false,"template":"","format":"standard","meta":{"footnotes":""},"categories":[3],"tags":[31],"class_list":["post-1028284","post","type-post","status-publish","format-standard","has-post-thumbnail","hentry","category-kurdistan","tag-onemli"],"blocksy_meta":[],"seo_head":"<!-- This site is optimized with the Yoast SEO plugin v27.5 - https:\/\/yoast.com\/product\/yoast-seo-wordpress\/ -->\n<title>\u00a0I\u015e\u0130D\u2019in katletti\u011fi 41 Ezidi K\u00fcrd\u00fcn cenazesi ailelerine teslim edildi - Darka Mazi<\/title>\n<meta name=\"robots\" content=\"index, follow, max-snippet:-1, max-image-preview:large, max-video-preview:-1\" \/>\n<link rel=\"canonical\" href=\"https:\/\/darkamazi.site\/archives\/1028284\" \/>\n<meta property=\"og:locale\" content=\"en_US\" \/>\n<meta property=\"og:type\" content=\"article\" \/>\n<meta property=\"og:title\" content=\"\u00a0I\u015e\u0130D\u2019in katletti\u011fi 41 Ezidi K\u00fcrd\u00fcn cenazesi ailelerine teslim edildi - Darka Mazi\" \/>\n<meta property=\"og:description\" content=\"Naa\u015flar\u0131n 16\u2019s\u0131 Herdan k\u00f6y\u00fcnde, 20\u2019si Ko\u00e7o k\u00f6y\u00fcnde, 2\u2019si \u00a0Xanesor yerle\u015fkesinde, 3\u2019\u00fc Qine k\u00f6y\u00fcnde defnedilecek. \u00d6n taraf\u0131nda kurban\u0131n foto\u011fraf\u0131 ve ad\u0131n\u0131n yaz\u0131l\u0131 oldu\u011fu tabutlara Irak bayraklar\u0131 ile sar\u0131ld\u0131\u011f\u0131 g\u00f6r\u00fcld\u00fc. \u00a0I\u015e\u0130D\u2019in katletti\u011fi Ezidi K\u00fcrdlere ait toplu mezarlarda bulunan kemikler kimlik bilgileri belirlenmek\u00a0\u00fczere Ba\u011fdat\u2019a g\u00f6nderiliyor. Bu, \u015eengal&#8217;deki yak\u0131nlar\u0131na teslim edilen Ezidi K\u00fcrdlere ait alt\u0131nc\u0131 konvoy. \u015eu ana kadar [&hellip;]\" \/>\n<meta property=\"og:url\" content=\"https:\/\/darkamazi.site\/archives\/1028284\" \/>\n<meta property=\"og:site_name\" content=\"Darka Mazi\" \/>\n<meta property=\"article:publisher\" content=\"https:\/\/www.facebook.com\/DarkaMaziturkce\" \/>\n<meta property=\"article:published_time\" content=\"2024-01-24T13:54:31+00:00\" \/>\n<meta property=\"og:image\" content=\"https:\/\/darkamazi.site\/file\/2024\/01\/cenaze.jpeg\" \/>\n\t<meta property=\"og:image:width\" content=\"680\" \/>\n\t<meta property=\"og:image:height\" content=\"376\" \/>\n\t<meta property=\"og:image:type\" content=\"image\/jpeg\" \/>\n<meta name=\"author\" content=\"darka mazi\" \/>\n<meta name=\"twitter:card\" content=\"summary_large_image\" \/>\n<meta name=\"twitter:creator\" content=\"@DarkaMaziTurkce\" \/>\n<meta name=\"twitter:site\" content=\"@DarkaMaziTurkce\" \/>\n<meta name=\"twitter:label1\" content=\"Written by\" \/>\n\t<meta name=\"twitter:data1\" content=\"darka mazi\" \/>\n\t<meta name=\"twitter:label2\" content=\"Est. reading time\" \/>\n\t<meta name=\"twitter:data2\" content=\"1 minute\" \/>\n<script type=\"application\/ld+json\" class=\"seo-schema-graph\">{\"@context\":\"https:\\\/\\\/schema.org\",\"@graph\":[{\"@type\":\"NewsArticle\",\"@id\":\"https:\\\/\\\/darkamazi.site\\\/archives\\\/1028284#article\",\"isPartOf\":{\"@id\":\"https:\\\/\\\/darkamazi.site\\\/archives\\\/1028284\"},\"author\":{\"name\":\"darka mazi\",\"@id\":\"https:\\\/\\\/darkamazi.site\\\/#\\\/schema\\\/person\\\/67986a95ac546c16760365877ef4a9d3\"},\"headline\":\"\u00a0I\u015e\u0130D\u2019in katletti\u011fi 41 Ezidi K\u00fcrd\u00fcn cenazesi ailelerine teslim edildi\",\"datePublished\":\"2024-01-24T13:54:31+00:00\",\"mainEntityOfPage\":{\"@id\":\"https:\\\/\\\/darkamazi.site\\\/archives\\\/1028284\"},\"wordCount\":259,\"publisher\":{\"@id\":\"https:\\\/\\\/darkamazi.site\\\/#organization\"},\"image\":{\"@id\":\"https:\\\/\\\/darkamazi.site\\\/archives\\\/1028284#primaryimage\"},\"thumbnailUrl\":\"https:\\\/\\\/darkamazi.site\\\/darka-content\\\/uploads\\\/2024\\\/01\\\/cenaze.jpeg\",\"keywords\":[\"\u00f6nemli\"],\"articleSection\":[\"Kurdistan\"],\"inLanguage\":\"en-US\"},{\"@type\":\"WebPage\",\"@id\":\"https:\\\/\\\/darkamazi.site\\\/archives\\\/1028284\",\"url\":\"https:\\\/\\\/darkamazi.site\\\/archives\\\/1028284\",\"name\":\"\u00a0I\u015e\u0130D\u2019in katletti\u011fi 41 Ezidi K\u00fcrd\u00fcn cenazesi ailelerine teslim edildi - Darka Mazi\",\"isPartOf\":{\"@id\":\"https:\\\/\\\/darkamazi.site\\\/#website\"},\"primaryImageOfPage\":{\"@id\":\"https:\\\/\\\/darkamazi.site\\\/archives\\\/1028284#primaryimage\"},\"image\":{\"@id\":\"https:\\\/\\\/darkamazi.site\\\/archives\\\/1028284#primaryimage\"},\"thumbnailUrl\":\"https:\\\/\\\/darkamazi.site\\\/darka-content\\\/uploads\\\/2024\\\/01\\\/cenaze.jpeg\",\"datePublished\":\"2024-01-24T13:54:31+00:00\",\"breadcrumb\":{\"@id\":\"https:\\\/\\\/darkamazi.site\\\/archives\\\/1028284#breadcrumb\"},\"inLanguage\":\"en-US\",\"potentialAction\":[{\"@type\":\"ReadAction\",\"target\":[\"https:\\\/\\\/darkamazi.site\\\/archives\\\/1028284\"]}]},{\"@type\":\"ImageObject\",\"inLanguage\":\"en-US\",\"@id\":\"https:\\\/\\\/darkamazi.site\\\/archives\\\/1028284#primaryimage\",\"url\":\"https:\\\/\\\/darkamazi.site\\\/darka-content\\\/uploads\\\/2024\\\/01\\\/cenaze.jpeg\",\"contentUrl\":\"https:\\\/\\\/darkamazi.site\\\/darka-content\\\/uploads\\\/2024\\\/01\\\/cenaze.jpeg\",\"width\":680,\"height\":376,\"caption\":\"\u00a0I\u015e\u0130D\u2019in katletti\u011fi 41 Ezidi K\u00fcrd\u00fcn cenazesi ailelerine teslim edildi\"},{\"@type\":\"BreadcrumbList\",\"@id\":\"https:\\\/\\\/darkamazi.site\\\/archives\\\/1028284#breadcrumb\",\"itemListElement\":[{\"@type\":\"ListItem\",\"position\":1,\"name\":\"Home\",\"item\":\"https:\\\/\\\/darkamazi.site\\\/\"},{\"@type\":\"ListItem\",\"position\":2,\"name\":\"\u00a0I\u015e\u0130D\u2019in katletti\u011fi 41 Ezidi K\u00fcrd\u00fcn cenazesi ailelerine teslim edildi\"}]},{\"@type\":\"WebSite\",\"@id\":\"https:\\\/\\\/darkamazi.site\\\/#website\",\"url\":\"https:\\\/\\\/darkamazi.site\\\/\",\"name\":\"Darka Mazi\",\"description\":\"Ana Sayfa\",\"publisher\":{\"@id\":\"https:\\\/\\\/darkamazi.site\\\/#organization\"},\"potentialAction\":[{\"@type\":\"SearchAction\",\"target\":{\"@type\":\"EntryPoint\",\"urlTemplate\":\"https:\\\/\\\/darkamazi.site\\\/?s={search_term_string}\"},\"query-input\":{\"@type\":\"PropertyValueSpecification\",\"valueRequired\":true,\"valueName\":\"search_term_string\"}}],\"inLanguage\":\"en-US\"},{\"@type\":\"Organization\",\"@id\":\"https:\\\/\\\/darkamazi.site\\\/#organization\",\"name\":\"Darka Mazi T\u00fcrk\u00e7e\",\"alternateName\":\"Darka Mazi\",\"url\":\"https:\\\/\\\/darkamazi.site\\\/\",\"logo\":{\"@type\":\"ImageObject\",\"inLanguage\":\"en-US\",\"@id\":\"https:\\\/\\\/darkamazi.site\\\/#\\\/schema\\\/logo\\\/image\\\/\",\"url\":\"https:\\\/\\\/darkamazi.site\\\/darka-content\\\/uploads\\\/2017\\\/12\\\/darka-mazi-logo.png\",\"contentUrl\":\"https:\\\/\\\/darkamazi.site\\\/darka-content\\\/uploads\\\/2017\\\/12\\\/darka-mazi-logo.png\",\"width\":151,\"height\":75,\"caption\":\"Darka Mazi T\u00fcrk\u00e7e\"},\"image\":{\"@id\":\"https:\\\/\\\/darkamazi.site\\\/#\\\/schema\\\/logo\\\/image\\\/\"},\"sameAs\":[\"https:\\\/\\\/www.facebook.com\\\/DarkaMaziturkce\",\"https:\\\/\\\/x.com\\\/DarkaMaziTurkce\"]},{\"@type\":\"Person\",\"@id\":\"https:\\\/\\\/darkamazi.site\\\/#\\\/schema\\\/person\\\/67986a95ac546c16760365877ef4a9d3\",\"name\":\"darka mazi\",\"sameAs\":[\"https:\\\/\\\/darkamazi.site\"],\"url\":\"https:\\\/\\\/darkamazi.site\\\/archives\\\/author\\\/turkish\"}]}<\/script>\n<!-- \/ Yoast SEO plugin. -->","seo_head_json":{"title":"\u00a0I\u015e\u0130D\u2019in katletti\u011fi 41 Ezidi K\u00fcrd\u00fcn cenazesi ailelerine teslim edildi - Darka Mazi","robots":{"index":"index","follow":"follow","max-snippet":"max-snippet:-1","max-image-preview":"max-image-preview:large","max-video-preview":"max-video-preview:-1"},"canonical":"https:\/\/darkamazi.site\/archives\/1028284","og_locale":"en_US","og_type":"article","og_title":"\u00a0I\u015e\u0130D\u2019in katletti\u011fi 41 Ezidi K\u00fcrd\u00fcn cenazesi ailelerine teslim edildi - Darka Mazi","og_description":"Naa\u015flar\u0131n 16\u2019s\u0131 Herdan k\u00f6y\u00fcnde, 20\u2019si Ko\u00e7o k\u00f6y\u00fcnde, 2\u2019si \u00a0Xanesor yerle\u015fkesinde, 3\u2019\u00fc Qine k\u00f6y\u00fcnde defnedilecek. \u00d6n taraf\u0131nda kurban\u0131n foto\u011fraf\u0131 ve ad\u0131n\u0131n yaz\u0131l\u0131 oldu\u011fu tabutlara Irak bayraklar\u0131 ile sar\u0131ld\u0131\u011f\u0131 g\u00f6r\u00fcld\u00fc. \u00a0I\u015e\u0130D\u2019in katletti\u011fi Ezidi K\u00fcrdlere ait toplu mezarlarda bulunan kemikler kimlik bilgileri belirlenmek\u00a0\u00fczere Ba\u011fdat\u2019a g\u00f6nderiliyor. Bu, \u015eengal&#8217;deki yak\u0131nlar\u0131na teslim edilen Ezidi K\u00fcrdlere ait alt\u0131nc\u0131 konvoy. \u015eu ana kadar [&hellip;]","og_url":"https:\/\/darkamazi.site\/archives\/1028284","og_site_name":"Darka Mazi","article_publisher":"https:\/\/www.facebook.com\/DarkaMaziturkce","article_published_time":"2024-01-24T13:54:31+00:00","og_image":[{"width":680,"height":376,"url":"https:\/\/darkamazi.site\/file\/2024\/01\/cenaze.jpeg","type":"image\/jpeg"}],"author":"darka mazi","twitter_card":"summary_large_image","twitter_creator":"@DarkaMaziTurkce","twitter_site":"@DarkaMaziTurkce","twitter_misc":{"Written by":"darka mazi","Est. reading time":"1 minute"},"schema":{"@context":"https:\/\/schema.org","@graph":[{"@type":"NewsArticle","@id":"https:\/\/darkamazi.site\/archives\/1028284#article","isPartOf":{"@id":"https:\/\/darkamazi.site\/archives\/1028284"},"author":{"name":"darka mazi","@id":"https:\/\/darkamazi.site\/#\/schema\/person\/67986a95ac546c16760365877ef4a9d3"},"headline":"\u00a0I\u015e\u0130D\u2019in katletti\u011fi 41 Ezidi K\u00fcrd\u00fcn cenazesi ailelerine teslim edildi","datePublished":"2024-01-24T13:54:31+00:00","mainEntityOfPage":{"@id":"https:\/\/darkamazi.site\/archives\/1028284"},"wordCount":259,"publisher":{"@id":"https:\/\/darkamazi.site\/#organization"},"image":{"@id":"https:\/\/darkamazi.site\/archives\/1028284#primaryimage"},"thumbnailUrl":"https:\/\/darkamazi.site\/file\/2024\/01\/cenaze.jpeg","keywords":["\u00f6nemli"],"articleSection":["Kurdistan"],"inLanguage":"en-US"},{"@type":"WebPage","@id":"https:\/\/darkamazi.site\/archives\/1028284","url":"https:\/\/darkamazi.site\/archives\/1028284","name":"\u00a0I\u015e\u0130D\u2019in katletti\u011fi 41 Ezidi K\u00fcrd\u00fcn cenazesi ailelerine teslim edildi - Darka Mazi","isPartOf":{"@id":"https:\/\/darkamazi.site\/#website"},"primaryImageOfPage":{"@id":"https:\/\/darkamazi.site\/archives\/1028284#primaryimage"},"image":{"@id":"https:\/\/darkamazi.site\/archives\/1028284#primaryimage"},"thumbnailUrl":"https:\/\/darkamazi.site\/file\/2024\/01\/cenaze.jpeg","datePublished":"2024-01-24T13:54:31+00:00","breadcrumb":{"@id":"https:\/\/darkamazi.site\/archives\/1028284#breadcrumb"},"inLanguage":"en-US","potentialAction":[{"@type":"ReadAction","target":["https:\/\/darkamazi.site\/archives\/1028284"]}]},{"@type":"ImageObject","inLanguage":"en-US","@id":"https:\/\/darkamazi.site\/archives\/1028284#primaryimage","url":"https:\/\/darkamazi.site\/file\/2024\/01\/cenaze.jpeg","contentUrl":"https:\/\/darkamazi.site\/file\/2024\/01\/cenaze.jpeg","width":680,"height":376,"caption":"\u00a0I\u015e\u0130D\u2019in katletti\u011fi 41 Ezidi K\u00fcrd\u00fcn cenazesi ailelerine teslim edildi"},{"@type":"BreadcrumbList","@id":"https:\/\/darkamazi.site\/archives\/1028284#breadcrumb","itemListElement":[{"@type":"ListItem","position":1,"name":"Home","item":"https:\/\/darkamazi.site\/"},{"@type":"ListItem","position":2,"name":"\u00a0I\u015e\u0130D\u2019in katletti\u011fi 41 Ezidi K\u00fcrd\u00fcn cenazesi ailelerine teslim edildi"}]},{"@type":"WebSite","@id":"https:\/\/darkamazi.site\/#website","url":"https:\/\/darkamazi.site\/","name":"Darka Mazi","description":"Ana Sayfa","publisher":{"@id":"https:\/\/darkamazi.site\/#organization"},"potentialAction":[{"@type":"SearchAction","target":{"@type":"EntryPoint","urlTemplate":"https:\/\/darkamazi.site\/?s={search_term_string}"},"query-input":{"@type":"PropertyValueSpecification","valueRequired":true,"valueName":"search_term_string"}}],"inLanguage":"en-US"},{"@type":"Organization","@id":"https:\/\/darkamazi.site\/#organization","name":"Darka Mazi T\u00fcrk\u00e7e","alternateName":"Darka Mazi","url":"https:\/\/darkamazi.site\/","logo":{"@type":"ImageObject","inLanguage":"en-US","@id":"https:\/\/darkamazi.site\/#\/schema\/logo\/image\/","url":"https:\/\/darkamazi.site\/file\/2017\/12\/darka-mazi-logo.png","contentUrl":"https:\/\/darkamazi.site\/file\/2017\/12\/darka-mazi-logo.png","width":151,"height":75,"caption":"Darka Mazi T\u00fcrk\u00e7e"},"image":{"@id":"https:\/\/darkamazi.site\/#\/schema\/logo\/image\/"},"sameAs":["https:\/\/www.facebook.com\/DarkaMaziturkce","https:\/\/x.com\/DarkaMaziTurkce"]},{"@type":"Person","@id":"https:\/\/darkamazi.site\/#\/schema\/person\/67986a95ac546c16760365877ef4a9d3","name":"darka mazi","sameAs":["https:\/\/darkamazi.site"],"url":"https:\/\/darkamazi.site\/archives\/author\/turkish"}]}},"_links":{"self":[{"href":"https:\/\/darkamazi.site\/funavuv\/wp\/v2\/posts\/1028284","targetHints":{"allow":["GET"]}}],"collection":[{"href":"https:\/\/darkamazi.site\/funavuv\/wp\/v2\/posts"}],"about":[{"href":"https:\/\/darkamazi.site\/funavuv\/wp\/v2\/types\/post"}],"author":[{"embeddable":true,"href":"https:\/\/darkamazi.site\/funavuv\/wp\/v2\/users\/2"}],"replies":[{"embeddable":true,"href":"https:\/\/darkamazi.site\/funavuv\/wp\/v2\/comments?post=1028284"}],"version-history":[{"count":0,"href":"https:\/\/darkamazi.site\/funavuv\/wp\/v2\/posts\/1028284\/revisions"}],"wp:featuredmedia":[{"embeddable":true,"href":"https:\/\/darkamazi.site\/funavuv\/wp\/v2\/media\/1028285"}],"wp:attachment":[{"href":"https:\/\/darkamazi.site\/funavuv\/wp\/v2\/media?parent=1028284"}],"wp:term":[{"taxonomy":"category","embeddable":true,"href":"https:\/\/darkamazi.site\/funavuv\/wp\/v2\/categories?post=1028284"},{"taxonomy":"post_tag","embeddable":true,"href":"https:\/\/darkamazi.site\/funavuv\/wp\/v2\/tags?post=1028284"}],"curies":[{"name":"wp","href":"https:\/\/api.w.org\/{rel}","templated":true}]}}