{"id":1028416,"date":"2024-02-04T14:41:45","date_gmt":"2024-02-04T11:41:45","guid":{"rendered":"https:\/\/darkamazi.site\/?p=1028416"},"modified":"2024-02-04T14:41:45","modified_gmt":"2024-02-04T11:41:45","slug":"kdp-ve-ynk-uzlasti-ve-ortak-aciklama-yayinladi-kerkuke-kurt-vali-atanmali","status":"publish","type":"post","link":"https:\/\/darkamazi.site\/archives\/1028416","title":{"rendered":"KDP ve YNK uzla\u015ft\u0131 ve ortak a\u00e7\u0131klama yay\u0131nlad\u0131: Kerk\u00fck&#8217;e K\u00fcrt vali atanmal\u0131"},"content":{"rendered":"<p>KDP politb\u00fcro y\u00f6neticilerinden olu\u015fan bir heyet, S\u00fcleymaniye\u2019de KYB y\u00f6netimi ile bir araya geldi. Toplant\u0131n\u0131n ard\u0131ndan yap\u0131lan ortak a\u00e7\u0131klamada, \u201cHer iki taraf da bu a\u015famada Kerk\u00fck vilayetindeki vatanda\u015flar\u0131n \u00e7\u0131karlar\u0131 i\u00e7in t\u00fcm bile\u015fenlere hizmet edecek K\u00fcrt bir valinin atanmas\u0131 konusunda hemfikir oldu\u201d denildi.<\/p>\n<p>K\u00fcrdistan Demokrat Partisi (KDP) Politb\u00fcro Y\u00fcr\u00fctme Kurulu Sorumlusu Faz\u0131l Mirani ba\u015fkanl\u0131\u011f\u0131nda bir heyet, K\u00fcrdistan Yurtseverler Birli\u011fi (KYB) ile g\u00f6r\u00fc\u015fmek \u00fczere S\u00fcleymaniye\u2019ye gitti.<\/p>\n<p>KDP heyetinde parti s\u00f6zc\u00fcs\u00fc Mahmud Muhammed\u2019in yan\u0131 s\u0131ra Azad Berwari, Cefer Eminki ve Ali H\u00fcseyin de yer ald\u0131.<\/p>\n<p>Heyeti, S\u00fcleymaniye\u2019nin Daba\u015fan kasabas\u0131nda \u00a0KYB Ba\u015fkan\u0131 Baf\u0131l Talabani, Kerk\u00fck Te\u015fkilat\u0131 sorumlusu Aso Mamend, parti s\u00f6zc\u00fcs\u00fc Sadi Ahmed Pire kar\u015f\u0131lad\u0131.<\/p>\n<p>Taraflar\u0131n bug\u00fcnk\u00fc toplant\u0131da yerel se\u00e7imlerin ard\u0131ndan Kerk\u00fck ve Musul\u2019da il meclislerinin olu\u015fumu ve K\u00fcrdistan Parlamentosu se\u00e7imlerini ele almas\u0131 bekleniyor.<\/p>\n<p>Kerk\u00fck ve Musul\u2019un yan\u0131 s\u0131ra Irak\u2019\u0131n di\u011fer vilayetlerinde 18 Aral\u0131k\u2019ta ger\u00e7ekle\u015ftirilen yerel se\u00e7imlerin ard\u0131ndan iki parti ilk kez \u00fcst d\u00fczey bir toplant\u0131 ger\u00e7ekle\u015ftirdi.<\/p>\n<p>\u0130l meclisi se\u00e7imlerinde KYB Kerk\u00fck\u2019te 5, KDP ise 2 sandalye kazanm\u0131\u015ft\u0131. Musul\u2019da ise KDP 4 ve KYB de 2 sandalye kazand\u0131.<\/p>\n<p><strong>Toplant\u0131n\u0131n ard\u0131ndan a\u00e7\u0131klama<\/strong><\/p>\n<p>Toplant\u0131n\u0131n ard\u0131ndan yap\u0131lan ortak a\u00e7\u0131klamada, b\u00f6lgedeki siyasi ve ekonomik durum ile genel olarak federal h\u00fck\u00fcmetle \u00e7\u00f6z\u00fclmemi\u015f konular\u0131n, \u00f6zelde ise b\u00fct\u00e7e ve \u00e7al\u0131\u015fanlar\u0131n maa\u015flar\u0131 ve il meclisi se\u00e7imlerinin de\u011ferlendirildi\u011fi belirtildi.<\/p>\n<p>A\u00e7\u0131klamada, toplant\u0131n\u0131n sonu\u00e7lar\u0131 \u015f\u00f6yle s\u0131raland\u0131:<\/p>\n<p>1. Her iki taraf da bu a\u015famada Kerk\u00fck vilayetindeki vatanda\u015flar\u0131n \u00e7\u0131karlar\u0131 i\u00e7in t\u00fcm bile\u015fenlere, il\u00e7e ve kasabalara hizmet edecek K\u00fcrt bir valinin atanmas\u0131 konusunda hemfikir oldu.<\/p>\n<p>2- Her iki taraf da K\u00fcrdistan B\u00f6lgesi\u2019nin b\u00f6lgenin stat\u00fcs\u00fcn\u00fcn ve kazan\u0131mlar\u0131n\u0131n korunmas\u0131n\u0131n KYB ve PDK ba\u015fta olmak \u00fczere t\u00fcm K\u00fcrt partilerinin g\u00f6revi oldu\u011fu konusunda hemfikir kald\u0131.<\/p>\n<p>3. K\u00fcrdistan B\u00f6lgesi\u2019nin Irak federal h\u00fck\u00fcmeti ile siyasi ve ekonomik sorunlar\u0131n\u0131n \u00e7\u00f6z\u00fclmesi i\u00e7in her iki taraf\u0131n en \u00fcst d\u00fczeyde ortak \u00e7al\u0131\u015fmas\u0131na karar verildi.<\/p>\n<p>&nbsp;<\/p>\n","protected":false},"excerpt":{"rendered":"<p>KDP politb\u00fcro y\u00f6neticilerinden olu\u015fan bir heyet, S\u00fcleymaniye\u2019de KYB y\u00f6netimi ile bir araya geldi. Toplant\u0131n\u0131n ard\u0131ndan yap\u0131lan ortak a\u00e7\u0131klamada, \u201cHer iki taraf da bu a\u015famada Kerk\u00fck vilayetindeki vatanda\u015flar\u0131n \u00e7\u0131karlar\u0131 i\u00e7in t\u00fcm bile\u015fenlere hizmet edecek K\u00fcrt bir valinin atanmas\u0131 konusunda hemfikir oldu\u201d denildi. K\u00fcrdistan Demokrat Partisi (KDP) Politb\u00fcro Y\u00fcr\u00fctme Kurulu Sorumlusu Faz\u0131l Mirani ba\u015fkanl\u0131\u011f\u0131nda bir heyet, K\u00fcrdistan [&hellip;]<\/p>\n","protected":false},"author":2,"featured_media":1028417,"comment_status":"closed","ping_status":"closed","sticky":false,"template":"","format":"standard","meta":{"footnotes":""},"categories":[3],"tags":[31],"class_list":["post-1028416","post","type-post","status-publish","format-standard","has-post-thumbnail","hentry","category-kurdistan","tag-onemli"],"blocksy_meta":[],"seo_head":"<!-- This site is optimized with the Yoast SEO plugin v27.5 - https:\/\/yoast.com\/product\/yoast-seo-wordpress\/ -->\n<title>KDP ve YNK uzla\u015ft\u0131 ve ortak a\u00e7\u0131klama yay\u0131nlad\u0131: Kerk\u00fck&#039;e K\u00fcrt vali atanmal\u0131 - Darka Mazi<\/title>\n<meta name=\"robots\" content=\"index, follow, max-snippet:-1, max-image-preview:large, max-video-preview:-1\" \/>\n<link rel=\"canonical\" href=\"https:\/\/darkamazi.site\/archives\/1028416\" \/>\n<meta property=\"og:locale\" content=\"en_US\" \/>\n<meta property=\"og:type\" content=\"article\" \/>\n<meta property=\"og:title\" content=\"KDP ve YNK uzla\u015ft\u0131 ve ortak a\u00e7\u0131klama yay\u0131nlad\u0131: Kerk\u00fck&#039;e K\u00fcrt vali atanmal\u0131 - Darka Mazi\" \/>\n<meta property=\"og:description\" content=\"KDP politb\u00fcro y\u00f6neticilerinden olu\u015fan bir heyet, S\u00fcleymaniye\u2019de KYB y\u00f6netimi ile bir araya geldi. Toplant\u0131n\u0131n ard\u0131ndan yap\u0131lan ortak a\u00e7\u0131klamada, \u201cHer iki taraf da bu a\u015famada Kerk\u00fck vilayetindeki vatanda\u015flar\u0131n \u00e7\u0131karlar\u0131 i\u00e7in t\u00fcm bile\u015fenlere hizmet edecek K\u00fcrt bir valinin atanmas\u0131 konusunda hemfikir oldu\u201d denildi. K\u00fcrdistan Demokrat Partisi (KDP) Politb\u00fcro Y\u00fcr\u00fctme Kurulu Sorumlusu Faz\u0131l Mirani ba\u015fkanl\u0131\u011f\u0131nda bir heyet, K\u00fcrdistan [&hellip;]\" \/>\n<meta property=\"og:url\" content=\"https:\/\/darkamazi.site\/archives\/1028416\" \/>\n<meta property=\"og:site_name\" content=\"Darka Mazi\" \/>\n<meta property=\"article:publisher\" content=\"https:\/\/www.facebook.com\/DarkaMaziturkce\" \/>\n<meta property=\"article:published_time\" content=\"2024-02-04T11:41:45+00:00\" \/>\n<meta property=\"og:image\" content=\"https:\/\/darkamazi.site\/file\/2024\/02\/pdk-ynk-2000x1200-1.jpg\" \/>\n\t<meta property=\"og:image:width\" content=\"2000\" \/>\n\t<meta property=\"og:image:height\" content=\"1200\" \/>\n\t<meta property=\"og:image:type\" content=\"image\/jpeg\" \/>\n<meta name=\"author\" content=\"darka mazi\" \/>\n<meta name=\"twitter:card\" content=\"summary_large_image\" \/>\n<meta name=\"twitter:creator\" content=\"@DarkaMaziTurkce\" \/>\n<meta name=\"twitter:site\" content=\"@DarkaMaziTurkce\" \/>\n<meta name=\"twitter:label1\" content=\"Written by\" \/>\n\t<meta name=\"twitter:data1\" content=\"darka mazi\" \/>\n\t<meta name=\"twitter:label2\" content=\"Est. reading time\" \/>\n\t<meta name=\"twitter:data2\" content=\"2 minutes\" \/>\n<script type=\"application\/ld+json\" class=\"seo-schema-graph\">{\"@context\":\"https:\\\/\\\/schema.org\",\"@graph\":[{\"@type\":\"NewsArticle\",\"@id\":\"https:\\\/\\\/darkamazi.site\\\/archives\\\/1028416#article\",\"isPartOf\":{\"@id\":\"https:\\\/\\\/darkamazi.site\\\/archives\\\/1028416\"},\"author\":{\"name\":\"darka mazi\",\"@id\":\"https:\\\/\\\/darkamazi.site\\\/#\\\/schema\\\/person\\\/67986a95ac546c16760365877ef4a9d3\"},\"headline\":\"KDP ve YNK uzla\u015ft\u0131 ve ortak a\u00e7\u0131klama yay\u0131nlad\u0131: Kerk\u00fck&#8217;e K\u00fcrt vali atanmal\u0131\",\"datePublished\":\"2024-02-04T11:41:45+00:00\",\"mainEntityOfPage\":{\"@id\":\"https:\\\/\\\/darkamazi.site\\\/archives\\\/1028416\"},\"wordCount\":430,\"publisher\":{\"@id\":\"https:\\\/\\\/darkamazi.site\\\/#organization\"},\"image\":{\"@id\":\"https:\\\/\\\/darkamazi.site\\\/archives\\\/1028416#primaryimage\"},\"thumbnailUrl\":\"https:\\\/\\\/darkamazi.site\\\/darka-content\\\/uploads\\\/2024\\\/02\\\/pdk-ynk-2000x1200-1.jpg\",\"keywords\":[\"\u00f6nemli\"],\"articleSection\":[\"Kurdistan\"],\"inLanguage\":\"en-US\"},{\"@type\":\"WebPage\",\"@id\":\"https:\\\/\\\/darkamazi.site\\\/archives\\\/1028416\",\"url\":\"https:\\\/\\\/darkamazi.site\\\/archives\\\/1028416\",\"name\":\"KDP ve YNK uzla\u015ft\u0131 ve ortak a\u00e7\u0131klama yay\u0131nlad\u0131: Kerk\u00fck'e K\u00fcrt vali atanmal\u0131 - Darka Mazi\",\"isPartOf\":{\"@id\":\"https:\\\/\\\/darkamazi.site\\\/#website\"},\"primaryImageOfPage\":{\"@id\":\"https:\\\/\\\/darkamazi.site\\\/archives\\\/1028416#primaryimage\"},\"image\":{\"@id\":\"https:\\\/\\\/darkamazi.site\\\/archives\\\/1028416#primaryimage\"},\"thumbnailUrl\":\"https:\\\/\\\/darkamazi.site\\\/darka-content\\\/uploads\\\/2024\\\/02\\\/pdk-ynk-2000x1200-1.jpg\",\"datePublished\":\"2024-02-04T11:41:45+00:00\",\"breadcrumb\":{\"@id\":\"https:\\\/\\\/darkamazi.site\\\/archives\\\/1028416#breadcrumb\"},\"inLanguage\":\"en-US\",\"potentialAction\":[{\"@type\":\"ReadAction\",\"target\":[\"https:\\\/\\\/darkamazi.site\\\/archives\\\/1028416\"]}]},{\"@type\":\"ImageObject\",\"inLanguage\":\"en-US\",\"@id\":\"https:\\\/\\\/darkamazi.site\\\/archives\\\/1028416#primaryimage\",\"url\":\"https:\\\/\\\/darkamazi.site\\\/darka-content\\\/uploads\\\/2024\\\/02\\\/pdk-ynk-2000x1200-1.jpg\",\"contentUrl\":\"https:\\\/\\\/darkamazi.site\\\/darka-content\\\/uploads\\\/2024\\\/02\\\/pdk-ynk-2000x1200-1.jpg\",\"width\":2000,\"height\":1200,\"caption\":\"KDP ve YNK uzla\u015ft\u0131 ve ortak a\u00e7\u0131klama yay\u0131nlad\u0131: Kerk\u00fck'e K\u00fcrt vali atanmal\u0131\"},{\"@type\":\"BreadcrumbList\",\"@id\":\"https:\\\/\\\/darkamazi.site\\\/archives\\\/1028416#breadcrumb\",\"itemListElement\":[{\"@type\":\"ListItem\",\"position\":1,\"name\":\"Home\",\"item\":\"https:\\\/\\\/darkamazi.site\\\/\"},{\"@type\":\"ListItem\",\"position\":2,\"name\":\"KDP ve YNK uzla\u015ft\u0131 ve ortak a\u00e7\u0131klama yay\u0131nlad\u0131: Kerk\u00fck&#8217;e K\u00fcrt vali atanmal\u0131\"}]},{\"@type\":\"WebSite\",\"@id\":\"https:\\\/\\\/darkamazi.site\\\/#website\",\"url\":\"https:\\\/\\\/darkamazi.site\\\/\",\"name\":\"Darka Mazi\",\"description\":\"Ana Sayfa\",\"publisher\":{\"@id\":\"https:\\\/\\\/darkamazi.site\\\/#organization\"},\"potentialAction\":[{\"@type\":\"SearchAction\",\"target\":{\"@type\":\"EntryPoint\",\"urlTemplate\":\"https:\\\/\\\/darkamazi.site\\\/?s={search_term_string}\"},\"query-input\":{\"@type\":\"PropertyValueSpecification\",\"valueRequired\":true,\"valueName\":\"search_term_string\"}}],\"inLanguage\":\"en-US\"},{\"@type\":\"Organization\",\"@id\":\"https:\\\/\\\/darkamazi.site\\\/#organization\",\"name\":\"Darka Mazi T\u00fcrk\u00e7e\",\"alternateName\":\"Darka Mazi\",\"url\":\"https:\\\/\\\/darkamazi.site\\\/\",\"logo\":{\"@type\":\"ImageObject\",\"inLanguage\":\"en-US\",\"@id\":\"https:\\\/\\\/darkamazi.site\\\/#\\\/schema\\\/logo\\\/image\\\/\",\"url\":\"https:\\\/\\\/darkamazi.site\\\/darka-content\\\/uploads\\\/2017\\\/12\\\/darka-mazi-logo.png\",\"contentUrl\":\"https:\\\/\\\/darkamazi.site\\\/darka-content\\\/uploads\\\/2017\\\/12\\\/darka-mazi-logo.png\",\"width\":151,\"height\":75,\"caption\":\"Darka Mazi T\u00fcrk\u00e7e\"},\"image\":{\"@id\":\"https:\\\/\\\/darkamazi.site\\\/#\\\/schema\\\/logo\\\/image\\\/\"},\"sameAs\":[\"https:\\\/\\\/www.facebook.com\\\/DarkaMaziturkce\",\"https:\\\/\\\/x.com\\\/DarkaMaziTurkce\"]},{\"@type\":\"Person\",\"@id\":\"https:\\\/\\\/darkamazi.site\\\/#\\\/schema\\\/person\\\/67986a95ac546c16760365877ef4a9d3\",\"name\":\"darka mazi\",\"sameAs\":[\"https:\\\/\\\/darkamazi.site\"],\"url\":\"https:\\\/\\\/darkamazi.site\\\/archives\\\/author\\\/turkish\"}]}<\/script>\n<!-- \/ Yoast SEO plugin. -->","seo_head_json":{"title":"KDP ve YNK uzla\u015ft\u0131 ve ortak a\u00e7\u0131klama yay\u0131nlad\u0131: Kerk\u00fck'e K\u00fcrt vali atanmal\u0131 - Darka Mazi","robots":{"index":"index","follow":"follow","max-snippet":"max-snippet:-1","max-image-preview":"max-image-preview:large","max-video-preview":"max-video-preview:-1"},"canonical":"https:\/\/darkamazi.site\/archives\/1028416","og_locale":"en_US","og_type":"article","og_title":"KDP ve YNK uzla\u015ft\u0131 ve ortak a\u00e7\u0131klama yay\u0131nlad\u0131: Kerk\u00fck'e K\u00fcrt vali atanmal\u0131 - Darka Mazi","og_description":"KDP politb\u00fcro y\u00f6neticilerinden olu\u015fan bir heyet, S\u00fcleymaniye\u2019de KYB y\u00f6netimi ile bir araya geldi. Toplant\u0131n\u0131n ard\u0131ndan yap\u0131lan ortak a\u00e7\u0131klamada, \u201cHer iki taraf da bu a\u015famada Kerk\u00fck vilayetindeki vatanda\u015flar\u0131n \u00e7\u0131karlar\u0131 i\u00e7in t\u00fcm bile\u015fenlere hizmet edecek K\u00fcrt bir valinin atanmas\u0131 konusunda hemfikir oldu\u201d denildi. K\u00fcrdistan Demokrat Partisi (KDP) Politb\u00fcro Y\u00fcr\u00fctme Kurulu Sorumlusu Faz\u0131l Mirani ba\u015fkanl\u0131\u011f\u0131nda bir heyet, K\u00fcrdistan [&hellip;]","og_url":"https:\/\/darkamazi.site\/archives\/1028416","og_site_name":"Darka Mazi","article_publisher":"https:\/\/www.facebook.com\/DarkaMaziturkce","article_published_time":"2024-02-04T11:41:45+00:00","og_image":[{"width":2000,"height":1200,"url":"https:\/\/darkamazi.site\/file\/2024\/02\/pdk-ynk-2000x1200-1.jpg","type":"image\/jpeg"}],"author":"darka mazi","twitter_card":"summary_large_image","twitter_creator":"@DarkaMaziTurkce","twitter_site":"@DarkaMaziTurkce","twitter_misc":{"Written by":"darka mazi","Est. reading time":"2 minutes"},"schema":{"@context":"https:\/\/schema.org","@graph":[{"@type":"NewsArticle","@id":"https:\/\/darkamazi.site\/archives\/1028416#article","isPartOf":{"@id":"https:\/\/darkamazi.site\/archives\/1028416"},"author":{"name":"darka mazi","@id":"https:\/\/darkamazi.site\/#\/schema\/person\/67986a95ac546c16760365877ef4a9d3"},"headline":"KDP ve YNK uzla\u015ft\u0131 ve ortak a\u00e7\u0131klama yay\u0131nlad\u0131: Kerk\u00fck&#8217;e K\u00fcrt vali atanmal\u0131","datePublished":"2024-02-04T11:41:45+00:00","mainEntityOfPage":{"@id":"https:\/\/darkamazi.site\/archives\/1028416"},"wordCount":430,"publisher":{"@id":"https:\/\/darkamazi.site\/#organization"},"image":{"@id":"https:\/\/darkamazi.site\/archives\/1028416#primaryimage"},"thumbnailUrl":"https:\/\/darkamazi.site\/file\/2024\/02\/pdk-ynk-2000x1200-1.jpg","keywords":["\u00f6nemli"],"articleSection":["Kurdistan"],"inLanguage":"en-US"},{"@type":"WebPage","@id":"https:\/\/darkamazi.site\/archives\/1028416","url":"https:\/\/darkamazi.site\/archives\/1028416","name":"KDP ve YNK uzla\u015ft\u0131 ve ortak a\u00e7\u0131klama yay\u0131nlad\u0131: Kerk\u00fck'e K\u00fcrt vali atanmal\u0131 - Darka Mazi","isPartOf":{"@id":"https:\/\/darkamazi.site\/#website"},"primaryImageOfPage":{"@id":"https:\/\/darkamazi.site\/archives\/1028416#primaryimage"},"image":{"@id":"https:\/\/darkamazi.site\/archives\/1028416#primaryimage"},"thumbnailUrl":"https:\/\/darkamazi.site\/file\/2024\/02\/pdk-ynk-2000x1200-1.jpg","datePublished":"2024-02-04T11:41:45+00:00","breadcrumb":{"@id":"https:\/\/darkamazi.site\/archives\/1028416#breadcrumb"},"inLanguage":"en-US","potentialAction":[{"@type":"ReadAction","target":["https:\/\/darkamazi.site\/archives\/1028416"]}]},{"@type":"ImageObject","inLanguage":"en-US","@id":"https:\/\/darkamazi.site\/archives\/1028416#primaryimage","url":"https:\/\/darkamazi.site\/file\/2024\/02\/pdk-ynk-2000x1200-1.jpg","contentUrl":"https:\/\/darkamazi.site\/file\/2024\/02\/pdk-ynk-2000x1200-1.jpg","width":2000,"height":1200,"caption":"KDP ve YNK uzla\u015ft\u0131 ve ortak a\u00e7\u0131klama yay\u0131nlad\u0131: Kerk\u00fck'e K\u00fcrt vali atanmal\u0131"},{"@type":"BreadcrumbList","@id":"https:\/\/darkamazi.site\/archives\/1028416#breadcrumb","itemListElement":[{"@type":"ListItem","position":1,"name":"Home","item":"https:\/\/darkamazi.site\/"},{"@type":"ListItem","position":2,"name":"KDP ve YNK uzla\u015ft\u0131 ve ortak a\u00e7\u0131klama yay\u0131nlad\u0131: Kerk\u00fck&#8217;e K\u00fcrt vali atanmal\u0131"}]},{"@type":"WebSite","@id":"https:\/\/darkamazi.site\/#website","url":"https:\/\/darkamazi.site\/","name":"Darka Mazi","description":"Ana Sayfa","publisher":{"@id":"https:\/\/darkamazi.site\/#organization"},"potentialAction":[{"@type":"SearchAction","target":{"@type":"EntryPoint","urlTemplate":"https:\/\/darkamazi.site\/?s={search_term_string}"},"query-input":{"@type":"PropertyValueSpecification","valueRequired":true,"valueName":"search_term_string"}}],"inLanguage":"en-US"},{"@type":"Organization","@id":"https:\/\/darkamazi.site\/#organization","name":"Darka Mazi T\u00fcrk\u00e7e","alternateName":"Darka Mazi","url":"https:\/\/darkamazi.site\/","logo":{"@type":"ImageObject","inLanguage":"en-US","@id":"https:\/\/darkamazi.site\/#\/schema\/logo\/image\/","url":"https:\/\/darkamazi.site\/file\/2017\/12\/darka-mazi-logo.png","contentUrl":"https:\/\/darkamazi.site\/file\/2017\/12\/darka-mazi-logo.png","width":151,"height":75,"caption":"Darka Mazi T\u00fcrk\u00e7e"},"image":{"@id":"https:\/\/darkamazi.site\/#\/schema\/logo\/image\/"},"sameAs":["https:\/\/www.facebook.com\/DarkaMaziturkce","https:\/\/x.com\/DarkaMaziTurkce"]},{"@type":"Person","@id":"https:\/\/darkamazi.site\/#\/schema\/person\/67986a95ac546c16760365877ef4a9d3","name":"darka mazi","sameAs":["https:\/\/darkamazi.site"],"url":"https:\/\/darkamazi.site\/archives\/author\/turkish"}]}},"_links":{"self":[{"href":"https:\/\/darkamazi.site\/funavuv\/wp\/v2\/posts\/1028416","targetHints":{"allow":["GET"]}}],"collection":[{"href":"https:\/\/darkamazi.site\/funavuv\/wp\/v2\/posts"}],"about":[{"href":"https:\/\/darkamazi.site\/funavuv\/wp\/v2\/types\/post"}],"author":[{"embeddable":true,"href":"https:\/\/darkamazi.site\/funavuv\/wp\/v2\/users\/2"}],"replies":[{"embeddable":true,"href":"https:\/\/darkamazi.site\/funavuv\/wp\/v2\/comments?post=1028416"}],"version-history":[{"count":0,"href":"https:\/\/darkamazi.site\/funavuv\/wp\/v2\/posts\/1028416\/revisions"}],"wp:featuredmedia":[{"embeddable":true,"href":"https:\/\/darkamazi.site\/funavuv\/wp\/v2\/media\/1028417"}],"wp:attachment":[{"href":"https:\/\/darkamazi.site\/funavuv\/wp\/v2\/media?parent=1028416"}],"wp:term":[{"taxonomy":"category","embeddable":true,"href":"https:\/\/darkamazi.site\/funavuv\/wp\/v2\/categories?post=1028416"},{"taxonomy":"post_tag","embeddable":true,"href":"https:\/\/darkamazi.site\/funavuv\/wp\/v2\/tags?post=1028416"}],"curies":[{"name":"wp","href":"https:\/\/api.w.org\/{rel}","templated":true}]}}