{"id":1028431,"date":"2024-02-05T15:22:16","date_gmt":"2024-02-05T12:22:16","guid":{"rendered":"https:\/\/darkamazi.site\/?p=1028431"},"modified":"2024-02-05T15:22:16","modified_gmt":"2024-02-05T12:22:16","slug":"ciwanen-soresger-ceteleri-bu-kez-13-yasindaki-kiz-cocugunu-kacirdi","status":"publish","type":"post","link":"https:\/\/darkamazi.site\/archives\/1028431","title":{"rendered":"Ciwanen \u015eore\u015fger \u00e7eteleri bu kez 13 ya\u015f\u0131ndaki k\u0131z \u00e7ocu\u011funu ka\u00e7\u0131rd\u0131"},"content":{"rendered":"<p style=\"text-align: justify\">PKK\u2019nin Rojava\u2019da mafyavari davran\u0131\u015flar\u0131 ile tan\u0131nan hareketi Ciwanen \u015eore\u015fger bu kez Kobani\u2019de 13 ya\u015f\u0131ndaki k\u0131z \u00e7ocu\u011funu ka\u00e7\u0131rd\u0131.<\/p>\n<p style=\"text-align: justify\">13 ya\u015f\u0131ndaki Semire Eli Ciwanen \u015eoro\u015fger\u2019in bu defaki kurban\u0131. K\u00fc\u00e7\u00fck Semire\u2019nin bir yak\u0131n\u0131n\u0131 verdi\u011fi bilgiye g\u00f6re Semire Kobani\u2019ye ba\u011fl\u0131 Bihir Cirud k\u00f6y\u00fcnden ka\u00e7\u0131r\u0131ld\u0131. Ailesinin t\u00fcm taleplerine ra\u011fmen hakk\u0131nda hi\u00e7bir bilgi verilmiyor. Olay 29 Ocak g\u00fcn\u00fc ya\u015fand\u0131.<\/p>\n<p style=\"text-align: justify\">K\u00fc\u00e7\u00fck Semire\u2019nin ailesi PYD\u2019ye ba\u011fl\u0131 t\u00fcm kurumlara gittiklerini fakat k\u0131zlar\u0131n\u0131 g\u00f6rmediklerini son olarak kendilerine k\u0131zlar\u0131n\u0131n Haseki\u2019deki bir e\u011fitim merkezine gitti\u011fini s\u00f6yle\u011fini belirtiyor.<\/p>\n<p style=\"text-align: justify\">Semire\u2019nin aile \u00fcyeleri k\u0131zlar\u0131n\u0131 geri isteklerini fakat kendilerini hi\u00e7 kimsenin muhatap almad\u0131\u011f\u0131n\u0131 belirterek \u201c\u00c7ocuktan sava\u015f\u00e7\u0131 olmaz\u201d diyerek PYD\u2019ye k\u0131zlar\u0131n\u0131 geri g\u00f6ndermeleri \u00e7a\u011fr\u0131s\u0131 yapt\u0131.<\/p>\n<p style=\"text-align: justify\">PKK\u2019nin Rojava\u2019daki \u00e7ocuklar\u0131 sava\u015f\u00e7\u0131 yapma ya\u015f\u0131 11\u2019de kadar d\u00fc\u015ft\u00fc. PKK Rojavay\u0131 kendisi i\u00e7in bir sava\u015f\u00e7\u0131 \u00fcretim \u00e7iftli\u011fi gibi g\u00f6r\u00fcyor. Ailelerin b\u00fcy\u00fck \u00e7o\u011funlu\u011fu ise PYD kurumlar\u0131n\u0131n bask\u0131s\u0131 nedeni ile seslerini \u00e7\u0131karam\u0131yor.<\/p>\n","protected":false},"excerpt":{"rendered":"<p>PKK\u2019nin Rojava\u2019da mafyavari davran\u0131\u015flar\u0131 ile tan\u0131nan hareketi Ciwanen \u015eore\u015fger bu kez Kobani\u2019de 13 ya\u015f\u0131ndaki k\u0131z \u00e7ocu\u011funu ka\u00e7\u0131rd\u0131. 13 ya\u015f\u0131ndaki Semire Eli Ciwanen \u015eoro\u015fger\u2019in bu defaki kurban\u0131. K\u00fc\u00e7\u00fck Semire\u2019nin bir yak\u0131n\u0131n\u0131 verdi\u011fi bilgiye g\u00f6re Semire Kobani\u2019ye ba\u011fl\u0131 Bihir Cirud k\u00f6y\u00fcnden ka\u00e7\u0131r\u0131ld\u0131. Ailesinin t\u00fcm taleplerine ra\u011fmen hakk\u0131nda hi\u00e7bir bilgi verilmiyor. Olay 29 Ocak g\u00fcn\u00fc ya\u015fand\u0131. K\u00fc\u00e7\u00fck Semire\u2019nin [&hellip;]<\/p>\n","protected":false},"author":2,"featured_media":1028432,"comment_status":"closed","ping_status":"closed","sticky":false,"template":"","format":"standard","meta":{"footnotes":""},"categories":[3],"tags":[31],"class_list":["post-1028431","post","type-post","status-publish","format-standard","has-post-thumbnail","hentry","category-kurdistan","tag-onemli"],"blocksy_meta":[],"seo_head":"<!-- This site is optimized with the Yoast SEO plugin v27.5 - https:\/\/yoast.com\/product\/yoast-seo-wordpress\/ -->\n<title>Ciwanen \u015eore\u015fger \u00e7eteleri bu kez 13 ya\u015f\u0131ndaki k\u0131z \u00e7ocu\u011funu ka\u00e7\u0131rd\u0131 - Darka Mazi<\/title>\n<meta name=\"robots\" content=\"index, follow, max-snippet:-1, max-image-preview:large, max-video-preview:-1\" \/>\n<link rel=\"canonical\" href=\"https:\/\/darkamazi.site\/archives\/1028431\" \/>\n<meta property=\"og:locale\" content=\"en_US\" \/>\n<meta property=\"og:type\" content=\"article\" \/>\n<meta property=\"og:title\" content=\"Ciwanen \u015eore\u015fger \u00e7eteleri bu kez 13 ya\u015f\u0131ndaki k\u0131z \u00e7ocu\u011funu ka\u00e7\u0131rd\u0131 - Darka Mazi\" \/>\n<meta property=\"og:description\" content=\"PKK\u2019nin Rojava\u2019da mafyavari davran\u0131\u015flar\u0131 ile tan\u0131nan hareketi Ciwanen \u015eore\u015fger bu kez Kobani\u2019de 13 ya\u015f\u0131ndaki k\u0131z \u00e7ocu\u011funu ka\u00e7\u0131rd\u0131. 13 ya\u015f\u0131ndaki Semire Eli Ciwanen \u015eoro\u015fger\u2019in bu defaki kurban\u0131. K\u00fc\u00e7\u00fck Semire\u2019nin bir yak\u0131n\u0131n\u0131 verdi\u011fi bilgiye g\u00f6re Semire Kobani\u2019ye ba\u011fl\u0131 Bihir Cirud k\u00f6y\u00fcnden ka\u00e7\u0131r\u0131ld\u0131. Ailesinin t\u00fcm taleplerine ra\u011fmen hakk\u0131nda hi\u00e7bir bilgi verilmiyor. Olay 29 Ocak g\u00fcn\u00fc ya\u015fand\u0131. K\u00fc\u00e7\u00fck Semire\u2019nin [&hellip;]\" \/>\n<meta property=\"og:url\" content=\"https:\/\/darkamazi.site\/archives\/1028431\" \/>\n<meta property=\"og:site_name\" content=\"Darka Mazi\" \/>\n<meta property=\"article:publisher\" content=\"https:\/\/www.facebook.com\/DarkaMaziturkce\" \/>\n<meta property=\"article:published_time\" content=\"2024-02-05T12:22:16+00:00\" \/>\n<meta property=\"og:image\" content=\"https:\/\/darkamazi.site\/file\/2024\/02\/Semire.jpg\" \/>\n\t<meta property=\"og:image:width\" content=\"900\" \/>\n\t<meta property=\"og:image:height\" content=\"497\" \/>\n\t<meta property=\"og:image:type\" content=\"image\/jpeg\" \/>\n<meta name=\"author\" content=\"darka mazi\" \/>\n<meta name=\"twitter:card\" content=\"summary_large_image\" \/>\n<meta name=\"twitter:creator\" content=\"@DarkaMaziTurkce\" \/>\n<meta name=\"twitter:site\" content=\"@DarkaMaziTurkce\" \/>\n<meta name=\"twitter:label1\" content=\"Written by\" \/>\n\t<meta name=\"twitter:data1\" content=\"darka mazi\" \/>\n\t<meta name=\"twitter:label2\" content=\"Est. reading time\" \/>\n\t<meta name=\"twitter:data2\" content=\"1 minute\" \/>\n<script type=\"application\/ld+json\" class=\"seo-schema-graph\">{\"@context\":\"https:\\\/\\\/schema.org\",\"@graph\":[{\"@type\":\"NewsArticle\",\"@id\":\"https:\\\/\\\/darkamazi.site\\\/archives\\\/1028431#article\",\"isPartOf\":{\"@id\":\"https:\\\/\\\/darkamazi.site\\\/archives\\\/1028431\"},\"author\":{\"name\":\"darka mazi\",\"@id\":\"https:\\\/\\\/darkamazi.site\\\/#\\\/schema\\\/person\\\/67986a95ac546c16760365877ef4a9d3\"},\"headline\":\"Ciwanen \u015eore\u015fger \u00e7eteleri bu kez 13 ya\u015f\u0131ndaki k\u0131z \u00e7ocu\u011funu ka\u00e7\u0131rd\u0131\",\"datePublished\":\"2024-02-05T12:22:16+00:00\",\"mainEntityOfPage\":{\"@id\":\"https:\\\/\\\/darkamazi.site\\\/archives\\\/1028431\"},\"wordCount\":211,\"publisher\":{\"@id\":\"https:\\\/\\\/darkamazi.site\\\/#organization\"},\"image\":{\"@id\":\"https:\\\/\\\/darkamazi.site\\\/archives\\\/1028431#primaryimage\"},\"thumbnailUrl\":\"https:\\\/\\\/darkamazi.site\\\/darka-content\\\/uploads\\\/2024\\\/02\\\/Semire.jpg\",\"keywords\":[\"\u00f6nemli\"],\"articleSection\":[\"Kurdistan\"],\"inLanguage\":\"en-US\"},{\"@type\":\"WebPage\",\"@id\":\"https:\\\/\\\/darkamazi.site\\\/archives\\\/1028431\",\"url\":\"https:\\\/\\\/darkamazi.site\\\/archives\\\/1028431\",\"name\":\"Ciwanen \u015eore\u015fger \u00e7eteleri bu kez 13 ya\u015f\u0131ndaki k\u0131z \u00e7ocu\u011funu ka\u00e7\u0131rd\u0131 - Darka Mazi\",\"isPartOf\":{\"@id\":\"https:\\\/\\\/darkamazi.site\\\/#website\"},\"primaryImageOfPage\":{\"@id\":\"https:\\\/\\\/darkamazi.site\\\/archives\\\/1028431#primaryimage\"},\"image\":{\"@id\":\"https:\\\/\\\/darkamazi.site\\\/archives\\\/1028431#primaryimage\"},\"thumbnailUrl\":\"https:\\\/\\\/darkamazi.site\\\/darka-content\\\/uploads\\\/2024\\\/02\\\/Semire.jpg\",\"datePublished\":\"2024-02-05T12:22:16+00:00\",\"breadcrumb\":{\"@id\":\"https:\\\/\\\/darkamazi.site\\\/archives\\\/1028431#breadcrumb\"},\"inLanguage\":\"en-US\",\"potentialAction\":[{\"@type\":\"ReadAction\",\"target\":[\"https:\\\/\\\/darkamazi.site\\\/archives\\\/1028431\"]}]},{\"@type\":\"ImageObject\",\"inLanguage\":\"en-US\",\"@id\":\"https:\\\/\\\/darkamazi.site\\\/archives\\\/1028431#primaryimage\",\"url\":\"https:\\\/\\\/darkamazi.site\\\/darka-content\\\/uploads\\\/2024\\\/02\\\/Semire.jpg\",\"contentUrl\":\"https:\\\/\\\/darkamazi.site\\\/darka-content\\\/uploads\\\/2024\\\/02\\\/Semire.jpg\",\"width\":900,\"height\":497,\"caption\":\"Ciwanen \u015eore\u015fger \u00e7eteleri bu kez 13 ya\u015f\u0131ndaki k\u0131z \u00e7ocu\u011funu ka\u00e7\u0131rd\u0131\"},{\"@type\":\"BreadcrumbList\",\"@id\":\"https:\\\/\\\/darkamazi.site\\\/archives\\\/1028431#breadcrumb\",\"itemListElement\":[{\"@type\":\"ListItem\",\"position\":1,\"name\":\"Home\",\"item\":\"https:\\\/\\\/darkamazi.site\\\/\"},{\"@type\":\"ListItem\",\"position\":2,\"name\":\"Ciwanen \u015eore\u015fger \u00e7eteleri bu kez 13 ya\u015f\u0131ndaki k\u0131z \u00e7ocu\u011funu ka\u00e7\u0131rd\u0131\"}]},{\"@type\":\"WebSite\",\"@id\":\"https:\\\/\\\/darkamazi.site\\\/#website\",\"url\":\"https:\\\/\\\/darkamazi.site\\\/\",\"name\":\"Darka Mazi\",\"description\":\"Ana Sayfa\",\"publisher\":{\"@id\":\"https:\\\/\\\/darkamazi.site\\\/#organization\"},\"potentialAction\":[{\"@type\":\"SearchAction\",\"target\":{\"@type\":\"EntryPoint\",\"urlTemplate\":\"https:\\\/\\\/darkamazi.site\\\/?s={search_term_string}\"},\"query-input\":{\"@type\":\"PropertyValueSpecification\",\"valueRequired\":true,\"valueName\":\"search_term_string\"}}],\"inLanguage\":\"en-US\"},{\"@type\":\"Organization\",\"@id\":\"https:\\\/\\\/darkamazi.site\\\/#organization\",\"name\":\"Darka Mazi T\u00fcrk\u00e7e\",\"alternateName\":\"Darka Mazi\",\"url\":\"https:\\\/\\\/darkamazi.site\\\/\",\"logo\":{\"@type\":\"ImageObject\",\"inLanguage\":\"en-US\",\"@id\":\"https:\\\/\\\/darkamazi.site\\\/#\\\/schema\\\/logo\\\/image\\\/\",\"url\":\"https:\\\/\\\/darkamazi.site\\\/darka-content\\\/uploads\\\/2017\\\/12\\\/darka-mazi-logo.png\",\"contentUrl\":\"https:\\\/\\\/darkamazi.site\\\/darka-content\\\/uploads\\\/2017\\\/12\\\/darka-mazi-logo.png\",\"width\":151,\"height\":75,\"caption\":\"Darka Mazi T\u00fcrk\u00e7e\"},\"image\":{\"@id\":\"https:\\\/\\\/darkamazi.site\\\/#\\\/schema\\\/logo\\\/image\\\/\"},\"sameAs\":[\"https:\\\/\\\/www.facebook.com\\\/DarkaMaziturkce\",\"https:\\\/\\\/x.com\\\/DarkaMaziTurkce\"]},{\"@type\":\"Person\",\"@id\":\"https:\\\/\\\/darkamazi.site\\\/#\\\/schema\\\/person\\\/67986a95ac546c16760365877ef4a9d3\",\"name\":\"darka mazi\",\"sameAs\":[\"https:\\\/\\\/darkamazi.site\"],\"url\":\"https:\\\/\\\/darkamazi.site\\\/archives\\\/author\\\/turkish\"}]}<\/script>\n<!-- \/ Yoast SEO plugin. -->","seo_head_json":{"title":"Ciwanen \u015eore\u015fger \u00e7eteleri bu kez 13 ya\u015f\u0131ndaki k\u0131z \u00e7ocu\u011funu ka\u00e7\u0131rd\u0131 - Darka Mazi","robots":{"index":"index","follow":"follow","max-snippet":"max-snippet:-1","max-image-preview":"max-image-preview:large","max-video-preview":"max-video-preview:-1"},"canonical":"https:\/\/darkamazi.site\/archives\/1028431","og_locale":"en_US","og_type":"article","og_title":"Ciwanen \u015eore\u015fger \u00e7eteleri bu kez 13 ya\u015f\u0131ndaki k\u0131z \u00e7ocu\u011funu ka\u00e7\u0131rd\u0131 - Darka Mazi","og_description":"PKK\u2019nin Rojava\u2019da mafyavari davran\u0131\u015flar\u0131 ile tan\u0131nan hareketi Ciwanen \u015eore\u015fger bu kez Kobani\u2019de 13 ya\u015f\u0131ndaki k\u0131z \u00e7ocu\u011funu ka\u00e7\u0131rd\u0131. 13 ya\u015f\u0131ndaki Semire Eli Ciwanen \u015eoro\u015fger\u2019in bu defaki kurban\u0131. K\u00fc\u00e7\u00fck Semire\u2019nin bir yak\u0131n\u0131n\u0131 verdi\u011fi bilgiye g\u00f6re Semire Kobani\u2019ye ba\u011fl\u0131 Bihir Cirud k\u00f6y\u00fcnden ka\u00e7\u0131r\u0131ld\u0131. Ailesinin t\u00fcm taleplerine ra\u011fmen hakk\u0131nda hi\u00e7bir bilgi verilmiyor. Olay 29 Ocak g\u00fcn\u00fc ya\u015fand\u0131. K\u00fc\u00e7\u00fck Semire\u2019nin [&hellip;]","og_url":"https:\/\/darkamazi.site\/archives\/1028431","og_site_name":"Darka Mazi","article_publisher":"https:\/\/www.facebook.com\/DarkaMaziturkce","article_published_time":"2024-02-05T12:22:16+00:00","og_image":[{"width":900,"height":497,"url":"https:\/\/darkamazi.site\/file\/2024\/02\/Semire.jpg","type":"image\/jpeg"}],"author":"darka mazi","twitter_card":"summary_large_image","twitter_creator":"@DarkaMaziTurkce","twitter_site":"@DarkaMaziTurkce","twitter_misc":{"Written by":"darka mazi","Est. reading time":"1 minute"},"schema":{"@context":"https:\/\/schema.org","@graph":[{"@type":"NewsArticle","@id":"https:\/\/darkamazi.site\/archives\/1028431#article","isPartOf":{"@id":"https:\/\/darkamazi.site\/archives\/1028431"},"author":{"name":"darka mazi","@id":"https:\/\/darkamazi.site\/#\/schema\/person\/67986a95ac546c16760365877ef4a9d3"},"headline":"Ciwanen \u015eore\u015fger \u00e7eteleri bu kez 13 ya\u015f\u0131ndaki k\u0131z \u00e7ocu\u011funu ka\u00e7\u0131rd\u0131","datePublished":"2024-02-05T12:22:16+00:00","mainEntityOfPage":{"@id":"https:\/\/darkamazi.site\/archives\/1028431"},"wordCount":211,"publisher":{"@id":"https:\/\/darkamazi.site\/#organization"},"image":{"@id":"https:\/\/darkamazi.site\/archives\/1028431#primaryimage"},"thumbnailUrl":"https:\/\/darkamazi.site\/file\/2024\/02\/Semire.jpg","keywords":["\u00f6nemli"],"articleSection":["Kurdistan"],"inLanguage":"en-US"},{"@type":"WebPage","@id":"https:\/\/darkamazi.site\/archives\/1028431","url":"https:\/\/darkamazi.site\/archives\/1028431","name":"Ciwanen \u015eore\u015fger \u00e7eteleri bu kez 13 ya\u015f\u0131ndaki k\u0131z \u00e7ocu\u011funu ka\u00e7\u0131rd\u0131 - Darka Mazi","isPartOf":{"@id":"https:\/\/darkamazi.site\/#website"},"primaryImageOfPage":{"@id":"https:\/\/darkamazi.site\/archives\/1028431#primaryimage"},"image":{"@id":"https:\/\/darkamazi.site\/archives\/1028431#primaryimage"},"thumbnailUrl":"https:\/\/darkamazi.site\/file\/2024\/02\/Semire.jpg","datePublished":"2024-02-05T12:22:16+00:00","breadcrumb":{"@id":"https:\/\/darkamazi.site\/archives\/1028431#breadcrumb"},"inLanguage":"en-US","potentialAction":[{"@type":"ReadAction","target":["https:\/\/darkamazi.site\/archives\/1028431"]}]},{"@type":"ImageObject","inLanguage":"en-US","@id":"https:\/\/darkamazi.site\/archives\/1028431#primaryimage","url":"https:\/\/darkamazi.site\/file\/2024\/02\/Semire.jpg","contentUrl":"https:\/\/darkamazi.site\/file\/2024\/02\/Semire.jpg","width":900,"height":497,"caption":"Ciwanen \u015eore\u015fger \u00e7eteleri bu kez 13 ya\u015f\u0131ndaki k\u0131z \u00e7ocu\u011funu ka\u00e7\u0131rd\u0131"},{"@type":"BreadcrumbList","@id":"https:\/\/darkamazi.site\/archives\/1028431#breadcrumb","itemListElement":[{"@type":"ListItem","position":1,"name":"Home","item":"https:\/\/darkamazi.site\/"},{"@type":"ListItem","position":2,"name":"Ciwanen \u015eore\u015fger \u00e7eteleri bu kez 13 ya\u015f\u0131ndaki k\u0131z \u00e7ocu\u011funu ka\u00e7\u0131rd\u0131"}]},{"@type":"WebSite","@id":"https:\/\/darkamazi.site\/#website","url":"https:\/\/darkamazi.site\/","name":"Darka Mazi","description":"Ana Sayfa","publisher":{"@id":"https:\/\/darkamazi.site\/#organization"},"potentialAction":[{"@type":"SearchAction","target":{"@type":"EntryPoint","urlTemplate":"https:\/\/darkamazi.site\/?s={search_term_string}"},"query-input":{"@type":"PropertyValueSpecification","valueRequired":true,"valueName":"search_term_string"}}],"inLanguage":"en-US"},{"@type":"Organization","@id":"https:\/\/darkamazi.site\/#organization","name":"Darka Mazi T\u00fcrk\u00e7e","alternateName":"Darka Mazi","url":"https:\/\/darkamazi.site\/","logo":{"@type":"ImageObject","inLanguage":"en-US","@id":"https:\/\/darkamazi.site\/#\/schema\/logo\/image\/","url":"https:\/\/darkamazi.site\/file\/2017\/12\/darka-mazi-logo.png","contentUrl":"https:\/\/darkamazi.site\/file\/2017\/12\/darka-mazi-logo.png","width":151,"height":75,"caption":"Darka Mazi T\u00fcrk\u00e7e"},"image":{"@id":"https:\/\/darkamazi.site\/#\/schema\/logo\/image\/"},"sameAs":["https:\/\/www.facebook.com\/DarkaMaziturkce","https:\/\/x.com\/DarkaMaziTurkce"]},{"@type":"Person","@id":"https:\/\/darkamazi.site\/#\/schema\/person\/67986a95ac546c16760365877ef4a9d3","name":"darka mazi","sameAs":["https:\/\/darkamazi.site"],"url":"https:\/\/darkamazi.site\/archives\/author\/turkish"}]}},"_links":{"self":[{"href":"https:\/\/darkamazi.site\/funavuv\/wp\/v2\/posts\/1028431","targetHints":{"allow":["GET"]}}],"collection":[{"href":"https:\/\/darkamazi.site\/funavuv\/wp\/v2\/posts"}],"about":[{"href":"https:\/\/darkamazi.site\/funavuv\/wp\/v2\/types\/post"}],"author":[{"embeddable":true,"href":"https:\/\/darkamazi.site\/funavuv\/wp\/v2\/users\/2"}],"replies":[{"embeddable":true,"href":"https:\/\/darkamazi.site\/funavuv\/wp\/v2\/comments?post=1028431"}],"version-history":[{"count":0,"href":"https:\/\/darkamazi.site\/funavuv\/wp\/v2\/posts\/1028431\/revisions"}],"wp:featuredmedia":[{"embeddable":true,"href":"https:\/\/darkamazi.site\/funavuv\/wp\/v2\/media\/1028432"}],"wp:attachment":[{"href":"https:\/\/darkamazi.site\/funavuv\/wp\/v2\/media?parent=1028431"}],"wp:term":[{"taxonomy":"category","embeddable":true,"href":"https:\/\/darkamazi.site\/funavuv\/wp\/v2\/categories?post=1028431"},{"taxonomy":"post_tag","embeddable":true,"href":"https:\/\/darkamazi.site\/funavuv\/wp\/v2\/tags?post=1028431"}],"curies":[{"name":"wp","href":"https:\/\/api.w.org\/{rel}","templated":true}]}}