{"id":1028592,"date":"2024-02-19T11:05:28","date_gmt":"2024-02-19T08:05:28","guid":{"rendered":"https:\/\/darkamazi.site\/?p=1028592"},"modified":"2024-02-19T11:05:28","modified_gmt":"2024-02-19T08:05:28","slug":"qral-u-travise-getirilen-yasak-bakanligin-karari-ile-kaldirildi","status":"publish","type":"post","link":"https:\/\/darkamazi.site\/archives\/1028592","title":{"rendered":"Qral u Travis&#8217;e getirilen yasak bakanl\u0131\u011f\u0131n karar\u0131 ile kald\u0131r\u0131ld\u0131"},"content":{"rendered":"<p style=\"text-align: justify\">\u00a0\u0130stanbul \u015ei\u015fli\u2019de \u201cQral \u00fb Trav\u00ees\u201d adl\u0131 K\u00fcrt\u00e7e tiyatro oyununun yasaklanmas\u0131n\u0131n ard\u0131ndan \u0130\u00e7i\u015fleri Bakan\u0131 Ali Yerlikaya&#8217;n\u0131n &#8220;B\u00f6yle yasak olmaz&#8221; diyerek K\u00fcrt\u00e7e tiyatro yasa\u011f\u0131n\u0131 yasaklad\u0131\u011f\u0131 belirtildi.<\/p>\n<p style=\"text-align: justify\">H\u00fcrriyet Genel Yay\u0131n Y\u00f6netmeni Ahmet Hakan, \u015ei\u015fli\u2019de \u201cQral \u00fb Trav\u00ees\u201d adl\u0131 K\u00fcrt\u00e7e tiyatro oyununun yasaklanmas\u0131na tepki g\u00f6stermesinin ard\u0131ndan \u0130\u00e7i\u015fleri Bakanl\u0131\u011f\u0131\u2019nca arand\u0131\u011f\u0131n\u0131 yazd\u0131.<\/p>\n<p style=\"text-align: justify\">Hakan\u2019\u0131n aktard\u0131\u011f\u0131na g\u00f6re, \u0130\u00e7i\u015fleri Bakan\u0131 Ali Yerlikaya \u201cB\u00f6yle yasak olmaz\u201d diyerek yasak karar\u0131n\u0131 kald\u0131rm\u0131\u015f.<\/p>\n<p style=\"text-align: justify\">Ahmet Hakan&#8217;\u0131n yaz\u0131s\u0131n\u0131n ilgili b\u00f6l\u00fcm\u00fc \u015f\u00f6yle:<\/p>\n<p style=\"text-align: justify\">\u015ei\u015fli Kaymakaml\u0131\u011f\u0131, K\u00fcrt\u00e7e tiyatro oyununu yasaklam\u0131\u015ft\u0131.<\/p>\n<p style=\"text-align: justify\">\u201cDevletin K\u00fcrt\u00e7e televizyon yay\u0131nc\u0131l\u0131\u011f\u0131 yapt\u0131\u011f\u0131 bir \u00fclkede bu yasak \u00e7ok sa\u00e7ma\u201d diye yazm\u0131\u015ft\u0131m d\u00fcn.<\/p>\n<p style=\"text-align: justify\">D\u00fcn \u0130\u00e7i\u015fleri Bakanl\u0131\u011f\u0131\u2019ndan arad\u0131lar.<\/p>\n<p style=\"text-align: justify\">Bakanl\u0131ktan verilen bilgiye g\u00f6re&#8230;<\/p>\n<p style=\"text-align: justify\">&#8211; \u0130\u00e7i\u015fleri Bakan\u0131 Ali Yerlikaya da \u201cB\u00f6yle yasak olmaz\u201d demi\u015f.<\/p>\n<p style=\"text-align: justify\">&#8211; Derhal yasak karar\u0131, ortadan kald\u0131r\u0131lm\u0131\u015f.<\/p>\n<p style=\"text-align: justify\">&#8211; S\u00f6z konusu K\u00fcrt\u00e7e tiyatro oyunu, \u015ei\u015fli\u2019de sahnelenecekmi\u015f.<\/p>\n<p style=\"text-align: justify\">Sa\u00e7ma yasa\u011f\u0131 yasaklayan Yerlikaya\u2019ya bin te\u015fekk\u00fcr.<\/p>\n","protected":false},"excerpt":{"rendered":"<p>\u00a0\u0130stanbul \u015ei\u015fli\u2019de \u201cQral \u00fb Trav\u00ees\u201d adl\u0131 K\u00fcrt\u00e7e tiyatro oyununun yasaklanmas\u0131n\u0131n ard\u0131ndan \u0130\u00e7i\u015fleri Bakan\u0131 Ali Yerlikaya&#8217;n\u0131n &#8220;B\u00f6yle yasak olmaz&#8221; diyerek K\u00fcrt\u00e7e tiyatro yasa\u011f\u0131n\u0131 yasaklad\u0131\u011f\u0131 belirtildi. H\u00fcrriyet Genel Yay\u0131n Y\u00f6netmeni Ahmet Hakan, \u015ei\u015fli\u2019de \u201cQral \u00fb Trav\u00ees\u201d adl\u0131 K\u00fcrt\u00e7e tiyatro oyununun yasaklanmas\u0131na tepki g\u00f6stermesinin ard\u0131ndan \u0130\u00e7i\u015fleri Bakanl\u0131\u011f\u0131\u2019nca arand\u0131\u011f\u0131n\u0131 yazd\u0131. Hakan\u2019\u0131n aktard\u0131\u011f\u0131na g\u00f6re, \u0130\u00e7i\u015fleri Bakan\u0131 Ali Yerlikaya \u201cB\u00f6yle yasak [&hellip;]<\/p>\n","protected":false},"author":2,"featured_media":1028593,"comment_status":"closed","ping_status":"closed","sticky":false,"template":"","format":"standard","meta":{"footnotes":""},"categories":[33],"tags":[],"class_list":["post-1028592","post","type-post","status-publish","format-standard","has-post-thumbnail","hentry","category-sanat"],"blocksy_meta":[],"seo_head":"<!-- This site is optimized with the Yoast SEO plugin v27.5 - https:\/\/yoast.com\/product\/yoast-seo-wordpress\/ -->\n<title>Qral u Travis&#039;e getirilen yasak bakanl\u0131\u011f\u0131n karar\u0131 ile kald\u0131r\u0131ld\u0131 - Darka Mazi<\/title>\n<meta name=\"robots\" content=\"index, follow, max-snippet:-1, max-image-preview:large, max-video-preview:-1\" \/>\n<link rel=\"canonical\" href=\"https:\/\/darkamazi.site\/archives\/1028592\" \/>\n<meta property=\"og:locale\" content=\"en_US\" \/>\n<meta property=\"og:type\" content=\"article\" \/>\n<meta property=\"og:title\" content=\"Qral u Travis&#039;e getirilen yasak bakanl\u0131\u011f\u0131n karar\u0131 ile kald\u0131r\u0131ld\u0131 - Darka Mazi\" \/>\n<meta property=\"og:description\" content=\"\u00a0\u0130stanbul \u015ei\u015fli\u2019de \u201cQral \u00fb Trav\u00ees\u201d adl\u0131 K\u00fcrt\u00e7e tiyatro oyununun yasaklanmas\u0131n\u0131n ard\u0131ndan \u0130\u00e7i\u015fleri Bakan\u0131 Ali Yerlikaya&#8217;n\u0131n &#8220;B\u00f6yle yasak olmaz&#8221; diyerek K\u00fcrt\u00e7e tiyatro yasa\u011f\u0131n\u0131 yasaklad\u0131\u011f\u0131 belirtildi. H\u00fcrriyet Genel Yay\u0131n Y\u00f6netmeni Ahmet Hakan, \u015ei\u015fli\u2019de \u201cQral \u00fb Trav\u00ees\u201d adl\u0131 K\u00fcrt\u00e7e tiyatro oyununun yasaklanmas\u0131na tepki g\u00f6stermesinin ard\u0131ndan \u0130\u00e7i\u015fleri Bakanl\u0131\u011f\u0131\u2019nca arand\u0131\u011f\u0131n\u0131 yazd\u0131. Hakan\u2019\u0131n aktard\u0131\u011f\u0131na g\u00f6re, \u0130\u00e7i\u015fleri Bakan\u0131 Ali Yerlikaya \u201cB\u00f6yle yasak [&hellip;]\" \/>\n<meta property=\"og:url\" content=\"https:\/\/darkamazi.site\/archives\/1028592\" \/>\n<meta property=\"og:site_name\" content=\"Darka Mazi\" \/>\n<meta property=\"article:publisher\" content=\"https:\/\/www.facebook.com\/DarkaMaziturkce\" \/>\n<meta property=\"article:published_time\" content=\"2024-02-19T08:05:28+00:00\" \/>\n<meta property=\"og:image\" content=\"https:\/\/darkamazi.site\/file\/2024\/02\/kral.jpg\" \/>\n\t<meta property=\"og:image:width\" content=\"840\" \/>\n\t<meta property=\"og:image:height\" content=\"560\" \/>\n\t<meta property=\"og:image:type\" content=\"image\/jpeg\" \/>\n<meta name=\"author\" content=\"darka mazi\" \/>\n<meta name=\"twitter:card\" content=\"summary_large_image\" \/>\n<meta name=\"twitter:creator\" content=\"@DarkaMaziTurkce\" \/>\n<meta name=\"twitter:site\" content=\"@DarkaMaziTurkce\" \/>\n<meta name=\"twitter:label1\" content=\"Written by\" \/>\n\t<meta name=\"twitter:data1\" content=\"darka mazi\" \/>\n\t<meta name=\"twitter:label2\" content=\"Est. reading time\" \/>\n\t<meta name=\"twitter:data2\" content=\"1 minute\" \/>\n<script type=\"application\/ld+json\" class=\"seo-schema-graph\">{\"@context\":\"https:\\\/\\\/schema.org\",\"@graph\":[{\"@type\":\"NewsArticle\",\"@id\":\"https:\\\/\\\/darkamazi.site\\\/archives\\\/1028592#article\",\"isPartOf\":{\"@id\":\"https:\\\/\\\/darkamazi.site\\\/archives\\\/1028592\"},\"author\":{\"name\":\"darka mazi\",\"@id\":\"https:\\\/\\\/darkamazi.site\\\/#\\\/schema\\\/person\\\/67986a95ac546c16760365877ef4a9d3\"},\"headline\":\"Qral u Travis&#8217;e getirilen yasak bakanl\u0131\u011f\u0131n karar\u0131 ile kald\u0131r\u0131ld\u0131\",\"datePublished\":\"2024-02-19T08:05:28+00:00\",\"mainEntityOfPage\":{\"@id\":\"https:\\\/\\\/darkamazi.site\\\/archives\\\/1028592\"},\"wordCount\":208,\"publisher\":{\"@id\":\"https:\\\/\\\/darkamazi.site\\\/#organization\"},\"image\":{\"@id\":\"https:\\\/\\\/darkamazi.site\\\/archives\\\/1028592#primaryimage\"},\"thumbnailUrl\":\"https:\\\/\\\/darkamazi.site\\\/darka-content\\\/uploads\\\/2024\\\/02\\\/kral.jpg\",\"articleSection\":[\"Sanat\"],\"inLanguage\":\"en-US\"},{\"@type\":\"WebPage\",\"@id\":\"https:\\\/\\\/darkamazi.site\\\/archives\\\/1028592\",\"url\":\"https:\\\/\\\/darkamazi.site\\\/archives\\\/1028592\",\"name\":\"Qral u Travis'e getirilen yasak bakanl\u0131\u011f\u0131n karar\u0131 ile kald\u0131r\u0131ld\u0131 - Darka Mazi\",\"isPartOf\":{\"@id\":\"https:\\\/\\\/darkamazi.site\\\/#website\"},\"primaryImageOfPage\":{\"@id\":\"https:\\\/\\\/darkamazi.site\\\/archives\\\/1028592#primaryimage\"},\"image\":{\"@id\":\"https:\\\/\\\/darkamazi.site\\\/archives\\\/1028592#primaryimage\"},\"thumbnailUrl\":\"https:\\\/\\\/darkamazi.site\\\/darka-content\\\/uploads\\\/2024\\\/02\\\/kral.jpg\",\"datePublished\":\"2024-02-19T08:05:28+00:00\",\"breadcrumb\":{\"@id\":\"https:\\\/\\\/darkamazi.site\\\/archives\\\/1028592#breadcrumb\"},\"inLanguage\":\"en-US\",\"potentialAction\":[{\"@type\":\"ReadAction\",\"target\":[\"https:\\\/\\\/darkamazi.site\\\/archives\\\/1028592\"]}]},{\"@type\":\"ImageObject\",\"inLanguage\":\"en-US\",\"@id\":\"https:\\\/\\\/darkamazi.site\\\/archives\\\/1028592#primaryimage\",\"url\":\"https:\\\/\\\/darkamazi.site\\\/darka-content\\\/uploads\\\/2024\\\/02\\\/kral.jpg\",\"contentUrl\":\"https:\\\/\\\/darkamazi.site\\\/darka-content\\\/uploads\\\/2024\\\/02\\\/kral.jpg\",\"width\":840,\"height\":560,\"caption\":\"Qral u Travis'e getirilen yasak bakanl\u0131\u011f\u0131n karar\u0131 ile kald\u0131r\u0131ld\u0131\"},{\"@type\":\"BreadcrumbList\",\"@id\":\"https:\\\/\\\/darkamazi.site\\\/archives\\\/1028592#breadcrumb\",\"itemListElement\":[{\"@type\":\"ListItem\",\"position\":1,\"name\":\"Home\",\"item\":\"https:\\\/\\\/darkamazi.site\\\/\"},{\"@type\":\"ListItem\",\"position\":2,\"name\":\"Qral u Travis&#8217;e getirilen yasak bakanl\u0131\u011f\u0131n karar\u0131 ile kald\u0131r\u0131ld\u0131\"}]},{\"@type\":\"WebSite\",\"@id\":\"https:\\\/\\\/darkamazi.site\\\/#website\",\"url\":\"https:\\\/\\\/darkamazi.site\\\/\",\"name\":\"Darka Mazi\",\"description\":\"Ana Sayfa\",\"publisher\":{\"@id\":\"https:\\\/\\\/darkamazi.site\\\/#organization\"},\"potentialAction\":[{\"@type\":\"SearchAction\",\"target\":{\"@type\":\"EntryPoint\",\"urlTemplate\":\"https:\\\/\\\/darkamazi.site\\\/?s={search_term_string}\"},\"query-input\":{\"@type\":\"PropertyValueSpecification\",\"valueRequired\":true,\"valueName\":\"search_term_string\"}}],\"inLanguage\":\"en-US\"},{\"@type\":\"Organization\",\"@id\":\"https:\\\/\\\/darkamazi.site\\\/#organization\",\"name\":\"Darka Mazi T\u00fcrk\u00e7e\",\"alternateName\":\"Darka Mazi\",\"url\":\"https:\\\/\\\/darkamazi.site\\\/\",\"logo\":{\"@type\":\"ImageObject\",\"inLanguage\":\"en-US\",\"@id\":\"https:\\\/\\\/darkamazi.site\\\/#\\\/schema\\\/logo\\\/image\\\/\",\"url\":\"https:\\\/\\\/darkamazi.site\\\/darka-content\\\/uploads\\\/2017\\\/12\\\/darka-mazi-logo.png\",\"contentUrl\":\"https:\\\/\\\/darkamazi.site\\\/darka-content\\\/uploads\\\/2017\\\/12\\\/darka-mazi-logo.png\",\"width\":151,\"height\":75,\"caption\":\"Darka Mazi T\u00fcrk\u00e7e\"},\"image\":{\"@id\":\"https:\\\/\\\/darkamazi.site\\\/#\\\/schema\\\/logo\\\/image\\\/\"},\"sameAs\":[\"https:\\\/\\\/www.facebook.com\\\/DarkaMaziturkce\",\"https:\\\/\\\/x.com\\\/DarkaMaziTurkce\"]},{\"@type\":\"Person\",\"@id\":\"https:\\\/\\\/darkamazi.site\\\/#\\\/schema\\\/person\\\/67986a95ac546c16760365877ef4a9d3\",\"name\":\"darka mazi\",\"sameAs\":[\"https:\\\/\\\/darkamazi.site\"],\"url\":\"https:\\\/\\\/darkamazi.site\\\/archives\\\/author\\\/turkish\"}]}<\/script>\n<!-- \/ Yoast SEO plugin. -->","seo_head_json":{"title":"Qral u Travis'e getirilen yasak bakanl\u0131\u011f\u0131n karar\u0131 ile kald\u0131r\u0131ld\u0131 - Darka Mazi","robots":{"index":"index","follow":"follow","max-snippet":"max-snippet:-1","max-image-preview":"max-image-preview:large","max-video-preview":"max-video-preview:-1"},"canonical":"https:\/\/darkamazi.site\/archives\/1028592","og_locale":"en_US","og_type":"article","og_title":"Qral u Travis'e getirilen yasak bakanl\u0131\u011f\u0131n karar\u0131 ile kald\u0131r\u0131ld\u0131 - Darka Mazi","og_description":"\u00a0\u0130stanbul \u015ei\u015fli\u2019de \u201cQral \u00fb Trav\u00ees\u201d adl\u0131 K\u00fcrt\u00e7e tiyatro oyununun yasaklanmas\u0131n\u0131n ard\u0131ndan \u0130\u00e7i\u015fleri Bakan\u0131 Ali Yerlikaya&#8217;n\u0131n &#8220;B\u00f6yle yasak olmaz&#8221; diyerek K\u00fcrt\u00e7e tiyatro yasa\u011f\u0131n\u0131 yasaklad\u0131\u011f\u0131 belirtildi. H\u00fcrriyet Genel Yay\u0131n Y\u00f6netmeni Ahmet Hakan, \u015ei\u015fli\u2019de \u201cQral \u00fb Trav\u00ees\u201d adl\u0131 K\u00fcrt\u00e7e tiyatro oyununun yasaklanmas\u0131na tepki g\u00f6stermesinin ard\u0131ndan \u0130\u00e7i\u015fleri Bakanl\u0131\u011f\u0131\u2019nca arand\u0131\u011f\u0131n\u0131 yazd\u0131. Hakan\u2019\u0131n aktard\u0131\u011f\u0131na g\u00f6re, \u0130\u00e7i\u015fleri Bakan\u0131 Ali Yerlikaya \u201cB\u00f6yle yasak [&hellip;]","og_url":"https:\/\/darkamazi.site\/archives\/1028592","og_site_name":"Darka Mazi","article_publisher":"https:\/\/www.facebook.com\/DarkaMaziturkce","article_published_time":"2024-02-19T08:05:28+00:00","og_image":[{"width":840,"height":560,"url":"https:\/\/darkamazi.site\/file\/2024\/02\/kral.jpg","type":"image\/jpeg"}],"author":"darka mazi","twitter_card":"summary_large_image","twitter_creator":"@DarkaMaziTurkce","twitter_site":"@DarkaMaziTurkce","twitter_misc":{"Written by":"darka mazi","Est. reading time":"1 minute"},"schema":{"@context":"https:\/\/schema.org","@graph":[{"@type":"NewsArticle","@id":"https:\/\/darkamazi.site\/archives\/1028592#article","isPartOf":{"@id":"https:\/\/darkamazi.site\/archives\/1028592"},"author":{"name":"darka mazi","@id":"https:\/\/darkamazi.site\/#\/schema\/person\/67986a95ac546c16760365877ef4a9d3"},"headline":"Qral u Travis&#8217;e getirilen yasak bakanl\u0131\u011f\u0131n karar\u0131 ile kald\u0131r\u0131ld\u0131","datePublished":"2024-02-19T08:05:28+00:00","mainEntityOfPage":{"@id":"https:\/\/darkamazi.site\/archives\/1028592"},"wordCount":208,"publisher":{"@id":"https:\/\/darkamazi.site\/#organization"},"image":{"@id":"https:\/\/darkamazi.site\/archives\/1028592#primaryimage"},"thumbnailUrl":"https:\/\/darkamazi.site\/file\/2024\/02\/kral.jpg","articleSection":["Sanat"],"inLanguage":"en-US"},{"@type":"WebPage","@id":"https:\/\/darkamazi.site\/archives\/1028592","url":"https:\/\/darkamazi.site\/archives\/1028592","name":"Qral u Travis'e getirilen yasak bakanl\u0131\u011f\u0131n karar\u0131 ile kald\u0131r\u0131ld\u0131 - Darka Mazi","isPartOf":{"@id":"https:\/\/darkamazi.site\/#website"},"primaryImageOfPage":{"@id":"https:\/\/darkamazi.site\/archives\/1028592#primaryimage"},"image":{"@id":"https:\/\/darkamazi.site\/archives\/1028592#primaryimage"},"thumbnailUrl":"https:\/\/darkamazi.site\/file\/2024\/02\/kral.jpg","datePublished":"2024-02-19T08:05:28+00:00","breadcrumb":{"@id":"https:\/\/darkamazi.site\/archives\/1028592#breadcrumb"},"inLanguage":"en-US","potentialAction":[{"@type":"ReadAction","target":["https:\/\/darkamazi.site\/archives\/1028592"]}]},{"@type":"ImageObject","inLanguage":"en-US","@id":"https:\/\/darkamazi.site\/archives\/1028592#primaryimage","url":"https:\/\/darkamazi.site\/file\/2024\/02\/kral.jpg","contentUrl":"https:\/\/darkamazi.site\/file\/2024\/02\/kral.jpg","width":840,"height":560,"caption":"Qral u Travis'e getirilen yasak bakanl\u0131\u011f\u0131n karar\u0131 ile kald\u0131r\u0131ld\u0131"},{"@type":"BreadcrumbList","@id":"https:\/\/darkamazi.site\/archives\/1028592#breadcrumb","itemListElement":[{"@type":"ListItem","position":1,"name":"Home","item":"https:\/\/darkamazi.site\/"},{"@type":"ListItem","position":2,"name":"Qral u Travis&#8217;e getirilen yasak bakanl\u0131\u011f\u0131n karar\u0131 ile kald\u0131r\u0131ld\u0131"}]},{"@type":"WebSite","@id":"https:\/\/darkamazi.site\/#website","url":"https:\/\/darkamazi.site\/","name":"Darka Mazi","description":"Ana Sayfa","publisher":{"@id":"https:\/\/darkamazi.site\/#organization"},"potentialAction":[{"@type":"SearchAction","target":{"@type":"EntryPoint","urlTemplate":"https:\/\/darkamazi.site\/?s={search_term_string}"},"query-input":{"@type":"PropertyValueSpecification","valueRequired":true,"valueName":"search_term_string"}}],"inLanguage":"en-US"},{"@type":"Organization","@id":"https:\/\/darkamazi.site\/#organization","name":"Darka Mazi T\u00fcrk\u00e7e","alternateName":"Darka Mazi","url":"https:\/\/darkamazi.site\/","logo":{"@type":"ImageObject","inLanguage":"en-US","@id":"https:\/\/darkamazi.site\/#\/schema\/logo\/image\/","url":"https:\/\/darkamazi.site\/file\/2017\/12\/darka-mazi-logo.png","contentUrl":"https:\/\/darkamazi.site\/file\/2017\/12\/darka-mazi-logo.png","width":151,"height":75,"caption":"Darka Mazi T\u00fcrk\u00e7e"},"image":{"@id":"https:\/\/darkamazi.site\/#\/schema\/logo\/image\/"},"sameAs":["https:\/\/www.facebook.com\/DarkaMaziturkce","https:\/\/x.com\/DarkaMaziTurkce"]},{"@type":"Person","@id":"https:\/\/darkamazi.site\/#\/schema\/person\/67986a95ac546c16760365877ef4a9d3","name":"darka mazi","sameAs":["https:\/\/darkamazi.site"],"url":"https:\/\/darkamazi.site\/archives\/author\/turkish"}]}},"_links":{"self":[{"href":"https:\/\/darkamazi.site\/funavuv\/wp\/v2\/posts\/1028592","targetHints":{"allow":["GET"]}}],"collection":[{"href":"https:\/\/darkamazi.site\/funavuv\/wp\/v2\/posts"}],"about":[{"href":"https:\/\/darkamazi.site\/funavuv\/wp\/v2\/types\/post"}],"author":[{"embeddable":true,"href":"https:\/\/darkamazi.site\/funavuv\/wp\/v2\/users\/2"}],"replies":[{"embeddable":true,"href":"https:\/\/darkamazi.site\/funavuv\/wp\/v2\/comments?post=1028592"}],"version-history":[{"count":0,"href":"https:\/\/darkamazi.site\/funavuv\/wp\/v2\/posts\/1028592\/revisions"}],"wp:featuredmedia":[{"embeddable":true,"href":"https:\/\/darkamazi.site\/funavuv\/wp\/v2\/media\/1028593"}],"wp:attachment":[{"href":"https:\/\/darkamazi.site\/funavuv\/wp\/v2\/media?parent=1028592"}],"wp:term":[{"taxonomy":"category","embeddable":true,"href":"https:\/\/darkamazi.site\/funavuv\/wp\/v2\/categories?post=1028592"},{"taxonomy":"post_tag","embeddable":true,"href":"https:\/\/darkamazi.site\/funavuv\/wp\/v2\/tags?post=1028592"}],"curies":[{"name":"wp","href":"https:\/\/api.w.org\/{rel}","templated":true}]}}