{"id":1028627,"date":"2024-02-21T13:09:39","date_gmt":"2024-02-21T10:09:39","guid":{"rendered":"https:\/\/darkamazi.site\/?p=1028627"},"modified":"2024-02-21T13:09:39","modified_gmt":"2024-02-21T10:09:39","slug":"ogretmen-boykotu-degil-siyasi-santajdi-sona-erdi-sadece-ogrenciler-zarar-gordu","status":"publish","type":"post","link":"https:\/\/darkamazi.site\/archives\/1028627","title":{"rendered":"\u00d6\u011fretmen boykotu de\u011fil, siyasi \u015fantajd\u0131 sona erdi, sadece \u00f6\u011frenciler zarar g\u00f6rd\u00fc"},"content":{"rendered":"<p style=\"text-align: justify\">K\u00fcrdistan B\u00f6lgesi\u2019nin Halep\u00e7e ve S\u00fcleymaniye \u015fehirlerinde 2023-2024 y\u0131l\u0131 ders y\u0131l\u0131n\u0131n ba\u015f\u0131ndan itibaren bir gurup \u00f6\u011fretmen dersleri boykot etti\u011fini duyurmu\u015ftu. Zamanla eriyen boykot son olarak Halep\u00e7e\u2019de k\u00fc\u00e7\u00fck bir gurubun \u00f6nc\u00fcl\u00fc\u011f\u00fcnde y\u00fcr\u00fct\u00fcl\u00fcyordu. O gurupta d\u00fcn yani 20 \u015eubat g\u00fcn\u00fc yapt\u0131klar\u0131 a\u00e7\u0131klama ile boykotu sona erdirdiklerini duyurdu.<\/p>\n<p style=\"text-align: justify\">Baz\u0131 medya organlar\u0131 ya\u015fananlar\u0131 \u201c\u00f6\u011fretmen boykotu\u201d olarak lanse etmeye \u00e7al\u0131\u015ft\u0131 ve nedeninin maa\u015flar\u0131n verilmemesi oldu\u011fu konusunda el birli\u011fi ile \u00e7al\u0131\u015fsa da S\u00fcleymaniye merkezli yap\u0131lan ad\u0131 \u201c\u00f6\u011fretmen eylemeleri\u201d olan hareketler asl\u0131nda \u00f6\u011fretmenlerin eylemi de\u011fildi. Olay\u0131n arkas\u0131nda \u015eii e\u011filimli Ba\u011fdat merkezi y\u00f6netimi ve onunla paralel olarak baz\u0131 K\u00fcrt partilerinin i\u015f birli\u011fi vard\u0131. E\u011fer olaylar hakk\u0131nda k\u0131sa bir \u00f6zet ge\u00e7ersek.<\/p>\n<p style=\"text-align: justify\"><strong>\u015eii Irak y\u00f6netimi K\u00fcrdistan h\u00fck\u00fcmetine teslimiyeti dayatt\u0131<\/strong><\/p>\n<p style=\"text-align: justify\">24 Mart 2023 tarihinde Paris\u2019teki Uluslararas\u0131 Tahkim Divan\u0131\u2019n\u0131n K\u00fcrdistan B\u00f6lgesi petrol\u00fcne ili\u015fkin karar alarak K\u00fcrdistan petrol\u00fcn\u00fcn ihracat\u0131n\u0131 durdurdu. Ba\u011fdat h\u00fck\u00fcmeti 2001 tarihinden sonra zaten K\u00fcrdistan B\u00f6lgesinin b\u00fct\u00e7esini g\u00f6ndermiyordu ve K\u00fcrdistan B\u00f6lgesi kendi satt\u0131\u011f\u0131 petrol ile \u00e7al\u0131\u015fanlar\u0131n maa\u015flar\u0131 t\u00fcm b\u00fct\u00e7eyi sa\u011fl\u0131yordu. Bu karar K\u00fcrdistan B\u00f6lgesi\u2019nin ekonomik anlamda zor bir duruma soktu. \u00c7\u00fcnk\u00fc Irak\u2019taki \u015eii \u0130ran yanl\u0131s\u0131 y\u00f6netim 2001 y\u0131l\u0131ndan sonra K\u00fcrdistan\u2019\u0131 ekonomik anlamda ku\u015fatmaya ve zay\u0131flatmaya \u00e7al\u0131\u015f\u0131yordu. Tahkim mahkemesinin karar\u0131ndan sonra \u015eii y\u00f6netim harekete ge\u00e7ti.<\/p>\n<p style=\"text-align: justify\">\u00a02023 y\u0131l\u0131 Haziran ay\u0131nda Irak Meclisi&#8217;nde, Irak K\u00fcrdistan B\u00f6lgesi\u2019ndeki petrol gelirlerinin Ba\u011fdat taraf\u0131ndan denetlenmesini ve vilayetlerin b\u00fct\u00e7e yetkisinin Irak Ba\u015fbakan\u0131&#8217;na devredilmesini i\u00e7eren b\u00fct\u00e7e yasa tasar\u0131s\u0131n\u0131n onaylad\u0131.<\/p>\n<p style=\"text-align: justify\">Meclis&#8217;te yasa tasar\u0131s\u0131 \u00fczerinde 3 g\u00fcn s\u00fcren tart\u0131\u015fmalarda KDP K\u00fcrdistan aleyhine olan tasar\u0131ya kar\u015f\u0131 m\u00fccadele etti. Fakat YNK\u2019nin \u015eiilerle beraber hareket etmesi sonras\u0131 K\u00fcrtler i\u00e7in tehlikeli olan 14. madde, 11 Haziran&#8217;daki oylamada kabul edildi. Ayr\u0131ca K\u00fcrtlerin b\u00fct\u00e7edeki pay\u0131 da d\u00fc\u015f\u00fcr\u00fcld\u00fc. K\u00fcrdistan h\u00fck\u00fcmeti o tarihten bu yana yani 11 ayd\u0131r Irak\u2019tan gerekli b\u00fct\u00e7eyi alam\u0131yor ve maa\u015f \u00f6demelerinde s\u0131k\u0131nt\u0131 ya\u015fan\u0131yor. Maa\u015flar ge\u00e7 \u00f6deniyor. H\u00fck\u00fcmet bir\u00e7ok projeyi durdurmak zorunda kald\u0131.<\/p>\n<p style=\"text-align: justify\"><strong>\u0130ran ajandas\u0131na paralel S\u00fcleymaniye merkezli siyasi hareket organize edildi<\/strong><\/p>\n<p style=\"text-align: justify\">K\u00fcrdistan h\u00fck\u00fcmeti petrol dahil olmak \u00fczere t\u00fcm gelirleri Irak\u2019a devretti\u011fi halde \u015fu ana de\u011fin b\u00fct\u00e7e pay\u0131n\u0131 alam\u0131yor. \u015eii Irak y\u00f6netimi bu bi\u00e7imde Ekonomik olarak K\u00fcrdistan\u2019\u0131 teslim almay\u0131 dayat\u0131yor. Irak K\u00fcrdistan\u2019\u0131n stat\u00fcs\u00fcn\u00fc yok etmeye \u00e7al\u0131\u015f\u0131yor. K\u00fcrtlerin elini en \u00e7ok zay\u0131flatan konu ise baz\u0131 K\u00fcrt partilerinin bu teslimiyet dayatmas\u0131nda Irak\u2019\u0131n yan\u0131nda yer almas\u0131. Bu guruplar\u0131n ba\u015f\u0131nda da Bafil Talabani liderli\u011findeki YNK, \u015eahsuvar Abdulvahit\u2019in Nwe Nu\u2019su ve PKK\u2019nin uzant\u0131lar\u0131 geliyor.<\/p>\n<p style=\"text-align: justify\">\u0130ran taraf\u0131ndan bir araya getirilen bu yap\u0131lar S\u00fcleymaniye merkezli bir halk hareketi ile \u015eii rejimin ajandas\u0131na ortak oldular. K\u00fcrdistan toplumuna kar\u015f\u0131 bir psikolojik sava\u015f bi\u00e7imi olarak da \u00f6\u011fretmen boykotu ad\u0131 verilen bir s\u00fcre\u00e7 ba\u015flatt\u0131lar. E\u011fitim y\u0131l\u0131 ba\u015flamas\u0131na ra\u011fmen \u00d6\u011fretmenler okula gitmedi. Bu s\u00fcre\u00e7 i\u00e7inde YNK\u2019nin etkili oldu\u011fu alanlarda baz\u0131 \u00f6\u011fretmen ve okullar\u0131 a\u00e7mak isteyen m\u00fcd\u00fcrler tehdit edildi. E\u011fitim s\u00fcreci baltaland\u0131.<\/p>\n<p style=\"text-align: justify\">\u00d6\u011fretmenler -ki sadece \u00f6\u011fretmenlerde de\u011fil t\u00fcm maa\u015f alan \u00e7evreler- maa\u015flar\u0131n\u0131 isteme hakk\u0131na sahiptir ve istenmelidir. Fakat maa\u015flar\u0131n \u00f6denmemesinin nedeni K\u00fcrdistan b\u00f6lgesi h\u00fck\u00fcmeti de\u011fil Irak h\u00fck\u00fcmetiydi.\u00a0 E\u011fer bir maa\u015f eylemi yap\u0131lacaksa Irak h\u00fck\u00fcmetine kar\u015f\u0131 yap\u0131lmal\u0131yd\u0131. Hatta en do\u011frusu t\u00fcm K\u00fcrdistan halk\u0131n\u0131n Irak h\u00fck\u00fcmetini boykot edip beraber Ba\u011fdat\u2019a y\u00fcr\u00fcy\u00fcp sadece maa\u015f de\u011fil K\u00fcrdistan\u2019\u0131n petrol, b\u00fct\u00e7e gibi haklar\u0131n\u0131 savunmas\u0131 gerekirdi.\u00a0 Ama S\u00fcleymaniye eylemleri tam tersini yapt\u0131. Ama\u00e7 maa\u015f de\u011fil Ba\u011fdat\u2019\u0131n K\u00fcrdistan kar\u015f\u0131s\u0131nda elini daha da g\u00fc\u00e7lendirmek ve Erbil\u2019i zay\u0131flatmakt\u0131.<\/p>\n<p style=\"text-align: justify\"><strong>\u00d6\u011fretmen eylemleri de\u011fil Ba\u011fdat\u2019\u0131n elini g\u00fc\u00e7lendirme hareketi<\/strong><br \/>\nS\u00fcleymaniye\u2019de ki eylemler \u00f6\u011fretmen eylemeleri de de\u011fildi. Eylemlere \u00f6\u011fretmenlerden \u00e7ok bu \u00e7evrelerin \u00fcyeleri kat\u0131ld\u0131. \u00d6rne\u011fin PKK\u2019nin K\u00fcrdistan\u2019da faaliyet y\u00fcr\u00fcten partisi Tewgera Azadi eylemlerin temel g\u00fcc\u00fcyd\u00fc. Hatta Tewgere Azadi\u2019nin e\u015f ba\u015fkan\u0131 Tara H\u00fcseyin\u2019in \u00fcyelerini \u00f6\u011fretmen eylemeni \u00e7a\u011f\u0131rd\u0131\u011f\u0131 ses kay\u0131tlar\u0131 yay\u0131nland\u0131. Ne kendisi ne de \u00fcyeleri \u00f6\u011fretmen olmayan Tara H\u00fcseyin\u2019in \u00e7a\u011fr\u0131s\u0131 olay\u0131n bir \u00f6\u011fretmen olay\u0131 olmad\u0131\u011f\u0131n\u0131 g\u00f6steriyordu. Ama\u00e7 K\u00fcrdistan\u2019daki memur maa\u015flar\u0131n\u0131 Ba\u011fdat\u2019\u0131n \u00f6demesini sa\u011flamak b\u00f6ylelikle K\u00fcrdistan H\u00fck\u00fcmetini normal bir valilik stat\u00fcs\u00fcn\u00fc d\u00fc\u015f\u00fcrmek, ekonomik olarak t\u00fcmden g\u00fc\u00e7ten d\u00fc\u015f\u00fcrmek ve sonu\u00e7 olarak K\u00fcrdistan stat\u00fcs\u00fcn\u00fcn yok edilmesi amac\u0131nda yeni a\u015fama kaydetmekti. Zaten eylemci gurubun s\u00f6zde s\u00f6zc\u00fcleri birka\u00e7 kez Ba\u011fdat\u2019\u0131 ziyaret etti ve direk \u015eii y\u00f6netim ile g\u00f6r\u00fc\u015ft\u00fc. Fakat hi\u00e7bir zaman Erbil\u2019e gelip g\u00f6r\u00fc\u015fmeyi talep etmedi.<\/p>\n<p style=\"text-align: justify\">Zaten K\u00fcrdistan b\u00fct\u00e7esini kesen \u015eii yap\u0131larda tek tek \u00f6\u011fretmen eylemlerini destekledi\u011fini duyurdu. \u00d6rne\u011fin Ulusal \u015eii Koordinasyonu lideri Amar Hekim \u00f6\u011fretmen eylemelerini destekledi\u011fini a\u00e7\u0131klad\u0131.<\/p>\n<p style=\"text-align: justify\">E\u011fitimin ilk yar\u0131s\u0131 boyunca S\u00fcleymaniye ve Halep\u00e7e\u2019de e\u011fitimler durdu. \u00d6\u011frenciler yar\u0131m d\u00f6nem e\u011fitim g\u00f6remedi. Veliler tepki duymas\u0131na ra\u011fmen YNK bask\u0131s\u0131 nedeni ile ses \u00e7\u0131karamad\u0131.\u00a0 2024 y\u0131l\u0131 ocak ay\u0131nda ikinci e\u011fitim y\u0131l\u0131 ba\u015flamas\u0131 ile beraber halk tepkisi artt\u0131. \u00d6\u011frencilerin neredeyse bir e\u011fitim y\u0131l\u0131n\u0131 e\u011fitimsiz ge\u00e7irdi. YNK gelen tepkiler nedeni ile kendi resm\u00ee kurumlar\u0131n\u0131 boykottan \u00e7ekti. Fakat bu kez PKK\u2019nin y\u00f6nlendirdi\u011fi kurumlar ve \u015easuvar Abdulvahid\u2019in yap\u0131s\u0131 boykota devam etti.<\/p>\n<p style=\"text-align: justify\">\u015eii Irak y\u00f6netiminin organize etti\u011fi bu \u00f6\u011fretmen eylemleri sonu\u00e7 almad\u0131. K\u00fcrdistan B\u00f6lgesi H\u00fck\u00fcmeti \u00e7ok so\u011fuk kanl\u0131 bir tutum g\u00f6sterdi. Eylemcileri ve \u00f6\u011fretmenleri direk hedef almad\u0131 ve arkas\u0131ndaki g\u00fc\u00e7leri de\u015fifre etti. \u00a0\u015eiiler \u00f6\u011fretmeleri kulland\u0131ktan sonra y\u00fcz \u00fcst\u00fc b\u0131rakt\u0131. Halk tepki g\u00f6sterdi. Son olarak boykot 20 \u015eubat g\u00fcn\u00fc t\u00fcmden durduruldu. Son olarak boykot 20 \u015eubat g\u00fcn\u00fc t\u00fcmden durduruldu. 6 ay boyunca \u00f6\u011fretmenlerin maa\u015f, k\u0131dem ve atama ad\u0131 alt\u0131nda yapt\u0131klar\u0131 eylemin tek ma\u011fduru \u00f6\u011frenciler ve veliler oldu. \u00d6\u011frenciler S\u00fcleymaniye ve \u00e7evresinde bir s\u00f6mestri boyunca e\u011fitim g\u00f6rmedi. \u015eimdi ise sadece bir y\u0131l geri kalmamalar\u0131 i\u00e7in \u00e7abalan\u0131yor.<\/p>\n<p style=\"text-align: justify\">\u00a0<strong>Hak m\u00fccadelesi ile g\u00f6z kara i\u015fbirlik\u00e7ilik birbirinden ayr\u0131lmal\u0131<\/strong><\/p>\n<p style=\"text-align: justify\">Bu k\u0131sa \u00f6zette de g\u00f6r\u00fclece\u011fi gibi ya\u015fanan olaylar bir \u00f6\u011fretmen boykotu de\u011fil bir \u015eii provokasyonu ve \u00f6zel sava\u015f\u0131yd\u0131. E\u011fer s\u0131ralamak gerekirse maa\u015flar\u0131n \u00f6denmemesinin nedeni K\u00fcrdistan H\u00fck\u00fcmeti de\u011fil Ba\u011fdat\u2019\u0131n K\u00fcrdistan kar\u015f\u0131t\u0131 politikas\u0131yd\u0131. K\u00fcrdistan\u2019\u0131n yer alt\u0131 ve yer \u00fcst\u00fc zenginlerini yeniden s\u00f6m\u00fcrmek i\u00e7in plan uygulan\u0131yordu. E\u011fer maa\u015f alamayanlar\u0131n eylem yapacaksa bu eylem K\u00fcrdistan\u2019a ve \u00f6\u011frencilere kar\u015f\u0131 de\u011fil Ba\u011fdat\u2019a kar\u015f\u0131 yap\u0131lmal\u0131yd\u0131.<\/p>\n<p style=\"text-align: justify\">\u00dcstelik maa\u015f almayan tek kesim \u00f6\u011fretmenler de\u011fildi. \u00d6\u011fretmenlerin birikmi\u015f maa\u015flar\u0131n tekrar \u00f6dene bilirdi ama \u00f6\u011frencilerin bir e\u011fitim y\u0131l\u0131n\u0131n heba edilmesi d\u00fczeltilemeyecek bir durumdu. \u00d6\u011fretmen boykotu diye servis edilen eylemler \u00f6\u011frencilere zarar verdi. Fakat bize \u015fu ger\u00e7e\u011fi de g\u00f6sterdi, K\u00fcrdistan b\u00f6lgesi i\u00e7inde halk\u0131n kazan\u0131m\u0131, de\u011ferleri ve gelece\u011fi ile ilgili hi\u00e7bir kayg\u0131s\u0131 olmayan g\u00f6z\u00fc kara bir \u00e7ete yap\u0131lanmas\u0131 var.\u00a0 Bu yap\u0131lanma kendini paralel h\u00fck\u00fcmet gibi \u00f6rg\u00fctleyerek \u0130ran yanl\u0131s\u0131 \u015eii h\u00fck\u00fcmetin ajandas\u0131na g\u00f6re hareket etmek konusunda olduk\u00e7a kararl\u0131. Halk\u0131n gelece\u011fini ve K\u00fcrdistan stat\u00fcs\u00fcn\u00fc kendi \u00e7\u0131karlar\u0131 i\u00e7in tehlikeye atmakta da hi\u00e7bir engel tan\u0131m\u0131yorlar.<\/p>\n","protected":false},"excerpt":{"rendered":"<p>K\u00fcrdistan B\u00f6lgesi\u2019nin Halep\u00e7e ve S\u00fcleymaniye \u015fehirlerinde 2023-2024 y\u0131l\u0131 ders y\u0131l\u0131n\u0131n ba\u015f\u0131ndan itibaren bir gurup \u00f6\u011fretmen dersleri boykot etti\u011fini duyurmu\u015ftu. Zamanla eriyen boykot son olarak Halep\u00e7e\u2019de k\u00fc\u00e7\u00fck bir gurubun \u00f6nc\u00fcl\u00fc\u011f\u00fcnde y\u00fcr\u00fct\u00fcl\u00fcyordu. O gurupta d\u00fcn yani 20 \u015eubat g\u00fcn\u00fc yapt\u0131klar\u0131 a\u00e7\u0131klama ile boykotu sona erdirdiklerini duyurdu. Baz\u0131 medya organlar\u0131 ya\u015fananlar\u0131 \u201c\u00f6\u011fretmen boykotu\u201d olarak lanse etmeye \u00e7al\u0131\u015ft\u0131 ve [&hellip;]<\/p>\n","protected":false},"author":2,"featured_media":1028628,"comment_status":"closed","ping_status":"closed","sticky":false,"template":"","format":"standard","meta":{"footnotes":""},"categories":[7],"tags":[31],"class_list":["post-1028627","post","type-post","status-publish","format-standard","has-post-thumbnail","hentry","category-editorden","tag-onemli"],"blocksy_meta":[],"seo_head":"<!-- This site is optimized with the Yoast SEO plugin v27.5 - https:\/\/yoast.com\/product\/yoast-seo-wordpress\/ -->\n<title>\u00d6\u011fretmen boykotu de\u011fil, siyasi \u015fantajd\u0131 sona erdi, sadece \u00f6\u011frenciler zarar g\u00f6rd\u00fc - Darka Mazi<\/title>\n<meta name=\"robots\" content=\"index, follow, max-snippet:-1, max-image-preview:large, max-video-preview:-1\" \/>\n<link rel=\"canonical\" href=\"https:\/\/darkamazi.site\/archives\/1028627\" \/>\n<meta property=\"og:locale\" content=\"en_US\" \/>\n<meta property=\"og:type\" content=\"article\" \/>\n<meta property=\"og:title\" content=\"\u00d6\u011fretmen boykotu de\u011fil, siyasi \u015fantajd\u0131 sona erdi, sadece \u00f6\u011frenciler zarar g\u00f6rd\u00fc - Darka Mazi\" \/>\n<meta property=\"og:description\" content=\"K\u00fcrdistan B\u00f6lgesi\u2019nin Halep\u00e7e ve S\u00fcleymaniye \u015fehirlerinde 2023-2024 y\u0131l\u0131 ders y\u0131l\u0131n\u0131n ba\u015f\u0131ndan itibaren bir gurup \u00f6\u011fretmen dersleri boykot etti\u011fini duyurmu\u015ftu. Zamanla eriyen boykot son olarak Halep\u00e7e\u2019de k\u00fc\u00e7\u00fck bir gurubun \u00f6nc\u00fcl\u00fc\u011f\u00fcnde y\u00fcr\u00fct\u00fcl\u00fcyordu. O gurupta d\u00fcn yani 20 \u015eubat g\u00fcn\u00fc yapt\u0131klar\u0131 a\u00e7\u0131klama ile boykotu sona erdirdiklerini duyurdu. Baz\u0131 medya organlar\u0131 ya\u015fananlar\u0131 \u201c\u00f6\u011fretmen boykotu\u201d olarak lanse etmeye \u00e7al\u0131\u015ft\u0131 ve [&hellip;]\" \/>\n<meta property=\"og:url\" content=\"https:\/\/darkamazi.site\/archives\/1028627\" \/>\n<meta property=\"og:site_name\" content=\"Darka Mazi\" \/>\n<meta property=\"article:publisher\" content=\"https:\/\/www.facebook.com\/DarkaMaziturkce\" \/>\n<meta property=\"article:published_time\" content=\"2024-02-21T10:09:39+00:00\" \/>\n<meta property=\"og:image\" content=\"https:\/\/darkamazi.site\/file\/2024\/02\/baykot.jpg\" \/>\n\t<meta property=\"og:image:width\" content=\"900\" \/>\n\t<meta property=\"og:image:height\" content=\"475\" \/>\n\t<meta property=\"og:image:type\" content=\"image\/jpeg\" \/>\n<meta name=\"author\" content=\"darka mazi\" \/>\n<meta name=\"twitter:card\" content=\"summary_large_image\" \/>\n<meta name=\"twitter:creator\" content=\"@DarkaMaziTurkce\" \/>\n<meta name=\"twitter:site\" content=\"@DarkaMaziTurkce\" \/>\n<meta name=\"twitter:label1\" content=\"Written by\" \/>\n\t<meta name=\"twitter:data1\" content=\"darka mazi\" \/>\n\t<meta name=\"twitter:label2\" content=\"Est. reading time\" \/>\n\t<meta name=\"twitter:data2\" content=\"5 minutes\" \/>\n<script type=\"application\/ld+json\" class=\"seo-schema-graph\">{\"@context\":\"https:\\\/\\\/schema.org\",\"@graph\":[{\"@type\":\"NewsArticle\",\"@id\":\"https:\\\/\\\/darkamazi.site\\\/archives\\\/1028627#article\",\"isPartOf\":{\"@id\":\"https:\\\/\\\/darkamazi.site\\\/archives\\\/1028627\"},\"author\":{\"name\":\"darka mazi\",\"@id\":\"https:\\\/\\\/darkamazi.site\\\/#\\\/schema\\\/person\\\/67986a95ac546c16760365877ef4a9d3\"},\"headline\":\"\u00d6\u011fretmen boykotu de\u011fil, siyasi \u015fantajd\u0131 sona erdi, sadece \u00f6\u011frenciler zarar g\u00f6rd\u00fc\",\"datePublished\":\"2024-02-21T10:09:39+00:00\",\"mainEntityOfPage\":{\"@id\":\"https:\\\/\\\/darkamazi.site\\\/archives\\\/1028627\"},\"wordCount\":1405,\"publisher\":{\"@id\":\"https:\\\/\\\/darkamazi.site\\\/#organization\"},\"image\":{\"@id\":\"https:\\\/\\\/darkamazi.site\\\/archives\\\/1028627#primaryimage\"},\"thumbnailUrl\":\"https:\\\/\\\/darkamazi.site\\\/darka-content\\\/uploads\\\/2024\\\/02\\\/baykot.jpg\",\"keywords\":[\"\u00f6nemli\"],\"articleSection\":[\"Edit\u00f6rden\"],\"inLanguage\":\"en-US\"},{\"@type\":\"WebPage\",\"@id\":\"https:\\\/\\\/darkamazi.site\\\/archives\\\/1028627\",\"url\":\"https:\\\/\\\/darkamazi.site\\\/archives\\\/1028627\",\"name\":\"\u00d6\u011fretmen boykotu de\u011fil, siyasi \u015fantajd\u0131 sona erdi, sadece \u00f6\u011frenciler zarar g\u00f6rd\u00fc - Darka Mazi\",\"isPartOf\":{\"@id\":\"https:\\\/\\\/darkamazi.site\\\/#website\"},\"primaryImageOfPage\":{\"@id\":\"https:\\\/\\\/darkamazi.site\\\/archives\\\/1028627#primaryimage\"},\"image\":{\"@id\":\"https:\\\/\\\/darkamazi.site\\\/archives\\\/1028627#primaryimage\"},\"thumbnailUrl\":\"https:\\\/\\\/darkamazi.site\\\/darka-content\\\/uploads\\\/2024\\\/02\\\/baykot.jpg\",\"datePublished\":\"2024-02-21T10:09:39+00:00\",\"breadcrumb\":{\"@id\":\"https:\\\/\\\/darkamazi.site\\\/archives\\\/1028627#breadcrumb\"},\"inLanguage\":\"en-US\",\"potentialAction\":[{\"@type\":\"ReadAction\",\"target\":[\"https:\\\/\\\/darkamazi.site\\\/archives\\\/1028627\"]}]},{\"@type\":\"ImageObject\",\"inLanguage\":\"en-US\",\"@id\":\"https:\\\/\\\/darkamazi.site\\\/archives\\\/1028627#primaryimage\",\"url\":\"https:\\\/\\\/darkamazi.site\\\/darka-content\\\/uploads\\\/2024\\\/02\\\/baykot.jpg\",\"contentUrl\":\"https:\\\/\\\/darkamazi.site\\\/darka-content\\\/uploads\\\/2024\\\/02\\\/baykot.jpg\",\"width\":900,\"height\":475,\"caption\":\"\u00d6\u011fretmen boykotu de\u011fil, siyasi \u015fantajd\u0131 sona erdi, sadece \u00f6\u011frenciler zarar g\u00f6rd\u00fc Tara H\u00fcseyin, Tevgere Azadi, \u015easuvar Abduvahid, YNK; Bafil Talabani, K\u00fcrdistan pertrol\u00fc, frans\u0131z tahkim mahkemesi karar\u0131, Irak b\u00fct\u00e7esi, iran\"},{\"@type\":\"BreadcrumbList\",\"@id\":\"https:\\\/\\\/darkamazi.site\\\/archives\\\/1028627#breadcrumb\",\"itemListElement\":[{\"@type\":\"ListItem\",\"position\":1,\"name\":\"Home\",\"item\":\"https:\\\/\\\/darkamazi.site\\\/\"},{\"@type\":\"ListItem\",\"position\":2,\"name\":\"\u00d6\u011fretmen boykotu de\u011fil, siyasi \u015fantajd\u0131 sona erdi, sadece \u00f6\u011frenciler zarar g\u00f6rd\u00fc\"}]},{\"@type\":\"WebSite\",\"@id\":\"https:\\\/\\\/darkamazi.site\\\/#website\",\"url\":\"https:\\\/\\\/darkamazi.site\\\/\",\"name\":\"Darka Mazi\",\"description\":\"Ana Sayfa\",\"publisher\":{\"@id\":\"https:\\\/\\\/darkamazi.site\\\/#organization\"},\"potentialAction\":[{\"@type\":\"SearchAction\",\"target\":{\"@type\":\"EntryPoint\",\"urlTemplate\":\"https:\\\/\\\/darkamazi.site\\\/?s={search_term_string}\"},\"query-input\":{\"@type\":\"PropertyValueSpecification\",\"valueRequired\":true,\"valueName\":\"search_term_string\"}}],\"inLanguage\":\"en-US\"},{\"@type\":\"Organization\",\"@id\":\"https:\\\/\\\/darkamazi.site\\\/#organization\",\"name\":\"Darka Mazi T\u00fcrk\u00e7e\",\"alternateName\":\"Darka Mazi\",\"url\":\"https:\\\/\\\/darkamazi.site\\\/\",\"logo\":{\"@type\":\"ImageObject\",\"inLanguage\":\"en-US\",\"@id\":\"https:\\\/\\\/darkamazi.site\\\/#\\\/schema\\\/logo\\\/image\\\/\",\"url\":\"https:\\\/\\\/darkamazi.site\\\/darka-content\\\/uploads\\\/2017\\\/12\\\/darka-mazi-logo.png\",\"contentUrl\":\"https:\\\/\\\/darkamazi.site\\\/darka-content\\\/uploads\\\/2017\\\/12\\\/darka-mazi-logo.png\",\"width\":151,\"height\":75,\"caption\":\"Darka Mazi T\u00fcrk\u00e7e\"},\"image\":{\"@id\":\"https:\\\/\\\/darkamazi.site\\\/#\\\/schema\\\/logo\\\/image\\\/\"},\"sameAs\":[\"https:\\\/\\\/www.facebook.com\\\/DarkaMaziturkce\",\"https:\\\/\\\/x.com\\\/DarkaMaziTurkce\"]},{\"@type\":\"Person\",\"@id\":\"https:\\\/\\\/darkamazi.site\\\/#\\\/schema\\\/person\\\/67986a95ac546c16760365877ef4a9d3\",\"name\":\"darka mazi\",\"sameAs\":[\"https:\\\/\\\/darkamazi.site\"],\"url\":\"https:\\\/\\\/darkamazi.site\\\/archives\\\/author\\\/turkish\"}]}<\/script>\n<!-- \/ Yoast SEO plugin. -->","seo_head_json":{"title":"\u00d6\u011fretmen boykotu de\u011fil, siyasi \u015fantajd\u0131 sona erdi, sadece \u00f6\u011frenciler zarar g\u00f6rd\u00fc - Darka Mazi","robots":{"index":"index","follow":"follow","max-snippet":"max-snippet:-1","max-image-preview":"max-image-preview:large","max-video-preview":"max-video-preview:-1"},"canonical":"https:\/\/darkamazi.site\/archives\/1028627","og_locale":"en_US","og_type":"article","og_title":"\u00d6\u011fretmen boykotu de\u011fil, siyasi \u015fantajd\u0131 sona erdi, sadece \u00f6\u011frenciler zarar g\u00f6rd\u00fc - Darka Mazi","og_description":"K\u00fcrdistan B\u00f6lgesi\u2019nin Halep\u00e7e ve S\u00fcleymaniye \u015fehirlerinde 2023-2024 y\u0131l\u0131 ders y\u0131l\u0131n\u0131n ba\u015f\u0131ndan itibaren bir gurup \u00f6\u011fretmen dersleri boykot etti\u011fini duyurmu\u015ftu. Zamanla eriyen boykot son olarak Halep\u00e7e\u2019de k\u00fc\u00e7\u00fck bir gurubun \u00f6nc\u00fcl\u00fc\u011f\u00fcnde y\u00fcr\u00fct\u00fcl\u00fcyordu. O gurupta d\u00fcn yani 20 \u015eubat g\u00fcn\u00fc yapt\u0131klar\u0131 a\u00e7\u0131klama ile boykotu sona erdirdiklerini duyurdu. Baz\u0131 medya organlar\u0131 ya\u015fananlar\u0131 \u201c\u00f6\u011fretmen boykotu\u201d olarak lanse etmeye \u00e7al\u0131\u015ft\u0131 ve [&hellip;]","og_url":"https:\/\/darkamazi.site\/archives\/1028627","og_site_name":"Darka Mazi","article_publisher":"https:\/\/www.facebook.com\/DarkaMaziturkce","article_published_time":"2024-02-21T10:09:39+00:00","og_image":[{"width":900,"height":475,"url":"https:\/\/darkamazi.site\/file\/2024\/02\/baykot.jpg","type":"image\/jpeg"}],"author":"darka mazi","twitter_card":"summary_large_image","twitter_creator":"@DarkaMaziTurkce","twitter_site":"@DarkaMaziTurkce","twitter_misc":{"Written by":"darka mazi","Est. reading time":"5 minutes"},"schema":{"@context":"https:\/\/schema.org","@graph":[{"@type":"NewsArticle","@id":"https:\/\/darkamazi.site\/archives\/1028627#article","isPartOf":{"@id":"https:\/\/darkamazi.site\/archives\/1028627"},"author":{"name":"darka mazi","@id":"https:\/\/darkamazi.site\/#\/schema\/person\/67986a95ac546c16760365877ef4a9d3"},"headline":"\u00d6\u011fretmen boykotu de\u011fil, siyasi \u015fantajd\u0131 sona erdi, sadece \u00f6\u011frenciler zarar g\u00f6rd\u00fc","datePublished":"2024-02-21T10:09:39+00:00","mainEntityOfPage":{"@id":"https:\/\/darkamazi.site\/archives\/1028627"},"wordCount":1405,"publisher":{"@id":"https:\/\/darkamazi.site\/#organization"},"image":{"@id":"https:\/\/darkamazi.site\/archives\/1028627#primaryimage"},"thumbnailUrl":"https:\/\/darkamazi.site\/file\/2024\/02\/baykot.jpg","keywords":["\u00f6nemli"],"articleSection":["Edit\u00f6rden"],"inLanguage":"en-US"},{"@type":"WebPage","@id":"https:\/\/darkamazi.site\/archives\/1028627","url":"https:\/\/darkamazi.site\/archives\/1028627","name":"\u00d6\u011fretmen boykotu de\u011fil, siyasi \u015fantajd\u0131 sona erdi, sadece \u00f6\u011frenciler zarar g\u00f6rd\u00fc - Darka Mazi","isPartOf":{"@id":"https:\/\/darkamazi.site\/#website"},"primaryImageOfPage":{"@id":"https:\/\/darkamazi.site\/archives\/1028627#primaryimage"},"image":{"@id":"https:\/\/darkamazi.site\/archives\/1028627#primaryimage"},"thumbnailUrl":"https:\/\/darkamazi.site\/file\/2024\/02\/baykot.jpg","datePublished":"2024-02-21T10:09:39+00:00","breadcrumb":{"@id":"https:\/\/darkamazi.site\/archives\/1028627#breadcrumb"},"inLanguage":"en-US","potentialAction":[{"@type":"ReadAction","target":["https:\/\/darkamazi.site\/archives\/1028627"]}]},{"@type":"ImageObject","inLanguage":"en-US","@id":"https:\/\/darkamazi.site\/archives\/1028627#primaryimage","url":"https:\/\/darkamazi.site\/file\/2024\/02\/baykot.jpg","contentUrl":"https:\/\/darkamazi.site\/file\/2024\/02\/baykot.jpg","width":900,"height":475,"caption":"\u00d6\u011fretmen boykotu de\u011fil, siyasi \u015fantajd\u0131 sona erdi, sadece \u00f6\u011frenciler zarar g\u00f6rd\u00fc Tara H\u00fcseyin, Tevgere Azadi, \u015easuvar Abduvahid, YNK; Bafil Talabani, K\u00fcrdistan pertrol\u00fc, frans\u0131z tahkim mahkemesi karar\u0131, Irak b\u00fct\u00e7esi, iran"},{"@type":"BreadcrumbList","@id":"https:\/\/darkamazi.site\/archives\/1028627#breadcrumb","itemListElement":[{"@type":"ListItem","position":1,"name":"Home","item":"https:\/\/darkamazi.site\/"},{"@type":"ListItem","position":2,"name":"\u00d6\u011fretmen boykotu de\u011fil, siyasi \u015fantajd\u0131 sona erdi, sadece \u00f6\u011frenciler zarar g\u00f6rd\u00fc"}]},{"@type":"WebSite","@id":"https:\/\/darkamazi.site\/#website","url":"https:\/\/darkamazi.site\/","name":"Darka Mazi","description":"Ana Sayfa","publisher":{"@id":"https:\/\/darkamazi.site\/#organization"},"potentialAction":[{"@type":"SearchAction","target":{"@type":"EntryPoint","urlTemplate":"https:\/\/darkamazi.site\/?s={search_term_string}"},"query-input":{"@type":"PropertyValueSpecification","valueRequired":true,"valueName":"search_term_string"}}],"inLanguage":"en-US"},{"@type":"Organization","@id":"https:\/\/darkamazi.site\/#organization","name":"Darka Mazi T\u00fcrk\u00e7e","alternateName":"Darka Mazi","url":"https:\/\/darkamazi.site\/","logo":{"@type":"ImageObject","inLanguage":"en-US","@id":"https:\/\/darkamazi.site\/#\/schema\/logo\/image\/","url":"https:\/\/darkamazi.site\/file\/2017\/12\/darka-mazi-logo.png","contentUrl":"https:\/\/darkamazi.site\/file\/2017\/12\/darka-mazi-logo.png","width":151,"height":75,"caption":"Darka Mazi T\u00fcrk\u00e7e"},"image":{"@id":"https:\/\/darkamazi.site\/#\/schema\/logo\/image\/"},"sameAs":["https:\/\/www.facebook.com\/DarkaMaziturkce","https:\/\/x.com\/DarkaMaziTurkce"]},{"@type":"Person","@id":"https:\/\/darkamazi.site\/#\/schema\/person\/67986a95ac546c16760365877ef4a9d3","name":"darka mazi","sameAs":["https:\/\/darkamazi.site"],"url":"https:\/\/darkamazi.site\/archives\/author\/turkish"}]}},"_links":{"self":[{"href":"https:\/\/darkamazi.site\/funavuv\/wp\/v2\/posts\/1028627","targetHints":{"allow":["GET"]}}],"collection":[{"href":"https:\/\/darkamazi.site\/funavuv\/wp\/v2\/posts"}],"about":[{"href":"https:\/\/darkamazi.site\/funavuv\/wp\/v2\/types\/post"}],"author":[{"embeddable":true,"href":"https:\/\/darkamazi.site\/funavuv\/wp\/v2\/users\/2"}],"replies":[{"embeddable":true,"href":"https:\/\/darkamazi.site\/funavuv\/wp\/v2\/comments?post=1028627"}],"version-history":[{"count":0,"href":"https:\/\/darkamazi.site\/funavuv\/wp\/v2\/posts\/1028627\/revisions"}],"wp:featuredmedia":[{"embeddable":true,"href":"https:\/\/darkamazi.site\/funavuv\/wp\/v2\/media\/1028628"}],"wp:attachment":[{"href":"https:\/\/darkamazi.site\/funavuv\/wp\/v2\/media?parent=1028627"}],"wp:term":[{"taxonomy":"category","embeddable":true,"href":"https:\/\/darkamazi.site\/funavuv\/wp\/v2\/categories?post=1028627"},{"taxonomy":"post_tag","embeddable":true,"href":"https:\/\/darkamazi.site\/funavuv\/wp\/v2\/tags?post=1028627"}],"curies":[{"name":"wp","href":"https:\/\/api.w.org\/{rel}","templated":true}]}}