{"id":1028659,"date":"2024-02-25T12:23:53","date_gmt":"2024-02-25T09:23:53","guid":{"rendered":"https:\/\/darkamazi.site\/?p=1028659"},"modified":"2024-02-25T12:23:53","modified_gmt":"2024-02-25T09:23:53","slug":"pkk-medyasinin-amediye-seladize-hattina-pesmergeler-yerlesti-haberinin-ardindaki-gercekler","status":"publish","type":"post","link":"https:\/\/darkamazi.site\/archives\/1028659","title":{"rendered":"PKK Medyas\u0131n\u0131n Amediye-\u015eeladize hatt\u0131na Pe\u015fmergeler yerle\u015fti haberinin ard\u0131ndaki ger\u00e7ekler"},"content":{"rendered":"<p style=\"text-align: justify\">PKK Medyas\u0131 ge\u00e7ti\u011fimiz Cuma g\u00fcn\u00fcnden bu yana \u015eeladize-Amediye hatt\u0131nda bulunan b\u00f6lgeye yerle\u015fen Irak S\u0131n\u0131r Muhaf\u0131zlar\u0131 ile ilgili yalan haber yapmaya devam ediyor.<br \/>\nPKK\u2019nin ANF, Mezopotamya Ajans\u0131, Rojnews\u2019in bilinmeyen kaynaklar ve sahte ki\u015filere dayand\u0131rd\u0131\u011f\u0131 haber ve yalan seslendirmeler ile yapt\u0131klar\u0131 haberler ile komuoyunu yan\u0131ltma ve kendileri i\u00e7in baz\u0131 konularda zemin haz\u0131rlama olarak okumak yanl\u0131\u015f olmayacakt\u0131r.<\/p>\n<p style=\"text-align: justify\">Irak S\u0131n\u0131r Muh\u0131zlar\u0131na ba\u011fl\u0131 g\u00fc\u00e7ler 20 \u015eubat g\u00fcn\u00fc b\u00fcy\u00fck bir konvoy halinde Maruk suyu olarak bilinen ve \u015eeladize Amadiye aras\u0131ndaki ana yolun hemen 3 km gerisindeki bir alanda \u00fcslendiler.\u00a0 Irak s\u0131n\u0131r Muhaf\u0131zlar\u0131n\u0131n alanda \u00fcslenmesinin ana nedeni baharla beraber TSK ve PKK\u2019nin hareketlerinin sivil halka zarar vermesini \u00f6nlemek. G\u00fc\u00e7ler alana gittiklerini a\u00e7\u0131k bir \u015fekilde ilan ettiler ve \u00fczerinde Irak bayra\u011f\u0131 olan z\u0131rhl\u0131 ara\u00e7larla g\u00f6r\u00fcnt\u00fclerini payla\u015ft\u0131lar. Fakat PKK medyas\u0131 bu aleni harekete ra\u011fmen olay\u0131 farkl\u0131 yans\u0131tmak istedi.<\/p>\n<p style=\"text-align: justify\">PKK medyas\u0131 \u00f6ncelikle bu g\u00fc\u00e7lerin Irak S\u0131n\u0131r Muhaf\u0131zlar\u0131 olmad\u0131\u011f\u0131n\u0131 ve Zerewani g\u00fc\u00e7leri oldu\u011funu iddia etti. Daha sonra buran\u0131n Kuzey s\u0131n\u0131r oldu\u011funu ve Pe\u015fmergenin TSK ile beraber hareket etti\u011fi y\u00f6n\u00fcnde haberler yapt\u0131. Hatta daha da ileri giderek ANF eski bir videoda Pe\u015fmerge\u2019nin yolda y\u00fcr\u00fcyen T\u00fcrk askerlerine \u201cburas\u0131 K\u00fcrtlerin topra\u011f\u0131, hadi yallah gidin\u201d dedi\u011fi g\u00f6r\u00fcnt\u00fcleri \u201cPe\u015fmergeler ya\u015fas\u0131n T\u00fcrk askeri slogan\u0131 att\u0131\u201d diyerek payla\u015ft\u0131. PKK\u2019nin konuya ili\u015fkin yalanlar\u0131n\u0131 birka\u00e7 ba\u015fl\u0131kta ele al\u0131na bilir.<\/p>\n<p style=\"text-align: justify\"><strong>\u015eeladize\u2019ye giden g\u00fc\u00e7ler kime ait? <\/strong><\/p>\n<p style=\"text-align: justify\">Alandaki g\u00fc\u00e7ler Irak Muhaf\u0131z ordusunun g\u00fc\u00e7leri. Kald\u0131 ki e\u011fer alana giden g\u00fc\u00e7ler Pe\u015fmerge g\u00fc\u00e7leri bile olsa kendi halk\u0131n\u0131, kendi topra\u011f\u0131n\u0131 korumak i\u00e7in orada olaca\u011f\u0131 i\u00e7in yine me\u015frudur.<\/p>\n<p style=\"text-align: justify\">Pe\u015fmerge g\u00fc\u00e7leri PKK gibi koluna bir g\u00fcn Ha\u015fdi \u015eabi, bir g\u00fcn Esad Ordusu amblemi, bir g\u00fcn YNK\u2019nin amblemini asmaz. Pe\u015fmerge g\u00fc\u00e7leri kendi i\u00e7inde s\u0131n\u0131fland\u0131r\u0131lm\u0131\u015ft\u0131r, yap\u0131lanmalar\u0131n hepsi resmidir. Zerewani, Gulan vb g\u00fc\u00e7lere b\u00f6l\u00fcnm\u00fc\u015ft\u00fcr. Her g\u00fcc\u00fcn \u00e7al\u0131\u015fma alan\u0131 ve bran\u015f\u0131 farkl\u0131d\u0131r.<\/p>\n<p style=\"text-align: justify\">Bu nedenle PKK\u2019nin alandaki g\u00fc\u00e7leri farkl\u0131 g\u00f6stermeye \u00e7al\u0131\u015fmas\u0131n\u0131 hi\u00e7bir ger\u00e7e\u011fi yoktur.<\/p>\n<p style=\"text-align: justify\">Irak s\u0131n\u0131r muhaf\u0131zlar\u0131 Irak\u2019a ba\u011fl\u0131 olmakla beraber bulundu\u011fu her yerde o b\u00f6lgesinin halk\u0131ndan olu\u015fturulmu\u015ftur. Basra\u2019da Araplar, K\u00fcrdistan\u2019da da K\u00fcrtler vard\u0131r. Bu nedenle S\u0131n\u0131r Muhaf\u0131z g\u00fc\u00e7lerinin K\u00fcrt\u00e7e konu\u015fmas\u0131 \u00e7ok normaldir.<br \/>\nPKK 2020 y\u0131l\u0131ndan bu yana alan yerle\u015fmeye ba\u015flayan s\u0131n\u0131r muhaf\u0131z g\u00fc\u00e7leri meselesini sorun yapm\u0131\u015ft\u0131r. Hatta 2020 y\u0131l\u0131nda Haftanin\u2019da bir gurup s\u0131n\u0131r koruma birimine sald\u0131r\u0131 yapm\u0131\u015f ve \u201ckim olduklar\u0131n\u0131 bilmiyorduk\u201d bi\u00e7iminde bir a\u00e7\u0131klama yapm\u0131\u015ft\u0131r.<\/p>\n<p style=\"text-align: justify\">\n<strong>PKK neyi ama\u00e7l\u0131yor?<\/strong><\/p>\n<p style=\"text-align: justify\">PKK\u2019nin 2024 y\u0131l\u0131n i\u00e7inde K\u00fcrdistan B\u00f6lgesi h\u00fck\u00fcmeti ve Pe\u015fmegre g\u00fc\u00e7lerine sald\u0131rmak i\u00e7in g\u00f6revlendirildi\u011fi biliniyor. PKK, Irak ve G\u00fcney K\u00fcrdistan\u2019da Ha\u015fdi \u015eabi\u2019nin bir kolu gibi hareket etmekte ve Pe\u015fmerge g\u00fc\u00e7lerine kar\u015f\u0131 sava\u015fmay\u0131 hedeflemektedir. K\u0131\u015f boyunca \u0130ran yanl\u0131s\u0131 g\u00fc\u00e7ler<\/p>\n<p style=\"text-align: justify\">ABD\u2019yi vuruyoruz ad\u0131 alt\u0131nda Hewler ve \u00e7evresine sald\u0131r\u0131larda bulundu. Fakat ABD\u2019nin tepkileri sonras\u0131 \u015eubat ay\u0131n\u0131n ilk haftas\u0131ndan sonra bu sald\u0131r\u0131lar durdu. ABD ile kar\u015f\u0131 kar\u015f\u0131ya gelmek istemeyen Ha\u015fdi \u015eabi g\u00fc\u00e7leri bu kez PKK\u2019yi K\u00fcrdistan b\u00f6lgesine sald\u0131rtmak amac\u0131n\u0131 ta\u015f\u0131maktad\u0131r. PKK\u2019de uzun zamand\u0131r kendi medyas\u0131nda bunun zeminin haz\u0131rlamak i\u00e7in \u00e7al\u0131\u015fma y\u00fcr\u00fct\u00fcyor.<\/p>\n<p style=\"text-align: justify\">Pe\u015fmerge g\u00fc\u00e7leri PKK\u2019nin bu sald\u0131r\u0131 plan\u0131ndan haberdar oldu\u011fu i\u00e7in alana gitmek yerine Irak S\u0131n\u0131r Muhaf\u0131z g\u00fc\u00e7lerinin gitmesini \u00f6nerdiler ve bu da Irak\u2019a ba\u011fl\u0131 resmi kurumlara kabul ettirildi. Bu da PKK\u2019nin sald\u0131r\u0131 plan\u0131n\u0131 bo\u015fa \u00e7\u0131karmaktad\u0131r. \u00c7\u00fcnk\u00fc PKK K\u00fcrdistan bayra\u011f\u0131 ta\u015f\u0131yan pe\u015fmerge g\u00fc\u00e7lerine sald\u0131rmak konusunda hi\u00e7bir teredd\u00fct etmemektedir. Fakat Irak bayra\u011f\u0131na sald\u0131rmay\u0131 istememektedir.\u00a0 Bu nedenle \u0131srarla burada bulanan g\u00fc\u00e7lerin Irak s\u0131n\u0131r muhaf\u0131z g\u00fc\u00e7leri oldu\u011funu iddia ederek kendine sald\u0131r\u0131 zemini yaratmaktad\u0131r.<\/p>\n<p style=\"text-align: justify\">T\u00fcrk ordusu K\u00fcrdistan B\u00f6lgesi topraklar\u0131n\u0131n 45 km i\u00e7ine girmi\u015f ve her yerde \u00fcsler kurmu\u015ftur. TSK\u2019nin bu \u00fcslerin hi\u00e7birini Pe\u015fmerge g\u00fc\u00e7lerinden devralmam\u0131\u015ft\u0131r. Tam tersine t\u00fcm bu alanlar PKK\u2019nin 1990\u2019lardan beri \u00fcslendi\u011fi alanlard\u0131, PKK 30 y\u0131ld\u0131r tuttu\u011fu da\u011flar\u0131 30 g\u00fcn bile de\u011fil 30 dakika direnmeden TSK\u2019ya teslim etti. \u015eimdi ise bu ger\u00e7e\u011fi itiraf etmek yerine yine Pe\u015fmerge g\u00fc\u00e7lerine sald\u0131r\u0131 haz\u0131rl\u0131\u011f\u0131 yapmaktad\u0131r.<\/p>\n","protected":false},"excerpt":{"rendered":"<p>PKK Medyas\u0131 ge\u00e7ti\u011fimiz Cuma g\u00fcn\u00fcnden bu yana \u015eeladize-Amediye hatt\u0131nda bulunan b\u00f6lgeye yerle\u015fen Irak S\u0131n\u0131r Muhaf\u0131zlar\u0131 ile ilgili yalan haber yapmaya devam ediyor. PKK\u2019nin ANF, Mezopotamya Ajans\u0131, Rojnews\u2019in bilinmeyen kaynaklar ve sahte ki\u015filere dayand\u0131rd\u0131\u011f\u0131 haber ve yalan seslendirmeler ile yapt\u0131klar\u0131 haberler ile komuoyunu yan\u0131ltma ve kendileri i\u00e7in baz\u0131 konularda zemin haz\u0131rlama olarak okumak yanl\u0131\u015f olmayacakt\u0131r. Irak [&hellip;]<\/p>\n","protected":false},"author":2,"featured_media":1028660,"comment_status":"closed","ping_status":"closed","sticky":false,"template":"","format":"standard","meta":{"footnotes":""},"categories":[3],"tags":[31],"class_list":["post-1028659","post","type-post","status-publish","format-standard","has-post-thumbnail","hentry","category-kurdistan","tag-onemli"],"blocksy_meta":[],"seo_head":"<!-- This site is optimized with the Yoast SEO plugin v27.5 - https:\/\/yoast.com\/product\/yoast-seo-wordpress\/ -->\n<title>PKK Medyas\u0131n\u0131n Amediye-\u015eeladize hatt\u0131na Pe\u015fmergeler yerle\u015fti haberinin ard\u0131ndaki ger\u00e7ekler - Darka Mazi<\/title>\n<meta name=\"robots\" content=\"index, follow, max-snippet:-1, max-image-preview:large, max-video-preview:-1\" \/>\n<link rel=\"canonical\" href=\"https:\/\/darkamazi.site\/archives\/1028659\" \/>\n<meta property=\"og:locale\" content=\"en_US\" \/>\n<meta property=\"og:type\" content=\"article\" \/>\n<meta property=\"og:title\" content=\"PKK Medyas\u0131n\u0131n Amediye-\u015eeladize hatt\u0131na Pe\u015fmergeler yerle\u015fti haberinin ard\u0131ndaki ger\u00e7ekler - Darka Mazi\" \/>\n<meta property=\"og:description\" content=\"PKK Medyas\u0131 ge\u00e7ti\u011fimiz Cuma g\u00fcn\u00fcnden bu yana \u015eeladize-Amediye hatt\u0131nda bulunan b\u00f6lgeye yerle\u015fen Irak S\u0131n\u0131r Muhaf\u0131zlar\u0131 ile ilgili yalan haber yapmaya devam ediyor. PKK\u2019nin ANF, Mezopotamya Ajans\u0131, Rojnews\u2019in bilinmeyen kaynaklar ve sahte ki\u015filere dayand\u0131rd\u0131\u011f\u0131 haber ve yalan seslendirmeler ile yapt\u0131klar\u0131 haberler ile komuoyunu yan\u0131ltma ve kendileri i\u00e7in baz\u0131 konularda zemin haz\u0131rlama olarak okumak yanl\u0131\u015f olmayacakt\u0131r. Irak [&hellip;]\" \/>\n<meta property=\"og:url\" content=\"https:\/\/darkamazi.site\/archives\/1028659\" \/>\n<meta property=\"og:site_name\" content=\"Darka Mazi\" \/>\n<meta property=\"article:publisher\" content=\"https:\/\/www.facebook.com\/DarkaMaziturkce\" \/>\n<meta property=\"article:published_time\" content=\"2024-02-25T09:23:53+00:00\" \/>\n<meta property=\"og:image\" content=\"https:\/\/darkamazi.site\/file\/2024\/02\/roj-news.jpg\" \/>\n\t<meta property=\"og:image:width\" content=\"900\" \/>\n\t<meta property=\"og:image:height\" content=\"497\" \/>\n\t<meta property=\"og:image:type\" content=\"image\/jpeg\" \/>\n<meta name=\"author\" content=\"darka mazi\" \/>\n<meta name=\"twitter:card\" content=\"summary_large_image\" \/>\n<meta name=\"twitter:creator\" content=\"@DarkaMaziTurkce\" \/>\n<meta name=\"twitter:site\" content=\"@DarkaMaziTurkce\" \/>\n<meta name=\"twitter:label1\" content=\"Written by\" \/>\n\t<meta name=\"twitter:data1\" content=\"darka mazi\" \/>\n\t<meta name=\"twitter:label2\" content=\"Est. reading time\" \/>\n\t<meta name=\"twitter:data2\" content=\"3 minutes\" \/>\n<script type=\"application\/ld+json\" class=\"seo-schema-graph\">{\"@context\":\"https:\\\/\\\/schema.org\",\"@graph\":[{\"@type\":\"NewsArticle\",\"@id\":\"https:\\\/\\\/darkamazi.site\\\/archives\\\/1028659#article\",\"isPartOf\":{\"@id\":\"https:\\\/\\\/darkamazi.site\\\/archives\\\/1028659\"},\"author\":{\"name\":\"darka mazi\",\"@id\":\"https:\\\/\\\/darkamazi.site\\\/#\\\/schema\\\/person\\\/67986a95ac546c16760365877ef4a9d3\"},\"headline\":\"PKK Medyas\u0131n\u0131n Amediye-\u015eeladize hatt\u0131na Pe\u015fmergeler yerle\u015fti haberinin ard\u0131ndaki ger\u00e7ekler\",\"datePublished\":\"2024-02-25T09:23:53+00:00\",\"mainEntityOfPage\":{\"@id\":\"https:\\\/\\\/darkamazi.site\\\/archives\\\/1028659\"},\"wordCount\":862,\"publisher\":{\"@id\":\"https:\\\/\\\/darkamazi.site\\\/#organization\"},\"image\":{\"@id\":\"https:\\\/\\\/darkamazi.site\\\/archives\\\/1028659#primaryimage\"},\"thumbnailUrl\":\"https:\\\/\\\/darkamazi.site\\\/darka-content\\\/uploads\\\/2024\\\/02\\\/roj-news.jpg\",\"keywords\":[\"\u00f6nemli\"],\"articleSection\":[\"Kurdistan\"],\"inLanguage\":\"en-US\"},{\"@type\":\"WebPage\",\"@id\":\"https:\\\/\\\/darkamazi.site\\\/archives\\\/1028659\",\"url\":\"https:\\\/\\\/darkamazi.site\\\/archives\\\/1028659\",\"name\":\"PKK Medyas\u0131n\u0131n Amediye-\u015eeladize hatt\u0131na Pe\u015fmergeler yerle\u015fti haberinin ard\u0131ndaki ger\u00e7ekler - Darka Mazi\",\"isPartOf\":{\"@id\":\"https:\\\/\\\/darkamazi.site\\\/#website\"},\"primaryImageOfPage\":{\"@id\":\"https:\\\/\\\/darkamazi.site\\\/archives\\\/1028659#primaryimage\"},\"image\":{\"@id\":\"https:\\\/\\\/darkamazi.site\\\/archives\\\/1028659#primaryimage\"},\"thumbnailUrl\":\"https:\\\/\\\/darkamazi.site\\\/darka-content\\\/uploads\\\/2024\\\/02\\\/roj-news.jpg\",\"datePublished\":\"2024-02-25T09:23:53+00:00\",\"breadcrumb\":{\"@id\":\"https:\\\/\\\/darkamazi.site\\\/archives\\\/1028659#breadcrumb\"},\"inLanguage\":\"en-US\",\"potentialAction\":[{\"@type\":\"ReadAction\",\"target\":[\"https:\\\/\\\/darkamazi.site\\\/archives\\\/1028659\"]}]},{\"@type\":\"ImageObject\",\"inLanguage\":\"en-US\",\"@id\":\"https:\\\/\\\/darkamazi.site\\\/archives\\\/1028659#primaryimage\",\"url\":\"https:\\\/\\\/darkamazi.site\\\/darka-content\\\/uploads\\\/2024\\\/02\\\/roj-news.jpg\",\"contentUrl\":\"https:\\\/\\\/darkamazi.site\\\/darka-content\\\/uploads\\\/2024\\\/02\\\/roj-news.jpg\",\"width\":900,\"height\":497,\"caption\":\"PKK Medyas\u0131n\u0131n Amediye-\u015eeladize hatt\u0131na Pe\u015fmergeler yerle\u015fti haberinin ard\u0131ndaki ger\u00e7ekler, \u015feladize, amidye, Maruk suyu, Pe\u015fmerge, Irak SIn\u0131r Muhaf\u0131z g\u00fc\u00e7leri, Zerewani pe\u015fmergeleri\"},{\"@type\":\"BreadcrumbList\",\"@id\":\"https:\\\/\\\/darkamazi.site\\\/archives\\\/1028659#breadcrumb\",\"itemListElement\":[{\"@type\":\"ListItem\",\"position\":1,\"name\":\"Home\",\"item\":\"https:\\\/\\\/darkamazi.site\\\/\"},{\"@type\":\"ListItem\",\"position\":2,\"name\":\"PKK Medyas\u0131n\u0131n Amediye-\u015eeladize hatt\u0131na Pe\u015fmergeler yerle\u015fti haberinin ard\u0131ndaki ger\u00e7ekler\"}]},{\"@type\":\"WebSite\",\"@id\":\"https:\\\/\\\/darkamazi.site\\\/#website\",\"url\":\"https:\\\/\\\/darkamazi.site\\\/\",\"name\":\"Darka Mazi\",\"description\":\"Ana Sayfa\",\"publisher\":{\"@id\":\"https:\\\/\\\/darkamazi.site\\\/#organization\"},\"potentialAction\":[{\"@type\":\"SearchAction\",\"target\":{\"@type\":\"EntryPoint\",\"urlTemplate\":\"https:\\\/\\\/darkamazi.site\\\/?s={search_term_string}\"},\"query-input\":{\"@type\":\"PropertyValueSpecification\",\"valueRequired\":true,\"valueName\":\"search_term_string\"}}],\"inLanguage\":\"en-US\"},{\"@type\":\"Organization\",\"@id\":\"https:\\\/\\\/darkamazi.site\\\/#organization\",\"name\":\"Darka Mazi T\u00fcrk\u00e7e\",\"alternateName\":\"Darka Mazi\",\"url\":\"https:\\\/\\\/darkamazi.site\\\/\",\"logo\":{\"@type\":\"ImageObject\",\"inLanguage\":\"en-US\",\"@id\":\"https:\\\/\\\/darkamazi.site\\\/#\\\/schema\\\/logo\\\/image\\\/\",\"url\":\"https:\\\/\\\/darkamazi.site\\\/darka-content\\\/uploads\\\/2017\\\/12\\\/darka-mazi-logo.png\",\"contentUrl\":\"https:\\\/\\\/darkamazi.site\\\/darka-content\\\/uploads\\\/2017\\\/12\\\/darka-mazi-logo.png\",\"width\":151,\"height\":75,\"caption\":\"Darka Mazi T\u00fcrk\u00e7e\"},\"image\":{\"@id\":\"https:\\\/\\\/darkamazi.site\\\/#\\\/schema\\\/logo\\\/image\\\/\"},\"sameAs\":[\"https:\\\/\\\/www.facebook.com\\\/DarkaMaziturkce\",\"https:\\\/\\\/x.com\\\/DarkaMaziTurkce\"]},{\"@type\":\"Person\",\"@id\":\"https:\\\/\\\/darkamazi.site\\\/#\\\/schema\\\/person\\\/67986a95ac546c16760365877ef4a9d3\",\"name\":\"darka mazi\",\"sameAs\":[\"https:\\\/\\\/darkamazi.site\"],\"url\":\"https:\\\/\\\/darkamazi.site\\\/archives\\\/author\\\/turkish\"}]}<\/script>\n<!-- \/ Yoast SEO plugin. -->","seo_head_json":{"title":"PKK Medyas\u0131n\u0131n Amediye-\u015eeladize hatt\u0131na Pe\u015fmergeler yerle\u015fti haberinin ard\u0131ndaki ger\u00e7ekler - Darka Mazi","robots":{"index":"index","follow":"follow","max-snippet":"max-snippet:-1","max-image-preview":"max-image-preview:large","max-video-preview":"max-video-preview:-1"},"canonical":"https:\/\/darkamazi.site\/archives\/1028659","og_locale":"en_US","og_type":"article","og_title":"PKK Medyas\u0131n\u0131n Amediye-\u015eeladize hatt\u0131na Pe\u015fmergeler yerle\u015fti haberinin ard\u0131ndaki ger\u00e7ekler - Darka Mazi","og_description":"PKK Medyas\u0131 ge\u00e7ti\u011fimiz Cuma g\u00fcn\u00fcnden bu yana \u015eeladize-Amediye hatt\u0131nda bulunan b\u00f6lgeye yerle\u015fen Irak S\u0131n\u0131r Muhaf\u0131zlar\u0131 ile ilgili yalan haber yapmaya devam ediyor. PKK\u2019nin ANF, Mezopotamya Ajans\u0131, Rojnews\u2019in bilinmeyen kaynaklar ve sahte ki\u015filere dayand\u0131rd\u0131\u011f\u0131 haber ve yalan seslendirmeler ile yapt\u0131klar\u0131 haberler ile komuoyunu yan\u0131ltma ve kendileri i\u00e7in baz\u0131 konularda zemin haz\u0131rlama olarak okumak yanl\u0131\u015f olmayacakt\u0131r. Irak [&hellip;]","og_url":"https:\/\/darkamazi.site\/archives\/1028659","og_site_name":"Darka Mazi","article_publisher":"https:\/\/www.facebook.com\/DarkaMaziturkce","article_published_time":"2024-02-25T09:23:53+00:00","og_image":[{"width":900,"height":497,"url":"https:\/\/darkamazi.site\/file\/2024\/02\/roj-news.jpg","type":"image\/jpeg"}],"author":"darka mazi","twitter_card":"summary_large_image","twitter_creator":"@DarkaMaziTurkce","twitter_site":"@DarkaMaziTurkce","twitter_misc":{"Written by":"darka mazi","Est. reading time":"3 minutes"},"schema":{"@context":"https:\/\/schema.org","@graph":[{"@type":"NewsArticle","@id":"https:\/\/darkamazi.site\/archives\/1028659#article","isPartOf":{"@id":"https:\/\/darkamazi.site\/archives\/1028659"},"author":{"name":"darka mazi","@id":"https:\/\/darkamazi.site\/#\/schema\/person\/67986a95ac546c16760365877ef4a9d3"},"headline":"PKK Medyas\u0131n\u0131n Amediye-\u015eeladize hatt\u0131na Pe\u015fmergeler yerle\u015fti haberinin ard\u0131ndaki ger\u00e7ekler","datePublished":"2024-02-25T09:23:53+00:00","mainEntityOfPage":{"@id":"https:\/\/darkamazi.site\/archives\/1028659"},"wordCount":862,"publisher":{"@id":"https:\/\/darkamazi.site\/#organization"},"image":{"@id":"https:\/\/darkamazi.site\/archives\/1028659#primaryimage"},"thumbnailUrl":"https:\/\/darkamazi.site\/file\/2024\/02\/roj-news.jpg","keywords":["\u00f6nemli"],"articleSection":["Kurdistan"],"inLanguage":"en-US"},{"@type":"WebPage","@id":"https:\/\/darkamazi.site\/archives\/1028659","url":"https:\/\/darkamazi.site\/archives\/1028659","name":"PKK Medyas\u0131n\u0131n Amediye-\u015eeladize hatt\u0131na Pe\u015fmergeler yerle\u015fti haberinin ard\u0131ndaki ger\u00e7ekler - Darka Mazi","isPartOf":{"@id":"https:\/\/darkamazi.site\/#website"},"primaryImageOfPage":{"@id":"https:\/\/darkamazi.site\/archives\/1028659#primaryimage"},"image":{"@id":"https:\/\/darkamazi.site\/archives\/1028659#primaryimage"},"thumbnailUrl":"https:\/\/darkamazi.site\/file\/2024\/02\/roj-news.jpg","datePublished":"2024-02-25T09:23:53+00:00","breadcrumb":{"@id":"https:\/\/darkamazi.site\/archives\/1028659#breadcrumb"},"inLanguage":"en-US","potentialAction":[{"@type":"ReadAction","target":["https:\/\/darkamazi.site\/archives\/1028659"]}]},{"@type":"ImageObject","inLanguage":"en-US","@id":"https:\/\/darkamazi.site\/archives\/1028659#primaryimage","url":"https:\/\/darkamazi.site\/file\/2024\/02\/roj-news.jpg","contentUrl":"https:\/\/darkamazi.site\/file\/2024\/02\/roj-news.jpg","width":900,"height":497,"caption":"PKK Medyas\u0131n\u0131n Amediye-\u015eeladize hatt\u0131na Pe\u015fmergeler yerle\u015fti haberinin ard\u0131ndaki ger\u00e7ekler, \u015feladize, amidye, Maruk suyu, Pe\u015fmerge, Irak SIn\u0131r Muhaf\u0131z g\u00fc\u00e7leri, Zerewani pe\u015fmergeleri"},{"@type":"BreadcrumbList","@id":"https:\/\/darkamazi.site\/archives\/1028659#breadcrumb","itemListElement":[{"@type":"ListItem","position":1,"name":"Home","item":"https:\/\/darkamazi.site\/"},{"@type":"ListItem","position":2,"name":"PKK Medyas\u0131n\u0131n Amediye-\u015eeladize hatt\u0131na Pe\u015fmergeler yerle\u015fti haberinin ard\u0131ndaki ger\u00e7ekler"}]},{"@type":"WebSite","@id":"https:\/\/darkamazi.site\/#website","url":"https:\/\/darkamazi.site\/","name":"Darka Mazi","description":"Ana Sayfa","publisher":{"@id":"https:\/\/darkamazi.site\/#organization"},"potentialAction":[{"@type":"SearchAction","target":{"@type":"EntryPoint","urlTemplate":"https:\/\/darkamazi.site\/?s={search_term_string}"},"query-input":{"@type":"PropertyValueSpecification","valueRequired":true,"valueName":"search_term_string"}}],"inLanguage":"en-US"},{"@type":"Organization","@id":"https:\/\/darkamazi.site\/#organization","name":"Darka Mazi T\u00fcrk\u00e7e","alternateName":"Darka Mazi","url":"https:\/\/darkamazi.site\/","logo":{"@type":"ImageObject","inLanguage":"en-US","@id":"https:\/\/darkamazi.site\/#\/schema\/logo\/image\/","url":"https:\/\/darkamazi.site\/file\/2017\/12\/darka-mazi-logo.png","contentUrl":"https:\/\/darkamazi.site\/file\/2017\/12\/darka-mazi-logo.png","width":151,"height":75,"caption":"Darka Mazi T\u00fcrk\u00e7e"},"image":{"@id":"https:\/\/darkamazi.site\/#\/schema\/logo\/image\/"},"sameAs":["https:\/\/www.facebook.com\/DarkaMaziturkce","https:\/\/x.com\/DarkaMaziTurkce"]},{"@type":"Person","@id":"https:\/\/darkamazi.site\/#\/schema\/person\/67986a95ac546c16760365877ef4a9d3","name":"darka mazi","sameAs":["https:\/\/darkamazi.site"],"url":"https:\/\/darkamazi.site\/archives\/author\/turkish"}]}},"_links":{"self":[{"href":"https:\/\/darkamazi.site\/funavuv\/wp\/v2\/posts\/1028659","targetHints":{"allow":["GET"]}}],"collection":[{"href":"https:\/\/darkamazi.site\/funavuv\/wp\/v2\/posts"}],"about":[{"href":"https:\/\/darkamazi.site\/funavuv\/wp\/v2\/types\/post"}],"author":[{"embeddable":true,"href":"https:\/\/darkamazi.site\/funavuv\/wp\/v2\/users\/2"}],"replies":[{"embeddable":true,"href":"https:\/\/darkamazi.site\/funavuv\/wp\/v2\/comments?post=1028659"}],"version-history":[{"count":0,"href":"https:\/\/darkamazi.site\/funavuv\/wp\/v2\/posts\/1028659\/revisions"}],"wp:featuredmedia":[{"embeddable":true,"href":"https:\/\/darkamazi.site\/funavuv\/wp\/v2\/media\/1028660"}],"wp:attachment":[{"href":"https:\/\/darkamazi.site\/funavuv\/wp\/v2\/media?parent=1028659"}],"wp:term":[{"taxonomy":"category","embeddable":true,"href":"https:\/\/darkamazi.site\/funavuv\/wp\/v2\/categories?post=1028659"},{"taxonomy":"post_tag","embeddable":true,"href":"https:\/\/darkamazi.site\/funavuv\/wp\/v2\/tags?post=1028659"}],"curies":[{"name":"wp","href":"https:\/\/api.w.org\/{rel}","templated":true}]}}