{"id":1028924,"date":"2024-03-18T23:54:10","date_gmt":"2024-03-18T20:54:10","guid":{"rendered":"https:\/\/darkamazi.site\/?p=1028924"},"modified":"2024-03-18T23:54:10","modified_gmt":"2024-03-18T20:54:10","slug":"kdp-secime-girse-birinci-parti-olur-ama-kurdistan-bolgesine-donuk-komplolarla-mucadeleyi-tercih-etti","status":"publish","type":"post","link":"https:\/\/darkamazi.site\/archives\/1028924","title":{"rendered":"KDP se\u00e7ime girse birinci parti olur ama K\u00fcrdistan B\u00f6lgesine d\u00f6n\u00fck komplolarla m\u00fccadeleyi tercih etti"},"content":{"rendered":"<p style=\"text-align: justify\">KDP\u2019nin bug\u00fcn yapt\u0131\u011f\u0131 bir a\u00e7\u0131klama ile K\u00fcrdistan B\u00f6lgesinde Nisan ay\u0131nda yap\u0131lmas\u0131 planan se\u00e7ime girmeyece\u011fini duyurmas\u0131 b\u00fcy\u00fck bir etki yaratt\u0131. Irak ve Ortado\u011fu\u2019da \u00f6nemli bir siyasal akt\u00f6r olan KDP\u2019nin se\u00e7im boykotu Irak devleti i\u00e7in de \u00f6nemli bir siyasal geli\u015fmeydi.<br \/>\nKDP \u015fu ana de\u011fin K\u00fcrdistan b\u00f6lgesinde yap\u0131lan t\u00fcm se\u00e7imlerde birinci parti olarak \u00e7\u0131kt\u0131. Sadece K\u00fcrdistan\u2019da de\u011fil Irak parlamento se\u00e7imlerinde de K\u00fcrtler i\u00e7inde birinci parti \u00e7\u0131kt\u0131 ve Irak\u2019ta da \u00e7ok \u00f6nemli bir yer ald\u0131. \u00d6rne\u011fin KDP\u2019nin olmad\u0131\u011f\u0131 bir Irak meclisi yeterli \u00e7o\u011funlu\u011fu sa\u011flay\u0131p ba\u015fkanbakan ve meclis ba\u015fkan\u0131 se\u00e7emiyordu. Bu nedenle KDP\u2019nin boykot karar\u0131 bir se\u00e7im karar\u0131 de\u011fil \u00f6z\u00fcnde \u00e7ok daha geni\u015f bir \u00e7er\u00e7eveden ele al\u0131nmal\u0131d\u0131r. Mesele se\u00e7im \u00f6tesindedir ve K\u00fcrdistan B\u00f6lgesine kar\u015f\u0131 yapan bask\u0131lara kar\u015f\u0131 verilen bir cevapt\u0131r.<\/p>\n<p style=\"text-align: justify\">Bu konuda KDP\u2019nin \u00fcst d\u00fczey y\u00f6neticilerinden ayr\u0131ca ayd\u0131n ve yazar kimli\u011fi ile de tan\u0131nan Teyip Zirar bir a\u00e7\u0131klama yapt\u0131. Kendi Facebook sayfas\u0131ndan a\u00e7\u0131klama yapan Zirar \u201cE\u011fer se\u00e7im yap\u0131l\u0131rsa KDP\u2019nin in birinci olaca\u011f\u0131na \u015f\u00fcphe yok. Ama o K\u00fcrdistan B\u00f6lgesi&#8217;nin onuru ve komplolarla m\u00fccadelenin partinin birincili\u011finden ve her \u015feyden daha \u00f6nemli oldu\u011funu karar verdi ve bunun i\u00e7in karar verdi\u201d dedi.<\/p>\n<p style=\"text-align: justify\">Zirar yapt\u0131\u011f\u0131 yorumda: Se\u00e7im yap\u0131l\u0131rsa partinin birinci olaca\u011f\u0131n\u0131, se\u00e7im yap\u0131l\u0131rsa t\u00fcm m\u00fcdahalelere, hack ve sahtekarl\u0131klara ra\u011fmen PDK birinci parti olacakt\u0131r. Fakat \u00f6nemli olan bu de\u011fildir. K\u00fcrdistan B\u00f6lgesinin stat\u00fcs\u00fcn\u00fc d\u00fc\u015f\u00fcrme, anayasay\u0131 hi\u00e7e sayma ve Federal Mahkemenin K\u00fcrtleri yok sayma giri\u015fimlerine kar\u015f\u0131 m\u00fccadele se\u00e7im sonu\u00e7lar\u0131ndan daha \u00f6nemlidir\u201d dedi.<\/p>\n<p style=\"text-align: justify\">Ayr\u0131ca \u015funu da ortaya koydu: &#8220;T\u00fcm bu ger\u00e7eklerin sayg\u0131nl\u0131\u011f\u0131, ancak K\u00fcrdistan B\u00f6lgesi&#8217;ndeki ofislerin de\u011ferini d\u00fc\u015f\u00fcrme plan\u0131yla, K\u00fcrdistan B\u00f6lgesi&#8217;nin onurunu yok etme giri\u015fimiyle, Federal Mahkemenin m\u00fcdahaleleriyle ve anayasan\u0131n ve di\u011fer t\u00fcm kurallar\u0131n ihlaliyle y\u00fczle\u015fmeden.&#8221; planlar hepsinden daha \u00f6nemlidir.&#8221;<\/p>\n<p style=\"text-align: justify\">Zirari ayr\u0131ca i\u00e7 ihanete de dikkat \u00e7ekti ve \u201cK\u00fcrdistan davas\u0131n\u0131 ortadan kald\u0131r\u0131p, K\u00fcrdistan\u0131 alt\u0131n tepside Irak\u2019a sunma giri\u015fime kar\u015f\u0131 da bir tutumdur\u201d dedi.<\/p>\n<p style=\"text-align: justify\">Zirari de\u011ferlendirmesinin sonunda se\u00e7imin yap\u0131lmamas\u0131 \u201cK\u00fcrdistan B\u00f6lgesine kar\u015f\u0131 yap\u0131lan komplonun \u00f6nlenmesidir\u201d dedi.<\/p>\n","protected":false},"excerpt":{"rendered":"<p>KDP\u2019nin bug\u00fcn yapt\u0131\u011f\u0131 bir a\u00e7\u0131klama ile K\u00fcrdistan B\u00f6lgesinde Nisan ay\u0131nda yap\u0131lmas\u0131 planan se\u00e7ime girmeyece\u011fini duyurmas\u0131 b\u00fcy\u00fck bir etki yaratt\u0131. Irak ve Ortado\u011fu\u2019da \u00f6nemli bir siyasal akt\u00f6r olan KDP\u2019nin se\u00e7im boykotu Irak devleti i\u00e7in de \u00f6nemli bir siyasal geli\u015fmeydi. KDP \u015fu ana de\u011fin K\u00fcrdistan b\u00f6lgesinde yap\u0131lan t\u00fcm se\u00e7imlerde birinci parti olarak \u00e7\u0131kt\u0131. Sadece K\u00fcrdistan\u2019da de\u011fil Irak [&hellip;]<\/p>\n","protected":false},"author":2,"featured_media":1028925,"comment_status":"closed","ping_status":"closed","sticky":false,"template":"","format":"standard","meta":{"footnotes":""},"categories":[3],"tags":[31],"class_list":["post-1028924","post","type-post","status-publish","format-standard","has-post-thumbnail","hentry","category-kurdistan","tag-onemli"],"blocksy_meta":[],"seo_head":"<!-- This site is optimized with the Yoast SEO plugin v27.5 - https:\/\/yoast.com\/product\/yoast-seo-wordpress\/ -->\n<title>KDP se\u00e7ime girse birinci parti olur ama K\u00fcrdistan B\u00f6lgesine d\u00f6n\u00fck komplolarla m\u00fccadeleyi tercih etti - Darka Mazi<\/title>\n<meta name=\"robots\" content=\"index, follow, max-snippet:-1, max-image-preview:large, max-video-preview:-1\" \/>\n<link rel=\"canonical\" href=\"https:\/\/darkamazi.site\/archives\/1028924\" \/>\n<meta property=\"og:locale\" content=\"en_US\" \/>\n<meta property=\"og:type\" content=\"article\" \/>\n<meta property=\"og:title\" content=\"KDP se\u00e7ime girse birinci parti olur ama K\u00fcrdistan B\u00f6lgesine d\u00f6n\u00fck komplolarla m\u00fccadeleyi tercih etti - Darka Mazi\" \/>\n<meta property=\"og:description\" content=\"KDP\u2019nin bug\u00fcn yapt\u0131\u011f\u0131 bir a\u00e7\u0131klama ile K\u00fcrdistan B\u00f6lgesinde Nisan ay\u0131nda yap\u0131lmas\u0131 planan se\u00e7ime girmeyece\u011fini duyurmas\u0131 b\u00fcy\u00fck bir etki yaratt\u0131. Irak ve Ortado\u011fu\u2019da \u00f6nemli bir siyasal akt\u00f6r olan KDP\u2019nin se\u00e7im boykotu Irak devleti i\u00e7in de \u00f6nemli bir siyasal geli\u015fmeydi. KDP \u015fu ana de\u011fin K\u00fcrdistan b\u00f6lgesinde yap\u0131lan t\u00fcm se\u00e7imlerde birinci parti olarak \u00e7\u0131kt\u0131. Sadece K\u00fcrdistan\u2019da de\u011fil Irak [&hellip;]\" \/>\n<meta property=\"og:url\" content=\"https:\/\/darkamazi.site\/archives\/1028924\" \/>\n<meta property=\"og:site_name\" content=\"Darka Mazi\" \/>\n<meta property=\"article:publisher\" content=\"https:\/\/www.facebook.com\/DarkaMaziturkce\" \/>\n<meta property=\"article:published_time\" content=\"2024-03-18T20:54:10+00:00\" \/>\n<meta property=\"og:image\" content=\"https:\/\/darkamazi.site\/file\/2024\/03\/279255786_510065847459460_1268761015438142787_n.jpg\" \/>\n\t<meta property=\"og:image:width\" content=\"960\" \/>\n\t<meta property=\"og:image:height\" content=\"640\" \/>\n\t<meta property=\"og:image:type\" content=\"image\/jpeg\" \/>\n<meta name=\"author\" content=\"darka mazi\" \/>\n<meta name=\"twitter:card\" content=\"summary_large_image\" \/>\n<meta name=\"twitter:creator\" content=\"@DarkaMaziTurkce\" \/>\n<meta name=\"twitter:site\" content=\"@DarkaMaziTurkce\" \/>\n<meta name=\"twitter:label1\" content=\"Written by\" \/>\n\t<meta name=\"twitter:data1\" content=\"darka mazi\" \/>\n\t<meta name=\"twitter:label2\" content=\"Est. reading time\" \/>\n\t<meta name=\"twitter:data2\" content=\"2 minutes\" \/>\n<script type=\"application\/ld+json\" class=\"seo-schema-graph\">{\"@context\":\"https:\\\/\\\/schema.org\",\"@graph\":[{\"@type\":\"NewsArticle\",\"@id\":\"https:\\\/\\\/darkamazi.site\\\/archives\\\/1028924#article\",\"isPartOf\":{\"@id\":\"https:\\\/\\\/darkamazi.site\\\/archives\\\/1028924\"},\"author\":{\"name\":\"darka mazi\",\"@id\":\"https:\\\/\\\/darkamazi.site\\\/#\\\/schema\\\/person\\\/67986a95ac546c16760365877ef4a9d3\"},\"headline\":\"KDP se\u00e7ime girse birinci parti olur ama K\u00fcrdistan B\u00f6lgesine d\u00f6n\u00fck komplolarla m\u00fccadeleyi tercih etti\",\"datePublished\":\"2024-03-18T20:54:10+00:00\",\"mainEntityOfPage\":{\"@id\":\"https:\\\/\\\/darkamazi.site\\\/archives\\\/1028924\"},\"wordCount\":448,\"publisher\":{\"@id\":\"https:\\\/\\\/darkamazi.site\\\/#organization\"},\"image\":{\"@id\":\"https:\\\/\\\/darkamazi.site\\\/archives\\\/1028924#primaryimage\"},\"thumbnailUrl\":\"https:\\\/\\\/darkamazi.site\\\/darka-content\\\/uploads\\\/2024\\\/03\\\/279255786_510065847459460_1268761015438142787_n.jpg\",\"keywords\":[\"\u00f6nemli\"],\"articleSection\":[\"Kurdistan\"],\"inLanguage\":\"en-US\"},{\"@type\":\"WebPage\",\"@id\":\"https:\\\/\\\/darkamazi.site\\\/archives\\\/1028924\",\"url\":\"https:\\\/\\\/darkamazi.site\\\/archives\\\/1028924\",\"name\":\"KDP se\u00e7ime girse birinci parti olur ama K\u00fcrdistan B\u00f6lgesine d\u00f6n\u00fck komplolarla m\u00fccadeleyi tercih etti - Darka Mazi\",\"isPartOf\":{\"@id\":\"https:\\\/\\\/darkamazi.site\\\/#website\"},\"primaryImageOfPage\":{\"@id\":\"https:\\\/\\\/darkamazi.site\\\/archives\\\/1028924#primaryimage\"},\"image\":{\"@id\":\"https:\\\/\\\/darkamazi.site\\\/archives\\\/1028924#primaryimage\"},\"thumbnailUrl\":\"https:\\\/\\\/darkamazi.site\\\/darka-content\\\/uploads\\\/2024\\\/03\\\/279255786_510065847459460_1268761015438142787_n.jpg\",\"datePublished\":\"2024-03-18T20:54:10+00:00\",\"breadcrumb\":{\"@id\":\"https:\\\/\\\/darkamazi.site\\\/archives\\\/1028924#breadcrumb\"},\"inLanguage\":\"en-US\",\"potentialAction\":[{\"@type\":\"ReadAction\",\"target\":[\"https:\\\/\\\/darkamazi.site\\\/archives\\\/1028924\"]}]},{\"@type\":\"ImageObject\",\"inLanguage\":\"en-US\",\"@id\":\"https:\\\/\\\/darkamazi.site\\\/archives\\\/1028924#primaryimage\",\"url\":\"https:\\\/\\\/darkamazi.site\\\/darka-content\\\/uploads\\\/2024\\\/03\\\/279255786_510065847459460_1268761015438142787_n.jpg\",\"contentUrl\":\"https:\\\/\\\/darkamazi.site\\\/darka-content\\\/uploads\\\/2024\\\/03\\\/279255786_510065847459460_1268761015438142787_n.jpg\",\"width\":960,\"height\":640,\"caption\":\"KDP se\u00e7ime girse birinci parti olur ama K\u00fcrdistan B\u00f6lgesine d\u00f6n\u00fck komplolarla m\u00fccadeleyi tercih etti\"},{\"@type\":\"BreadcrumbList\",\"@id\":\"https:\\\/\\\/darkamazi.site\\\/archives\\\/1028924#breadcrumb\",\"itemListElement\":[{\"@type\":\"ListItem\",\"position\":1,\"name\":\"Home\",\"item\":\"https:\\\/\\\/darkamazi.site\\\/\"},{\"@type\":\"ListItem\",\"position\":2,\"name\":\"KDP se\u00e7ime girse birinci parti olur ama K\u00fcrdistan B\u00f6lgesine d\u00f6n\u00fck komplolarla m\u00fccadeleyi tercih etti\"}]},{\"@type\":\"WebSite\",\"@id\":\"https:\\\/\\\/darkamazi.site\\\/#website\",\"url\":\"https:\\\/\\\/darkamazi.site\\\/\",\"name\":\"Darka Mazi\",\"description\":\"Ana Sayfa\",\"publisher\":{\"@id\":\"https:\\\/\\\/darkamazi.site\\\/#organization\"},\"potentialAction\":[{\"@type\":\"SearchAction\",\"target\":{\"@type\":\"EntryPoint\",\"urlTemplate\":\"https:\\\/\\\/darkamazi.site\\\/?s={search_term_string}\"},\"query-input\":{\"@type\":\"PropertyValueSpecification\",\"valueRequired\":true,\"valueName\":\"search_term_string\"}}],\"inLanguage\":\"en-US\"},{\"@type\":\"Organization\",\"@id\":\"https:\\\/\\\/darkamazi.site\\\/#organization\",\"name\":\"Darka Mazi T\u00fcrk\u00e7e\",\"alternateName\":\"Darka Mazi\",\"url\":\"https:\\\/\\\/darkamazi.site\\\/\",\"logo\":{\"@type\":\"ImageObject\",\"inLanguage\":\"en-US\",\"@id\":\"https:\\\/\\\/darkamazi.site\\\/#\\\/schema\\\/logo\\\/image\\\/\",\"url\":\"https:\\\/\\\/darkamazi.site\\\/darka-content\\\/uploads\\\/2017\\\/12\\\/darka-mazi-logo.png\",\"contentUrl\":\"https:\\\/\\\/darkamazi.site\\\/darka-content\\\/uploads\\\/2017\\\/12\\\/darka-mazi-logo.png\",\"width\":151,\"height\":75,\"caption\":\"Darka Mazi T\u00fcrk\u00e7e\"},\"image\":{\"@id\":\"https:\\\/\\\/darkamazi.site\\\/#\\\/schema\\\/logo\\\/image\\\/\"},\"sameAs\":[\"https:\\\/\\\/www.facebook.com\\\/DarkaMaziturkce\",\"https:\\\/\\\/x.com\\\/DarkaMaziTurkce\"]},{\"@type\":\"Person\",\"@id\":\"https:\\\/\\\/darkamazi.site\\\/#\\\/schema\\\/person\\\/67986a95ac546c16760365877ef4a9d3\",\"name\":\"darka mazi\",\"sameAs\":[\"https:\\\/\\\/darkamazi.site\"],\"url\":\"https:\\\/\\\/darkamazi.site\\\/archives\\\/author\\\/turkish\"}]}<\/script>\n<!-- \/ Yoast SEO plugin. -->","seo_head_json":{"title":"KDP se\u00e7ime girse birinci parti olur ama K\u00fcrdistan B\u00f6lgesine d\u00f6n\u00fck komplolarla m\u00fccadeleyi tercih etti - Darka Mazi","robots":{"index":"index","follow":"follow","max-snippet":"max-snippet:-1","max-image-preview":"max-image-preview:large","max-video-preview":"max-video-preview:-1"},"canonical":"https:\/\/darkamazi.site\/archives\/1028924","og_locale":"en_US","og_type":"article","og_title":"KDP se\u00e7ime girse birinci parti olur ama K\u00fcrdistan B\u00f6lgesine d\u00f6n\u00fck komplolarla m\u00fccadeleyi tercih etti - Darka Mazi","og_description":"KDP\u2019nin bug\u00fcn yapt\u0131\u011f\u0131 bir a\u00e7\u0131klama ile K\u00fcrdistan B\u00f6lgesinde Nisan ay\u0131nda yap\u0131lmas\u0131 planan se\u00e7ime girmeyece\u011fini duyurmas\u0131 b\u00fcy\u00fck bir etki yaratt\u0131. Irak ve Ortado\u011fu\u2019da \u00f6nemli bir siyasal akt\u00f6r olan KDP\u2019nin se\u00e7im boykotu Irak devleti i\u00e7in de \u00f6nemli bir siyasal geli\u015fmeydi. KDP \u015fu ana de\u011fin K\u00fcrdistan b\u00f6lgesinde yap\u0131lan t\u00fcm se\u00e7imlerde birinci parti olarak \u00e7\u0131kt\u0131. Sadece K\u00fcrdistan\u2019da de\u011fil Irak [&hellip;]","og_url":"https:\/\/darkamazi.site\/archives\/1028924","og_site_name":"Darka Mazi","article_publisher":"https:\/\/www.facebook.com\/DarkaMaziturkce","article_published_time":"2024-03-18T20:54:10+00:00","og_image":[{"width":960,"height":640,"url":"https:\/\/darkamazi.site\/file\/2024\/03\/279255786_510065847459460_1268761015438142787_n.jpg","type":"image\/jpeg"}],"author":"darka mazi","twitter_card":"summary_large_image","twitter_creator":"@DarkaMaziTurkce","twitter_site":"@DarkaMaziTurkce","twitter_misc":{"Written by":"darka mazi","Est. reading time":"2 minutes"},"schema":{"@context":"https:\/\/schema.org","@graph":[{"@type":"NewsArticle","@id":"https:\/\/darkamazi.site\/archives\/1028924#article","isPartOf":{"@id":"https:\/\/darkamazi.site\/archives\/1028924"},"author":{"name":"darka mazi","@id":"https:\/\/darkamazi.site\/#\/schema\/person\/67986a95ac546c16760365877ef4a9d3"},"headline":"KDP se\u00e7ime girse birinci parti olur ama K\u00fcrdistan B\u00f6lgesine d\u00f6n\u00fck komplolarla m\u00fccadeleyi tercih etti","datePublished":"2024-03-18T20:54:10+00:00","mainEntityOfPage":{"@id":"https:\/\/darkamazi.site\/archives\/1028924"},"wordCount":448,"publisher":{"@id":"https:\/\/darkamazi.site\/#organization"},"image":{"@id":"https:\/\/darkamazi.site\/archives\/1028924#primaryimage"},"thumbnailUrl":"https:\/\/darkamazi.site\/file\/2024\/03\/279255786_510065847459460_1268761015438142787_n.jpg","keywords":["\u00f6nemli"],"articleSection":["Kurdistan"],"inLanguage":"en-US"},{"@type":"WebPage","@id":"https:\/\/darkamazi.site\/archives\/1028924","url":"https:\/\/darkamazi.site\/archives\/1028924","name":"KDP se\u00e7ime girse birinci parti olur ama K\u00fcrdistan B\u00f6lgesine d\u00f6n\u00fck komplolarla m\u00fccadeleyi tercih etti - Darka Mazi","isPartOf":{"@id":"https:\/\/darkamazi.site\/#website"},"primaryImageOfPage":{"@id":"https:\/\/darkamazi.site\/archives\/1028924#primaryimage"},"image":{"@id":"https:\/\/darkamazi.site\/archives\/1028924#primaryimage"},"thumbnailUrl":"https:\/\/darkamazi.site\/file\/2024\/03\/279255786_510065847459460_1268761015438142787_n.jpg","datePublished":"2024-03-18T20:54:10+00:00","breadcrumb":{"@id":"https:\/\/darkamazi.site\/archives\/1028924#breadcrumb"},"inLanguage":"en-US","potentialAction":[{"@type":"ReadAction","target":["https:\/\/darkamazi.site\/archives\/1028924"]}]},{"@type":"ImageObject","inLanguage":"en-US","@id":"https:\/\/darkamazi.site\/archives\/1028924#primaryimage","url":"https:\/\/darkamazi.site\/file\/2024\/03\/279255786_510065847459460_1268761015438142787_n.jpg","contentUrl":"https:\/\/darkamazi.site\/file\/2024\/03\/279255786_510065847459460_1268761015438142787_n.jpg","width":960,"height":640,"caption":"KDP se\u00e7ime girse birinci parti olur ama K\u00fcrdistan B\u00f6lgesine d\u00f6n\u00fck komplolarla m\u00fccadeleyi tercih etti"},{"@type":"BreadcrumbList","@id":"https:\/\/darkamazi.site\/archives\/1028924#breadcrumb","itemListElement":[{"@type":"ListItem","position":1,"name":"Home","item":"https:\/\/darkamazi.site\/"},{"@type":"ListItem","position":2,"name":"KDP se\u00e7ime girse birinci parti olur ama K\u00fcrdistan B\u00f6lgesine d\u00f6n\u00fck komplolarla m\u00fccadeleyi tercih etti"}]},{"@type":"WebSite","@id":"https:\/\/darkamazi.site\/#website","url":"https:\/\/darkamazi.site\/","name":"Darka Mazi","description":"Ana Sayfa","publisher":{"@id":"https:\/\/darkamazi.site\/#organization"},"potentialAction":[{"@type":"SearchAction","target":{"@type":"EntryPoint","urlTemplate":"https:\/\/darkamazi.site\/?s={search_term_string}"},"query-input":{"@type":"PropertyValueSpecification","valueRequired":true,"valueName":"search_term_string"}}],"inLanguage":"en-US"},{"@type":"Organization","@id":"https:\/\/darkamazi.site\/#organization","name":"Darka Mazi T\u00fcrk\u00e7e","alternateName":"Darka Mazi","url":"https:\/\/darkamazi.site\/","logo":{"@type":"ImageObject","inLanguage":"en-US","@id":"https:\/\/darkamazi.site\/#\/schema\/logo\/image\/","url":"https:\/\/darkamazi.site\/file\/2017\/12\/darka-mazi-logo.png","contentUrl":"https:\/\/darkamazi.site\/file\/2017\/12\/darka-mazi-logo.png","width":151,"height":75,"caption":"Darka Mazi T\u00fcrk\u00e7e"},"image":{"@id":"https:\/\/darkamazi.site\/#\/schema\/logo\/image\/"},"sameAs":["https:\/\/www.facebook.com\/DarkaMaziturkce","https:\/\/x.com\/DarkaMaziTurkce"]},{"@type":"Person","@id":"https:\/\/darkamazi.site\/#\/schema\/person\/67986a95ac546c16760365877ef4a9d3","name":"darka mazi","sameAs":["https:\/\/darkamazi.site"],"url":"https:\/\/darkamazi.site\/archives\/author\/turkish"}]}},"_links":{"self":[{"href":"https:\/\/darkamazi.site\/funavuv\/wp\/v2\/posts\/1028924","targetHints":{"allow":["GET"]}}],"collection":[{"href":"https:\/\/darkamazi.site\/funavuv\/wp\/v2\/posts"}],"about":[{"href":"https:\/\/darkamazi.site\/funavuv\/wp\/v2\/types\/post"}],"author":[{"embeddable":true,"href":"https:\/\/darkamazi.site\/funavuv\/wp\/v2\/users\/2"}],"replies":[{"embeddable":true,"href":"https:\/\/darkamazi.site\/funavuv\/wp\/v2\/comments?post=1028924"}],"version-history":[{"count":0,"href":"https:\/\/darkamazi.site\/funavuv\/wp\/v2\/posts\/1028924\/revisions"}],"wp:featuredmedia":[{"embeddable":true,"href":"https:\/\/darkamazi.site\/funavuv\/wp\/v2\/media\/1028925"}],"wp:attachment":[{"href":"https:\/\/darkamazi.site\/funavuv\/wp\/v2\/media?parent=1028924"}],"wp:term":[{"taxonomy":"category","embeddable":true,"href":"https:\/\/darkamazi.site\/funavuv\/wp\/v2\/categories?post=1028924"},{"taxonomy":"post_tag","embeddable":true,"href":"https:\/\/darkamazi.site\/funavuv\/wp\/v2\/tags?post=1028924"}],"curies":[{"name":"wp","href":"https:\/\/api.w.org\/{rel}","templated":true}]}}