{"id":1028927,"date":"2024-03-19T12:01:04","date_gmt":"2024-03-19T09:01:04","guid":{"rendered":"https:\/\/darkamazi.site\/?p=1028927"},"modified":"2024-03-19T12:01:04","modified_gmt":"2024-03-19T09:01:04","slug":"karayilanin-mujdesi-kurtleri-yeni-bir-karanliga-ve-kaybetmeye-surukleyecek","status":"publish","type":"post","link":"https:\/\/darkamazi.site\/archives\/1028927","title":{"rendered":"Karay\u0131lan\u2019\u0131n m\u00fcjdesi K\u00fcrtleri yeni bir karanl\u0131\u011fa ve kaybetmeye s\u00fcr\u00fckleyecek"},"content":{"rendered":"<p style=\"text-align: justify\">Murat Karay\u0131lan\u2019\u0131n son olarak PKK\u2019nin yay\u0131n organ\u0131 ANF\u2019ye verdi\u011fi r\u00f6portaj \u00f6n\u00fcm\u00fczdeki s\u00fcre\u00e7te K\u00fcrtleri ne kadar zor bir d\u00f6nemin ba\u015flad\u0131\u011f\u0131n\u0131 anlamak a\u00e7\u0131s\u0131ndan olduk\u00e7a \u00f6nemli. \u00a0Karay\u0131lan\u2019\u0131n a\u00e7\u0131klamalar\u0131 K\u00fcrtleri bir i\u00e7 sava\u015fa s\u00fcr\u00fckleyecek ve K\u00fcrtler aras\u0131 nefret tohumlar\u0131 eken bir d\u00f6nemin i\u015faret fi\u015fe\u011finin at\u0131ld\u0131\u011f\u0131n\u0131 g\u00f6steriyor. Birka\u00e7 ba\u015fl\u0131k alt\u0131nda Karay\u0131lan\u2019\u0131n konu\u015fmas\u0131n\u0131 de\u011ferlendirirsek<\/p>\n<p style=\"text-align: justify\"><strong>PKK ne m\u00fcjdesi verecek? <\/strong><\/p>\n<p style=\"text-align: justify\">Karay\u0131lan ortaya \u201cbir m\u00fcjde verece\u011fiz\u201d gibi pop\u00fcler ve magazin konusu olacak bir s\u00f6z att\u0131. PKK\u2019nin hendek hezimetinden bu yana nefes alamaz duruma gelen Kuzey kitlesi ve baz\u0131 \u00e7evreler yeni \u00e7\u00f6z\u00fcm s\u00fcreci ba\u015fl\u0131yor diye b\u00fcy\u00fck bir sevin\u00e7 ya\u015fad\u0131lar.\u00a0 Oysa ki ko\u015fular \u015fu anda PKK-T\u00fcrkiye aras\u0131nda yeni bir diyalog s\u00fcrecine bek izin vermiyor. \u00c7\u00fcnk\u00fc PKK\u2019nin d\u0131\u015far\u0131daki y\u00f6netimi ve ana kadro g\u00f6vdesi \u015fu anda \u0130ran\u2019\u0131n ve Irak\u2019\u0131n izin verdi\u011fi ko\u015fullarda S\u00fcleymaniye-Asos hatt\u0131nda ya\u015famakta ve \u00e7al\u0131\u015fmaktad\u0131r. Hatta PKK\u2019ye yak\u0131n \u00e7evreler Murat Karay\u0131lan\u2019\u0131n da bu y\u0131l Mart ay\u0131n\u0131n ba\u015f\u0131nda Gare\u2019den \u00e7\u0131karak S\u00fcleymaniye \u00e7evresine ge\u00e7ti\u011fini bile iddia ediyor. Durum buyken PKK\u2019nin verece\u011fi m\u00fcjde pek T\u00fcrkiye ile ilgili yeni s\u00fcre\u00e7 olamaz. PKK\u2019nin m\u00fcjde diye a\u00e7\u0131klayaca\u011f\u0131 \u015fey ancak ve ancak \u0130ran\u2019\u0131n izni ve onay\u0131 al\u0131nm\u0131\u015f bir a\u00e7\u0131klama olabilir.\u00a0 \u00d6yle g\u00f6r\u00fcn\u00fcyor ki bu da daha \u00e7ok birlik s\u00f6zleri ile izah edilen bir a\u00e7\u0131klama olacak. PKK Ulusal Birlik s\u00f6yleminin alt\u0131nda bir hamle yapacak.<\/p>\n<p style=\"text-align: justify\">Daha do\u011frusu 2013 y\u0131l\u0131ndan bu yana \u0130ran ve merkezi Irak y\u00f6netiminin sponsorlu\u011fu ve garant\u00f6rl\u00fc\u011f\u00fcnde geli\u015fen YNK ve PKK ittifak\u0131n\u0131n yeni bir evreye s\u0131\u00e7rayacak. \u00a0Uzun bir zamand\u0131r Avrupa ve S\u00fcleymaniye\u2019de b\u00f6yle bir \u00e7al\u0131\u015fma var. Hatta belki i\u00e7inde Ha\u015fdi \u015eabi\u2019ye ba\u011fl\u0131 baz\u0131 sivil toplum kurulu\u015flar\u0131n\u0131n oldu\u011fu bir cephe ilan edilecek.\u00a0 T\u00fcm i\u015faretler bunu g\u00f6steriyor.<\/p>\n<p style=\"text-align: justify\"><strong>Karay\u0131lan\u2019dan Bafil\u2019e \u00f6vg\u00fcler- K\u00f6rler sa\u011f\u0131rlar birbirini a\u011f\u0131rlar<\/strong><\/p>\n<p style=\"text-align: justify\">Karay\u0131lan konu\u015fmas\u0131nda _amiyane bir deyimle- Bafil Talabani\u2019ye ya\u011fc\u0131l\u0131k yapt\u0131. Babas\u0131n\u0131n bile o\u011flum demedi\u011fi, S\u00fcleymaniye sokaklar\u0131nda z\u00fcppelik yapan, \u00e7akma mafya profili ile Bafil Talabani\u2019ye \u00e7ok iyi biri, \u00e7ok kazanacak, \u00e7ok yetenekli babas\u0131n\u0131n miras\u0131n\u0131 devr alacak dedi. \u00c7ok ay\u0131p insan ya\u015f\u0131ndan ba\u015f\u0131ndan utan\u0131r Bafil Talabani daha birka\u00e7 y\u0131l \u00f6nce Kerk\u00fck\u2019\u00fc nas\u0131l satt\u0131\u011f\u0131n\u0131 TV\u2019lerde anlat\u0131yordu. Onu ge\u00e7tik PKK\u2019nin as\u0131l kankas\u0131 Lahor Cengi idi, nas\u0131l oldu da hemen Lahor\u2019u b\u0131rak\u0131p Bafil\u2019i \u00f6vmeye ba\u015flam\u0131\u015flar. Ayr\u0131ca Karay\u0131lan konu\u015fmas\u0131nda Celal Talabani\u2019yi de pek \u00f6vm\u00fc\u015f ve yak\u0131ndan tan\u0131d\u0131\u011f\u0131n\u0131 s\u00f6ylemi\u015f. Peki acaba neden PKK lideri \u00d6calan Celal Talabani i\u00e7in \u201csiyasi fahi\u015fe\u201d demi\u015f, Karay\u0131lan bunu da a\u00e7\u0131klaya bilir mi? niye bunlar\u0131 s\u00f6yl\u00fcyoruz durum tam olarak k\u00f6rler sa\u011f\u0131rlar birbirini a\u011f\u0131rlar durumu oldu\u011funu g\u00f6stermek i\u00e7in. Birbirine benzeyenler bir araya gelmi\u015ftir.<\/p>\n<p style=\"text-align: justify\">YNK\u2019nin K\u00fcrtler i\u00e7in yapt\u0131\u011f\u0131 hi\u00e7bir \u015fey yoktur, t\u00fcm tarihi boyunca Irak merkezi h\u00fck\u00fcmeti ile Tahran y\u00f6netiminin kollar\u0131 alt\u0131nda hareket etmi\u015ftir. PKK\u2019de benzer bir politika sahibidir. Onlar\u0131 bir araya getiren \u015fey \u0130ran\u2019d\u0131r, Irakt\u0131r. Bundan \u00f6teside yoktur. Tek tek K\u00fcrtlere hayr\u0131 dokunmayan bir iki g\u00fcruhun bir araya gelerek K\u00fcrtlere ulusal birlik m\u00fcjdesi vermesi ancak bir felaketin i\u015fareti olur.<\/p>\n<p style=\"text-align: justify\">\u0130ran\u2019\u0131n kolu kanad\u0131 alt\u0131nda K\u00fcrtleri Ortado\u011fu\u2019da mevzilendirmenin hi\u00e7 kimseye faydas\u0131 yoktur. Ortada basit bir matematik vard\u0131r. K\u00fcrdistan d\u00f6rt par\u00e7ad\u0131r ve her par\u00e7an\u0131n bo\u011fu\u015fmas\u0131 gereken bir s\u00f6m\u00fcrgecisi vard\u0131r.\u00a0 G\u00fcney K\u00fcrdistan\u2019\u0131n bo\u011fu\u015fmas\u0131, stat\u00fcs\u00fcn\u00fc korumas\u0131 gereken bir Irak merkezi y\u00f6netimi vard\u0131r.\u00a0 G\u00fcney K\u00fcrdistan Irak merkezi h\u00fck\u00fcmetinden tart\u0131\u015fmal\u0131 b\u00f6lge denen Xanakin, \u015eengal gibi bir hatt\u0131 olmak zorundad\u0131r. Kendi petrol\u00fcn\u00fc satma hakk\u0131n\u0131 olmak zorundad\u0131r. G\u00fcneyin sorunu budur. Ama bunlar yokmu\u015f gibi kalk\u0131p \u201c\u015eengal Irakt\u0131r\u201d diyeceksiniz, elinizde Irak bayra\u011f\u0131 ve kolunuzda Ha\u015fdi \u015eabi armas\u0131 ta\u015f\u0131yacaks\u0131n\u0131z bu K\u00fcrtlere bir \u015fey kazand\u0131rmaz kaybettirir.\u00a0 PKK y\u00f6neticileri kendilerine yer-ya\u015fam verecek bir \u0130ran\u2019a muhta\u00e7 diye G\u00fcney halk\u0131 \u0130ran i\u00e7in T\u00fcrkiye\u2019ye kar\u015f\u0131 sava\u015famaz, sava\u015fmal\u0131d\u0131r. PKK\u2019nin bu yapt\u0131\u011f\u0131 ihanettir.<\/p>\n<p style=\"text-align: justify\">K\u00fcrtlere yap\u0131lacak en b\u00fcy\u00fck k\u00f6t\u00fcl\u00fck \u0130ran\u2019\u0131n sponsorlu\u011funda s\u00f6zde birlik kurmakt\u0131r. Bu s\u00f6m\u00fcrgecilerin b\u00f6l-par\u00e7ala-\u00e7at\u0131\u015ft\u0131r-y\u00f6net siyasetinin maskeli halidir. Bunun i\u00e7in Karay\u0131lan\u2019\u0131n bu s\u00f6ylemleri daha do\u011frusu PKK\u2019nin bu siyaseti b\u00fcy\u00fck bir ihanettir. \u0130\u00e7inde b\u00fcy\u00fck bir karanl\u0131k bar\u0131nd\u0131rmaktad\u0131r. \u0130ran\u2019\u0131n kolu kanad\u0131 alt\u0131nda Cemil Bay\u0131k Merge Pahn\u2019da, Karasu Tahran\u2019da ya\u015fam imkan\u0131 bula bilir ama K\u00fcrtler nefessiz kal\u0131p s\u00f6m\u00fcrgecileri muhta\u00e7 kal\u0131rlar.<\/p>\n<p style=\"text-align: justify\"><strong>Mele Mustafa Barzani: Kim d\u00fc\u015fman\u0131n silah\u0131n\u0131 al\u0131yorsa cah\u015ft\u0131r<\/strong><\/p>\n<p style=\"text-align: justify\">YNK-PKK ittifak\u0131n\u0131n me\u015fru g\u00f6sterilmesi i\u00e7in elbette ki KDP\u2019nin \u015feytanla\u015ft\u0131r\u0131lmas\u0131 gerekiyor. Karay\u0131lan bunu i\u00e7inde hi\u00e7 bo\u015f durmam\u0131\u015f, yalan s\u00f6ylemekten, iftira atmaktan, vefas\u0131z\u0131k sergilemekten ka\u00e7\u0131nmam\u0131\u015f.<\/p>\n<p style=\"text-align: justify\">Karay\u0131lan bir de kendince siyaset yapm\u0131\u015f ve Mele Mustafa Barzani\u2019nin bir s\u00f6z\u00fcn\u00fc kullanm\u0131\u015f. \u201cKim d\u00fc\u015fman\u0131n silah\u0131n\u0131 eline al\u0131yorsa cah\u015ft\u0131r\u201d demi\u015f \u00d6l\u00fcms\u00fcz Barzani. Ne g\u00fczel s\u00f6ylemi\u015f. Bu s\u00f6z\u00fcn do\u011fru oldu\u011funu Karay\u0131lan\u2019da do\u011frulam\u0131\u015f o zaman hi\u00e7 kusura bakmas\u0131n ama K\u00fcrt gen\u00e7lerinin omuzuna Ha\u015fdi \u015eabi armas\u0131 takt\u0131ran, eline Ha\u015fdi \u015eabi silah\u0131 veren PKK\u2019de bir cah\u015f hareketidir. \u00a0Ve \u015fimdi utanmadan Ha\u015fdi \u015eabi ile beraber Mele Mustafa Barzani ve ona g\u00f6n\u00fcl verenlerin kazan\u0131mlar\u0131na sald\u0131r\u0131yorlar.<\/p>\n<p style=\"text-align: justify\">Evet PKK ve YNK ittifak\u0131\u00a0 vatanseverlik, K\u00fcrt haklar\u0131, K\u00fcrdistan topraklar\u0131n\u0131 korumak \u00fczerine kurulmu\u015f bir ittifak de\u011fildir.\u00a0 T\u00fcrkiye kar\u015f\u0131t\u0131 da de\u011fillerdir, sadece \u0130ran daha fazla bir \u015feyler vermi\u015ftir.\u00a0 \u0130ki tarafta var olmalar\u0131na izin verilme kar\u015f\u0131l\u0131\u011f\u0131nda PDK\u2019ye kar\u015f\u0131 sava\u015fmay\u0131 kabul etmi\u015ftir. Yani ittifaklar\u0131 da ancak ve ancak cah\u015flar\u0131n ittifak\u0131 ola bilir.<\/p>\n<p style=\"text-align: justify\">Murat Karay\u0131lan b\u00fcy\u00fck bir direni\u015f\u00e7i ve sava\u015f komutan\u0131 edas\u0131 ile konu\u015fmakta sa\u011fa sola vatanseverlik pazarlamaktad\u0131r. Oysa ki yenilmi\u015f bir komutand\u0131r. Ge\u00e7ti\u011fimiz g\u00fcn Dersim Valisi \u00e7\u0131k\u0131p \u201cDersim\u2019de tek bir gerilla kalmad\u0131\u201d diye a\u00e7\u0131klama yapt\u0131. On y\u0131l \u00f6nce Dersim gerilla kayn\u0131yordu. \u00d6yle ki 2015 y\u0131l\u0131nda Ertu\u011furul Mavio\u011flu Dersim\u2019e giderek onlarca gerilla ile beraber Bakur diye belgesel \u00e7ekti. \u015eimdi ise Dersim\u2019de gerilla yok. Botan\u2019da gerilla yok. Karay\u0131lan s\u0131k s\u0131k onur haysiyetten bahsetmi\u015f ama as\u0131l onursuzluk onun komutanl\u0131\u011f\u0131 de\u011fil mi? T\u00fcm Kuzey Karay\u0131lan d\u00f6neminde bo\u015falm\u0131\u015f, \u015fimdi Karay\u0131lan gelmi\u015f Ava Maruk, Sergele hatt\u0131nda hareket etmememize izin vermiyorlar diyor. Niye izin versin sen Ha\u015fdi \u015eabi ile beraber Hewler\u2019e sald\u0131r\u0131yorsan, as\u0131l d\u00fc\u015fman sensin.<\/p>\n<p style=\"text-align: justify\">PKK 2016 y\u0131l\u0131nda \u201cheza Parasitan ba\u015fur\u201d diye bir g\u00fc\u00e7 kurdu\u011fu g\u00fcn G\u00fcney\u2019e sald\u0131r\u0131n\u0131n i\u015faretini verdi. O tarihten bu yana da sadece ve sadece Ba\u015fkan Barzani\u2019nin engellemesi ve h\u00fck\u00fcmetin so\u011fukkanl\u0131\u011f\u0131 nedeni ile sava\u015f \u00e7\u0131km\u0131yor. Karay\u0131lan\u2019\u0131n bizi ihbar ediyorlar s\u00f6zleri de yaland\u0131r. Vurulman\u0131z\u0131n tek nedeni hareket tarz\u0131n\u0131z, cihazlar\u0131n\u0131z, arabalar\u0131n\u0131z ve telefonlar\u0131n\u0131zd\u0131r. Amediye-\u015eeladize hatt\u0131nda arabalar\u0131n\u0131z fink at\u0131yor ama orada de\u011fil nedense Rojava\u2019da vuruluyorsunu. E\u011fer sizin hakk\u0131n\u0131zda Pe\u015fmerge g\u00fc\u00e7leri bilgi verse k\u00f6k\u00fcn\u00fcz kururdu. Bunlar\u0131n hepsi yalan ve hikaye. PKK talimat alm\u0131\u015f, KDP\u2019ye ve Pe\u015fmerge g\u00fc\u00e7lerine sald\u0131racak. Bunun i\u00e7in de karay\u0131lan utanmadan yalanlar s\u00f6yl\u00fcyor.<\/p>\n<p style=\"text-align: justify\">Karay\u0131lan biraz onurlu ve vefal\u0131 bir insan olsa 2004\u2019ten sonra nas\u0131l bizzat Ba\u015fkan Barzani\u2019ni deste\u011fi ile \u00f6l\u00fcmlerden d\u00f6nd\u00fc\u011f\u00fcn\u00fc ve ayakta kald\u0131\u011f\u0131n\u0131 unutmaz bu kadar y\u00fcz\u00fc k\u0131zarmadan yalan s\u00f6ylemezdi.<\/p>\n<p style=\"text-align: justify\">Sonu\u00e7 olarak PKK, K\u00fcrtlerin dirili\u015f bayra\u011f\u0131 olan Newroz\u2019u \u0130ranc\u0131 K\u00fcrt cephesini ilan etmek i\u00e7in kullanacak. PKK K\u00fcrtleri bir \u00e7at\u0131\u015fma \u00e7ekmenin haz\u0131rl\u0131\u011f\u0131n\u0131 yap\u0131yor. Bu plan K\u00fcrtlere sadece zarar verir, bu plan bir ihanet plan\u0131d\u0131r.<\/p>\n<p style=\"text-align: justify\">\n","protected":false},"excerpt":{"rendered":"<p>Murat Karay\u0131lan\u2019\u0131n son olarak PKK\u2019nin yay\u0131n organ\u0131 ANF\u2019ye verdi\u011fi r\u00f6portaj \u00f6n\u00fcm\u00fczdeki s\u00fcre\u00e7te K\u00fcrtleri ne kadar zor bir d\u00f6nemin ba\u015flad\u0131\u011f\u0131n\u0131 anlamak a\u00e7\u0131s\u0131ndan olduk\u00e7a \u00f6nemli. \u00a0Karay\u0131lan\u2019\u0131n a\u00e7\u0131klamalar\u0131 K\u00fcrtleri bir i\u00e7 sava\u015fa s\u00fcr\u00fckleyecek ve K\u00fcrtler aras\u0131 nefret tohumlar\u0131 eken bir d\u00f6nemin i\u015faret fi\u015fe\u011finin at\u0131ld\u0131\u011f\u0131n\u0131 g\u00f6steriyor. Birka\u00e7 ba\u015fl\u0131k alt\u0131nda Karay\u0131lan\u2019\u0131n konu\u015fmas\u0131n\u0131 de\u011ferlendirirsek PKK ne m\u00fcjdesi verecek? Karay\u0131lan ortaya \u201cbir [&hellip;]<\/p>\n","protected":false},"author":2,"featured_media":1028928,"comment_status":"closed","ping_status":"closed","sticky":false,"template":"","format":"standard","meta":{"footnotes":""},"categories":[26],"tags":[31],"class_list":["post-1028927","post","type-post","status-publish","format-standard","has-post-thumbnail","hentry","category-forum","tag-onemli"],"blocksy_meta":[],"seo_head":"<!-- This site is optimized with the Yoast SEO plugin v27.5 - https:\/\/yoast.com\/product\/yoast-seo-wordpress\/ -->\n<title>Karay\u0131lan\u2019\u0131n m\u00fcjdesi K\u00fcrtleri yeni bir karanl\u0131\u011fa ve kaybetmeye s\u00fcr\u00fckleyecek - Darka Mazi<\/title>\n<meta name=\"robots\" content=\"index, follow, max-snippet:-1, max-image-preview:large, max-video-preview:-1\" \/>\n<link rel=\"canonical\" href=\"https:\/\/darkamazi.site\/archives\/1028927\" \/>\n<meta property=\"og:locale\" content=\"en_US\" \/>\n<meta property=\"og:type\" content=\"article\" \/>\n<meta property=\"og:title\" content=\"Karay\u0131lan\u2019\u0131n m\u00fcjdesi K\u00fcrtleri yeni bir karanl\u0131\u011fa ve kaybetmeye s\u00fcr\u00fckleyecek - Darka Mazi\" \/>\n<meta property=\"og:description\" content=\"Murat Karay\u0131lan\u2019\u0131n son olarak PKK\u2019nin yay\u0131n organ\u0131 ANF\u2019ye verdi\u011fi r\u00f6portaj \u00f6n\u00fcm\u00fczdeki s\u00fcre\u00e7te K\u00fcrtleri ne kadar zor bir d\u00f6nemin ba\u015flad\u0131\u011f\u0131n\u0131 anlamak a\u00e7\u0131s\u0131ndan olduk\u00e7a \u00f6nemli. \u00a0Karay\u0131lan\u2019\u0131n a\u00e7\u0131klamalar\u0131 K\u00fcrtleri bir i\u00e7 sava\u015fa s\u00fcr\u00fckleyecek ve K\u00fcrtler aras\u0131 nefret tohumlar\u0131 eken bir d\u00f6nemin i\u015faret fi\u015fe\u011finin at\u0131ld\u0131\u011f\u0131n\u0131 g\u00f6steriyor. Birka\u00e7 ba\u015fl\u0131k alt\u0131nda Karay\u0131lan\u2019\u0131n konu\u015fmas\u0131n\u0131 de\u011ferlendirirsek PKK ne m\u00fcjdesi verecek? Karay\u0131lan ortaya \u201cbir [&hellip;]\" \/>\n<meta property=\"og:url\" content=\"https:\/\/darkamazi.site\/archives\/1028927\" \/>\n<meta property=\"og:site_name\" content=\"Darka Mazi\" \/>\n<meta property=\"article:publisher\" content=\"https:\/\/www.facebook.com\/DarkaMaziturkce\" \/>\n<meta property=\"article:published_time\" content=\"2024-03-19T09:01:04+00:00\" \/>\n<meta property=\"og:image\" content=\"https:\/\/darkamazi.site\/file\/2024\/03\/ker-diz.jpg\" \/>\n\t<meta property=\"og:image:width\" content=\"900\" \/>\n\t<meta property=\"og:image:height\" content=\"500\" \/>\n\t<meta property=\"og:image:type\" content=\"image\/jpeg\" \/>\n<meta name=\"author\" content=\"darka mazi\" \/>\n<meta name=\"twitter:card\" content=\"summary_large_image\" \/>\n<meta name=\"twitter:creator\" content=\"@DarkaMaziTurkce\" \/>\n<meta name=\"twitter:site\" content=\"@DarkaMaziTurkce\" \/>\n<meta name=\"twitter:label1\" content=\"Written by\" \/>\n\t<meta name=\"twitter:data1\" content=\"darka mazi\" \/>\n\t<meta name=\"twitter:label2\" content=\"Est. reading time\" \/>\n\t<meta name=\"twitter:data2\" content=\"5 minutes\" \/>\n<script type=\"application\/ld+json\" class=\"seo-schema-graph\">{\"@context\":\"https:\\\/\\\/schema.org\",\"@graph\":[{\"@type\":\"NewsArticle\",\"@id\":\"https:\\\/\\\/darkamazi.site\\\/archives\\\/1028927#article\",\"isPartOf\":{\"@id\":\"https:\\\/\\\/darkamazi.site\\\/archives\\\/1028927\"},\"author\":{\"name\":\"darka mazi\",\"@id\":\"https:\\\/\\\/darkamazi.site\\\/#\\\/schema\\\/person\\\/67986a95ac546c16760365877ef4a9d3\"},\"headline\":\"Karay\u0131lan\u2019\u0131n m\u00fcjdesi K\u00fcrtleri yeni bir karanl\u0131\u011fa ve kaybetmeye s\u00fcr\u00fckleyecek\",\"datePublished\":\"2024-03-19T09:01:04+00:00\",\"mainEntityOfPage\":{\"@id\":\"https:\\\/\\\/darkamazi.site\\\/archives\\\/1028927\"},\"wordCount\":1517,\"publisher\":{\"@id\":\"https:\\\/\\\/darkamazi.site\\\/#organization\"},\"image\":{\"@id\":\"https:\\\/\\\/darkamazi.site\\\/archives\\\/1028927#primaryimage\"},\"thumbnailUrl\":\"https:\\\/\\\/darkamazi.site\\\/darka-content\\\/uploads\\\/2024\\\/03\\\/ker-diz.jpg\",\"keywords\":[\"\u00f6nemli\"],\"articleSection\":[\"Forum\"],\"inLanguage\":\"en-US\"},{\"@type\":\"WebPage\",\"@id\":\"https:\\\/\\\/darkamazi.site\\\/archives\\\/1028927\",\"url\":\"https:\\\/\\\/darkamazi.site\\\/archives\\\/1028927\",\"name\":\"Karay\u0131lan\u2019\u0131n m\u00fcjdesi K\u00fcrtleri yeni bir karanl\u0131\u011fa ve kaybetmeye s\u00fcr\u00fckleyecek - Darka Mazi\",\"isPartOf\":{\"@id\":\"https:\\\/\\\/darkamazi.site\\\/#website\"},\"primaryImageOfPage\":{\"@id\":\"https:\\\/\\\/darkamazi.site\\\/archives\\\/1028927#primaryimage\"},\"image\":{\"@id\":\"https:\\\/\\\/darkamazi.site\\\/archives\\\/1028927#primaryimage\"},\"thumbnailUrl\":\"https:\\\/\\\/darkamazi.site\\\/darka-content\\\/uploads\\\/2024\\\/03\\\/ker-diz.jpg\",\"datePublished\":\"2024-03-19T09:01:04+00:00\",\"breadcrumb\":{\"@id\":\"https:\\\/\\\/darkamazi.site\\\/archives\\\/1028927#breadcrumb\"},\"inLanguage\":\"en-US\",\"potentialAction\":[{\"@type\":\"ReadAction\",\"target\":[\"https:\\\/\\\/darkamazi.site\\\/archives\\\/1028927\"]}]},{\"@type\":\"ImageObject\",\"inLanguage\":\"en-US\",\"@id\":\"https:\\\/\\\/darkamazi.site\\\/archives\\\/1028927#primaryimage\",\"url\":\"https:\\\/\\\/darkamazi.site\\\/darka-content\\\/uploads\\\/2024\\\/03\\\/ker-diz.jpg\",\"contentUrl\":\"https:\\\/\\\/darkamazi.site\\\/darka-content\\\/uploads\\\/2024\\\/03\\\/ker-diz.jpg\",\"width\":900,\"height\":500,\"caption\":\"Karay\u0131lan\u2019\u0131n m\u00fcjdesi K\u00fcrtleri yeni bir karanl\u0131\u011fa ve kaybetmeye s\u00fcr\u00fckleyecek, Bafil Talabani, PKK; Cemil Bay\u0131k, Se\u00e7imler, Ha\u015fdi \u015eabi, \u0131rak,\"},{\"@type\":\"BreadcrumbList\",\"@id\":\"https:\\\/\\\/darkamazi.site\\\/archives\\\/1028927#breadcrumb\",\"itemListElement\":[{\"@type\":\"ListItem\",\"position\":1,\"name\":\"Home\",\"item\":\"https:\\\/\\\/darkamazi.site\\\/\"},{\"@type\":\"ListItem\",\"position\":2,\"name\":\"Karay\u0131lan\u2019\u0131n m\u00fcjdesi K\u00fcrtleri yeni bir karanl\u0131\u011fa ve kaybetmeye s\u00fcr\u00fckleyecek\"}]},{\"@type\":\"WebSite\",\"@id\":\"https:\\\/\\\/darkamazi.site\\\/#website\",\"url\":\"https:\\\/\\\/darkamazi.site\\\/\",\"name\":\"Darka Mazi\",\"description\":\"Ana Sayfa\",\"publisher\":{\"@id\":\"https:\\\/\\\/darkamazi.site\\\/#organization\"},\"potentialAction\":[{\"@type\":\"SearchAction\",\"target\":{\"@type\":\"EntryPoint\",\"urlTemplate\":\"https:\\\/\\\/darkamazi.site\\\/?s={search_term_string}\"},\"query-input\":{\"@type\":\"PropertyValueSpecification\",\"valueRequired\":true,\"valueName\":\"search_term_string\"}}],\"inLanguage\":\"en-US\"},{\"@type\":\"Organization\",\"@id\":\"https:\\\/\\\/darkamazi.site\\\/#organization\",\"name\":\"Darka Mazi T\u00fcrk\u00e7e\",\"alternateName\":\"Darka Mazi\",\"url\":\"https:\\\/\\\/darkamazi.site\\\/\",\"logo\":{\"@type\":\"ImageObject\",\"inLanguage\":\"en-US\",\"@id\":\"https:\\\/\\\/darkamazi.site\\\/#\\\/schema\\\/logo\\\/image\\\/\",\"url\":\"https:\\\/\\\/darkamazi.site\\\/darka-content\\\/uploads\\\/2017\\\/12\\\/darka-mazi-logo.png\",\"contentUrl\":\"https:\\\/\\\/darkamazi.site\\\/darka-content\\\/uploads\\\/2017\\\/12\\\/darka-mazi-logo.png\",\"width\":151,\"height\":75,\"caption\":\"Darka Mazi T\u00fcrk\u00e7e\"},\"image\":{\"@id\":\"https:\\\/\\\/darkamazi.site\\\/#\\\/schema\\\/logo\\\/image\\\/\"},\"sameAs\":[\"https:\\\/\\\/www.facebook.com\\\/DarkaMaziturkce\",\"https:\\\/\\\/x.com\\\/DarkaMaziTurkce\"]},{\"@type\":\"Person\",\"@id\":\"https:\\\/\\\/darkamazi.site\\\/#\\\/schema\\\/person\\\/67986a95ac546c16760365877ef4a9d3\",\"name\":\"darka mazi\",\"sameAs\":[\"https:\\\/\\\/darkamazi.site\"],\"url\":\"https:\\\/\\\/darkamazi.site\\\/archives\\\/author\\\/turkish\"}]}<\/script>\n<!-- \/ Yoast SEO plugin. -->","seo_head_json":{"title":"Karay\u0131lan\u2019\u0131n m\u00fcjdesi K\u00fcrtleri yeni bir karanl\u0131\u011fa ve kaybetmeye s\u00fcr\u00fckleyecek - Darka Mazi","robots":{"index":"index","follow":"follow","max-snippet":"max-snippet:-1","max-image-preview":"max-image-preview:large","max-video-preview":"max-video-preview:-1"},"canonical":"https:\/\/darkamazi.site\/archives\/1028927","og_locale":"en_US","og_type":"article","og_title":"Karay\u0131lan\u2019\u0131n m\u00fcjdesi K\u00fcrtleri yeni bir karanl\u0131\u011fa ve kaybetmeye s\u00fcr\u00fckleyecek - Darka Mazi","og_description":"Murat Karay\u0131lan\u2019\u0131n son olarak PKK\u2019nin yay\u0131n organ\u0131 ANF\u2019ye verdi\u011fi r\u00f6portaj \u00f6n\u00fcm\u00fczdeki s\u00fcre\u00e7te K\u00fcrtleri ne kadar zor bir d\u00f6nemin ba\u015flad\u0131\u011f\u0131n\u0131 anlamak a\u00e7\u0131s\u0131ndan olduk\u00e7a \u00f6nemli. \u00a0Karay\u0131lan\u2019\u0131n a\u00e7\u0131klamalar\u0131 K\u00fcrtleri bir i\u00e7 sava\u015fa s\u00fcr\u00fckleyecek ve K\u00fcrtler aras\u0131 nefret tohumlar\u0131 eken bir d\u00f6nemin i\u015faret fi\u015fe\u011finin at\u0131ld\u0131\u011f\u0131n\u0131 g\u00f6steriyor. Birka\u00e7 ba\u015fl\u0131k alt\u0131nda Karay\u0131lan\u2019\u0131n konu\u015fmas\u0131n\u0131 de\u011ferlendirirsek PKK ne m\u00fcjdesi verecek? Karay\u0131lan ortaya \u201cbir [&hellip;]","og_url":"https:\/\/darkamazi.site\/archives\/1028927","og_site_name":"Darka Mazi","article_publisher":"https:\/\/www.facebook.com\/DarkaMaziturkce","article_published_time":"2024-03-19T09:01:04+00:00","og_image":[{"width":900,"height":500,"url":"https:\/\/darkamazi.site\/file\/2024\/03\/ker-diz.jpg","type":"image\/jpeg"}],"author":"darka mazi","twitter_card":"summary_large_image","twitter_creator":"@DarkaMaziTurkce","twitter_site":"@DarkaMaziTurkce","twitter_misc":{"Written by":"darka mazi","Est. reading time":"5 minutes"},"schema":{"@context":"https:\/\/schema.org","@graph":[{"@type":"NewsArticle","@id":"https:\/\/darkamazi.site\/archives\/1028927#article","isPartOf":{"@id":"https:\/\/darkamazi.site\/archives\/1028927"},"author":{"name":"darka mazi","@id":"https:\/\/darkamazi.site\/#\/schema\/person\/67986a95ac546c16760365877ef4a9d3"},"headline":"Karay\u0131lan\u2019\u0131n m\u00fcjdesi K\u00fcrtleri yeni bir karanl\u0131\u011fa ve kaybetmeye s\u00fcr\u00fckleyecek","datePublished":"2024-03-19T09:01:04+00:00","mainEntityOfPage":{"@id":"https:\/\/darkamazi.site\/archives\/1028927"},"wordCount":1517,"publisher":{"@id":"https:\/\/darkamazi.site\/#organization"},"image":{"@id":"https:\/\/darkamazi.site\/archives\/1028927#primaryimage"},"thumbnailUrl":"https:\/\/darkamazi.site\/file\/2024\/03\/ker-diz.jpg","keywords":["\u00f6nemli"],"articleSection":["Forum"],"inLanguage":"en-US"},{"@type":"WebPage","@id":"https:\/\/darkamazi.site\/archives\/1028927","url":"https:\/\/darkamazi.site\/archives\/1028927","name":"Karay\u0131lan\u2019\u0131n m\u00fcjdesi K\u00fcrtleri yeni bir karanl\u0131\u011fa ve kaybetmeye s\u00fcr\u00fckleyecek - Darka Mazi","isPartOf":{"@id":"https:\/\/darkamazi.site\/#website"},"primaryImageOfPage":{"@id":"https:\/\/darkamazi.site\/archives\/1028927#primaryimage"},"image":{"@id":"https:\/\/darkamazi.site\/archives\/1028927#primaryimage"},"thumbnailUrl":"https:\/\/darkamazi.site\/file\/2024\/03\/ker-diz.jpg","datePublished":"2024-03-19T09:01:04+00:00","breadcrumb":{"@id":"https:\/\/darkamazi.site\/archives\/1028927#breadcrumb"},"inLanguage":"en-US","potentialAction":[{"@type":"ReadAction","target":["https:\/\/darkamazi.site\/archives\/1028927"]}]},{"@type":"ImageObject","inLanguage":"en-US","@id":"https:\/\/darkamazi.site\/archives\/1028927#primaryimage","url":"https:\/\/darkamazi.site\/file\/2024\/03\/ker-diz.jpg","contentUrl":"https:\/\/darkamazi.site\/file\/2024\/03\/ker-diz.jpg","width":900,"height":500,"caption":"Karay\u0131lan\u2019\u0131n m\u00fcjdesi K\u00fcrtleri yeni bir karanl\u0131\u011fa ve kaybetmeye s\u00fcr\u00fckleyecek, Bafil Talabani, PKK; Cemil Bay\u0131k, Se\u00e7imler, Ha\u015fdi \u015eabi, \u0131rak,"},{"@type":"BreadcrumbList","@id":"https:\/\/darkamazi.site\/archives\/1028927#breadcrumb","itemListElement":[{"@type":"ListItem","position":1,"name":"Home","item":"https:\/\/darkamazi.site\/"},{"@type":"ListItem","position":2,"name":"Karay\u0131lan\u2019\u0131n m\u00fcjdesi K\u00fcrtleri yeni bir karanl\u0131\u011fa ve kaybetmeye s\u00fcr\u00fckleyecek"}]},{"@type":"WebSite","@id":"https:\/\/darkamazi.site\/#website","url":"https:\/\/darkamazi.site\/","name":"Darka Mazi","description":"Ana Sayfa","publisher":{"@id":"https:\/\/darkamazi.site\/#organization"},"potentialAction":[{"@type":"SearchAction","target":{"@type":"EntryPoint","urlTemplate":"https:\/\/darkamazi.site\/?s={search_term_string}"},"query-input":{"@type":"PropertyValueSpecification","valueRequired":true,"valueName":"search_term_string"}}],"inLanguage":"en-US"},{"@type":"Organization","@id":"https:\/\/darkamazi.site\/#organization","name":"Darka Mazi T\u00fcrk\u00e7e","alternateName":"Darka Mazi","url":"https:\/\/darkamazi.site\/","logo":{"@type":"ImageObject","inLanguage":"en-US","@id":"https:\/\/darkamazi.site\/#\/schema\/logo\/image\/","url":"https:\/\/darkamazi.site\/file\/2017\/12\/darka-mazi-logo.png","contentUrl":"https:\/\/darkamazi.site\/file\/2017\/12\/darka-mazi-logo.png","width":151,"height":75,"caption":"Darka Mazi T\u00fcrk\u00e7e"},"image":{"@id":"https:\/\/darkamazi.site\/#\/schema\/logo\/image\/"},"sameAs":["https:\/\/www.facebook.com\/DarkaMaziturkce","https:\/\/x.com\/DarkaMaziTurkce"]},{"@type":"Person","@id":"https:\/\/darkamazi.site\/#\/schema\/person\/67986a95ac546c16760365877ef4a9d3","name":"darka mazi","sameAs":["https:\/\/darkamazi.site"],"url":"https:\/\/darkamazi.site\/archives\/author\/turkish"}]}},"_links":{"self":[{"href":"https:\/\/darkamazi.site\/funavuv\/wp\/v2\/posts\/1028927","targetHints":{"allow":["GET"]}}],"collection":[{"href":"https:\/\/darkamazi.site\/funavuv\/wp\/v2\/posts"}],"about":[{"href":"https:\/\/darkamazi.site\/funavuv\/wp\/v2\/types\/post"}],"author":[{"embeddable":true,"href":"https:\/\/darkamazi.site\/funavuv\/wp\/v2\/users\/2"}],"replies":[{"embeddable":true,"href":"https:\/\/darkamazi.site\/funavuv\/wp\/v2\/comments?post=1028927"}],"version-history":[{"count":0,"href":"https:\/\/darkamazi.site\/funavuv\/wp\/v2\/posts\/1028927\/revisions"}],"wp:featuredmedia":[{"embeddable":true,"href":"https:\/\/darkamazi.site\/funavuv\/wp\/v2\/media\/1028928"}],"wp:attachment":[{"href":"https:\/\/darkamazi.site\/funavuv\/wp\/v2\/media?parent=1028927"}],"wp:term":[{"taxonomy":"category","embeddable":true,"href":"https:\/\/darkamazi.site\/funavuv\/wp\/v2\/categories?post=1028927"},{"taxonomy":"post_tag","embeddable":true,"href":"https:\/\/darkamazi.site\/funavuv\/wp\/v2\/tags?post=1028927"}],"curies":[{"name":"wp","href":"https:\/\/api.w.org\/{rel}","templated":true}]}}