{"id":1028996,"date":"2024-03-26T23:15:36","date_gmt":"2024-03-26T20:15:36","guid":{"rendered":"https:\/\/darkamazi.site\/?p=1028996"},"modified":"2024-03-26T23:15:36","modified_gmt":"2024-03-26T20:15:36","slug":"mesrur-barzani-yarin-halkimizin-cikarina-bir-karar-verecegiz","status":"publish","type":"post","link":"https:\/\/darkamazi.site\/archives\/1028996","title":{"rendered":"Mesrur Barzani: Yar\u0131n halk\u0131m\u0131z\u0131n \u00e7\u0131kar\u0131na bir karar verece\u011fiz"},"content":{"rendered":"<p style=\"text-align: justify\"><strong>\u00a0<\/strong>K\u00fcrdistan B\u00f6lgesi Ba\u015fbakan\u0131 Mesrur Barzani, halk\u0131n anayasal haklar\u0131n\u0131n savunulmas\u0131 i\u00e7in ellerinden geleni yapacaklar\u0131n\u0131 belirterek, \u201cYar\u0131n Bakanlar Kurulu toplant\u0131s\u0131nda, K\u00fcrdistan B\u00f6lgesi halk\u0131n\u0131n yarar\u0131na bir karar verilecek\u201d dedi.<\/p>\n<p style=\"text-align: justify\">Ba\u015fbakan Mesrur Barzani, Erbil\u2019deki bir camide d\u00fczenlenen iftar program\u0131na kat\u0131ld\u0131. Programa, i\u015f adamlar\u0131 ile tan\u0131nm\u0131\u015f \u015fahsiyetler ve \u00fclke temsilcileri kat\u0131ld\u0131.<\/p>\n<p style=\"text-align: justify\">\u0130ftar \u00f6ncesi a\u00e7\u0131klamalarda bulunan Ba\u015fbakan, maa\u015flar\u0131n \u00f6denmemesi nedeniyle ya\u015fanan olumsuzluk kar\u015f\u0131s\u0131nda vatanda\u015flar\u0131n g\u00f6sterdikleri diren\u00e7 ve sab\u0131rdan dolay\u0131 bir kez daha te\u015fekk\u00fcr etti.<\/p>\n<p style=\"text-align: justify\">Taraflara parti ve ki\u015fisel \u00e7\u0131karlar\u0131ndan vazge\u00e7me \u00e7a\u011fr\u0131s\u0131nda bulunan Ba\u015fbakan Barzani, sorunlar\u0131n \u00e7\u00f6z\u00fcm\u00fc ve K\u00fcrdistan B\u00f6lgesi halk\u0131n\u0131n anayasal haklar\u0131n\u0131n savunulmas\u0131 i\u00e7in ellerinden geleni yapacaklar\u0131n\u0131 kaydetti.<\/p>\n<p style=\"text-align: justify\">Yar\u0131n ger\u00e7ekle\u015ftirilmesi planlanan Bakanlar Kurulu ola\u011fan toplant\u0131s\u0131na i\u015faret eden Ba\u015fbakan Barzani, \u201cYar\u0131n Bakanlar Kurulu toplant\u0131s\u0131nda, K\u00fcrdistan B\u00f6lgesi halk\u0131n\u0131n \u00e7\u0131kar\u0131na bir karar verilecek\u201d dedi.<\/p>\n<p style=\"text-align: justify\">Ba\u015fbakan Mesrur Barzani, konu\u015fmas\u0131nda K\u00fcrdistan B\u00f6lgesi ile Ba\u011fdat aras\u0131ndaki sorunlar\u0131n sadece maa\u015f meselesinden ibaret olmad\u0131\u011f\u0131n\u0131 belirterek, \u00e7\u00f6z\u00fclmesi gereken onlarca konu ve anayasal hak oldu\u011funu vurgulad\u0131.<\/p>\n","protected":false},"excerpt":{"rendered":"<p>\u00a0K\u00fcrdistan B\u00f6lgesi Ba\u015fbakan\u0131 Mesrur Barzani, halk\u0131n anayasal haklar\u0131n\u0131n savunulmas\u0131 i\u00e7in ellerinden geleni yapacaklar\u0131n\u0131 belirterek, \u201cYar\u0131n Bakanlar Kurulu toplant\u0131s\u0131nda, K\u00fcrdistan B\u00f6lgesi halk\u0131n\u0131n yarar\u0131na bir karar verilecek\u201d dedi. Ba\u015fbakan Mesrur Barzani, Erbil\u2019deki bir camide d\u00fczenlenen iftar program\u0131na kat\u0131ld\u0131. Programa, i\u015f adamlar\u0131 ile tan\u0131nm\u0131\u015f \u015fahsiyetler ve \u00fclke temsilcileri kat\u0131ld\u0131. \u0130ftar \u00f6ncesi a\u00e7\u0131klamalarda bulunan Ba\u015fbakan, maa\u015flar\u0131n \u00f6denmemesi nedeniyle ya\u015fanan [&hellip;]<\/p>\n","protected":false},"author":2,"featured_media":1028997,"comment_status":"closed","ping_status":"closed","sticky":false,"template":"","format":"standard","meta":{"footnotes":""},"categories":[3],"tags":[31],"class_list":["post-1028996","post","type-post","status-publish","format-standard","has-post-thumbnail","hentry","category-kurdistan","tag-onemli"],"blocksy_meta":[],"seo_head":"<!-- This site is optimized with the Yoast SEO plugin v27.5 - https:\/\/yoast.com\/product\/yoast-seo-wordpress\/ -->\n<title>Mesrur Barzani: Yar\u0131n halk\u0131m\u0131z\u0131n \u00e7\u0131kar\u0131na bir karar verece\u011fiz - Darka Mazi<\/title>\n<meta name=\"robots\" content=\"index, follow, max-snippet:-1, max-image-preview:large, max-video-preview:-1\" \/>\n<link rel=\"canonical\" href=\"https:\/\/darkamazi.site\/archives\/1028996\" \/>\n<meta property=\"og:locale\" content=\"en_US\" \/>\n<meta property=\"og:type\" content=\"article\" \/>\n<meta property=\"og:title\" content=\"Mesrur Barzani: Yar\u0131n halk\u0131m\u0131z\u0131n \u00e7\u0131kar\u0131na bir karar verece\u011fiz - Darka Mazi\" \/>\n<meta property=\"og:description\" content=\"\u00a0K\u00fcrdistan B\u00f6lgesi Ba\u015fbakan\u0131 Mesrur Barzani, halk\u0131n anayasal haklar\u0131n\u0131n savunulmas\u0131 i\u00e7in ellerinden geleni yapacaklar\u0131n\u0131 belirterek, \u201cYar\u0131n Bakanlar Kurulu toplant\u0131s\u0131nda, K\u00fcrdistan B\u00f6lgesi halk\u0131n\u0131n yarar\u0131na bir karar verilecek\u201d dedi. Ba\u015fbakan Mesrur Barzani, Erbil\u2019deki bir camide d\u00fczenlenen iftar program\u0131na kat\u0131ld\u0131. Programa, i\u015f adamlar\u0131 ile tan\u0131nm\u0131\u015f \u015fahsiyetler ve \u00fclke temsilcileri kat\u0131ld\u0131. \u0130ftar \u00f6ncesi a\u00e7\u0131klamalarda bulunan Ba\u015fbakan, maa\u015flar\u0131n \u00f6denmemesi nedeniyle ya\u015fanan [&hellip;]\" \/>\n<meta property=\"og:url\" content=\"https:\/\/darkamazi.site\/archives\/1028996\" \/>\n<meta property=\"og:site_name\" content=\"Darka Mazi\" \/>\n<meta property=\"article:publisher\" content=\"https:\/\/www.facebook.com\/DarkaMaziturkce\" \/>\n<meta property=\"article:published_time\" content=\"2024-03-26T20:15:36+00:00\" \/>\n<meta property=\"og:image\" content=\"https:\/\/darkamazi.site\/file\/2024\/03\/16433811931641496342kak-masror-barzani.jpg\" \/>\n\t<meta property=\"og:image:width\" content=\"1920\" \/>\n\t<meta property=\"og:image:height\" content=\"1080\" \/>\n\t<meta property=\"og:image:type\" content=\"image\/jpeg\" \/>\n<meta name=\"author\" content=\"darka mazi\" \/>\n<meta name=\"twitter:card\" content=\"summary_large_image\" \/>\n<meta name=\"twitter:creator\" content=\"@DarkaMaziTurkce\" \/>\n<meta name=\"twitter:site\" content=\"@DarkaMaziTurkce\" \/>\n<meta name=\"twitter:label1\" content=\"Written by\" \/>\n\t<meta name=\"twitter:data1\" content=\"darka mazi\" \/>\n\t<meta name=\"twitter:label2\" content=\"Est. reading time\" \/>\n\t<meta name=\"twitter:data2\" content=\"1 minute\" \/>\n<script type=\"application\/ld+json\" class=\"seo-schema-graph\">{\"@context\":\"https:\\\/\\\/schema.org\",\"@graph\":[{\"@type\":\"NewsArticle\",\"@id\":\"https:\\\/\\\/darkamazi.site\\\/archives\\\/1028996#article\",\"isPartOf\":{\"@id\":\"https:\\\/\\\/darkamazi.site\\\/archives\\\/1028996\"},\"author\":{\"name\":\"darka mazi\",\"@id\":\"https:\\\/\\\/darkamazi.site\\\/#\\\/schema\\\/person\\\/67986a95ac546c16760365877ef4a9d3\"},\"headline\":\"Mesrur Barzani: Yar\u0131n halk\u0131m\u0131z\u0131n \u00e7\u0131kar\u0131na bir karar verece\u011fiz\",\"datePublished\":\"2024-03-26T20:15:36+00:00\",\"mainEntityOfPage\":{\"@id\":\"https:\\\/\\\/darkamazi.site\\\/archives\\\/1028996\"},\"wordCount\":234,\"publisher\":{\"@id\":\"https:\\\/\\\/darkamazi.site\\\/#organization\"},\"image\":{\"@id\":\"https:\\\/\\\/darkamazi.site\\\/archives\\\/1028996#primaryimage\"},\"thumbnailUrl\":\"https:\\\/\\\/darkamazi.site\\\/darka-content\\\/uploads\\\/2024\\\/03\\\/16433811931641496342kak-masror-barzani.jpg\",\"keywords\":[\"\u00f6nemli\"],\"articleSection\":[\"Kurdistan\"],\"inLanguage\":\"en-US\"},{\"@type\":\"WebPage\",\"@id\":\"https:\\\/\\\/darkamazi.site\\\/archives\\\/1028996\",\"url\":\"https:\\\/\\\/darkamazi.site\\\/archives\\\/1028996\",\"name\":\"Mesrur Barzani: Yar\u0131n halk\u0131m\u0131z\u0131n \u00e7\u0131kar\u0131na bir karar verece\u011fiz - Darka Mazi\",\"isPartOf\":{\"@id\":\"https:\\\/\\\/darkamazi.site\\\/#website\"},\"primaryImageOfPage\":{\"@id\":\"https:\\\/\\\/darkamazi.site\\\/archives\\\/1028996#primaryimage\"},\"image\":{\"@id\":\"https:\\\/\\\/darkamazi.site\\\/archives\\\/1028996#primaryimage\"},\"thumbnailUrl\":\"https:\\\/\\\/darkamazi.site\\\/darka-content\\\/uploads\\\/2024\\\/03\\\/16433811931641496342kak-masror-barzani.jpg\",\"datePublished\":\"2024-03-26T20:15:36+00:00\",\"breadcrumb\":{\"@id\":\"https:\\\/\\\/darkamazi.site\\\/archives\\\/1028996#breadcrumb\"},\"inLanguage\":\"en-US\",\"potentialAction\":[{\"@type\":\"ReadAction\",\"target\":[\"https:\\\/\\\/darkamazi.site\\\/archives\\\/1028996\"]}]},{\"@type\":\"ImageObject\",\"inLanguage\":\"en-US\",\"@id\":\"https:\\\/\\\/darkamazi.site\\\/archives\\\/1028996#primaryimage\",\"url\":\"https:\\\/\\\/darkamazi.site\\\/darka-content\\\/uploads\\\/2024\\\/03\\\/16433811931641496342kak-masror-barzani.jpg\",\"contentUrl\":\"https:\\\/\\\/darkamazi.site\\\/darka-content\\\/uploads\\\/2024\\\/03\\\/16433811931641496342kak-masror-barzani.jpg\",\"width\":1920,\"height\":1080,\"caption\":\"Mesrur Barzani: Yar\u0131n halk\u0131m\u0131z\u0131n \u00e7\u0131kar\u0131na bir karar verece\u011fiz\"},{\"@type\":\"BreadcrumbList\",\"@id\":\"https:\\\/\\\/darkamazi.site\\\/archives\\\/1028996#breadcrumb\",\"itemListElement\":[{\"@type\":\"ListItem\",\"position\":1,\"name\":\"Home\",\"item\":\"https:\\\/\\\/darkamazi.site\\\/\"},{\"@type\":\"ListItem\",\"position\":2,\"name\":\"Mesrur Barzani: Yar\u0131n halk\u0131m\u0131z\u0131n \u00e7\u0131kar\u0131na bir karar verece\u011fiz\"}]},{\"@type\":\"WebSite\",\"@id\":\"https:\\\/\\\/darkamazi.site\\\/#website\",\"url\":\"https:\\\/\\\/darkamazi.site\\\/\",\"name\":\"Darka Mazi\",\"description\":\"Ana Sayfa\",\"publisher\":{\"@id\":\"https:\\\/\\\/darkamazi.site\\\/#organization\"},\"potentialAction\":[{\"@type\":\"SearchAction\",\"target\":{\"@type\":\"EntryPoint\",\"urlTemplate\":\"https:\\\/\\\/darkamazi.site\\\/?s={search_term_string}\"},\"query-input\":{\"@type\":\"PropertyValueSpecification\",\"valueRequired\":true,\"valueName\":\"search_term_string\"}}],\"inLanguage\":\"en-US\"},{\"@type\":\"Organization\",\"@id\":\"https:\\\/\\\/darkamazi.site\\\/#organization\",\"name\":\"Darka Mazi T\u00fcrk\u00e7e\",\"alternateName\":\"Darka Mazi\",\"url\":\"https:\\\/\\\/darkamazi.site\\\/\",\"logo\":{\"@type\":\"ImageObject\",\"inLanguage\":\"en-US\",\"@id\":\"https:\\\/\\\/darkamazi.site\\\/#\\\/schema\\\/logo\\\/image\\\/\",\"url\":\"https:\\\/\\\/darkamazi.site\\\/darka-content\\\/uploads\\\/2017\\\/12\\\/darka-mazi-logo.png\",\"contentUrl\":\"https:\\\/\\\/darkamazi.site\\\/darka-content\\\/uploads\\\/2017\\\/12\\\/darka-mazi-logo.png\",\"width\":151,\"height\":75,\"caption\":\"Darka Mazi T\u00fcrk\u00e7e\"},\"image\":{\"@id\":\"https:\\\/\\\/darkamazi.site\\\/#\\\/schema\\\/logo\\\/image\\\/\"},\"sameAs\":[\"https:\\\/\\\/www.facebook.com\\\/DarkaMaziturkce\",\"https:\\\/\\\/x.com\\\/DarkaMaziTurkce\"]},{\"@type\":\"Person\",\"@id\":\"https:\\\/\\\/darkamazi.site\\\/#\\\/schema\\\/person\\\/67986a95ac546c16760365877ef4a9d3\",\"name\":\"darka mazi\",\"sameAs\":[\"https:\\\/\\\/darkamazi.site\"],\"url\":\"https:\\\/\\\/darkamazi.site\\\/archives\\\/author\\\/turkish\"}]}<\/script>\n<!-- \/ Yoast SEO plugin. -->","seo_head_json":{"title":"Mesrur Barzani: Yar\u0131n halk\u0131m\u0131z\u0131n \u00e7\u0131kar\u0131na bir karar verece\u011fiz - Darka Mazi","robots":{"index":"index","follow":"follow","max-snippet":"max-snippet:-1","max-image-preview":"max-image-preview:large","max-video-preview":"max-video-preview:-1"},"canonical":"https:\/\/darkamazi.site\/archives\/1028996","og_locale":"en_US","og_type":"article","og_title":"Mesrur Barzani: Yar\u0131n halk\u0131m\u0131z\u0131n \u00e7\u0131kar\u0131na bir karar verece\u011fiz - Darka Mazi","og_description":"\u00a0K\u00fcrdistan B\u00f6lgesi Ba\u015fbakan\u0131 Mesrur Barzani, halk\u0131n anayasal haklar\u0131n\u0131n savunulmas\u0131 i\u00e7in ellerinden geleni yapacaklar\u0131n\u0131 belirterek, \u201cYar\u0131n Bakanlar Kurulu toplant\u0131s\u0131nda, K\u00fcrdistan B\u00f6lgesi halk\u0131n\u0131n yarar\u0131na bir karar verilecek\u201d dedi. Ba\u015fbakan Mesrur Barzani, Erbil\u2019deki bir camide d\u00fczenlenen iftar program\u0131na kat\u0131ld\u0131. Programa, i\u015f adamlar\u0131 ile tan\u0131nm\u0131\u015f \u015fahsiyetler ve \u00fclke temsilcileri kat\u0131ld\u0131. \u0130ftar \u00f6ncesi a\u00e7\u0131klamalarda bulunan Ba\u015fbakan, maa\u015flar\u0131n \u00f6denmemesi nedeniyle ya\u015fanan [&hellip;]","og_url":"https:\/\/darkamazi.site\/archives\/1028996","og_site_name":"Darka Mazi","article_publisher":"https:\/\/www.facebook.com\/DarkaMaziturkce","article_published_time":"2024-03-26T20:15:36+00:00","og_image":[{"width":1920,"height":1080,"url":"https:\/\/darkamazi.site\/file\/2024\/03\/16433811931641496342kak-masror-barzani.jpg","type":"image\/jpeg"}],"author":"darka mazi","twitter_card":"summary_large_image","twitter_creator":"@DarkaMaziTurkce","twitter_site":"@DarkaMaziTurkce","twitter_misc":{"Written by":"darka mazi","Est. reading time":"1 minute"},"schema":{"@context":"https:\/\/schema.org","@graph":[{"@type":"NewsArticle","@id":"https:\/\/darkamazi.site\/archives\/1028996#article","isPartOf":{"@id":"https:\/\/darkamazi.site\/archives\/1028996"},"author":{"name":"darka mazi","@id":"https:\/\/darkamazi.site\/#\/schema\/person\/67986a95ac546c16760365877ef4a9d3"},"headline":"Mesrur Barzani: Yar\u0131n halk\u0131m\u0131z\u0131n \u00e7\u0131kar\u0131na bir karar verece\u011fiz","datePublished":"2024-03-26T20:15:36+00:00","mainEntityOfPage":{"@id":"https:\/\/darkamazi.site\/archives\/1028996"},"wordCount":234,"publisher":{"@id":"https:\/\/darkamazi.site\/#organization"},"image":{"@id":"https:\/\/darkamazi.site\/archives\/1028996#primaryimage"},"thumbnailUrl":"https:\/\/darkamazi.site\/file\/2024\/03\/16433811931641496342kak-masror-barzani.jpg","keywords":["\u00f6nemli"],"articleSection":["Kurdistan"],"inLanguage":"en-US"},{"@type":"WebPage","@id":"https:\/\/darkamazi.site\/archives\/1028996","url":"https:\/\/darkamazi.site\/archives\/1028996","name":"Mesrur Barzani: Yar\u0131n halk\u0131m\u0131z\u0131n \u00e7\u0131kar\u0131na bir karar verece\u011fiz - Darka Mazi","isPartOf":{"@id":"https:\/\/darkamazi.site\/#website"},"primaryImageOfPage":{"@id":"https:\/\/darkamazi.site\/archives\/1028996#primaryimage"},"image":{"@id":"https:\/\/darkamazi.site\/archives\/1028996#primaryimage"},"thumbnailUrl":"https:\/\/darkamazi.site\/file\/2024\/03\/16433811931641496342kak-masror-barzani.jpg","datePublished":"2024-03-26T20:15:36+00:00","breadcrumb":{"@id":"https:\/\/darkamazi.site\/archives\/1028996#breadcrumb"},"inLanguage":"en-US","potentialAction":[{"@type":"ReadAction","target":["https:\/\/darkamazi.site\/archives\/1028996"]}]},{"@type":"ImageObject","inLanguage":"en-US","@id":"https:\/\/darkamazi.site\/archives\/1028996#primaryimage","url":"https:\/\/darkamazi.site\/file\/2024\/03\/16433811931641496342kak-masror-barzani.jpg","contentUrl":"https:\/\/darkamazi.site\/file\/2024\/03\/16433811931641496342kak-masror-barzani.jpg","width":1920,"height":1080,"caption":"Mesrur Barzani: Yar\u0131n halk\u0131m\u0131z\u0131n \u00e7\u0131kar\u0131na bir karar verece\u011fiz"},{"@type":"BreadcrumbList","@id":"https:\/\/darkamazi.site\/archives\/1028996#breadcrumb","itemListElement":[{"@type":"ListItem","position":1,"name":"Home","item":"https:\/\/darkamazi.site\/"},{"@type":"ListItem","position":2,"name":"Mesrur Barzani: Yar\u0131n halk\u0131m\u0131z\u0131n \u00e7\u0131kar\u0131na bir karar verece\u011fiz"}]},{"@type":"WebSite","@id":"https:\/\/darkamazi.site\/#website","url":"https:\/\/darkamazi.site\/","name":"Darka Mazi","description":"Ana Sayfa","publisher":{"@id":"https:\/\/darkamazi.site\/#organization"},"potentialAction":[{"@type":"SearchAction","target":{"@type":"EntryPoint","urlTemplate":"https:\/\/darkamazi.site\/?s={search_term_string}"},"query-input":{"@type":"PropertyValueSpecification","valueRequired":true,"valueName":"search_term_string"}}],"inLanguage":"en-US"},{"@type":"Organization","@id":"https:\/\/darkamazi.site\/#organization","name":"Darka Mazi T\u00fcrk\u00e7e","alternateName":"Darka Mazi","url":"https:\/\/darkamazi.site\/","logo":{"@type":"ImageObject","inLanguage":"en-US","@id":"https:\/\/darkamazi.site\/#\/schema\/logo\/image\/","url":"https:\/\/darkamazi.site\/file\/2017\/12\/darka-mazi-logo.png","contentUrl":"https:\/\/darkamazi.site\/file\/2017\/12\/darka-mazi-logo.png","width":151,"height":75,"caption":"Darka Mazi T\u00fcrk\u00e7e"},"image":{"@id":"https:\/\/darkamazi.site\/#\/schema\/logo\/image\/"},"sameAs":["https:\/\/www.facebook.com\/DarkaMaziturkce","https:\/\/x.com\/DarkaMaziTurkce"]},{"@type":"Person","@id":"https:\/\/darkamazi.site\/#\/schema\/person\/67986a95ac546c16760365877ef4a9d3","name":"darka mazi","sameAs":["https:\/\/darkamazi.site"],"url":"https:\/\/darkamazi.site\/archives\/author\/turkish"}]}},"_links":{"self":[{"href":"https:\/\/darkamazi.site\/funavuv\/wp\/v2\/posts\/1028996","targetHints":{"allow":["GET"]}}],"collection":[{"href":"https:\/\/darkamazi.site\/funavuv\/wp\/v2\/posts"}],"about":[{"href":"https:\/\/darkamazi.site\/funavuv\/wp\/v2\/types\/post"}],"author":[{"embeddable":true,"href":"https:\/\/darkamazi.site\/funavuv\/wp\/v2\/users\/2"}],"replies":[{"embeddable":true,"href":"https:\/\/darkamazi.site\/funavuv\/wp\/v2\/comments?post=1028996"}],"version-history":[{"count":0,"href":"https:\/\/darkamazi.site\/funavuv\/wp\/v2\/posts\/1028996\/revisions"}],"wp:featuredmedia":[{"embeddable":true,"href":"https:\/\/darkamazi.site\/funavuv\/wp\/v2\/media\/1028997"}],"wp:attachment":[{"href":"https:\/\/darkamazi.site\/funavuv\/wp\/v2\/media?parent=1028996"}],"wp:term":[{"taxonomy":"category","embeddable":true,"href":"https:\/\/darkamazi.site\/funavuv\/wp\/v2\/categories?post=1028996"},{"taxonomy":"post_tag","embeddable":true,"href":"https:\/\/darkamazi.site\/funavuv\/wp\/v2\/tags?post=1028996"}],"curies":[{"name":"wp","href":"https:\/\/api.w.org\/{rel}","templated":true}]}}