{"id":1029008,"date":"2024-03-27T18:44:52","date_gmt":"2024-03-27T15:44:52","guid":{"rendered":"https:\/\/darkamazi.site\/?p=1029008"},"modified":"2024-03-27T18:44:52","modified_gmt":"2024-03-27T15:44:52","slug":"pkk-ve-tsk-savasinda-canli-kalkan-haline-gelen-sergeli-koyu-yine-bombalandi","status":"publish","type":"post","link":"https:\/\/darkamazi.site\/archives\/1029008","title":{"rendered":"PKK ve TSK sava\u015f\u0131nda canl\u0131 kalkan haline gelen Sergeli k\u00f6y\u00fc yine bombaland\u0131"},"content":{"rendered":"<div class=\"main\">\n<div class=\"container\">\n<div class=\"row News-reader-row\">\n<article class=\"col-sm-8 second-reader-column\">\n<div class=\"News-Reader-video\">\n<div class=\"News-reader-video-title\">\n<p style=\"text-align: justify\"><strong>T\u00fcrk ordusuna ait sava\u015f u\u00e7aklar\u0131, Duhok\u2019un Amedi il\u00e7esine ba\u011fl\u0131 Sergeli k\u00f6y\u00fcn\u00fc bombalad\u0131. Bombard\u0131manda can kayb\u0131 olmad\u0131\u011f\u0131 \u00f6\u011frenildi.<\/strong><\/p>\n<p style=\"text-align: justify\">Sergeli k\u00f6y\u00fc muhtar\u0131 Nzar Muhammed, bug\u00fcn (27 Mart 2023) Kurdistan24\u2019e yapt\u0131\u011f\u0131 a\u00e7\u0131klamada, bombalanan b\u00f6lgenin k\u00f6y\u00fcn d\u0131\u015f\u0131nda kald\u0131\u011f\u0131n\u0131 belirtirken, \u015fans eseri can ve mal kayb\u0131 ya\u015fanmad\u0131\u011f\u0131n\u0131 aktard\u0131.<\/p>\n<p style=\"text-align: justify\">Muhammed, k\u00f6y sakinlerinin bombard\u0131man\u0131n k\u00f6ye olduk\u00e7a yak\u0131n olmas\u0131 nedeniyle endi\u015feli oldu\u011funu dile getirdi.<\/p>\n<p style=\"text-align: justify\">Muhtar\u0131n a\u00e7\u0131klamas\u0131na g\u00f6re PKK&#8217;lilerin bulunmas\u0131 nedeniyle b\u00f6lge T\u00fcrk sava\u015f u\u00e7aklar\u0131 taraf\u0131ndan s\u00fcrekli bombalan\u0131yor.<\/p>\n<\/div>\n<\/div>\n<\/article>\n<\/div>\n<\/div>\n<\/div>\n","protected":false},"excerpt":{"rendered":"<p>T\u00fcrk ordusuna ait sava\u015f u\u00e7aklar\u0131, Duhok\u2019un Amedi il\u00e7esine ba\u011fl\u0131 Sergeli k\u00f6y\u00fcn\u00fc bombalad\u0131. Bombard\u0131manda can kayb\u0131 olmad\u0131\u011f\u0131 \u00f6\u011frenildi. Sergeli k\u00f6y\u00fc muhtar\u0131 Nzar Muhammed, bug\u00fcn (27 Mart 2023) Kurdistan24\u2019e yapt\u0131\u011f\u0131 a\u00e7\u0131klamada, bombalanan b\u00f6lgenin k\u00f6y\u00fcn d\u0131\u015f\u0131nda kald\u0131\u011f\u0131n\u0131 belirtirken, \u015fans eseri can ve mal kayb\u0131 ya\u015fanmad\u0131\u011f\u0131n\u0131 aktard\u0131. Muhammed, k\u00f6y sakinlerinin bombard\u0131man\u0131n k\u00f6ye olduk\u00e7a yak\u0131n olmas\u0131 nedeniyle endi\u015feli oldu\u011funu dile [&hellip;]<\/p>\n","protected":false},"author":2,"featured_media":1029009,"comment_status":"closed","ping_status":"closed","sticky":false,"template":"","format":"standard","meta":{"footnotes":""},"categories":[3],"tags":[31],"class_list":["post-1029008","post","type-post","status-publish","format-standard","has-post-thumbnail","hentry","category-kurdistan","tag-onemli"],"blocksy_meta":[],"seo_head":"<!-- This site is optimized with the Yoast SEO plugin v27.5 - https:\/\/yoast.com\/product\/yoast-seo-wordpress\/ -->\n<title>PKK ve TSK sava\u015f\u0131nda canl\u0131 kalkan haline gelen Sergeli k\u00f6y\u00fc yine bombaland\u0131 - Darka Mazi<\/title>\n<meta name=\"robots\" content=\"index, follow, max-snippet:-1, max-image-preview:large, max-video-preview:-1\" \/>\n<link rel=\"canonical\" href=\"https:\/\/darkamazi.site\/archives\/1029008\" \/>\n<meta property=\"og:locale\" content=\"en_US\" \/>\n<meta property=\"og:type\" content=\"article\" \/>\n<meta property=\"og:title\" content=\"PKK ve TSK sava\u015f\u0131nda canl\u0131 kalkan haline gelen Sergeli k\u00f6y\u00fc yine bombaland\u0131 - Darka Mazi\" \/>\n<meta property=\"og:description\" content=\"T\u00fcrk ordusuna ait sava\u015f u\u00e7aklar\u0131, Duhok\u2019un Amedi il\u00e7esine ba\u011fl\u0131 Sergeli k\u00f6y\u00fcn\u00fc bombalad\u0131. Bombard\u0131manda can kayb\u0131 olmad\u0131\u011f\u0131 \u00f6\u011frenildi. Sergeli k\u00f6y\u00fc muhtar\u0131 Nzar Muhammed, bug\u00fcn (27 Mart 2023) Kurdistan24\u2019e yapt\u0131\u011f\u0131 a\u00e7\u0131klamada, bombalanan b\u00f6lgenin k\u00f6y\u00fcn d\u0131\u015f\u0131nda kald\u0131\u011f\u0131n\u0131 belirtirken, \u015fans eseri can ve mal kayb\u0131 ya\u015fanmad\u0131\u011f\u0131n\u0131 aktard\u0131. Muhammed, k\u00f6y sakinlerinin bombard\u0131man\u0131n k\u00f6ye olduk\u00e7a yak\u0131n olmas\u0131 nedeniyle endi\u015feli oldu\u011funu dile [&hellip;]\" \/>\n<meta property=\"og:url\" content=\"https:\/\/darkamazi.site\/archives\/1029008\" \/>\n<meta property=\"og:site_name\" content=\"Darka Mazi\" \/>\n<meta property=\"article:publisher\" content=\"https:\/\/www.facebook.com\/DarkaMaziturkce\" \/>\n<meta property=\"article:published_time\" content=\"2024-03-27T15:44:52+00:00\" \/>\n<meta property=\"og:image\" content=\"https:\/\/darkamazi.site\/file\/2024\/03\/sergele.jpeg\" \/>\n\t<meta property=\"og:image:width\" content=\"900\" \/>\n\t<meta property=\"og:image:height\" content=\"497\" \/>\n\t<meta property=\"og:image:type\" content=\"image\/jpeg\" \/>\n<meta name=\"author\" content=\"darka mazi\" \/>\n<meta name=\"twitter:card\" content=\"summary_large_image\" \/>\n<meta name=\"twitter:creator\" content=\"@DarkaMaziTurkce\" \/>\n<meta name=\"twitter:site\" content=\"@DarkaMaziTurkce\" \/>\n<meta name=\"twitter:label1\" content=\"Written by\" \/>\n\t<meta name=\"twitter:data1\" content=\"darka mazi\" \/>\n\t<meta name=\"twitter:label2\" content=\"Est. reading time\" \/>\n\t<meta name=\"twitter:data2\" content=\"1 minute\" \/>\n<script type=\"application\/ld+json\" class=\"seo-schema-graph\">{\"@context\":\"https:\\\/\\\/schema.org\",\"@graph\":[{\"@type\":\"NewsArticle\",\"@id\":\"https:\\\/\\\/darkamazi.site\\\/archives\\\/1029008#article\",\"isPartOf\":{\"@id\":\"https:\\\/\\\/darkamazi.site\\\/archives\\\/1029008\"},\"author\":{\"name\":\"darka mazi\",\"@id\":\"https:\\\/\\\/darkamazi.site\\\/#\\\/schema\\\/person\\\/67986a95ac546c16760365877ef4a9d3\"},\"headline\":\"PKK ve TSK sava\u015f\u0131nda canl\u0131 kalkan haline gelen Sergeli k\u00f6y\u00fc yine bombaland\u0131\",\"datePublished\":\"2024-03-27T15:44:52+00:00\",\"mainEntityOfPage\":{\"@id\":\"https:\\\/\\\/darkamazi.site\\\/archives\\\/1029008\"},\"wordCount\":119,\"publisher\":{\"@id\":\"https:\\\/\\\/darkamazi.site\\\/#organization\"},\"image\":{\"@id\":\"https:\\\/\\\/darkamazi.site\\\/archives\\\/1029008#primaryimage\"},\"thumbnailUrl\":\"https:\\\/\\\/darkamazi.site\\\/darka-content\\\/uploads\\\/2024\\\/03\\\/sergele.jpeg\",\"keywords\":[\"\u00f6nemli\"],\"articleSection\":[\"Kurdistan\"],\"inLanguage\":\"en-US\"},{\"@type\":\"WebPage\",\"@id\":\"https:\\\/\\\/darkamazi.site\\\/archives\\\/1029008\",\"url\":\"https:\\\/\\\/darkamazi.site\\\/archives\\\/1029008\",\"name\":\"PKK ve TSK sava\u015f\u0131nda canl\u0131 kalkan haline gelen Sergeli k\u00f6y\u00fc yine bombaland\u0131 - Darka Mazi\",\"isPartOf\":{\"@id\":\"https:\\\/\\\/darkamazi.site\\\/#website\"},\"primaryImageOfPage\":{\"@id\":\"https:\\\/\\\/darkamazi.site\\\/archives\\\/1029008#primaryimage\"},\"image\":{\"@id\":\"https:\\\/\\\/darkamazi.site\\\/archives\\\/1029008#primaryimage\"},\"thumbnailUrl\":\"https:\\\/\\\/darkamazi.site\\\/darka-content\\\/uploads\\\/2024\\\/03\\\/sergele.jpeg\",\"datePublished\":\"2024-03-27T15:44:52+00:00\",\"breadcrumb\":{\"@id\":\"https:\\\/\\\/darkamazi.site\\\/archives\\\/1029008#breadcrumb\"},\"inLanguage\":\"en-US\",\"potentialAction\":[{\"@type\":\"ReadAction\",\"target\":[\"https:\\\/\\\/darkamazi.site\\\/archives\\\/1029008\"]}]},{\"@type\":\"ImageObject\",\"inLanguage\":\"en-US\",\"@id\":\"https:\\\/\\\/darkamazi.site\\\/archives\\\/1029008#primaryimage\",\"url\":\"https:\\\/\\\/darkamazi.site\\\/darka-content\\\/uploads\\\/2024\\\/03\\\/sergele.jpeg\",\"contentUrl\":\"https:\\\/\\\/darkamazi.site\\\/darka-content\\\/uploads\\\/2024\\\/03\\\/sergele.jpeg\",\"width\":900,\"height\":497,\"caption\":\"PKK ve TSK sava\u015f\u0131nda canl\u0131 kalkan haline gelen Sergeli k\u00f6y\u00fc yine bombaland\u0131\"},{\"@type\":\"BreadcrumbList\",\"@id\":\"https:\\\/\\\/darkamazi.site\\\/archives\\\/1029008#breadcrumb\",\"itemListElement\":[{\"@type\":\"ListItem\",\"position\":1,\"name\":\"Home\",\"item\":\"https:\\\/\\\/darkamazi.site\\\/\"},{\"@type\":\"ListItem\",\"position\":2,\"name\":\"PKK ve TSK sava\u015f\u0131nda canl\u0131 kalkan haline gelen Sergeli k\u00f6y\u00fc yine bombaland\u0131\"}]},{\"@type\":\"WebSite\",\"@id\":\"https:\\\/\\\/darkamazi.site\\\/#website\",\"url\":\"https:\\\/\\\/darkamazi.site\\\/\",\"name\":\"Darka Mazi\",\"description\":\"Ana Sayfa\",\"publisher\":{\"@id\":\"https:\\\/\\\/darkamazi.site\\\/#organization\"},\"potentialAction\":[{\"@type\":\"SearchAction\",\"target\":{\"@type\":\"EntryPoint\",\"urlTemplate\":\"https:\\\/\\\/darkamazi.site\\\/?s={search_term_string}\"},\"query-input\":{\"@type\":\"PropertyValueSpecification\",\"valueRequired\":true,\"valueName\":\"search_term_string\"}}],\"inLanguage\":\"en-US\"},{\"@type\":\"Organization\",\"@id\":\"https:\\\/\\\/darkamazi.site\\\/#organization\",\"name\":\"Darka Mazi T\u00fcrk\u00e7e\",\"alternateName\":\"Darka Mazi\",\"url\":\"https:\\\/\\\/darkamazi.site\\\/\",\"logo\":{\"@type\":\"ImageObject\",\"inLanguage\":\"en-US\",\"@id\":\"https:\\\/\\\/darkamazi.site\\\/#\\\/schema\\\/logo\\\/image\\\/\",\"url\":\"https:\\\/\\\/darkamazi.site\\\/darka-content\\\/uploads\\\/2017\\\/12\\\/darka-mazi-logo.png\",\"contentUrl\":\"https:\\\/\\\/darkamazi.site\\\/darka-content\\\/uploads\\\/2017\\\/12\\\/darka-mazi-logo.png\",\"width\":151,\"height\":75,\"caption\":\"Darka Mazi T\u00fcrk\u00e7e\"},\"image\":{\"@id\":\"https:\\\/\\\/darkamazi.site\\\/#\\\/schema\\\/logo\\\/image\\\/\"},\"sameAs\":[\"https:\\\/\\\/www.facebook.com\\\/DarkaMaziturkce\",\"https:\\\/\\\/x.com\\\/DarkaMaziTurkce\"]},{\"@type\":\"Person\",\"@id\":\"https:\\\/\\\/darkamazi.site\\\/#\\\/schema\\\/person\\\/67986a95ac546c16760365877ef4a9d3\",\"name\":\"darka mazi\",\"sameAs\":[\"https:\\\/\\\/darkamazi.site\"],\"url\":\"https:\\\/\\\/darkamazi.site\\\/archives\\\/author\\\/turkish\"}]}<\/script>\n<!-- \/ Yoast SEO plugin. -->","seo_head_json":{"title":"PKK ve TSK sava\u015f\u0131nda canl\u0131 kalkan haline gelen Sergeli k\u00f6y\u00fc yine bombaland\u0131 - Darka Mazi","robots":{"index":"index","follow":"follow","max-snippet":"max-snippet:-1","max-image-preview":"max-image-preview:large","max-video-preview":"max-video-preview:-1"},"canonical":"https:\/\/darkamazi.site\/archives\/1029008","og_locale":"en_US","og_type":"article","og_title":"PKK ve TSK sava\u015f\u0131nda canl\u0131 kalkan haline gelen Sergeli k\u00f6y\u00fc yine bombaland\u0131 - Darka Mazi","og_description":"T\u00fcrk ordusuna ait sava\u015f u\u00e7aklar\u0131, Duhok\u2019un Amedi il\u00e7esine ba\u011fl\u0131 Sergeli k\u00f6y\u00fcn\u00fc bombalad\u0131. Bombard\u0131manda can kayb\u0131 olmad\u0131\u011f\u0131 \u00f6\u011frenildi. Sergeli k\u00f6y\u00fc muhtar\u0131 Nzar Muhammed, bug\u00fcn (27 Mart 2023) Kurdistan24\u2019e yapt\u0131\u011f\u0131 a\u00e7\u0131klamada, bombalanan b\u00f6lgenin k\u00f6y\u00fcn d\u0131\u015f\u0131nda kald\u0131\u011f\u0131n\u0131 belirtirken, \u015fans eseri can ve mal kayb\u0131 ya\u015fanmad\u0131\u011f\u0131n\u0131 aktard\u0131. Muhammed, k\u00f6y sakinlerinin bombard\u0131man\u0131n k\u00f6ye olduk\u00e7a yak\u0131n olmas\u0131 nedeniyle endi\u015feli oldu\u011funu dile [&hellip;]","og_url":"https:\/\/darkamazi.site\/archives\/1029008","og_site_name":"Darka Mazi","article_publisher":"https:\/\/www.facebook.com\/DarkaMaziturkce","article_published_time":"2024-03-27T15:44:52+00:00","og_image":[{"width":900,"height":497,"url":"https:\/\/darkamazi.site\/file\/2024\/03\/sergele.jpeg","type":"image\/jpeg"}],"author":"darka mazi","twitter_card":"summary_large_image","twitter_creator":"@DarkaMaziTurkce","twitter_site":"@DarkaMaziTurkce","twitter_misc":{"Written by":"darka mazi","Est. reading time":"1 minute"},"schema":{"@context":"https:\/\/schema.org","@graph":[{"@type":"NewsArticle","@id":"https:\/\/darkamazi.site\/archives\/1029008#article","isPartOf":{"@id":"https:\/\/darkamazi.site\/archives\/1029008"},"author":{"name":"darka mazi","@id":"https:\/\/darkamazi.site\/#\/schema\/person\/67986a95ac546c16760365877ef4a9d3"},"headline":"PKK ve TSK sava\u015f\u0131nda canl\u0131 kalkan haline gelen Sergeli k\u00f6y\u00fc yine bombaland\u0131","datePublished":"2024-03-27T15:44:52+00:00","mainEntityOfPage":{"@id":"https:\/\/darkamazi.site\/archives\/1029008"},"wordCount":119,"publisher":{"@id":"https:\/\/darkamazi.site\/#organization"},"image":{"@id":"https:\/\/darkamazi.site\/archives\/1029008#primaryimage"},"thumbnailUrl":"https:\/\/darkamazi.site\/file\/2024\/03\/sergele.jpeg","keywords":["\u00f6nemli"],"articleSection":["Kurdistan"],"inLanguage":"en-US"},{"@type":"WebPage","@id":"https:\/\/darkamazi.site\/archives\/1029008","url":"https:\/\/darkamazi.site\/archives\/1029008","name":"PKK ve TSK sava\u015f\u0131nda canl\u0131 kalkan haline gelen Sergeli k\u00f6y\u00fc yine bombaland\u0131 - Darka Mazi","isPartOf":{"@id":"https:\/\/darkamazi.site\/#website"},"primaryImageOfPage":{"@id":"https:\/\/darkamazi.site\/archives\/1029008#primaryimage"},"image":{"@id":"https:\/\/darkamazi.site\/archives\/1029008#primaryimage"},"thumbnailUrl":"https:\/\/darkamazi.site\/file\/2024\/03\/sergele.jpeg","datePublished":"2024-03-27T15:44:52+00:00","breadcrumb":{"@id":"https:\/\/darkamazi.site\/archives\/1029008#breadcrumb"},"inLanguage":"en-US","potentialAction":[{"@type":"ReadAction","target":["https:\/\/darkamazi.site\/archives\/1029008"]}]},{"@type":"ImageObject","inLanguage":"en-US","@id":"https:\/\/darkamazi.site\/archives\/1029008#primaryimage","url":"https:\/\/darkamazi.site\/file\/2024\/03\/sergele.jpeg","contentUrl":"https:\/\/darkamazi.site\/file\/2024\/03\/sergele.jpeg","width":900,"height":497,"caption":"PKK ve TSK sava\u015f\u0131nda canl\u0131 kalkan haline gelen Sergeli k\u00f6y\u00fc yine bombaland\u0131"},{"@type":"BreadcrumbList","@id":"https:\/\/darkamazi.site\/archives\/1029008#breadcrumb","itemListElement":[{"@type":"ListItem","position":1,"name":"Home","item":"https:\/\/darkamazi.site\/"},{"@type":"ListItem","position":2,"name":"PKK ve TSK sava\u015f\u0131nda canl\u0131 kalkan haline gelen Sergeli k\u00f6y\u00fc yine bombaland\u0131"}]},{"@type":"WebSite","@id":"https:\/\/darkamazi.site\/#website","url":"https:\/\/darkamazi.site\/","name":"Darka Mazi","description":"Ana Sayfa","publisher":{"@id":"https:\/\/darkamazi.site\/#organization"},"potentialAction":[{"@type":"SearchAction","target":{"@type":"EntryPoint","urlTemplate":"https:\/\/darkamazi.site\/?s={search_term_string}"},"query-input":{"@type":"PropertyValueSpecification","valueRequired":true,"valueName":"search_term_string"}}],"inLanguage":"en-US"},{"@type":"Organization","@id":"https:\/\/darkamazi.site\/#organization","name":"Darka Mazi T\u00fcrk\u00e7e","alternateName":"Darka Mazi","url":"https:\/\/darkamazi.site\/","logo":{"@type":"ImageObject","inLanguage":"en-US","@id":"https:\/\/darkamazi.site\/#\/schema\/logo\/image\/","url":"https:\/\/darkamazi.site\/file\/2017\/12\/darka-mazi-logo.png","contentUrl":"https:\/\/darkamazi.site\/file\/2017\/12\/darka-mazi-logo.png","width":151,"height":75,"caption":"Darka Mazi T\u00fcrk\u00e7e"},"image":{"@id":"https:\/\/darkamazi.site\/#\/schema\/logo\/image\/"},"sameAs":["https:\/\/www.facebook.com\/DarkaMaziturkce","https:\/\/x.com\/DarkaMaziTurkce"]},{"@type":"Person","@id":"https:\/\/darkamazi.site\/#\/schema\/person\/67986a95ac546c16760365877ef4a9d3","name":"darka mazi","sameAs":["https:\/\/darkamazi.site"],"url":"https:\/\/darkamazi.site\/archives\/author\/turkish"}]}},"_links":{"self":[{"href":"https:\/\/darkamazi.site\/funavuv\/wp\/v2\/posts\/1029008","targetHints":{"allow":["GET"]}}],"collection":[{"href":"https:\/\/darkamazi.site\/funavuv\/wp\/v2\/posts"}],"about":[{"href":"https:\/\/darkamazi.site\/funavuv\/wp\/v2\/types\/post"}],"author":[{"embeddable":true,"href":"https:\/\/darkamazi.site\/funavuv\/wp\/v2\/users\/2"}],"replies":[{"embeddable":true,"href":"https:\/\/darkamazi.site\/funavuv\/wp\/v2\/comments?post=1029008"}],"version-history":[{"count":0,"href":"https:\/\/darkamazi.site\/funavuv\/wp\/v2\/posts\/1029008\/revisions"}],"wp:featuredmedia":[{"embeddable":true,"href":"https:\/\/darkamazi.site\/funavuv\/wp\/v2\/media\/1029009"}],"wp:attachment":[{"href":"https:\/\/darkamazi.site\/funavuv\/wp\/v2\/media?parent=1029008"}],"wp:term":[{"taxonomy":"category","embeddable":true,"href":"https:\/\/darkamazi.site\/funavuv\/wp\/v2\/categories?post=1029008"},{"taxonomy":"post_tag","embeddable":true,"href":"https:\/\/darkamazi.site\/funavuv\/wp\/v2\/tags?post=1029008"}],"curies":[{"name":"wp","href":"https:\/\/api.w.org\/{rel}","templated":true}]}}