{"id":1029030,"date":"2024-03-29T14:33:02","date_gmt":"2024-03-29T11:33:02","guid":{"rendered":"https:\/\/darkamazi.site\/?p=1029030"},"modified":"2024-03-29T14:33:02","modified_gmt":"2024-03-29T11:33:02","slug":"kolberlik-trajedisi-gule-gule-analog-filminde-yer-alan-cocuk-iran-devleti-tarafindan-vuruldu","status":"publish","type":"post","link":"https:\/\/darkamazi.site\/archives\/1029030","title":{"rendered":"Kolberlik trajedisi: \u201cG\u00fcle G\u00fcle Analog\u201d filminde yer alan \u00e7ocuk \u0130ran devleti taraf\u0131ndan vuruldu"},"content":{"rendered":"<p style=\"text-align: justify\">Kolberlik Do\u011fu K\u00fcrdistan halk\u0131n\u0131n \u0130ran taraf\u0131ndan mahkum edildi\u011fi bir trajedidir. \u0130ran halk\u0131 yoksul ve i\u015fsiz b\u0131rakarak onlar\u0131 s\u0131n\u0131r \u00fczerinde s\u0131rtlar\u0131 ile veya atlar ile gizli ticarete mahkum ediyor. Her g\u00fcn ba\u015fka bir trajedi ya\u015fan\u0131yor. Bu trajedilerden biri de Soran Abdi\u2019nin hayat\u0131.<\/p>\n<p style=\"text-align: justify\">13 ya\u015f\u0131ndayken G\u00fcle G\u00fcle Analog filimindi ba\u015f rolde oynayan Soran Abdi bir sinema hayran\u0131yd\u0131. Ve hep oyuncu olmak i\u00e7in \u00e7aba harcad\u0131. Fakat hayat ko\u015fullar\u0131 ona bu \u015fans\u0131 vermedi. Soran Abdi 24 Mart g\u00fcn\u00fc Bane s\u0131n\u0131r\u0131nda ki Hengecali b\u00f6lgesinde kolberlik yaparken \u0130ran devletinin do\u011frudan ate\u015fi ile hayat\u0131n\u0131 kaybetti. 22 ya\u015f\u0131ndaki Soran evliydi ve e\u015fi hamileydi.<br \/>\nSoran Abdi G\u00fcle G\u00fcle Analog filminde rol alm\u0131\u015ft\u0131. \u00a0Y\u00f6netmenli\u011fini Hiwa Eminnejat\u2019\u0131n yapt\u0131\u011f\u0131 G\u00fcle G\u00fcle Analog orijinal K\u00fcrt\u00e7e ad\u0131 ile Mala Analog (Farwell Analog) filimi Duhok Uluslararas\u0131 Filim festivalinde en iyi K\u00fcrt\u00e7e filim ve Avusturalya Festivalinde de \u00f6d\u00fcl ald\u0131.<\/p>\n<p style=\"text-align: justify\">Filim Do\u011fu ve G\u00fcney K\u00fcrdistan s\u0131n\u0131r\u0131nda Kak Said adl\u0131 bir ki\u015finin k\u00f6yde d\u00fc\u011f\u00fcnleri \u00e7ekmek i\u00e7in eski bir kamera almaya karar vermesi ve \u00a0e\u015finin alt\u0131nlar\u0131n\u0131 satmas\u0131n\u0131 konu ediniyor.<\/p>\n<p style=\"text-align: justify\">Filimi \u015fu linkten izleye bilirsiniz:<\/p>\n<p><iframe loading=\"lazy\" title=\"Farewell Analog \/\u0645\u0627\u06b5\u0627\u0648\u0627 \u0626\u0627\u0646\u0627\u0644\u06c6\u06af \/ \u0628\u062f\u0631\u0648\u062f \u0622\u0646\u0627\u0644\u0648\u06af\" width=\"1290\" height=\"726\" src=\"https:\/\/www.youtube.com\/embed\/cOAvxDUNXn0?feature=oembed\" frameborder=\"0\" allow=\"accelerometer; autoplay; clipboard-write; encrypted-media; gyroscope; picture-in-picture; web-share\" referrerpolicy=\"strict-origin-when-cross-origin\" allowfullscreen><\/iframe><\/p>\n","protected":false},"excerpt":{"rendered":"<p>Kolberlik Do\u011fu K\u00fcrdistan halk\u0131n\u0131n \u0130ran taraf\u0131ndan mahkum edildi\u011fi bir trajedidir. \u0130ran halk\u0131 yoksul ve i\u015fsiz b\u0131rakarak onlar\u0131 s\u0131n\u0131r \u00fczerinde s\u0131rtlar\u0131 ile veya atlar ile gizli ticarete mahkum ediyor. Her g\u00fcn ba\u015fka bir trajedi ya\u015fan\u0131yor. Bu trajedilerden biri de Soran Abdi\u2019nin hayat\u0131. 13 ya\u015f\u0131ndayken G\u00fcle G\u00fcle Analog filimindi ba\u015f rolde oynayan Soran Abdi bir sinema hayran\u0131yd\u0131. [&hellip;]<\/p>\n","protected":false},"author":2,"featured_media":1029031,"comment_status":"closed","ping_status":"closed","sticky":false,"template":"","format":"standard","meta":{"footnotes":""},"categories":[33],"tags":[31],"class_list":["post-1029030","post","type-post","status-publish","format-standard","has-post-thumbnail","hentry","category-sanat","tag-onemli"],"blocksy_meta":[],"seo_head":"<!-- This site is optimized with the Yoast SEO plugin v27.5 - https:\/\/yoast.com\/product\/yoast-seo-wordpress\/ -->\n<title>Kolberlik trajedisi: \u201cG\u00fcle G\u00fcle Analog\u201d filminde yer alan \u00e7ocuk \u0130ran devleti taraf\u0131ndan vuruldu - Darka Mazi<\/title>\n<meta name=\"robots\" content=\"index, follow, max-snippet:-1, max-image-preview:large, max-video-preview:-1\" \/>\n<link rel=\"canonical\" href=\"https:\/\/darkamazi.site\/archives\/1029030\" \/>\n<meta property=\"og:locale\" content=\"en_US\" \/>\n<meta property=\"og:type\" content=\"article\" \/>\n<meta property=\"og:title\" content=\"Kolberlik trajedisi: \u201cG\u00fcle G\u00fcle Analog\u201d filminde yer alan \u00e7ocuk \u0130ran devleti taraf\u0131ndan vuruldu - Darka Mazi\" \/>\n<meta property=\"og:description\" content=\"Kolberlik Do\u011fu K\u00fcrdistan halk\u0131n\u0131n \u0130ran taraf\u0131ndan mahkum edildi\u011fi bir trajedidir. \u0130ran halk\u0131 yoksul ve i\u015fsiz b\u0131rakarak onlar\u0131 s\u0131n\u0131r \u00fczerinde s\u0131rtlar\u0131 ile veya atlar ile gizli ticarete mahkum ediyor. Her g\u00fcn ba\u015fka bir trajedi ya\u015fan\u0131yor. Bu trajedilerden biri de Soran Abdi\u2019nin hayat\u0131. 13 ya\u015f\u0131ndayken G\u00fcle G\u00fcle Analog filimindi ba\u015f rolde oynayan Soran Abdi bir sinema hayran\u0131yd\u0131. [&hellip;]\" \/>\n<meta property=\"og:url\" content=\"https:\/\/darkamazi.site\/archives\/1029030\" \/>\n<meta property=\"og:site_name\" content=\"Darka Mazi\" \/>\n<meta property=\"article:publisher\" content=\"https:\/\/www.facebook.com\/DarkaMaziturkce\" \/>\n<meta property=\"article:published_time\" content=\"2024-03-29T11:33:02+00:00\" \/>\n<meta property=\"og:image\" content=\"https:\/\/darkamazi.site\/file\/2024\/03\/Soran-Abdi.jpg\" \/>\n\t<meta property=\"og:image:width\" content=\"870\" \/>\n\t<meta property=\"og:image:height\" content=\"580\" \/>\n\t<meta property=\"og:image:type\" content=\"image\/jpeg\" \/>\n<meta name=\"author\" content=\"darka mazi\" \/>\n<meta name=\"twitter:card\" content=\"summary_large_image\" \/>\n<meta name=\"twitter:creator\" content=\"@DarkaMaziTurkce\" \/>\n<meta name=\"twitter:site\" content=\"@DarkaMaziTurkce\" \/>\n<meta name=\"twitter:label1\" content=\"Written by\" \/>\n\t<meta name=\"twitter:data1\" content=\"darka mazi\" \/>\n\t<meta name=\"twitter:label2\" content=\"Est. reading time\" \/>\n\t<meta name=\"twitter:data2\" content=\"1 minute\" \/>\n<script type=\"application\/ld+json\" class=\"seo-schema-graph\">{\"@context\":\"https:\\\/\\\/schema.org\",\"@graph\":[{\"@type\":\"NewsArticle\",\"@id\":\"https:\\\/\\\/darkamazi.site\\\/archives\\\/1029030#article\",\"isPartOf\":{\"@id\":\"https:\\\/\\\/darkamazi.site\\\/archives\\\/1029030\"},\"author\":{\"name\":\"darka mazi\",\"@id\":\"https:\\\/\\\/darkamazi.site\\\/#\\\/schema\\\/person\\\/67986a95ac546c16760365877ef4a9d3\"},\"headline\":\"Kolberlik trajedisi: \u201cG\u00fcle G\u00fcle Analog\u201d filminde yer alan \u00e7ocuk \u0130ran devleti taraf\u0131ndan vuruldu\",\"datePublished\":\"2024-03-29T11:33:02+00:00\",\"mainEntityOfPage\":{\"@id\":\"https:\\\/\\\/darkamazi.site\\\/archives\\\/1029030\"},\"wordCount\":244,\"publisher\":{\"@id\":\"https:\\\/\\\/darkamazi.site\\\/#organization\"},\"image\":{\"@id\":\"https:\\\/\\\/darkamazi.site\\\/archives\\\/1029030#primaryimage\"},\"thumbnailUrl\":\"https:\\\/\\\/darkamazi.site\\\/darka-content\\\/uploads\\\/2024\\\/03\\\/Soran-Abdi.jpg\",\"keywords\":[\"\u00f6nemli\"],\"articleSection\":[\"Sanat\"],\"inLanguage\":\"en-US\"},{\"@type\":\"WebPage\",\"@id\":\"https:\\\/\\\/darkamazi.site\\\/archives\\\/1029030\",\"url\":\"https:\\\/\\\/darkamazi.site\\\/archives\\\/1029030\",\"name\":\"Kolberlik trajedisi: \u201cG\u00fcle G\u00fcle Analog\u201d filminde yer alan \u00e7ocuk \u0130ran devleti taraf\u0131ndan vuruldu - Darka Mazi\",\"isPartOf\":{\"@id\":\"https:\\\/\\\/darkamazi.site\\\/#website\"},\"primaryImageOfPage\":{\"@id\":\"https:\\\/\\\/darkamazi.site\\\/archives\\\/1029030#primaryimage\"},\"image\":{\"@id\":\"https:\\\/\\\/darkamazi.site\\\/archives\\\/1029030#primaryimage\"},\"thumbnailUrl\":\"https:\\\/\\\/darkamazi.site\\\/darka-content\\\/uploads\\\/2024\\\/03\\\/Soran-Abdi.jpg\",\"datePublished\":\"2024-03-29T11:33:02+00:00\",\"breadcrumb\":{\"@id\":\"https:\\\/\\\/darkamazi.site\\\/archives\\\/1029030#breadcrumb\"},\"inLanguage\":\"en-US\",\"potentialAction\":[{\"@type\":\"ReadAction\",\"target\":[\"https:\\\/\\\/darkamazi.site\\\/archives\\\/1029030\"]}]},{\"@type\":\"ImageObject\",\"inLanguage\":\"en-US\",\"@id\":\"https:\\\/\\\/darkamazi.site\\\/archives\\\/1029030#primaryimage\",\"url\":\"https:\\\/\\\/darkamazi.site\\\/darka-content\\\/uploads\\\/2024\\\/03\\\/Soran-Abdi.jpg\",\"contentUrl\":\"https:\\\/\\\/darkamazi.site\\\/darka-content\\\/uploads\\\/2024\\\/03\\\/Soran-Abdi.jpg\",\"width\":870,\"height\":580,\"caption\":\"Kolberlik trajedisi: \u201cG\u00fcle G\u00fcle Analog\u201d filminde yer alan \u00e7ocuk \u0130ran devleti taraf\u0131ndan vuruldu Soran Ebdi, Hiwa Eminnejad,\"},{\"@type\":\"BreadcrumbList\",\"@id\":\"https:\\\/\\\/darkamazi.site\\\/archives\\\/1029030#breadcrumb\",\"itemListElement\":[{\"@type\":\"ListItem\",\"position\":1,\"name\":\"Home\",\"item\":\"https:\\\/\\\/darkamazi.site\\\/\"},{\"@type\":\"ListItem\",\"position\":2,\"name\":\"Kolberlik trajedisi: \u201cG\u00fcle G\u00fcle Analog\u201d filminde yer alan \u00e7ocuk \u0130ran devleti taraf\u0131ndan vuruldu\"}]},{\"@type\":\"WebSite\",\"@id\":\"https:\\\/\\\/darkamazi.site\\\/#website\",\"url\":\"https:\\\/\\\/darkamazi.site\\\/\",\"name\":\"Darka Mazi\",\"description\":\"Ana Sayfa\",\"publisher\":{\"@id\":\"https:\\\/\\\/darkamazi.site\\\/#organization\"},\"potentialAction\":[{\"@type\":\"SearchAction\",\"target\":{\"@type\":\"EntryPoint\",\"urlTemplate\":\"https:\\\/\\\/darkamazi.site\\\/?s={search_term_string}\"},\"query-input\":{\"@type\":\"PropertyValueSpecification\",\"valueRequired\":true,\"valueName\":\"search_term_string\"}}],\"inLanguage\":\"en-US\"},{\"@type\":\"Organization\",\"@id\":\"https:\\\/\\\/darkamazi.site\\\/#organization\",\"name\":\"Darka Mazi T\u00fcrk\u00e7e\",\"alternateName\":\"Darka Mazi\",\"url\":\"https:\\\/\\\/darkamazi.site\\\/\",\"logo\":{\"@type\":\"ImageObject\",\"inLanguage\":\"en-US\",\"@id\":\"https:\\\/\\\/darkamazi.site\\\/#\\\/schema\\\/logo\\\/image\\\/\",\"url\":\"https:\\\/\\\/darkamazi.site\\\/darka-content\\\/uploads\\\/2017\\\/12\\\/darka-mazi-logo.png\",\"contentUrl\":\"https:\\\/\\\/darkamazi.site\\\/darka-content\\\/uploads\\\/2017\\\/12\\\/darka-mazi-logo.png\",\"width\":151,\"height\":75,\"caption\":\"Darka Mazi T\u00fcrk\u00e7e\"},\"image\":{\"@id\":\"https:\\\/\\\/darkamazi.site\\\/#\\\/schema\\\/logo\\\/image\\\/\"},\"sameAs\":[\"https:\\\/\\\/www.facebook.com\\\/DarkaMaziturkce\",\"https:\\\/\\\/x.com\\\/DarkaMaziTurkce\"]},{\"@type\":\"Person\",\"@id\":\"https:\\\/\\\/darkamazi.site\\\/#\\\/schema\\\/person\\\/67986a95ac546c16760365877ef4a9d3\",\"name\":\"darka mazi\",\"sameAs\":[\"https:\\\/\\\/darkamazi.site\"],\"url\":\"https:\\\/\\\/darkamazi.site\\\/archives\\\/author\\\/turkish\"}]}<\/script>\n<!-- \/ Yoast SEO plugin. -->","seo_head_json":{"title":"Kolberlik trajedisi: \u201cG\u00fcle G\u00fcle Analog\u201d filminde yer alan \u00e7ocuk \u0130ran devleti taraf\u0131ndan vuruldu - Darka Mazi","robots":{"index":"index","follow":"follow","max-snippet":"max-snippet:-1","max-image-preview":"max-image-preview:large","max-video-preview":"max-video-preview:-1"},"canonical":"https:\/\/darkamazi.site\/archives\/1029030","og_locale":"en_US","og_type":"article","og_title":"Kolberlik trajedisi: \u201cG\u00fcle G\u00fcle Analog\u201d filminde yer alan \u00e7ocuk \u0130ran devleti taraf\u0131ndan vuruldu - Darka Mazi","og_description":"Kolberlik Do\u011fu K\u00fcrdistan halk\u0131n\u0131n \u0130ran taraf\u0131ndan mahkum edildi\u011fi bir trajedidir. \u0130ran halk\u0131 yoksul ve i\u015fsiz b\u0131rakarak onlar\u0131 s\u0131n\u0131r \u00fczerinde s\u0131rtlar\u0131 ile veya atlar ile gizli ticarete mahkum ediyor. Her g\u00fcn ba\u015fka bir trajedi ya\u015fan\u0131yor. Bu trajedilerden biri de Soran Abdi\u2019nin hayat\u0131. 13 ya\u015f\u0131ndayken G\u00fcle G\u00fcle Analog filimindi ba\u015f rolde oynayan Soran Abdi bir sinema hayran\u0131yd\u0131. [&hellip;]","og_url":"https:\/\/darkamazi.site\/archives\/1029030","og_site_name":"Darka Mazi","article_publisher":"https:\/\/www.facebook.com\/DarkaMaziturkce","article_published_time":"2024-03-29T11:33:02+00:00","og_image":[{"width":870,"height":580,"url":"https:\/\/darkamazi.site\/file\/2024\/03\/Soran-Abdi.jpg","type":"image\/jpeg"}],"author":"darka mazi","twitter_card":"summary_large_image","twitter_creator":"@DarkaMaziTurkce","twitter_site":"@DarkaMaziTurkce","twitter_misc":{"Written by":"darka mazi","Est. reading time":"1 minute"},"schema":{"@context":"https:\/\/schema.org","@graph":[{"@type":"NewsArticle","@id":"https:\/\/darkamazi.site\/archives\/1029030#article","isPartOf":{"@id":"https:\/\/darkamazi.site\/archives\/1029030"},"author":{"name":"darka mazi","@id":"https:\/\/darkamazi.site\/#\/schema\/person\/67986a95ac546c16760365877ef4a9d3"},"headline":"Kolberlik trajedisi: \u201cG\u00fcle G\u00fcle Analog\u201d filminde yer alan \u00e7ocuk \u0130ran devleti taraf\u0131ndan vuruldu","datePublished":"2024-03-29T11:33:02+00:00","mainEntityOfPage":{"@id":"https:\/\/darkamazi.site\/archives\/1029030"},"wordCount":244,"publisher":{"@id":"https:\/\/darkamazi.site\/#organization"},"image":{"@id":"https:\/\/darkamazi.site\/archives\/1029030#primaryimage"},"thumbnailUrl":"https:\/\/darkamazi.site\/file\/2024\/03\/Soran-Abdi.jpg","keywords":["\u00f6nemli"],"articleSection":["Sanat"],"inLanguage":"en-US"},{"@type":"WebPage","@id":"https:\/\/darkamazi.site\/archives\/1029030","url":"https:\/\/darkamazi.site\/archives\/1029030","name":"Kolberlik trajedisi: \u201cG\u00fcle G\u00fcle Analog\u201d filminde yer alan \u00e7ocuk \u0130ran devleti taraf\u0131ndan vuruldu - Darka Mazi","isPartOf":{"@id":"https:\/\/darkamazi.site\/#website"},"primaryImageOfPage":{"@id":"https:\/\/darkamazi.site\/archives\/1029030#primaryimage"},"image":{"@id":"https:\/\/darkamazi.site\/archives\/1029030#primaryimage"},"thumbnailUrl":"https:\/\/darkamazi.site\/file\/2024\/03\/Soran-Abdi.jpg","datePublished":"2024-03-29T11:33:02+00:00","breadcrumb":{"@id":"https:\/\/darkamazi.site\/archives\/1029030#breadcrumb"},"inLanguage":"en-US","potentialAction":[{"@type":"ReadAction","target":["https:\/\/darkamazi.site\/archives\/1029030"]}]},{"@type":"ImageObject","inLanguage":"en-US","@id":"https:\/\/darkamazi.site\/archives\/1029030#primaryimage","url":"https:\/\/darkamazi.site\/file\/2024\/03\/Soran-Abdi.jpg","contentUrl":"https:\/\/darkamazi.site\/file\/2024\/03\/Soran-Abdi.jpg","width":870,"height":580,"caption":"Kolberlik trajedisi: \u201cG\u00fcle G\u00fcle Analog\u201d filminde yer alan \u00e7ocuk \u0130ran devleti taraf\u0131ndan vuruldu Soran Ebdi, Hiwa Eminnejad,"},{"@type":"BreadcrumbList","@id":"https:\/\/darkamazi.site\/archives\/1029030#breadcrumb","itemListElement":[{"@type":"ListItem","position":1,"name":"Home","item":"https:\/\/darkamazi.site\/"},{"@type":"ListItem","position":2,"name":"Kolberlik trajedisi: \u201cG\u00fcle G\u00fcle Analog\u201d filminde yer alan \u00e7ocuk \u0130ran devleti taraf\u0131ndan vuruldu"}]},{"@type":"WebSite","@id":"https:\/\/darkamazi.site\/#website","url":"https:\/\/darkamazi.site\/","name":"Darka Mazi","description":"Ana Sayfa","publisher":{"@id":"https:\/\/darkamazi.site\/#organization"},"potentialAction":[{"@type":"SearchAction","target":{"@type":"EntryPoint","urlTemplate":"https:\/\/darkamazi.site\/?s={search_term_string}"},"query-input":{"@type":"PropertyValueSpecification","valueRequired":true,"valueName":"search_term_string"}}],"inLanguage":"en-US"},{"@type":"Organization","@id":"https:\/\/darkamazi.site\/#organization","name":"Darka Mazi T\u00fcrk\u00e7e","alternateName":"Darka Mazi","url":"https:\/\/darkamazi.site\/","logo":{"@type":"ImageObject","inLanguage":"en-US","@id":"https:\/\/darkamazi.site\/#\/schema\/logo\/image\/","url":"https:\/\/darkamazi.site\/file\/2017\/12\/darka-mazi-logo.png","contentUrl":"https:\/\/darkamazi.site\/file\/2017\/12\/darka-mazi-logo.png","width":151,"height":75,"caption":"Darka Mazi T\u00fcrk\u00e7e"},"image":{"@id":"https:\/\/darkamazi.site\/#\/schema\/logo\/image\/"},"sameAs":["https:\/\/www.facebook.com\/DarkaMaziturkce","https:\/\/x.com\/DarkaMaziTurkce"]},{"@type":"Person","@id":"https:\/\/darkamazi.site\/#\/schema\/person\/67986a95ac546c16760365877ef4a9d3","name":"darka mazi","sameAs":["https:\/\/darkamazi.site"],"url":"https:\/\/darkamazi.site\/archives\/author\/turkish"}]}},"_links":{"self":[{"href":"https:\/\/darkamazi.site\/funavuv\/wp\/v2\/posts\/1029030","targetHints":{"allow":["GET"]}}],"collection":[{"href":"https:\/\/darkamazi.site\/funavuv\/wp\/v2\/posts"}],"about":[{"href":"https:\/\/darkamazi.site\/funavuv\/wp\/v2\/types\/post"}],"author":[{"embeddable":true,"href":"https:\/\/darkamazi.site\/funavuv\/wp\/v2\/users\/2"}],"replies":[{"embeddable":true,"href":"https:\/\/darkamazi.site\/funavuv\/wp\/v2\/comments?post=1029030"}],"version-history":[{"count":0,"href":"https:\/\/darkamazi.site\/funavuv\/wp\/v2\/posts\/1029030\/revisions"}],"wp:featuredmedia":[{"embeddable":true,"href":"https:\/\/darkamazi.site\/funavuv\/wp\/v2\/media\/1029031"}],"wp:attachment":[{"href":"https:\/\/darkamazi.site\/funavuv\/wp\/v2\/media?parent=1029030"}],"wp:term":[{"taxonomy":"category","embeddable":true,"href":"https:\/\/darkamazi.site\/funavuv\/wp\/v2\/categories?post=1029030"},{"taxonomy":"post_tag","embeddable":true,"href":"https:\/\/darkamazi.site\/funavuv\/wp\/v2\/tags?post=1029030"}],"curies":[{"name":"wp","href":"https:\/\/api.w.org\/{rel}","templated":true}]}}