{"id":1029043,"date":"2024-03-31T22:32:02","date_gmt":"2024-03-31T19:32:02","guid":{"rendered":"https:\/\/darkamazi.site\/?p=1029043"},"modified":"2024-03-31T22:33:58","modified_gmt":"2024-03-31T19:33:58","slug":"pkk-her-alanda-kurd-kurdistan-dusmanidir","status":"publish","type":"post","link":"https:\/\/darkamazi.site\/archives\/1029043","title":{"rendered":"PKK Her Alanda K\u00fcrd\/K\u00fcrdistan D\u00fc\u015fman\u0131d\u0131r"},"content":{"rendered":"<p style=\"text-align: justify\">Her ezilen, s\u00f6m\u00fcr\u00fclen halk\u0131n \u00f6zg\u00fcrl\u00fck m\u00fccadelesinde emek veren ve bu yolda ya\u015fam\u0131n\u0131 yitiren insanlar vard\u0131r. \u0130z b\u0131rakan bu insanlar\u0131n an\u0131lmas\u0131, m\u00fccadele ederken yaratt\u0131klar\u0131 de\u011ferlere sahip \u00e7\u0131kmak ve m\u00fccadelelerini kald\u0131\u011f\u0131 yerden devam ettirmek anlam\u0131na geliyor.<\/p>\n<p style=\"text-align: justify\">Do\u011fald\u0131r ki her halk \u00f6nce kendi de\u011ferlerine sahip \u00e7\u0131kar. Her halk kendi de\u011ferlerine sahip \u00e7\u0131karken ayn\u0131 zamanda di\u011fer halklar\u0131n \u00f6zg\u00fcrl\u00fck m\u00fccadelesinde iz b\u0131rakm\u0131\u015f ve kendilerine esin kayna\u011f\u0131 olmu\u015f ki\u015fileri de anarlar.<\/p>\n<p style=\"text-align: justify\">\u015eayet sahiplenilecek kadar de\u011fer yaratm\u0131\u015f kendi halk\u0131ndan devrimci \u00f6nc\u00fcler yoksa ba\u015fka halklardan \u00f6zellikli insanlara \u00f6ncelik vermeleri ve onlar\u0131 sahiplenmeleri de anla\u015f\u0131l\u0131rd\u0131r.<\/p>\n<p style=\"text-align: justify\">Ancak kendi halk\u0131n\u0131n \u00e7ok \u00e7etin bir m\u00fccadelesi varsa ve bu m\u00fccadele bir\u00e7ok yi\u011fit, cesur, kararl\u0131 ve \u00f6rnek ki\u015finin hayat\u0131na mal olmu\u015fsa, bu \u00f6zellikli ki\u015fileri\/\u00f6nc\u00fcleri anmak, m\u00fccadelelerine sahip \u00e7\u0131kmak birincil olmal\u0131d\u0131r.<\/p>\n<p style=\"text-align: justify\">Kendi halk\u0131n\u0131n \u00f6zellikli insanlar\u0131n\u0131 g\u00f6rmeyen\/anmayan ve ba\u015fka halklar\u0131n \u00f6zellikli insanlar\u0131n\u0131 abart\u0131l\u0131 bir anlamla ananlar, ad\u0131na hareket ettikleri halk i\u00e7in m\u00fccadele etmiyorlar demek ki. Dahas\u0131 bu durum, kendi anne-babas\u0131n\u0131 inkar eden insanlar\u0131n a\u015fa\u011f\u0131l\u0131k kompleksini de yans\u0131t\u0131yor ayn\u0131 zamanda.<\/p>\n<p style=\"text-align: justify\">Bilindi\u011fi gibi 31 Mart K\u00fcrdistan \u015eehitler g\u00fcn\u00fc ve K\u00fcrdistan Cumhurba\u015fkan\u0131 Qaz\u00ee Mihemed ve iki yolda\u015f\u0131n\u0131n s\u00f6m\u00fcrgeciler taraf\u0131ndan katledili\u015finin y\u0131l d\u00f6n\u00fcm\u00fcd\u00fcr. Ben insan\u0131m ve K\u00fcrdlerin Ulusal Sorunu&#8217;na kar\u015f\u0131 duyarl\u0131y\u0131m diyebilen herkes son iki g\u00fcnd\u00fcr bu \u00f6zel g\u00fcn\u00fcn an\u0131s\u0131na duygu ve d\u00fc\u015f\u00fcncelerini ifade ediyorlar ve \u00f6nc\u00fclerini, kendilerini halk i\u00e7in feda eden de\u011ferlerini an\u0131yorlar; m\u00fccadelelerine sahip \u00e7\u0131k\u0131yorlar.<\/p>\n<p style=\"text-align: justify\">Son iki g\u00fcnd\u00fcr PKK medyas\u0131n\u0131n en \u00f6nemli g\u00fcndem maddelerinden birisi K\u0131z\u0131ldere Katliam\u0131 ve bu katliamda ya\u015fam\u0131n\u0131 yitirenlerin sahiplenilmesidir\u2026<\/p>\n<p style=\"text-align: justify\">Yap\u0131lan a\u00e7\u0131klamalarda Mahir \u00c7ayan ve arkada\u015flar\u0131, K\u00fcrdlerin \u00d6zg\u00fcrl\u00fck M\u00fccadelesinin \u00f6nc\u00fcleri olarak an\u0131ld\u0131lar ve PKK\u2019nin onlar\u0131n miras\u00e7\u0131s\u0131, devam\u0131 oldu\u011fu vurguland\u0131.<\/p>\n<p style=\"text-align: justify\">Mahir \u00c7ayan, Deniz Gezmi\u015f Ve K\u00fcrdler<\/p>\n<p style=\"text-align: justify\">PKK veya ba\u015fka birileri sahipleniyor diye kimseye haks\u0131zl\u0131k yapmak istemiyoruz. Ancak Mahir \u00c7ayan ve Deniz Gezmi\u015f\u2019in K\u00fcrdlerin Ulusal M\u00fccadelesinde nas\u0131l bir role sahip olduklar\u0131n\u0131\/olmad\u0131klar\u0131n\u0131 da do\u011fru bir \u015fekilde ortaya koymak gerekiyor.<\/p>\n<p style=\"text-align: justify\">Sistemin Kemalist kanad\u0131n\u0131 \u201cdevrimci\u201d olarak g\u00f6ren ve tarihin g\u00f6rd\u00fc\u011f\u00fc en b\u00fcy\u00fck katliamc\u0131lardan\/soyk\u0131r\u0131mc\u0131lardan biri olan Mustafa Kemal i\u00e7in y\u00fcr\u00fcy\u00fc\u015fler yapan, onu y\u00fccelten bu insanlar, kendi d\u00f6nemlerinin ko\u015fullar\u0131 dikkate al\u0131narak de\u011ferlendirildiklerinde ideolojik eksikliklerine kar\u015f\u0131n \u2018naif devrimciler\u2019 olduklar\u0131 s\u00f6ylenebilir. Do\u011fru oldu\u011funa inand\u0131klar\u0131 bir m\u00fccadele verirken cesur, hesaps\u0131z ve yi\u011fit\u00e7e davrand\u0131lar. Ama ne sistemle k\u00f6kl\u00fc bir ideolojik hesapla\u015fma i\u00e7ine girdiler ne de K\u00fcrdlerin Ulusal Haklar\u0131&#8217;yla ilgili olumlu bir yakla\u015f\u0131m sergileyebildiler\u2026<\/p>\n<p style=\"text-align: justify\">S\u0131k\u00e7a dillendirilen Deniz Gezmi\u015f\u2019in, \u2018ya\u015fas\u0131n K\u00fcrd ve T\u00fcrk halklar\u0131n\u0131n karde\u015fli\u011fi\u2019 slogan\u0131 iyi niyetten \u00f6te ger\u00e7ek\u00e7i bir anlam ifade etmiyor. \u00c7\u00fcnk\u00fc K\u00fcrdlerin bir Ulus oldu\u011fu ve T\u00fcrkiye\u2019nin bu Ulus&#8217;un \u00fclkesi K\u00fcrdistan\u2019\u0131 i\u015fgal etti\u011fi, K\u00fcrdlerin de devletle\u015fme hakk\u0131 oldu\u011fu gibi en temel konular\u0131n yan\u0131ndan bile ge\u00e7mediler\u2026<\/p>\n<p style=\"text-align: justify\">\u015eayet T\u00fcrkiye devrimci hareketi i\u00e7inde birileri an\u0131lacaksa, sahiplenilecekse \u015f\u00fcphesiz ki \u0130brahim Kaypakkaya ilk s\u0131rada olmal\u0131d\u0131r. \u0130\u015fin ilgin\u00e7 taraf\u0131 PKK, Mahir \u00c7ayan ve arkada\u015flar\u0131na g\u00f6sterdi\u011fi ilgiyi Kaypakka\u2019ya g\u00f6stermiyor.<\/p>\n<p style=\"text-align: justify\">K\u00fcrdlerin Ulusal M\u00fccadelesi&#8217;ne de\u011finmeyen ve ulusal amaca asla esin kayna\u011f\u0131 olmayan Mahir \u00c7ayan ve Deniz Gezmi\u015f an\u0131lacaksa, K\u00fcrdlerin \u00d6zg\u00fcrl\u00fck M\u00fccadelesi&#8217;yle ba\u011f kurularak an\u0131lamazlar; olsa olsa T\u00fcrk halk\u0131n\u0131n yi\u011fit, romantik devrimcileri olarak an\u0131labilirler\u2026<\/p>\n<p style=\"text-align: justify\">PKK ve t\u00fcrevleri taraf\u0131ndan yap\u0131lan a\u00e7\u0131klamalarda, Mahir \u00c7ayan ve arkada\u015flar\u0131 PKK\u2019nin \u00f6nc\u00fcleri gibi an\u0131l\u0131rken (ki bu do\u011fru ve anla\u015f\u0131l\u0131r bir ba\u011f kurmakt\u0131r) ayn\u0131 zamanda \u201cK\u00fcrdlerin \u00f6nc\u00fcleri\u201d gibi yans\u0131t\u0131lmas\u0131 tam bir sahtek\u00e2rl\u0131k \u00f6rne\u011fidir. Kendisini \u201cK\u00fcrd hareketi\u201d olarak g\u00f6rd\u00fc\u011f\u00fc i\u00e7in \u00f6nc\u00fclerini de K\u00fcrd Ulusal Hareketi&#8217;nin \u00f6nc\u00fcleri gibi yans\u0131t\u0131yor PKK.<\/p>\n<p style=\"text-align: justify\">PKK kendisini \u201cK\u00fcrd hareketi\u201d olarak g\u00f6rd\u00fc\u011f\u00fc i\u00e7in \u00f6nc\u00fclerini de K\u00fcrd Ulusal Hareketi&#8217;nin \u00f6nc\u00fcleri gibi yans\u0131t\u0131yor. Bu bilin\u00e7li \u00e7arp\u0131tma, PKK\u2019nin bir T\u00fcrk hareketi oldu\u011fu ger\u00e7e\u011fini \u00f6rtbas etmeyi ama\u00e7lamaktad\u0131r.<\/p>\n<p style=\"text-align: justify\">M\u00fccadele i\u00e7inde do\u011fan ve t\u00fcm ya\u015fam\u0131n\u0131 halk\u0131n\u0131n ulusal kurtulu\u015fu i\u00e7in zor ko\u015fullarda ge\u00e7iren Melle Mistefa Berzani, t\u00fcm d\u00fcnya devrimci hareketlerine simge olabilecek kadar gen\u00e7, kararl\u0131 ve cesur Leyla Qasim, idam edilirken bile halk\u0131n\u0131n gelece\u011fini d\u00fc\u015f\u00fcnen K\u00fcrdistan Cumhurba\u015fkan\u0131 Qazi Mihemmed ve Seyit R\u0131za, \u015e\u00eax Seid, Qasimlo ve daha bir\u00e7ok K\u00fcrdistan de\u011feri, bir g\u00fcn olsun Mahir \u00c7ayan ve Deniz Gezmi\u015f\u2019in yolda\u015flar\u0131 taraf\u0131ndan an\u0131ld\u0131 m\u0131?<\/p>\n<p style=\"text-align: justify\">Her halk\u0131n \u00f6ncelikleri farkl\u0131d\u0131r; bu nedenle \u00f6nc\u00fcleri de farkl\u0131d\u0131r. Bu noktada \u00c7ayan ve Gezmi\u015f\u2019in m\u00fccadele arkada\u015flar\u0131 neden K\u00fcrdlerin \u00f6nc\u00fclerini anm\u0131yor siteminde bulunmuyoruz. Hal b\u00f6yleyken K\u00fcrdler ad\u0131na hareket etti\u011fini iddia edenlerin \u00c7ayan ve Gezmi\u015f\u2019i anmalar\u0131n\u0131n, sahiplenmelerinin sakatl\u0131\u011f\u0131n\u0131 hat\u0131rlat\u0131yoruz sadece.<\/p>\n<p style=\"text-align: justify\">Bu sakatl\u0131k o kadar bilin\u00e7li bir K\u00fcrd d\u00fc\u015fmanl\u0131\u011f\u0131 ta\u015f\u0131yor ki, son iki g\u00fcnd\u00fcr PKK Medyas\u0131&#8217;nda Qazi Mihmmed ve m\u00fccadele arkada\u015flar\u0131yla ilgili bir tek habere yer vermeyecek derecededir\u2026<\/p>\n<p style=\"text-align: justify\">Asl\u0131nda PKK, kendi ideolojisinin gereklerini yerine getiriyor. \u00c7\u00fcnk\u00fc PKK hi\u00e7bir zaman bir K\u00fcrd\/K\u00fcrdistani hareket olmad\u0131. Dahas\u0131 ortaya \u00e7\u0131kt\u0131\u011f\u0131 g\u00fcnden beri K\u00fcrdlerin Ulusal De\u011ferlerine sald\u0131rarak, Ulusal Dinamikleri TC\u2019nin potas\u0131nda eritmeye \u00e7al\u0131\u015ft\u0131.<\/p>\n<p style=\"text-align: justify\">PKK, bir devlet \u00f6rg\u00fct\u00fc oldu\u011funu bir\u00e7ok olayda fazlas\u0131yla ortaya koymas\u0131na kar\u015f\u0131n K\u00fcrd politik \u00e7evreleri taraf\u0131ndan bu ger\u00e7eklik g\u00f6r\u00fclmedi\/g\u00f6r\u00fclmek istenmedi.<\/p>\n<p style=\"text-align: justify\">PKK\u2019nin, K\u00fcrdistan\u2019\u0131n di\u011fer par\u00e7alar\u0131n\u0131 da T.C\u2019nin egemenli\u011fine sokmak i\u00e7in devletin hizmet\u00e7ili\u011fini yapmaya devam etmek isteyen bir yap\u0131 oldu\u011fu tart\u0131\u015fma gerektirmeyecek \u015fekilde kan\u0131tlanm\u0131\u015ft\u0131r. Bu a\u00e7\u0131dan bak\u0131ld\u0131\u011f\u0131nda PKK\u2019nin Qazi Mihemmed ve yolda\u015flar\u0131n\u0131 anmamas\u0131, buna kar\u015f\u0131n Mahir \u00c7ayan ve arkada\u015flar\u0131n\u0131 abart\u0131l\u0131 bir \u015fekilde anmas\u0131 \u015fa\u015f\u0131rt\u0131c\u0131 de\u011fildir!<\/p>\n<p style=\"text-align: justify\">\u015ea\u015f\u0131rt\u0131c\u0131 olan ise, K\u00fcrd politik \u00e7evrelerinin hala ve \u0131srarla PKK\u2019yi bir K\u00fcrd \u00f6rg\u00fct\u00fc olarak g\u00f6rmeye devam etmesidir.<\/p>\n<p style=\"text-align: justify\">PKK bile a\u00e7\u0131k\u00e7a rol\u00fcn\u00fc, devlet\u00e7ili\u011fini itiraf ederken, kuyruk\u00e7ular\u0131n\u0131n bunu kabullenmemesinin hi\u00e7bir a\u00e7\u0131klamas\u0131 yoktur\/olamaz\u2026<\/p>\n<p style=\"text-align: justify\">PKK ve kuyruk\u00e7ular\u0131na ra\u011fmen K\u00fcrdler, Qazi Mihemmed ve iki yolda\u015f\u0131yla birlikte K\u00fcrdistan Ulusal Kurtulu\u015f M\u00fccadelesi&#8217;nde ya\u015fam\u0131n\u0131 yitiren t\u00fcm de\u011ferlerini an\u0131yor\/anmaya devam edeceklerdir\u2026<\/p>\n<p style=\"text-align: justify\">S\u00fcleyman Akkoyun<\/p>\n","protected":false},"excerpt":{"rendered":"<p>Her ezilen, s\u00f6m\u00fcr\u00fclen halk\u0131n \u00f6zg\u00fcrl\u00fck m\u00fccadelesinde emek veren ve bu yolda ya\u015fam\u0131n\u0131 yitiren insanlar vard\u0131r. \u0130z b\u0131rakan bu insanlar\u0131n an\u0131lmas\u0131, m\u00fccadele ederken yaratt\u0131klar\u0131 de\u011ferlere sahip \u00e7\u0131kmak ve m\u00fccadelelerini kald\u0131\u011f\u0131 yerden devam ettirmek anlam\u0131na geliyor. Do\u011fald\u0131r ki her halk \u00f6nce kendi de\u011ferlerine sahip \u00e7\u0131kar. Her halk kendi de\u011ferlerine sahip \u00e7\u0131karken ayn\u0131 zamanda di\u011fer halklar\u0131n \u00f6zg\u00fcrl\u00fck m\u00fccadelesinde [&hellip;]<\/p>\n","protected":false},"author":2,"featured_media":1029045,"comment_status":"closed","ping_status":"closed","sticky":false,"template":"","format":"standard","meta":{"footnotes":""},"categories":[26],"tags":[31],"class_list":["post-1029043","post","type-post","status-publish","format-standard","has-post-thumbnail","hentry","category-forum","tag-onemli"],"blocksy_meta":[],"seo_head":"<!-- This site is optimized with the Yoast SEO plugin v27.5 - https:\/\/yoast.com\/product\/yoast-seo-wordpress\/ -->\n<title>PKK Her Alanda K\u00fcrd\/K\u00fcrdistan D\u00fc\u015fman\u0131d\u0131r - Darka Mazi<\/title>\n<meta name=\"robots\" content=\"index, follow, max-snippet:-1, max-image-preview:large, max-video-preview:-1\" \/>\n<link rel=\"canonical\" href=\"https:\/\/darkamazi.site\/archives\/1029043\" \/>\n<meta property=\"og:locale\" content=\"en_US\" \/>\n<meta property=\"og:type\" content=\"article\" \/>\n<meta property=\"og:title\" content=\"PKK Her Alanda K\u00fcrd\/K\u00fcrdistan D\u00fc\u015fman\u0131d\u0131r - Darka Mazi\" \/>\n<meta property=\"og:description\" content=\"Her ezilen, s\u00f6m\u00fcr\u00fclen halk\u0131n \u00f6zg\u00fcrl\u00fck m\u00fccadelesinde emek veren ve bu yolda ya\u015fam\u0131n\u0131 yitiren insanlar vard\u0131r. \u0130z b\u0131rakan bu insanlar\u0131n an\u0131lmas\u0131, m\u00fccadele ederken yaratt\u0131klar\u0131 de\u011ferlere sahip \u00e7\u0131kmak ve m\u00fccadelelerini kald\u0131\u011f\u0131 yerden devam ettirmek anlam\u0131na geliyor. Do\u011fald\u0131r ki her halk \u00f6nce kendi de\u011ferlerine sahip \u00e7\u0131kar. Her halk kendi de\u011ferlerine sahip \u00e7\u0131karken ayn\u0131 zamanda di\u011fer halklar\u0131n \u00f6zg\u00fcrl\u00fck m\u00fccadelesinde [&hellip;]\" \/>\n<meta property=\"og:url\" content=\"https:\/\/darkamazi.site\/archives\/1029043\" \/>\n<meta property=\"og:site_name\" content=\"Darka Mazi\" \/>\n<meta property=\"article:publisher\" content=\"https:\/\/www.facebook.com\/DarkaMaziturkce\" \/>\n<meta property=\"article:published_time\" content=\"2024-03-31T19:32:02+00:00\" \/>\n<meta property=\"article:modified_time\" content=\"2024-03-31T19:33:58+00:00\" \/>\n<meta property=\"og:image\" content=\"https:\/\/darkamazi.site\/file\/2024\/03\/Suleyman-Akkoyun-1.jpg\" \/>\n\t<meta property=\"og:image:width\" content=\"900\" \/>\n\t<meta property=\"og:image:height\" content=\"497\" \/>\n\t<meta property=\"og:image:type\" content=\"image\/jpeg\" \/>\n<meta name=\"author\" content=\"darka mazi\" \/>\n<meta name=\"twitter:card\" content=\"summary_large_image\" \/>\n<meta name=\"twitter:creator\" content=\"@DarkaMaziTurkce\" \/>\n<meta name=\"twitter:site\" content=\"@DarkaMaziTurkce\" \/>\n<meta name=\"twitter:label1\" content=\"Written by\" \/>\n\t<meta name=\"twitter:data1\" content=\"darka mazi\" \/>\n\t<meta name=\"twitter:label2\" content=\"Est. reading time\" \/>\n\t<meta name=\"twitter:data2\" content=\"4 minutes\" \/>\n<script type=\"application\/ld+json\" class=\"seo-schema-graph\">{\"@context\":\"https:\\\/\\\/schema.org\",\"@graph\":[{\"@type\":\"NewsArticle\",\"@id\":\"https:\\\/\\\/darkamazi.site\\\/archives\\\/1029043#article\",\"isPartOf\":{\"@id\":\"https:\\\/\\\/darkamazi.site\\\/archives\\\/1029043\"},\"author\":{\"name\":\"darka mazi\",\"@id\":\"https:\\\/\\\/darkamazi.site\\\/#\\\/schema\\\/person\\\/67986a95ac546c16760365877ef4a9d3\"},\"headline\":\"PKK Her Alanda K\u00fcrd\\\/K\u00fcrdistan D\u00fc\u015fman\u0131d\u0131r\",\"datePublished\":\"2024-03-31T19:32:02+00:00\",\"dateModified\":\"2024-03-31T19:33:58+00:00\",\"mainEntityOfPage\":{\"@id\":\"https:\\\/\\\/darkamazi.site\\\/archives\\\/1029043\"},\"wordCount\":1235,\"publisher\":{\"@id\":\"https:\\\/\\\/darkamazi.site\\\/#organization\"},\"image\":{\"@id\":\"https:\\\/\\\/darkamazi.site\\\/archives\\\/1029043#primaryimage\"},\"thumbnailUrl\":\"https:\\\/\\\/darkamazi.site\\\/darka-content\\\/uploads\\\/2024\\\/03\\\/Suleyman-Akkoyun-1.jpg\",\"keywords\":[\"\u00f6nemli\"],\"articleSection\":[\"Forum\"],\"inLanguage\":\"en-US\"},{\"@type\":\"WebPage\",\"@id\":\"https:\\\/\\\/darkamazi.site\\\/archives\\\/1029043\",\"url\":\"https:\\\/\\\/darkamazi.site\\\/archives\\\/1029043\",\"name\":\"PKK Her Alanda K\u00fcrd\\\/K\u00fcrdistan D\u00fc\u015fman\u0131d\u0131r - Darka Mazi\",\"isPartOf\":{\"@id\":\"https:\\\/\\\/darkamazi.site\\\/#website\"},\"primaryImageOfPage\":{\"@id\":\"https:\\\/\\\/darkamazi.site\\\/archives\\\/1029043#primaryimage\"},\"image\":{\"@id\":\"https:\\\/\\\/darkamazi.site\\\/archives\\\/1029043#primaryimage\"},\"thumbnailUrl\":\"https:\\\/\\\/darkamazi.site\\\/darka-content\\\/uploads\\\/2024\\\/03\\\/Suleyman-Akkoyun-1.jpg\",\"datePublished\":\"2024-03-31T19:32:02+00:00\",\"dateModified\":\"2024-03-31T19:33:58+00:00\",\"breadcrumb\":{\"@id\":\"https:\\\/\\\/darkamazi.site\\\/archives\\\/1029043#breadcrumb\"},\"inLanguage\":\"en-US\",\"potentialAction\":[{\"@type\":\"ReadAction\",\"target\":[\"https:\\\/\\\/darkamazi.site\\\/archives\\\/1029043\"]}]},{\"@type\":\"ImageObject\",\"inLanguage\":\"en-US\",\"@id\":\"https:\\\/\\\/darkamazi.site\\\/archives\\\/1029043#primaryimage\",\"url\":\"https:\\\/\\\/darkamazi.site\\\/darka-content\\\/uploads\\\/2024\\\/03\\\/Suleyman-Akkoyun-1.jpg\",\"contentUrl\":\"https:\\\/\\\/darkamazi.site\\\/darka-content\\\/uploads\\\/2024\\\/03\\\/Suleyman-Akkoyun-1.jpg\",\"width\":900,\"height\":497,\"caption\":\"PKK Her Alanda K\u00fcrd\\\/K\u00fcrdistan D\u00fc\u015fman\u0131d\u0131r\"},{\"@type\":\"BreadcrumbList\",\"@id\":\"https:\\\/\\\/darkamazi.site\\\/archives\\\/1029043#breadcrumb\",\"itemListElement\":[{\"@type\":\"ListItem\",\"position\":1,\"name\":\"Home\",\"item\":\"https:\\\/\\\/darkamazi.site\\\/\"},{\"@type\":\"ListItem\",\"position\":2,\"name\":\"PKK Her Alanda K\u00fcrd\\\/K\u00fcrdistan D\u00fc\u015fman\u0131d\u0131r\"}]},{\"@type\":\"WebSite\",\"@id\":\"https:\\\/\\\/darkamazi.site\\\/#website\",\"url\":\"https:\\\/\\\/darkamazi.site\\\/\",\"name\":\"Darka Mazi\",\"description\":\"Ana Sayfa\",\"publisher\":{\"@id\":\"https:\\\/\\\/darkamazi.site\\\/#organization\"},\"potentialAction\":[{\"@type\":\"SearchAction\",\"target\":{\"@type\":\"EntryPoint\",\"urlTemplate\":\"https:\\\/\\\/darkamazi.site\\\/?s={search_term_string}\"},\"query-input\":{\"@type\":\"PropertyValueSpecification\",\"valueRequired\":true,\"valueName\":\"search_term_string\"}}],\"inLanguage\":\"en-US\"},{\"@type\":\"Organization\",\"@id\":\"https:\\\/\\\/darkamazi.site\\\/#organization\",\"name\":\"Darka Mazi T\u00fcrk\u00e7e\",\"alternateName\":\"Darka Mazi\",\"url\":\"https:\\\/\\\/darkamazi.site\\\/\",\"logo\":{\"@type\":\"ImageObject\",\"inLanguage\":\"en-US\",\"@id\":\"https:\\\/\\\/darkamazi.site\\\/#\\\/schema\\\/logo\\\/image\\\/\",\"url\":\"https:\\\/\\\/darkamazi.site\\\/darka-content\\\/uploads\\\/2017\\\/12\\\/darka-mazi-logo.png\",\"contentUrl\":\"https:\\\/\\\/darkamazi.site\\\/darka-content\\\/uploads\\\/2017\\\/12\\\/darka-mazi-logo.png\",\"width\":151,\"height\":75,\"caption\":\"Darka Mazi T\u00fcrk\u00e7e\"},\"image\":{\"@id\":\"https:\\\/\\\/darkamazi.site\\\/#\\\/schema\\\/logo\\\/image\\\/\"},\"sameAs\":[\"https:\\\/\\\/www.facebook.com\\\/DarkaMaziturkce\",\"https:\\\/\\\/x.com\\\/DarkaMaziTurkce\"]},{\"@type\":\"Person\",\"@id\":\"https:\\\/\\\/darkamazi.site\\\/#\\\/schema\\\/person\\\/67986a95ac546c16760365877ef4a9d3\",\"name\":\"darka mazi\",\"sameAs\":[\"https:\\\/\\\/darkamazi.site\"],\"url\":\"https:\\\/\\\/darkamazi.site\\\/archives\\\/author\\\/turkish\"}]}<\/script>\n<!-- \/ Yoast SEO plugin. -->","seo_head_json":{"title":"PKK Her Alanda K\u00fcrd\/K\u00fcrdistan D\u00fc\u015fman\u0131d\u0131r - Darka Mazi","robots":{"index":"index","follow":"follow","max-snippet":"max-snippet:-1","max-image-preview":"max-image-preview:large","max-video-preview":"max-video-preview:-1"},"canonical":"https:\/\/darkamazi.site\/archives\/1029043","og_locale":"en_US","og_type":"article","og_title":"PKK Her Alanda K\u00fcrd\/K\u00fcrdistan D\u00fc\u015fman\u0131d\u0131r - Darka Mazi","og_description":"Her ezilen, s\u00f6m\u00fcr\u00fclen halk\u0131n \u00f6zg\u00fcrl\u00fck m\u00fccadelesinde emek veren ve bu yolda ya\u015fam\u0131n\u0131 yitiren insanlar vard\u0131r. \u0130z b\u0131rakan bu insanlar\u0131n an\u0131lmas\u0131, m\u00fccadele ederken yaratt\u0131klar\u0131 de\u011ferlere sahip \u00e7\u0131kmak ve m\u00fccadelelerini kald\u0131\u011f\u0131 yerden devam ettirmek anlam\u0131na geliyor. Do\u011fald\u0131r ki her halk \u00f6nce kendi de\u011ferlerine sahip \u00e7\u0131kar. Her halk kendi de\u011ferlerine sahip \u00e7\u0131karken ayn\u0131 zamanda di\u011fer halklar\u0131n \u00f6zg\u00fcrl\u00fck m\u00fccadelesinde [&hellip;]","og_url":"https:\/\/darkamazi.site\/archives\/1029043","og_site_name":"Darka Mazi","article_publisher":"https:\/\/www.facebook.com\/DarkaMaziturkce","article_published_time":"2024-03-31T19:32:02+00:00","article_modified_time":"2024-03-31T19:33:58+00:00","og_image":[{"width":900,"height":497,"url":"https:\/\/darkamazi.site\/file\/2024\/03\/Suleyman-Akkoyun-1.jpg","type":"image\/jpeg"}],"author":"darka mazi","twitter_card":"summary_large_image","twitter_creator":"@DarkaMaziTurkce","twitter_site":"@DarkaMaziTurkce","twitter_misc":{"Written by":"darka mazi","Est. reading time":"4 minutes"},"schema":{"@context":"https:\/\/schema.org","@graph":[{"@type":"NewsArticle","@id":"https:\/\/darkamazi.site\/archives\/1029043#article","isPartOf":{"@id":"https:\/\/darkamazi.site\/archives\/1029043"},"author":{"name":"darka mazi","@id":"https:\/\/darkamazi.site\/#\/schema\/person\/67986a95ac546c16760365877ef4a9d3"},"headline":"PKK Her Alanda K\u00fcrd\/K\u00fcrdistan D\u00fc\u015fman\u0131d\u0131r","datePublished":"2024-03-31T19:32:02+00:00","dateModified":"2024-03-31T19:33:58+00:00","mainEntityOfPage":{"@id":"https:\/\/darkamazi.site\/archives\/1029043"},"wordCount":1235,"publisher":{"@id":"https:\/\/darkamazi.site\/#organization"},"image":{"@id":"https:\/\/darkamazi.site\/archives\/1029043#primaryimage"},"thumbnailUrl":"https:\/\/darkamazi.site\/file\/2024\/03\/Suleyman-Akkoyun-1.jpg","keywords":["\u00f6nemli"],"articleSection":["Forum"],"inLanguage":"en-US"},{"@type":"WebPage","@id":"https:\/\/darkamazi.site\/archives\/1029043","url":"https:\/\/darkamazi.site\/archives\/1029043","name":"PKK Her Alanda K\u00fcrd\/K\u00fcrdistan D\u00fc\u015fman\u0131d\u0131r - Darka Mazi","isPartOf":{"@id":"https:\/\/darkamazi.site\/#website"},"primaryImageOfPage":{"@id":"https:\/\/darkamazi.site\/archives\/1029043#primaryimage"},"image":{"@id":"https:\/\/darkamazi.site\/archives\/1029043#primaryimage"},"thumbnailUrl":"https:\/\/darkamazi.site\/file\/2024\/03\/Suleyman-Akkoyun-1.jpg","datePublished":"2024-03-31T19:32:02+00:00","dateModified":"2024-03-31T19:33:58+00:00","breadcrumb":{"@id":"https:\/\/darkamazi.site\/archives\/1029043#breadcrumb"},"inLanguage":"en-US","potentialAction":[{"@type":"ReadAction","target":["https:\/\/darkamazi.site\/archives\/1029043"]}]},{"@type":"ImageObject","inLanguage":"en-US","@id":"https:\/\/darkamazi.site\/archives\/1029043#primaryimage","url":"https:\/\/darkamazi.site\/file\/2024\/03\/Suleyman-Akkoyun-1.jpg","contentUrl":"https:\/\/darkamazi.site\/file\/2024\/03\/Suleyman-Akkoyun-1.jpg","width":900,"height":497,"caption":"PKK Her Alanda K\u00fcrd\/K\u00fcrdistan D\u00fc\u015fman\u0131d\u0131r"},{"@type":"BreadcrumbList","@id":"https:\/\/darkamazi.site\/archives\/1029043#breadcrumb","itemListElement":[{"@type":"ListItem","position":1,"name":"Home","item":"https:\/\/darkamazi.site\/"},{"@type":"ListItem","position":2,"name":"PKK Her Alanda K\u00fcrd\/K\u00fcrdistan D\u00fc\u015fman\u0131d\u0131r"}]},{"@type":"WebSite","@id":"https:\/\/darkamazi.site\/#website","url":"https:\/\/darkamazi.site\/","name":"Darka Mazi","description":"Ana Sayfa","publisher":{"@id":"https:\/\/darkamazi.site\/#organization"},"potentialAction":[{"@type":"SearchAction","target":{"@type":"EntryPoint","urlTemplate":"https:\/\/darkamazi.site\/?s={search_term_string}"},"query-input":{"@type":"PropertyValueSpecification","valueRequired":true,"valueName":"search_term_string"}}],"inLanguage":"en-US"},{"@type":"Organization","@id":"https:\/\/darkamazi.site\/#organization","name":"Darka Mazi T\u00fcrk\u00e7e","alternateName":"Darka Mazi","url":"https:\/\/darkamazi.site\/","logo":{"@type":"ImageObject","inLanguage":"en-US","@id":"https:\/\/darkamazi.site\/#\/schema\/logo\/image\/","url":"https:\/\/darkamazi.site\/file\/2017\/12\/darka-mazi-logo.png","contentUrl":"https:\/\/darkamazi.site\/file\/2017\/12\/darka-mazi-logo.png","width":151,"height":75,"caption":"Darka Mazi T\u00fcrk\u00e7e"},"image":{"@id":"https:\/\/darkamazi.site\/#\/schema\/logo\/image\/"},"sameAs":["https:\/\/www.facebook.com\/DarkaMaziturkce","https:\/\/x.com\/DarkaMaziTurkce"]},{"@type":"Person","@id":"https:\/\/darkamazi.site\/#\/schema\/person\/67986a95ac546c16760365877ef4a9d3","name":"darka mazi","sameAs":["https:\/\/darkamazi.site"],"url":"https:\/\/darkamazi.site\/archives\/author\/turkish"}]}},"_links":{"self":[{"href":"https:\/\/darkamazi.site\/funavuv\/wp\/v2\/posts\/1029043","targetHints":{"allow":["GET"]}}],"collection":[{"href":"https:\/\/darkamazi.site\/funavuv\/wp\/v2\/posts"}],"about":[{"href":"https:\/\/darkamazi.site\/funavuv\/wp\/v2\/types\/post"}],"author":[{"embeddable":true,"href":"https:\/\/darkamazi.site\/funavuv\/wp\/v2\/users\/2"}],"replies":[{"embeddable":true,"href":"https:\/\/darkamazi.site\/funavuv\/wp\/v2\/comments?post=1029043"}],"version-history":[{"count":0,"href":"https:\/\/darkamazi.site\/funavuv\/wp\/v2\/posts\/1029043\/revisions"}],"wp:featuredmedia":[{"embeddable":true,"href":"https:\/\/darkamazi.site\/funavuv\/wp\/v2\/media\/1029045"}],"wp:attachment":[{"href":"https:\/\/darkamazi.site\/funavuv\/wp\/v2\/media?parent=1029043"}],"wp:term":[{"taxonomy":"category","embeddable":true,"href":"https:\/\/darkamazi.site\/funavuv\/wp\/v2\/categories?post=1029043"},{"taxonomy":"post_tag","embeddable":true,"href":"https:\/\/darkamazi.site\/funavuv\/wp\/v2\/tags?post=1029043"}],"curies":[{"name":"wp","href":"https:\/\/api.w.org\/{rel}","templated":true}]}}