{"id":1029049,"date":"2024-04-01T14:20:53","date_gmt":"2024-04-01T11:20:53","guid":{"rendered":"https:\/\/darkamazi.site\/?p=1029049"},"modified":"2024-04-01T14:20:53","modified_gmt":"2024-04-01T11:20:53","slug":"pyd-asayisi-bir-kurt-yurtseveri-kacirdi","status":"publish","type":"post","link":"https:\/\/darkamazi.site\/archives\/1029049","title":{"rendered":"PYD asayi\u015fi bir K\u00fcrt yurtseveri ka\u00e7\u0131rd\u0131"},"content":{"rendered":"<p style=\"text-align: justify\">PYD\u2019ye ba\u011fl\u0131 g\u00fc\u00e7ler Rojava\u2019da sivil halka muhalif partilerle ili\u015fki de olduklar\u0131 i\u00e7in bask\u0131 uygulamaya devam ediyor. PYD\u2019ye ba\u011fl\u0131 g\u00fc\u00e7ler bu kez de Girke Lege\u2019de PDK-S \u00fcyesi bir ki\u015fiyi ka\u00e7\u0131rd\u0131.<\/p>\n<p style=\"text-align: justify\">PYD\u2019nin PDKSliler \u00fczerindeki bask\u0131s\u0131n\u0131n kurbas\u0131 bu kez Rakan Ehmed.<\/p>\n<p style=\"text-align: justify\">29 Mart tarihinde Girke Lege\u2019ye ba\u011fl\u0131 Derke k\u00f6y\u00fcnde ya\u015fayan Rakan Ehmed\u2019in evine bask\u0131n d\u00fczenleyen PYD asayi\u015f g\u00fc\u00e7leri evi da\u011f\u0131t\u0131p e\u015fyalara zara verdikten sonra Rakan Ehmed\u2019i ka\u00e7\u0131rd\u0131.<\/p>\n<p style=\"text-align: justify\">Olay\u0131n \u00fcst\u00fcnden \u00fc\u00e7 g\u00fcn ge\u00e7mesine ra\u011fmen ve Rakan Ehmed\u2019in ailesi ve partisinin t\u00fcm giri\u015fimlerine ra\u011fmen Ehmed\u2019in akibeti hakk\u0131nda bilgi yok. Hatta PYD\u2019ye ba\u011fl\u0131 asayi\u015f Rakan\u2019\u0131 tutuklad\u0131\u011f\u0131n\u0131 bile kabul etmedi, bu nedenle ailesi Rakan Ehmed\u2019in hayat\u0131 hakk\u0131nda kayg\u0131lan\u0131yor. \u00c7\u00fcnk\u00fc PYD\u2019ye ba\u011fl\u0131 karanl\u0131k g\u00fc\u00e7ler daha \u00f6nce Rojava\u2019da pek \u00e7ok K\u00fcrt vatanseverini ka\u00e7\u0131rm\u0131\u015f ve baz\u0131lar\u0131n\u0131 i\u015fkence ile katletti.<\/p>\n","protected":false},"excerpt":{"rendered":"<p>PYD\u2019ye ba\u011fl\u0131 g\u00fc\u00e7ler Rojava\u2019da sivil halka muhalif partilerle ili\u015fki de olduklar\u0131 i\u00e7in bask\u0131 uygulamaya devam ediyor. PYD\u2019ye ba\u011fl\u0131 g\u00fc\u00e7ler bu kez de Girke Lege\u2019de PDK-S \u00fcyesi bir ki\u015fiyi ka\u00e7\u0131rd\u0131. PYD\u2019nin PDKSliler \u00fczerindeki bask\u0131s\u0131n\u0131n kurbas\u0131 bu kez Rakan Ehmed. 29 Mart tarihinde Girke Lege\u2019ye ba\u011fl\u0131 Derke k\u00f6y\u00fcnde ya\u015fayan Rakan Ehmed\u2019in evine bask\u0131n d\u00fczenleyen PYD asayi\u015f g\u00fc\u00e7leri [&hellip;]<\/p>\n","protected":false},"author":2,"featured_media":1029050,"comment_status":"closed","ping_status":"closed","sticky":false,"template":"","format":"standard","meta":{"footnotes":""},"categories":[3],"tags":[31],"class_list":["post-1029049","post","type-post","status-publish","format-standard","has-post-thumbnail","hentry","category-kurdistan","tag-onemli"],"blocksy_meta":[],"seo_head":"<!-- This site is optimized with the Yoast SEO plugin v27.5 - https:\/\/yoast.com\/product\/yoast-seo-wordpress\/ -->\n<title>PYD asayi\u015fi bir K\u00fcrt yurtseveri ka\u00e7\u0131rd\u0131 - Darka Mazi<\/title>\n<meta name=\"robots\" content=\"index, follow, max-snippet:-1, max-image-preview:large, max-video-preview:-1\" \/>\n<link rel=\"canonical\" href=\"https:\/\/darkamazi.site\/archives\/1029049\" \/>\n<meta property=\"og:locale\" content=\"en_US\" \/>\n<meta property=\"og:type\" content=\"article\" \/>\n<meta property=\"og:title\" content=\"PYD asayi\u015fi bir K\u00fcrt yurtseveri ka\u00e7\u0131rd\u0131 - Darka Mazi\" \/>\n<meta property=\"og:description\" content=\"PYD\u2019ye ba\u011fl\u0131 g\u00fc\u00e7ler Rojava\u2019da sivil halka muhalif partilerle ili\u015fki de olduklar\u0131 i\u00e7in bask\u0131 uygulamaya devam ediyor. PYD\u2019ye ba\u011fl\u0131 g\u00fc\u00e7ler bu kez de Girke Lege\u2019de PDK-S \u00fcyesi bir ki\u015fiyi ka\u00e7\u0131rd\u0131. PYD\u2019nin PDKSliler \u00fczerindeki bask\u0131s\u0131n\u0131n kurbas\u0131 bu kez Rakan Ehmed. 29 Mart tarihinde Girke Lege\u2019ye ba\u011fl\u0131 Derke k\u00f6y\u00fcnde ya\u015fayan Rakan Ehmed\u2019in evine bask\u0131n d\u00fczenleyen PYD asayi\u015f g\u00fc\u00e7leri [&hellip;]\" \/>\n<meta property=\"og:url\" content=\"https:\/\/darkamazi.site\/archives\/1029049\" \/>\n<meta property=\"og:site_name\" content=\"Darka Mazi\" \/>\n<meta property=\"article:publisher\" content=\"https:\/\/www.facebook.com\/DarkaMaziturkce\" \/>\n<meta property=\"article:published_time\" content=\"2024-04-01T11:20:53+00:00\" \/>\n<meta property=\"og:image\" content=\"https:\/\/darkamazi.site\/file\/2024\/04\/pyd-revandin.jpg\" \/>\n\t<meta property=\"og:image:width\" content=\"900\" \/>\n\t<meta property=\"og:image:height\" content=\"497\" \/>\n\t<meta property=\"og:image:type\" content=\"image\/jpeg\" \/>\n<meta name=\"author\" content=\"darka mazi\" \/>\n<meta name=\"twitter:card\" content=\"summary_large_image\" \/>\n<meta name=\"twitter:creator\" content=\"@DarkaMaziTurkce\" \/>\n<meta name=\"twitter:site\" content=\"@DarkaMaziTurkce\" \/>\n<meta name=\"twitter:label1\" content=\"Written by\" \/>\n\t<meta name=\"twitter:data1\" content=\"darka mazi\" \/>\n\t<meta name=\"twitter:label2\" content=\"Est. reading time\" \/>\n\t<meta name=\"twitter:data2\" content=\"1 minute\" \/>\n<script type=\"application\/ld+json\" class=\"seo-schema-graph\">{\"@context\":\"https:\\\/\\\/schema.org\",\"@graph\":[{\"@type\":\"NewsArticle\",\"@id\":\"https:\\\/\\\/darkamazi.site\\\/archives\\\/1029049#article\",\"isPartOf\":{\"@id\":\"https:\\\/\\\/darkamazi.site\\\/archives\\\/1029049\"},\"author\":{\"name\":\"darka mazi\",\"@id\":\"https:\\\/\\\/darkamazi.site\\\/#\\\/schema\\\/person\\\/67986a95ac546c16760365877ef4a9d3\"},\"headline\":\"PYD asayi\u015fi bir K\u00fcrt yurtseveri ka\u00e7\u0131rd\u0131\",\"datePublished\":\"2024-04-01T11:20:53+00:00\",\"mainEntityOfPage\":{\"@id\":\"https:\\\/\\\/darkamazi.site\\\/archives\\\/1029049\"},\"wordCount\":184,\"publisher\":{\"@id\":\"https:\\\/\\\/darkamazi.site\\\/#organization\"},\"image\":{\"@id\":\"https:\\\/\\\/darkamazi.site\\\/archives\\\/1029049#primaryimage\"},\"thumbnailUrl\":\"https:\\\/\\\/darkamazi.site\\\/darka-content\\\/uploads\\\/2024\\\/04\\\/pyd-revandin.jpg\",\"keywords\":[\"\u00f6nemli\"],\"articleSection\":[\"Kurdistan\"],\"inLanguage\":\"en-US\"},{\"@type\":\"WebPage\",\"@id\":\"https:\\\/\\\/darkamazi.site\\\/archives\\\/1029049\",\"url\":\"https:\\\/\\\/darkamazi.site\\\/archives\\\/1029049\",\"name\":\"PYD asayi\u015fi bir K\u00fcrt yurtseveri ka\u00e7\u0131rd\u0131 - Darka Mazi\",\"isPartOf\":{\"@id\":\"https:\\\/\\\/darkamazi.site\\\/#website\"},\"primaryImageOfPage\":{\"@id\":\"https:\\\/\\\/darkamazi.site\\\/archives\\\/1029049#primaryimage\"},\"image\":{\"@id\":\"https:\\\/\\\/darkamazi.site\\\/archives\\\/1029049#primaryimage\"},\"thumbnailUrl\":\"https:\\\/\\\/darkamazi.site\\\/darka-content\\\/uploads\\\/2024\\\/04\\\/pyd-revandin.jpg\",\"datePublished\":\"2024-04-01T11:20:53+00:00\",\"breadcrumb\":{\"@id\":\"https:\\\/\\\/darkamazi.site\\\/archives\\\/1029049#breadcrumb\"},\"inLanguage\":\"en-US\",\"potentialAction\":[{\"@type\":\"ReadAction\",\"target\":[\"https:\\\/\\\/darkamazi.site\\\/archives\\\/1029049\"]}]},{\"@type\":\"ImageObject\",\"inLanguage\":\"en-US\",\"@id\":\"https:\\\/\\\/darkamazi.site\\\/archives\\\/1029049#primaryimage\",\"url\":\"https:\\\/\\\/darkamazi.site\\\/darka-content\\\/uploads\\\/2024\\\/04\\\/pyd-revandin.jpg\",\"contentUrl\":\"https:\\\/\\\/darkamazi.site\\\/darka-content\\\/uploads\\\/2024\\\/04\\\/pyd-revandin.jpg\",\"width\":900,\"height\":497,\"caption\":\"PYD asayi\u015fi bir K\u00fcrt yurtseveri ka\u00e7\u0131rd\u0131\"},{\"@type\":\"BreadcrumbList\",\"@id\":\"https:\\\/\\\/darkamazi.site\\\/archives\\\/1029049#breadcrumb\",\"itemListElement\":[{\"@type\":\"ListItem\",\"position\":1,\"name\":\"Home\",\"item\":\"https:\\\/\\\/darkamazi.site\\\/\"},{\"@type\":\"ListItem\",\"position\":2,\"name\":\"PYD asayi\u015fi bir K\u00fcrt yurtseveri ka\u00e7\u0131rd\u0131\"}]},{\"@type\":\"WebSite\",\"@id\":\"https:\\\/\\\/darkamazi.site\\\/#website\",\"url\":\"https:\\\/\\\/darkamazi.site\\\/\",\"name\":\"Darka Mazi\",\"description\":\"Ana Sayfa\",\"publisher\":{\"@id\":\"https:\\\/\\\/darkamazi.site\\\/#organization\"},\"potentialAction\":[{\"@type\":\"SearchAction\",\"target\":{\"@type\":\"EntryPoint\",\"urlTemplate\":\"https:\\\/\\\/darkamazi.site\\\/?s={search_term_string}\"},\"query-input\":{\"@type\":\"PropertyValueSpecification\",\"valueRequired\":true,\"valueName\":\"search_term_string\"}}],\"inLanguage\":\"en-US\"},{\"@type\":\"Organization\",\"@id\":\"https:\\\/\\\/darkamazi.site\\\/#organization\",\"name\":\"Darka Mazi T\u00fcrk\u00e7e\",\"alternateName\":\"Darka Mazi\",\"url\":\"https:\\\/\\\/darkamazi.site\\\/\",\"logo\":{\"@type\":\"ImageObject\",\"inLanguage\":\"en-US\",\"@id\":\"https:\\\/\\\/darkamazi.site\\\/#\\\/schema\\\/logo\\\/image\\\/\",\"url\":\"https:\\\/\\\/darkamazi.site\\\/darka-content\\\/uploads\\\/2017\\\/12\\\/darka-mazi-logo.png\",\"contentUrl\":\"https:\\\/\\\/darkamazi.site\\\/darka-content\\\/uploads\\\/2017\\\/12\\\/darka-mazi-logo.png\",\"width\":151,\"height\":75,\"caption\":\"Darka Mazi T\u00fcrk\u00e7e\"},\"image\":{\"@id\":\"https:\\\/\\\/darkamazi.site\\\/#\\\/schema\\\/logo\\\/image\\\/\"},\"sameAs\":[\"https:\\\/\\\/www.facebook.com\\\/DarkaMaziturkce\",\"https:\\\/\\\/x.com\\\/DarkaMaziTurkce\"]},{\"@type\":\"Person\",\"@id\":\"https:\\\/\\\/darkamazi.site\\\/#\\\/schema\\\/person\\\/67986a95ac546c16760365877ef4a9d3\",\"name\":\"darka mazi\",\"sameAs\":[\"https:\\\/\\\/darkamazi.site\"],\"url\":\"https:\\\/\\\/darkamazi.site\\\/archives\\\/author\\\/turkish\"}]}<\/script>\n<!-- \/ Yoast SEO plugin. -->","seo_head_json":{"title":"PYD asayi\u015fi bir K\u00fcrt yurtseveri ka\u00e7\u0131rd\u0131 - Darka Mazi","robots":{"index":"index","follow":"follow","max-snippet":"max-snippet:-1","max-image-preview":"max-image-preview:large","max-video-preview":"max-video-preview:-1"},"canonical":"https:\/\/darkamazi.site\/archives\/1029049","og_locale":"en_US","og_type":"article","og_title":"PYD asayi\u015fi bir K\u00fcrt yurtseveri ka\u00e7\u0131rd\u0131 - Darka Mazi","og_description":"PYD\u2019ye ba\u011fl\u0131 g\u00fc\u00e7ler Rojava\u2019da sivil halka muhalif partilerle ili\u015fki de olduklar\u0131 i\u00e7in bask\u0131 uygulamaya devam ediyor. PYD\u2019ye ba\u011fl\u0131 g\u00fc\u00e7ler bu kez de Girke Lege\u2019de PDK-S \u00fcyesi bir ki\u015fiyi ka\u00e7\u0131rd\u0131. PYD\u2019nin PDKSliler \u00fczerindeki bask\u0131s\u0131n\u0131n kurbas\u0131 bu kez Rakan Ehmed. 29 Mart tarihinde Girke Lege\u2019ye ba\u011fl\u0131 Derke k\u00f6y\u00fcnde ya\u015fayan Rakan Ehmed\u2019in evine bask\u0131n d\u00fczenleyen PYD asayi\u015f g\u00fc\u00e7leri [&hellip;]","og_url":"https:\/\/darkamazi.site\/archives\/1029049","og_site_name":"Darka Mazi","article_publisher":"https:\/\/www.facebook.com\/DarkaMaziturkce","article_published_time":"2024-04-01T11:20:53+00:00","og_image":[{"width":900,"height":497,"url":"https:\/\/darkamazi.site\/file\/2024\/04\/pyd-revandin.jpg","type":"image\/jpeg"}],"author":"darka mazi","twitter_card":"summary_large_image","twitter_creator":"@DarkaMaziTurkce","twitter_site":"@DarkaMaziTurkce","twitter_misc":{"Written by":"darka mazi","Est. reading time":"1 minute"},"schema":{"@context":"https:\/\/schema.org","@graph":[{"@type":"NewsArticle","@id":"https:\/\/darkamazi.site\/archives\/1029049#article","isPartOf":{"@id":"https:\/\/darkamazi.site\/archives\/1029049"},"author":{"name":"darka mazi","@id":"https:\/\/darkamazi.site\/#\/schema\/person\/67986a95ac546c16760365877ef4a9d3"},"headline":"PYD asayi\u015fi bir K\u00fcrt yurtseveri ka\u00e7\u0131rd\u0131","datePublished":"2024-04-01T11:20:53+00:00","mainEntityOfPage":{"@id":"https:\/\/darkamazi.site\/archives\/1029049"},"wordCount":184,"publisher":{"@id":"https:\/\/darkamazi.site\/#organization"},"image":{"@id":"https:\/\/darkamazi.site\/archives\/1029049#primaryimage"},"thumbnailUrl":"https:\/\/darkamazi.site\/file\/2024\/04\/pyd-revandin.jpg","keywords":["\u00f6nemli"],"articleSection":["Kurdistan"],"inLanguage":"en-US"},{"@type":"WebPage","@id":"https:\/\/darkamazi.site\/archives\/1029049","url":"https:\/\/darkamazi.site\/archives\/1029049","name":"PYD asayi\u015fi bir K\u00fcrt yurtseveri ka\u00e7\u0131rd\u0131 - Darka Mazi","isPartOf":{"@id":"https:\/\/darkamazi.site\/#website"},"primaryImageOfPage":{"@id":"https:\/\/darkamazi.site\/archives\/1029049#primaryimage"},"image":{"@id":"https:\/\/darkamazi.site\/archives\/1029049#primaryimage"},"thumbnailUrl":"https:\/\/darkamazi.site\/file\/2024\/04\/pyd-revandin.jpg","datePublished":"2024-04-01T11:20:53+00:00","breadcrumb":{"@id":"https:\/\/darkamazi.site\/archives\/1029049#breadcrumb"},"inLanguage":"en-US","potentialAction":[{"@type":"ReadAction","target":["https:\/\/darkamazi.site\/archives\/1029049"]}]},{"@type":"ImageObject","inLanguage":"en-US","@id":"https:\/\/darkamazi.site\/archives\/1029049#primaryimage","url":"https:\/\/darkamazi.site\/file\/2024\/04\/pyd-revandin.jpg","contentUrl":"https:\/\/darkamazi.site\/file\/2024\/04\/pyd-revandin.jpg","width":900,"height":497,"caption":"PYD asayi\u015fi bir K\u00fcrt yurtseveri ka\u00e7\u0131rd\u0131"},{"@type":"BreadcrumbList","@id":"https:\/\/darkamazi.site\/archives\/1029049#breadcrumb","itemListElement":[{"@type":"ListItem","position":1,"name":"Home","item":"https:\/\/darkamazi.site\/"},{"@type":"ListItem","position":2,"name":"PYD asayi\u015fi bir K\u00fcrt yurtseveri ka\u00e7\u0131rd\u0131"}]},{"@type":"WebSite","@id":"https:\/\/darkamazi.site\/#website","url":"https:\/\/darkamazi.site\/","name":"Darka Mazi","description":"Ana Sayfa","publisher":{"@id":"https:\/\/darkamazi.site\/#organization"},"potentialAction":[{"@type":"SearchAction","target":{"@type":"EntryPoint","urlTemplate":"https:\/\/darkamazi.site\/?s={search_term_string}"},"query-input":{"@type":"PropertyValueSpecification","valueRequired":true,"valueName":"search_term_string"}}],"inLanguage":"en-US"},{"@type":"Organization","@id":"https:\/\/darkamazi.site\/#organization","name":"Darka Mazi T\u00fcrk\u00e7e","alternateName":"Darka Mazi","url":"https:\/\/darkamazi.site\/","logo":{"@type":"ImageObject","inLanguage":"en-US","@id":"https:\/\/darkamazi.site\/#\/schema\/logo\/image\/","url":"https:\/\/darkamazi.site\/file\/2017\/12\/darka-mazi-logo.png","contentUrl":"https:\/\/darkamazi.site\/file\/2017\/12\/darka-mazi-logo.png","width":151,"height":75,"caption":"Darka Mazi T\u00fcrk\u00e7e"},"image":{"@id":"https:\/\/darkamazi.site\/#\/schema\/logo\/image\/"},"sameAs":["https:\/\/www.facebook.com\/DarkaMaziturkce","https:\/\/x.com\/DarkaMaziTurkce"]},{"@type":"Person","@id":"https:\/\/darkamazi.site\/#\/schema\/person\/67986a95ac546c16760365877ef4a9d3","name":"darka mazi","sameAs":["https:\/\/darkamazi.site"],"url":"https:\/\/darkamazi.site\/archives\/author\/turkish"}]}},"_links":{"self":[{"href":"https:\/\/darkamazi.site\/funavuv\/wp\/v2\/posts\/1029049","targetHints":{"allow":["GET"]}}],"collection":[{"href":"https:\/\/darkamazi.site\/funavuv\/wp\/v2\/posts"}],"about":[{"href":"https:\/\/darkamazi.site\/funavuv\/wp\/v2\/types\/post"}],"author":[{"embeddable":true,"href":"https:\/\/darkamazi.site\/funavuv\/wp\/v2\/users\/2"}],"replies":[{"embeddable":true,"href":"https:\/\/darkamazi.site\/funavuv\/wp\/v2\/comments?post=1029049"}],"version-history":[{"count":0,"href":"https:\/\/darkamazi.site\/funavuv\/wp\/v2\/posts\/1029049\/revisions"}],"wp:featuredmedia":[{"embeddable":true,"href":"https:\/\/darkamazi.site\/funavuv\/wp\/v2\/media\/1029050"}],"wp:attachment":[{"href":"https:\/\/darkamazi.site\/funavuv\/wp\/v2\/media?parent=1029049"}],"wp:term":[{"taxonomy":"category","embeddable":true,"href":"https:\/\/darkamazi.site\/funavuv\/wp\/v2\/categories?post=1029049"},{"taxonomy":"post_tag","embeddable":true,"href":"https:\/\/darkamazi.site\/funavuv\/wp\/v2\/tags?post=1029049"}],"curies":[{"name":"wp","href":"https:\/\/api.w.org\/{rel}","templated":true}]}}