{"id":1029076,"date":"2024-04-03T14:44:24","date_gmt":"2024-04-03T11:44:24","guid":{"rendered":"https:\/\/darkamazi.site\/?p=1029076"},"modified":"2024-04-03T14:44:24","modified_gmt":"2024-04-03T11:44:24","slug":"celik-dem-partiden-van-buyuksehir-belediye-baskani-secilen-sahsin-secilme-ehliyeti-yoksa-aday-olmasina-nicin-musaade-ettiniz","status":"publish","type":"post","link":"https:\/\/darkamazi.site\/archives\/1029076","title":{"rendered":"\u00c7elik: Dem partiden Van B\u00fcy\u00fck\u015fehir Belediye Ba\u015fkan\u0131 se\u00e7ilen \u015fahs\u0131n se\u00e7ilme ehliyeti yoksa aday olmas\u0131na ni\u00e7in m\u00fcsaade ettiniz?"},"content":{"rendered":"<p style=\"text-align: justify\">Van&#8217;da Halklar\u0131n E\u015fitlik ve Demokrasi Partisi&#8217;nden (DEM Parti) B\u00fcy\u00fck\u015fehir Belediyesi E\u015fba\u015fkanl\u0131\u011f\u0131na se\u00e7ilen Abdullah Zeydan&#8217;a mazbata verilmemesi karar\u0131na tepkiler s\u00fcr\u00fcyor. AK Parti&#8217;li baz\u0131 isimler de duruma tepki g\u00f6sterdi.<\/p>\n<p style=\"text-align: justify\">AK Partinin eski bakanlar\u0131ndan H\u00fcseyin \u00c7elik, sanal medya hesab\u0131 \u00fczerinden karara<a href=\"https:\/\/twitter.com\/hc_huseyincelik\/status\/1775450379209113970\">\u00a0tepki<\/a> g\u00f6sterdi. \u00c7elik, &#8220;Ben oldum olas\u0131 kayyum politikalar\u0131na kar\u015f\u0131 oldum ve h\u00e2la da kar\u015f\u0131y\u0131m. Van\u2019da olup bitenler vahimdir. Dem partiden \u00a0Van B\u00fcy\u00fck\u015fehir Belediye Ba\u015fkan\u0131 se\u00e7ilen \u015fahs\u0131n se\u00e7ilme ehliyeti yoksa aday olmas\u0131na ni\u00e7in m\u00fcsaade ettiniz?&#8221; dedi.<\/p>\n<p style=\"text-align: justify\">&#8220;Siyasetin asker ve yarg\u0131 eliyle dizayn edilmesi, art\u0131k geri d\u00f6nmemek \u00fczere tarihe g\u00f6m\u00fclmelidir&#8221; diye kaydeden \u00c7elik, ya\u015fananlar\u0131n AK Partiye zarar verdi\u011fini ileri s\u00fcrd\u00fc. \u00c7elik, &#8220;Kayyum atamalar\u0131ndan sonra siyasi olarak hi\u00e7bir \u015fey elde edilmedi\u011fi, aksine daha \u00f6nce al\u0131nan belediyelerin de kaybedildi\u011fi ortada iken hangi ak\u0131lla bu i\u015f s\u00fcrd\u00fcr\u00fcl\u00fcr? Van\u2019da Dem\u2019in 14 belediyenin hepsini almas\u0131 tek ba\u015f\u0131na ibret al\u0131nmas\u0131 gereken bir sonu\u00e7tur. Zaten ekonomik zorluklarla bo\u011fu\u015fan Van\u2019\u0131 kaosa s\u00fcr\u00fcklemenin bir anlam\u0131 var m\u0131?&#8221; ifadelerini kulland\u0131.<\/p>\n","protected":false},"excerpt":{"rendered":"<p>Van&#8217;da Halklar\u0131n E\u015fitlik ve Demokrasi Partisi&#8217;nden (DEM Parti) B\u00fcy\u00fck\u015fehir Belediyesi E\u015fba\u015fkanl\u0131\u011f\u0131na se\u00e7ilen Abdullah Zeydan&#8217;a mazbata verilmemesi karar\u0131na tepkiler s\u00fcr\u00fcyor. AK Parti&#8217;li baz\u0131 isimler de duruma tepki g\u00f6sterdi. AK Partinin eski bakanlar\u0131ndan H\u00fcseyin \u00c7elik, sanal medya hesab\u0131 \u00fczerinden karara\u00a0tepki g\u00f6sterdi. \u00c7elik, &#8220;Ben oldum olas\u0131 kayyum politikalar\u0131na kar\u015f\u0131 oldum ve h\u00e2la da kar\u015f\u0131y\u0131m. Van\u2019da olup bitenler vahimdir. [&hellip;]<\/p>\n","protected":false},"author":2,"featured_media":1029077,"comment_status":"closed","ping_status":"closed","sticky":false,"template":"","format":"standard","meta":{"footnotes":""},"categories":[3],"tags":[31],"class_list":["post-1029076","post","type-post","status-publish","format-standard","has-post-thumbnail","hentry","category-kurdistan","tag-onemli"],"blocksy_meta":[],"seo_head":"<!-- This site is optimized with the Yoast SEO plugin v27.5 - https:\/\/yoast.com\/product\/yoast-seo-wordpress\/ -->\n<title>\u00c7elik: Dem partiden Van B\u00fcy\u00fck\u015fehir Belediye Ba\u015fkan\u0131 se\u00e7ilen \u015fahs\u0131n se\u00e7ilme ehliyeti yoksa aday olmas\u0131na ni\u00e7in m\u00fcsaade ettiniz? - Darka Mazi<\/title>\n<meta name=\"robots\" content=\"index, follow, max-snippet:-1, max-image-preview:large, max-video-preview:-1\" \/>\n<link rel=\"canonical\" href=\"https:\/\/darkamazi.site\/archives\/1029076\" \/>\n<meta property=\"og:locale\" content=\"en_US\" \/>\n<meta property=\"og:type\" content=\"article\" \/>\n<meta property=\"og:title\" content=\"\u00c7elik: Dem partiden Van B\u00fcy\u00fck\u015fehir Belediye Ba\u015fkan\u0131 se\u00e7ilen \u015fahs\u0131n se\u00e7ilme ehliyeti yoksa aday olmas\u0131na ni\u00e7in m\u00fcsaade ettiniz? - Darka Mazi\" \/>\n<meta property=\"og:description\" content=\"Van&#8217;da Halklar\u0131n E\u015fitlik ve Demokrasi Partisi&#8217;nden (DEM Parti) B\u00fcy\u00fck\u015fehir Belediyesi E\u015fba\u015fkanl\u0131\u011f\u0131na se\u00e7ilen Abdullah Zeydan&#8217;a mazbata verilmemesi karar\u0131na tepkiler s\u00fcr\u00fcyor. AK Parti&#8217;li baz\u0131 isimler de duruma tepki g\u00f6sterdi. AK Partinin eski bakanlar\u0131ndan H\u00fcseyin \u00c7elik, sanal medya hesab\u0131 \u00fczerinden karara\u00a0tepki g\u00f6sterdi. \u00c7elik, &#8220;Ben oldum olas\u0131 kayyum politikalar\u0131na kar\u015f\u0131 oldum ve h\u00e2la da kar\u015f\u0131y\u0131m. Van\u2019da olup bitenler vahimdir. [&hellip;]\" \/>\n<meta property=\"og:url\" content=\"https:\/\/darkamazi.site\/archives\/1029076\" \/>\n<meta property=\"og:site_name\" content=\"Darka Mazi\" \/>\n<meta property=\"article:publisher\" content=\"https:\/\/www.facebook.com\/DarkaMaziturkce\" \/>\n<meta property=\"article:published_time\" content=\"2024-04-03T11:44:24+00:00\" \/>\n<meta property=\"og:image\" content=\"https:\/\/darkamazi.site\/file\/2024\/04\/Huseyin-Simsek.jpg\" \/>\n\t<meta property=\"og:image:width\" content=\"690\" \/>\n\t<meta property=\"og:image:height\" content=\"390\" \/>\n\t<meta property=\"og:image:type\" content=\"image\/jpeg\" \/>\n<meta name=\"author\" content=\"darka mazi\" \/>\n<meta name=\"twitter:card\" content=\"summary_large_image\" \/>\n<meta name=\"twitter:creator\" content=\"@DarkaMaziTurkce\" \/>\n<meta name=\"twitter:site\" content=\"@DarkaMaziTurkce\" \/>\n<meta name=\"twitter:label1\" content=\"Written by\" \/>\n\t<meta name=\"twitter:data1\" content=\"darka mazi\" \/>\n\t<meta name=\"twitter:label2\" content=\"Est. reading time\" \/>\n\t<meta name=\"twitter:data2\" content=\"1 minute\" \/>\n<script type=\"application\/ld+json\" class=\"seo-schema-graph\">{\"@context\":\"https:\\\/\\\/schema.org\",\"@graph\":[{\"@type\":\"NewsArticle\",\"@id\":\"https:\\\/\\\/darkamazi.site\\\/archives\\\/1029076#article\",\"isPartOf\":{\"@id\":\"https:\\\/\\\/darkamazi.site\\\/archives\\\/1029076\"},\"author\":{\"name\":\"darka mazi\",\"@id\":\"https:\\\/\\\/darkamazi.site\\\/#\\\/schema\\\/person\\\/67986a95ac546c16760365877ef4a9d3\"},\"headline\":\"\u00c7elik: Dem partiden Van B\u00fcy\u00fck\u015fehir Belediye Ba\u015fkan\u0131 se\u00e7ilen \u015fahs\u0131n se\u00e7ilme ehliyeti yoksa aday olmas\u0131na ni\u00e7in m\u00fcsaade ettiniz?\",\"datePublished\":\"2024-04-03T11:44:24+00:00\",\"mainEntityOfPage\":{\"@id\":\"https:\\\/\\\/darkamazi.site\\\/archives\\\/1029076\"},\"wordCount\":234,\"publisher\":{\"@id\":\"https:\\\/\\\/darkamazi.site\\\/#organization\"},\"image\":{\"@id\":\"https:\\\/\\\/darkamazi.site\\\/archives\\\/1029076#primaryimage\"},\"thumbnailUrl\":\"https:\\\/\\\/darkamazi.site\\\/darka-content\\\/uploads\\\/2024\\\/04\\\/Huseyin-Simsek.jpg\",\"keywords\":[\"\u00f6nemli\"],\"articleSection\":[\"Kurdistan\"],\"inLanguage\":\"en-US\"},{\"@type\":\"WebPage\",\"@id\":\"https:\\\/\\\/darkamazi.site\\\/archives\\\/1029076\",\"url\":\"https:\\\/\\\/darkamazi.site\\\/archives\\\/1029076\",\"name\":\"\u00c7elik: Dem partiden Van B\u00fcy\u00fck\u015fehir Belediye Ba\u015fkan\u0131 se\u00e7ilen \u015fahs\u0131n se\u00e7ilme ehliyeti yoksa aday olmas\u0131na ni\u00e7in m\u00fcsaade ettiniz? - Darka Mazi\",\"isPartOf\":{\"@id\":\"https:\\\/\\\/darkamazi.site\\\/#website\"},\"primaryImageOfPage\":{\"@id\":\"https:\\\/\\\/darkamazi.site\\\/archives\\\/1029076#primaryimage\"},\"image\":{\"@id\":\"https:\\\/\\\/darkamazi.site\\\/archives\\\/1029076#primaryimage\"},\"thumbnailUrl\":\"https:\\\/\\\/darkamazi.site\\\/darka-content\\\/uploads\\\/2024\\\/04\\\/Huseyin-Simsek.jpg\",\"datePublished\":\"2024-04-03T11:44:24+00:00\",\"breadcrumb\":{\"@id\":\"https:\\\/\\\/darkamazi.site\\\/archives\\\/1029076#breadcrumb\"},\"inLanguage\":\"en-US\",\"potentialAction\":[{\"@type\":\"ReadAction\",\"target\":[\"https:\\\/\\\/darkamazi.site\\\/archives\\\/1029076\"]}]},{\"@type\":\"ImageObject\",\"inLanguage\":\"en-US\",\"@id\":\"https:\\\/\\\/darkamazi.site\\\/archives\\\/1029076#primaryimage\",\"url\":\"https:\\\/\\\/darkamazi.site\\\/darka-content\\\/uploads\\\/2024\\\/04\\\/Huseyin-Simsek.jpg\",\"contentUrl\":\"https:\\\/\\\/darkamazi.site\\\/darka-content\\\/uploads\\\/2024\\\/04\\\/Huseyin-Simsek.jpg\",\"width\":690,\"height\":390,\"caption\":\"\u00c7elik: Dem partiden Van B\u00fcy\u00fck\u015fehir Belediye Ba\u015fkan\u0131 se\u00e7ilen \u015fahs\u0131n se\u00e7ilme ehliyeti yoksa aday olmas\u0131na ni\u00e7in m\u00fcsaade ettiniz?\"},{\"@type\":\"BreadcrumbList\",\"@id\":\"https:\\\/\\\/darkamazi.site\\\/archives\\\/1029076#breadcrumb\",\"itemListElement\":[{\"@type\":\"ListItem\",\"position\":1,\"name\":\"Home\",\"item\":\"https:\\\/\\\/darkamazi.site\\\/\"},{\"@type\":\"ListItem\",\"position\":2,\"name\":\"\u00c7elik: Dem partiden Van B\u00fcy\u00fck\u015fehir Belediye Ba\u015fkan\u0131 se\u00e7ilen \u015fahs\u0131n se\u00e7ilme ehliyeti yoksa aday olmas\u0131na ni\u00e7in m\u00fcsaade ettiniz?\"}]},{\"@type\":\"WebSite\",\"@id\":\"https:\\\/\\\/darkamazi.site\\\/#website\",\"url\":\"https:\\\/\\\/darkamazi.site\\\/\",\"name\":\"Darka Mazi\",\"description\":\"Ana Sayfa\",\"publisher\":{\"@id\":\"https:\\\/\\\/darkamazi.site\\\/#organization\"},\"potentialAction\":[{\"@type\":\"SearchAction\",\"target\":{\"@type\":\"EntryPoint\",\"urlTemplate\":\"https:\\\/\\\/darkamazi.site\\\/?s={search_term_string}\"},\"query-input\":{\"@type\":\"PropertyValueSpecification\",\"valueRequired\":true,\"valueName\":\"search_term_string\"}}],\"inLanguage\":\"en-US\"},{\"@type\":\"Organization\",\"@id\":\"https:\\\/\\\/darkamazi.site\\\/#organization\",\"name\":\"Darka Mazi T\u00fcrk\u00e7e\",\"alternateName\":\"Darka Mazi\",\"url\":\"https:\\\/\\\/darkamazi.site\\\/\",\"logo\":{\"@type\":\"ImageObject\",\"inLanguage\":\"en-US\",\"@id\":\"https:\\\/\\\/darkamazi.site\\\/#\\\/schema\\\/logo\\\/image\\\/\",\"url\":\"https:\\\/\\\/darkamazi.site\\\/darka-content\\\/uploads\\\/2017\\\/12\\\/darka-mazi-logo.png\",\"contentUrl\":\"https:\\\/\\\/darkamazi.site\\\/darka-content\\\/uploads\\\/2017\\\/12\\\/darka-mazi-logo.png\",\"width\":151,\"height\":75,\"caption\":\"Darka Mazi T\u00fcrk\u00e7e\"},\"image\":{\"@id\":\"https:\\\/\\\/darkamazi.site\\\/#\\\/schema\\\/logo\\\/image\\\/\"},\"sameAs\":[\"https:\\\/\\\/www.facebook.com\\\/DarkaMaziturkce\",\"https:\\\/\\\/x.com\\\/DarkaMaziTurkce\"]},{\"@type\":\"Person\",\"@id\":\"https:\\\/\\\/darkamazi.site\\\/#\\\/schema\\\/person\\\/67986a95ac546c16760365877ef4a9d3\",\"name\":\"darka mazi\",\"sameAs\":[\"https:\\\/\\\/darkamazi.site\"],\"url\":\"https:\\\/\\\/darkamazi.site\\\/archives\\\/author\\\/turkish\"}]}<\/script>\n<!-- \/ Yoast SEO plugin. -->","seo_head_json":{"title":"\u00c7elik: Dem partiden Van B\u00fcy\u00fck\u015fehir Belediye Ba\u015fkan\u0131 se\u00e7ilen \u015fahs\u0131n se\u00e7ilme ehliyeti yoksa aday olmas\u0131na ni\u00e7in m\u00fcsaade ettiniz? - Darka Mazi","robots":{"index":"index","follow":"follow","max-snippet":"max-snippet:-1","max-image-preview":"max-image-preview:large","max-video-preview":"max-video-preview:-1"},"canonical":"https:\/\/darkamazi.site\/archives\/1029076","og_locale":"en_US","og_type":"article","og_title":"\u00c7elik: Dem partiden Van B\u00fcy\u00fck\u015fehir Belediye Ba\u015fkan\u0131 se\u00e7ilen \u015fahs\u0131n se\u00e7ilme ehliyeti yoksa aday olmas\u0131na ni\u00e7in m\u00fcsaade ettiniz? - Darka Mazi","og_description":"Van&#8217;da Halklar\u0131n E\u015fitlik ve Demokrasi Partisi&#8217;nden (DEM Parti) B\u00fcy\u00fck\u015fehir Belediyesi E\u015fba\u015fkanl\u0131\u011f\u0131na se\u00e7ilen Abdullah Zeydan&#8217;a mazbata verilmemesi karar\u0131na tepkiler s\u00fcr\u00fcyor. AK Parti&#8217;li baz\u0131 isimler de duruma tepki g\u00f6sterdi. AK Partinin eski bakanlar\u0131ndan H\u00fcseyin \u00c7elik, sanal medya hesab\u0131 \u00fczerinden karara\u00a0tepki g\u00f6sterdi. \u00c7elik, &#8220;Ben oldum olas\u0131 kayyum politikalar\u0131na kar\u015f\u0131 oldum ve h\u00e2la da kar\u015f\u0131y\u0131m. Van\u2019da olup bitenler vahimdir. [&hellip;]","og_url":"https:\/\/darkamazi.site\/archives\/1029076","og_site_name":"Darka Mazi","article_publisher":"https:\/\/www.facebook.com\/DarkaMaziturkce","article_published_time":"2024-04-03T11:44:24+00:00","og_image":[{"width":690,"height":390,"url":"https:\/\/darkamazi.site\/file\/2024\/04\/Huseyin-Simsek.jpg","type":"image\/jpeg"}],"author":"darka mazi","twitter_card":"summary_large_image","twitter_creator":"@DarkaMaziTurkce","twitter_site":"@DarkaMaziTurkce","twitter_misc":{"Written by":"darka mazi","Est. reading time":"1 minute"},"schema":{"@context":"https:\/\/schema.org","@graph":[{"@type":"NewsArticle","@id":"https:\/\/darkamazi.site\/archives\/1029076#article","isPartOf":{"@id":"https:\/\/darkamazi.site\/archives\/1029076"},"author":{"name":"darka mazi","@id":"https:\/\/darkamazi.site\/#\/schema\/person\/67986a95ac546c16760365877ef4a9d3"},"headline":"\u00c7elik: Dem partiden Van B\u00fcy\u00fck\u015fehir Belediye Ba\u015fkan\u0131 se\u00e7ilen \u015fahs\u0131n se\u00e7ilme ehliyeti yoksa aday olmas\u0131na ni\u00e7in m\u00fcsaade ettiniz?","datePublished":"2024-04-03T11:44:24+00:00","mainEntityOfPage":{"@id":"https:\/\/darkamazi.site\/archives\/1029076"},"wordCount":234,"publisher":{"@id":"https:\/\/darkamazi.site\/#organization"},"image":{"@id":"https:\/\/darkamazi.site\/archives\/1029076#primaryimage"},"thumbnailUrl":"https:\/\/darkamazi.site\/file\/2024\/04\/Huseyin-Simsek.jpg","keywords":["\u00f6nemli"],"articleSection":["Kurdistan"],"inLanguage":"en-US"},{"@type":"WebPage","@id":"https:\/\/darkamazi.site\/archives\/1029076","url":"https:\/\/darkamazi.site\/archives\/1029076","name":"\u00c7elik: Dem partiden Van B\u00fcy\u00fck\u015fehir Belediye Ba\u015fkan\u0131 se\u00e7ilen \u015fahs\u0131n se\u00e7ilme ehliyeti yoksa aday olmas\u0131na ni\u00e7in m\u00fcsaade ettiniz? - Darka Mazi","isPartOf":{"@id":"https:\/\/darkamazi.site\/#website"},"primaryImageOfPage":{"@id":"https:\/\/darkamazi.site\/archives\/1029076#primaryimage"},"image":{"@id":"https:\/\/darkamazi.site\/archives\/1029076#primaryimage"},"thumbnailUrl":"https:\/\/darkamazi.site\/file\/2024\/04\/Huseyin-Simsek.jpg","datePublished":"2024-04-03T11:44:24+00:00","breadcrumb":{"@id":"https:\/\/darkamazi.site\/archives\/1029076#breadcrumb"},"inLanguage":"en-US","potentialAction":[{"@type":"ReadAction","target":["https:\/\/darkamazi.site\/archives\/1029076"]}]},{"@type":"ImageObject","inLanguage":"en-US","@id":"https:\/\/darkamazi.site\/archives\/1029076#primaryimage","url":"https:\/\/darkamazi.site\/file\/2024\/04\/Huseyin-Simsek.jpg","contentUrl":"https:\/\/darkamazi.site\/file\/2024\/04\/Huseyin-Simsek.jpg","width":690,"height":390,"caption":"\u00c7elik: Dem partiden Van B\u00fcy\u00fck\u015fehir Belediye Ba\u015fkan\u0131 se\u00e7ilen \u015fahs\u0131n se\u00e7ilme ehliyeti yoksa aday olmas\u0131na ni\u00e7in m\u00fcsaade ettiniz?"},{"@type":"BreadcrumbList","@id":"https:\/\/darkamazi.site\/archives\/1029076#breadcrumb","itemListElement":[{"@type":"ListItem","position":1,"name":"Home","item":"https:\/\/darkamazi.site\/"},{"@type":"ListItem","position":2,"name":"\u00c7elik: Dem partiden Van B\u00fcy\u00fck\u015fehir Belediye Ba\u015fkan\u0131 se\u00e7ilen \u015fahs\u0131n se\u00e7ilme ehliyeti yoksa aday olmas\u0131na ni\u00e7in m\u00fcsaade ettiniz?"}]},{"@type":"WebSite","@id":"https:\/\/darkamazi.site\/#website","url":"https:\/\/darkamazi.site\/","name":"Darka Mazi","description":"Ana Sayfa","publisher":{"@id":"https:\/\/darkamazi.site\/#organization"},"potentialAction":[{"@type":"SearchAction","target":{"@type":"EntryPoint","urlTemplate":"https:\/\/darkamazi.site\/?s={search_term_string}"},"query-input":{"@type":"PropertyValueSpecification","valueRequired":true,"valueName":"search_term_string"}}],"inLanguage":"en-US"},{"@type":"Organization","@id":"https:\/\/darkamazi.site\/#organization","name":"Darka Mazi T\u00fcrk\u00e7e","alternateName":"Darka Mazi","url":"https:\/\/darkamazi.site\/","logo":{"@type":"ImageObject","inLanguage":"en-US","@id":"https:\/\/darkamazi.site\/#\/schema\/logo\/image\/","url":"https:\/\/darkamazi.site\/file\/2017\/12\/darka-mazi-logo.png","contentUrl":"https:\/\/darkamazi.site\/file\/2017\/12\/darka-mazi-logo.png","width":151,"height":75,"caption":"Darka Mazi T\u00fcrk\u00e7e"},"image":{"@id":"https:\/\/darkamazi.site\/#\/schema\/logo\/image\/"},"sameAs":["https:\/\/www.facebook.com\/DarkaMaziturkce","https:\/\/x.com\/DarkaMaziTurkce"]},{"@type":"Person","@id":"https:\/\/darkamazi.site\/#\/schema\/person\/67986a95ac546c16760365877ef4a9d3","name":"darka mazi","sameAs":["https:\/\/darkamazi.site"],"url":"https:\/\/darkamazi.site\/archives\/author\/turkish"}]}},"_links":{"self":[{"href":"https:\/\/darkamazi.site\/funavuv\/wp\/v2\/posts\/1029076","targetHints":{"allow":["GET"]}}],"collection":[{"href":"https:\/\/darkamazi.site\/funavuv\/wp\/v2\/posts"}],"about":[{"href":"https:\/\/darkamazi.site\/funavuv\/wp\/v2\/types\/post"}],"author":[{"embeddable":true,"href":"https:\/\/darkamazi.site\/funavuv\/wp\/v2\/users\/2"}],"replies":[{"embeddable":true,"href":"https:\/\/darkamazi.site\/funavuv\/wp\/v2\/comments?post=1029076"}],"version-history":[{"count":0,"href":"https:\/\/darkamazi.site\/funavuv\/wp\/v2\/posts\/1029076\/revisions"}],"wp:featuredmedia":[{"embeddable":true,"href":"https:\/\/darkamazi.site\/funavuv\/wp\/v2\/media\/1029077"}],"wp:attachment":[{"href":"https:\/\/darkamazi.site\/funavuv\/wp\/v2\/media?parent=1029076"}],"wp:term":[{"taxonomy":"category","embeddable":true,"href":"https:\/\/darkamazi.site\/funavuv\/wp\/v2\/categories?post=1029076"},{"taxonomy":"post_tag","embeddable":true,"href":"https:\/\/darkamazi.site\/funavuv\/wp\/v2\/tags?post=1029076"}],"curies":[{"name":"wp","href":"https:\/\/api.w.org\/{rel}","templated":true}]}}