{"id":1029145,"date":"2024-04-14T17:14:22","date_gmt":"2024-04-14T14:14:22","guid":{"rendered":"https:\/\/darkamazi.site\/?p=1029145"},"modified":"2026-03-31T16:19:30","modified_gmt":"2026-03-31T13:19:30","slug":"israil-ordusu-iranin-iha-ve-fuzelerinin-yuzde-99u-dusuruldu","status":"publish","type":"post","link":"https:\/\/darkamazi.site\/archives\/1029145","title":{"rendered":"\u0130srail Ordusu: \u0130ran&#8217;\u0131n \u0130HA ve f\u00fczelerinin y\u00fczde 99&#8217;u d\u00fc\u015f\u00fcr\u00fcld\u00fc"},"content":{"rendered":"<p><span style=\"font-family: 'arial black', sans-serif\">\u0130srail Ordusu, \u0130ran&#8217;\u0131n \u0130srail&#8217;e ate\u015fledi\u011fi 300&#8217;den fazla insans\u0131z hava arac\u0131 ve f\u00fczelerin y\u00fczde 99&#8217;unun d\u00fc\u015f\u00fcr\u00fcld\u00fc\u011f\u00fcn\u00fc a\u00e7\u0131klad\u0131.<\/span><\/p>\n<p>\u0130srail ordusu, \u0130ran\u2019\u0131n \u015fimdiye kadar \u0130srail\u2019e 300\u2019\u00fcn \u00fczerinde dron ve f\u00fcze f\u0131rlatt\u0131\u011f\u0131n\u0131 bildirdi.<\/p>\n<p>Ordusu, \u0130srail&#8217;e ate\u015flenen drone ve f\u00fczelerin y\u00fczde 99&#8217;unun d\u00fc\u015f\u00fcr\u00fcld\u00fc\u011f\u00fcn\u00fc duyurdu.<\/p>\n<p>\u0130srail ordu s\u00f6zc\u00fcs\u00fc Tu\u011famiral Daniel Hagari, karadan karaya f\u0131rlat\u0131lan az say\u0131da \u0130ran f\u00fczesinin \u0130srail topraklar\u0131na isabet etti\u011fini, bir k\u0131z\u0131n yaraland\u0131\u011f\u0131n\u0131 ve g\u00fcneydeki bir askeri tesiste hafif hasar meydana geldi\u011fini bildirdi.<\/p>\n<p>S\u00f6zc\u00fcs\u00fc Daniel Hagari ayr\u0131ca baz\u0131 f\u00fcze ve insans\u0131z hava ara\u00e7lar\u0131n\u0131n Irak ve Yemen&#8217;den yolland\u0131\u011f\u0131n\u0131 kaydetti.<\/p>\n<p>\u0130srail ordusu ayr\u0131ca, \u00fclke halk\u0131na y\u00f6nelik daha \u00f6nce yay\u0131nlad\u0131\u011f\u0131 s\u0131\u011f\u0131nma yerleri bulmak i\u00e7in haz\u0131rl\u0131k yapma uyar\u0131s\u0131n\u0131 kald\u0131rd\u0131\u011f\u0131n\u0131 a\u00e7\u0131klad\u0131.<\/p>\n<p><strong>\u0130srail Savunma Bakan\u0131 Gallant: Hen\u00fcz bitmedi<\/strong><\/p>\n<p>\u0130srail Savunma Bakan\u0131 Yoav Gallant \u00fclkenin savunma kurumlar\u0131yla operasyonel de\u011ferlendirmesini tamamlad\u0131\u011f\u0131n\u0131 belirtti.<\/p>\n<p>Gallant &#8220;ABD ve ek ortaklarla birlikte \u0130srail Devleti&#8217;nin topraklar\u0131n\u0131 savunmay\u0131 ba\u015fard\u0131k. \u00c7ok az hazar hal\u0131nd\u0131 ve bu \u0130srail Ordusu&#8217;nun etkileyici operasyonlar\u0131n\u0131n sonucu&#8221; dedi.<\/p>\n<p>Ancak Gallant &#8220;Ancak hen\u00fcz bitmedi. Alarm durumunu korumal\u0131 ve \u0130srail Ordusu ve Vatan Komutas\u0131&#8217;n\u0131n yay\u0131mlad\u0131\u011f\u0131 talimatlara duyarl\u0131 olmaya devam etmeliyiz. Her senaryoya haz\u0131rl\u0131kl\u0131 olmal\u0131y\u0131z. Bununla birlikte, sald\u0131r\u0131n\u0131n en \u00f6nemli dalgas\u0131n\u0131 p\u00fcsk\u00fcrtt\u00fck ve bunu ba\u015far\u0131yla yapt\u0131k&#8221; dedi.<\/p>\n<p><strong>Netanyahu: Durdurduk, p\u00fcsk\u00fcrtt\u00fck, birlikte kazanaca\u011f\u0131z<\/strong><\/p>\n<p>\u0130srail Ba\u015fbakan\u0131 Benyamin Netanyahu, \u0130srail ordusunun \u0130ran taraf\u0131ndan f\u0131rlat\u0131lan 300\u2019den fazla insans\u0131z hava arac\u0131n\u0131n ve f\u00fczenin neredeyse tamam\u0131n\u0131n d\u00fc\u015f\u00fcr\u00fcld\u00fc\u011f\u00fcn\u00fc a\u00e7\u0131klamas\u0131n\u0131n ard\u0131ndan, \u00fclkesinin zafere ula\u015faca\u011f\u0131 s\u00f6z\u00fcn\u00fc verdi.<\/p>\n<p>Netanyahu bug\u00fcn\u00a0 sosyal medya hesab\u0131ndan, &#8220;Durdurduk, p\u00fcsk\u00fcrtt\u00fck, birlikte kazanaca\u011f\u0131z&#8221; diye yazd\u0131.<\/p>\n","protected":false},"excerpt":{"rendered":"<p>\u0130srail Ordusu, \u0130ran&#8217;\u0131n \u0130srail&#8217;e ate\u015fledi\u011fi 300&#8217;den fazla insans\u0131z hava arac\u0131 ve f\u00fczelerin y\u00fczde 99&#8217;unun d\u00fc\u015f\u00fcr\u00fcld\u00fc\u011f\u00fcn\u00fc a\u00e7\u0131klad\u0131. \u0130srail ordusu, \u0130ran\u2019\u0131n \u015fimdiye kadar \u0130srail\u2019e 300\u2019\u00fcn \u00fczerinde dron ve f\u00fcze f\u0131rlatt\u0131\u011f\u0131n\u0131 bildirdi. Ordusu, \u0130srail&#8217;e ate\u015flenen drone ve f\u00fczelerin y\u00fczde 99&#8217;unun d\u00fc\u015f\u00fcr\u00fcld\u00fc\u011f\u00fcn\u00fc duyurdu. \u0130srail ordu s\u00f6zc\u00fcs\u00fc Tu\u011famiral Daniel Hagari, karadan karaya f\u0131rlat\u0131lan az say\u0131da \u0130ran f\u00fczesinin \u0130srail topraklar\u0131na isabet [&hellip;]<\/p>\n","protected":false},"author":2,"featured_media":1029146,"comment_status":"closed","ping_status":"closed","sticky":false,"template":"","format":"standard","meta":{"footnotes":""},"categories":[29],"tags":[31],"class_list":["post-1029145","post","type-post","status-publish","format-standard","has-post-thumbnail","hentry","category-ortadogu","tag-onemli"],"blocksy_meta":[],"seo_head":"<!-- This site is optimized with the Yoast SEO plugin v27.5 - https:\/\/yoast.com\/product\/yoast-seo-wordpress\/ -->\n<title>\u0130srail Ordusu: \u0130ran&#039;\u0131n \u0130HA ve f\u00fczelerinin y\u00fczde 99&#039;u d\u00fc\u015f\u00fcr\u00fcld\u00fc - Darka Mazi<\/title>\n<meta name=\"robots\" content=\"index, follow, max-snippet:-1, max-image-preview:large, max-video-preview:-1\" \/>\n<link rel=\"canonical\" href=\"https:\/\/darkamazi.site\/archives\/1029145\" \/>\n<meta property=\"og:locale\" content=\"en_US\" \/>\n<meta property=\"og:type\" content=\"article\" \/>\n<meta property=\"og:title\" content=\"\u0130srail Ordusu: \u0130ran&#039;\u0131n \u0130HA ve f\u00fczelerinin y\u00fczde 99&#039;u d\u00fc\u015f\u00fcr\u00fcld\u00fc - Darka Mazi\" \/>\n<meta property=\"og:description\" content=\"\u0130srail Ordusu, \u0130ran&#8217;\u0131n \u0130srail&#8217;e ate\u015fledi\u011fi 300&#8217;den fazla insans\u0131z hava arac\u0131 ve f\u00fczelerin y\u00fczde 99&#8217;unun d\u00fc\u015f\u00fcr\u00fcld\u00fc\u011f\u00fcn\u00fc a\u00e7\u0131klad\u0131. \u0130srail ordusu, \u0130ran\u2019\u0131n \u015fimdiye kadar \u0130srail\u2019e 300\u2019\u00fcn \u00fczerinde dron ve f\u00fcze f\u0131rlatt\u0131\u011f\u0131n\u0131 bildirdi. Ordusu, \u0130srail&#8217;e ate\u015flenen drone ve f\u00fczelerin y\u00fczde 99&#8217;unun d\u00fc\u015f\u00fcr\u00fcld\u00fc\u011f\u00fcn\u00fc duyurdu. \u0130srail ordu s\u00f6zc\u00fcs\u00fc Tu\u011famiral Daniel Hagari, karadan karaya f\u0131rlat\u0131lan az say\u0131da \u0130ran f\u00fczesinin \u0130srail topraklar\u0131na isabet [&hellip;]\" \/>\n<meta property=\"og:url\" content=\"https:\/\/darkamazi.site\/archives\/1029145\" \/>\n<meta property=\"og:site_name\" content=\"Darka Mazi\" \/>\n<meta property=\"article:publisher\" content=\"https:\/\/www.facebook.com\/DarkaMaziturkce\" \/>\n<meta property=\"article:published_time\" content=\"2024-04-14T14:14:22+00:00\" \/>\n<meta property=\"article:modified_time\" content=\"2026-03-31T13:19:30+00:00\" \/>\n<meta property=\"og:image\" content=\"https:\/\/darkamazi.site\/file\/2024\/04\/794671Image1.jpg\" \/>\n\t<meta property=\"og:image:width\" content=\"752\" \/>\n\t<meta property=\"og:image:height\" content=\"472\" \/>\n\t<meta property=\"og:image:type\" content=\"image\/jpeg\" \/>\n<meta name=\"author\" content=\"darka mazi\" \/>\n<meta name=\"twitter:card\" content=\"summary_large_image\" \/>\n<meta name=\"twitter:creator\" content=\"@DarkaMaziTurkce\" \/>\n<meta name=\"twitter:site\" content=\"@DarkaMaziTurkce\" \/>\n<meta name=\"twitter:label1\" content=\"Written by\" \/>\n\t<meta name=\"twitter:data1\" content=\"darka mazi\" \/>\n\t<meta name=\"twitter:label2\" content=\"Est. reading time\" \/>\n\t<meta name=\"twitter:data2\" content=\"2 minutes\" \/>\n<script type=\"application\/ld+json\" class=\"seo-schema-graph\">{\"@context\":\"https:\\\/\\\/schema.org\",\"@graph\":[{\"@type\":\"NewsArticle\",\"@id\":\"https:\\\/\\\/darkamazi.site\\\/archives\\\/1029145#article\",\"isPartOf\":{\"@id\":\"https:\\\/\\\/darkamazi.site\\\/archives\\\/1029145\"},\"author\":{\"name\":\"darka mazi\",\"@id\":\"https:\\\/\\\/darkamazi.site\\\/#\\\/schema\\\/person\\\/67986a95ac546c16760365877ef4a9d3\"},\"headline\":\"\u0130srail Ordusu: \u0130ran&#8217;\u0131n \u0130HA ve f\u00fczelerinin y\u00fczde 99&#8217;u d\u00fc\u015f\u00fcr\u00fcld\u00fc\",\"datePublished\":\"2024-04-14T14:14:22+00:00\",\"dateModified\":\"2026-03-31T13:19:30+00:00\",\"mainEntityOfPage\":{\"@id\":\"https:\\\/\\\/darkamazi.site\\\/archives\\\/1029145\"},\"wordCount\":355,\"publisher\":{\"@id\":\"https:\\\/\\\/darkamazi.site\\\/#organization\"},\"image\":{\"@id\":\"https:\\\/\\\/darkamazi.site\\\/archives\\\/1029145#primaryimage\"},\"thumbnailUrl\":\"https:\\\/\\\/darkamazi.site\\\/darka-content\\\/uploads\\\/2024\\\/04\\\/794671Image1.jpg\",\"keywords\":[\"\u00f6nemli\"],\"articleSection\":[\"Ortado\u011fu\"],\"inLanguage\":\"en-US\"},{\"@type\":\"WebPage\",\"@id\":\"https:\\\/\\\/darkamazi.site\\\/archives\\\/1029145\",\"url\":\"https:\\\/\\\/darkamazi.site\\\/archives\\\/1029145\",\"name\":\"\u0130srail Ordusu: \u0130ran'\u0131n \u0130HA ve f\u00fczelerinin y\u00fczde 99'u d\u00fc\u015f\u00fcr\u00fcld\u00fc - Darka Mazi\",\"isPartOf\":{\"@id\":\"https:\\\/\\\/darkamazi.site\\\/#website\"},\"primaryImageOfPage\":{\"@id\":\"https:\\\/\\\/darkamazi.site\\\/archives\\\/1029145#primaryimage\"},\"image\":{\"@id\":\"https:\\\/\\\/darkamazi.site\\\/archives\\\/1029145#primaryimage\"},\"thumbnailUrl\":\"https:\\\/\\\/darkamazi.site\\\/darka-content\\\/uploads\\\/2024\\\/04\\\/794671Image1.jpg\",\"datePublished\":\"2024-04-14T14:14:22+00:00\",\"dateModified\":\"2026-03-31T13:19:30+00:00\",\"breadcrumb\":{\"@id\":\"https:\\\/\\\/darkamazi.site\\\/archives\\\/1029145#breadcrumb\"},\"inLanguage\":\"en-US\",\"potentialAction\":[{\"@type\":\"ReadAction\",\"target\":[\"https:\\\/\\\/darkamazi.site\\\/archives\\\/1029145\"]}]},{\"@type\":\"ImageObject\",\"inLanguage\":\"en-US\",\"@id\":\"https:\\\/\\\/darkamazi.site\\\/archives\\\/1029145#primaryimage\",\"url\":\"https:\\\/\\\/darkamazi.site\\\/darka-content\\\/uploads\\\/2024\\\/04\\\/794671Image1.jpg\",\"contentUrl\":\"https:\\\/\\\/darkamazi.site\\\/darka-content\\\/uploads\\\/2024\\\/04\\\/794671Image1.jpg\",\"width\":752,\"height\":472,\"caption\":\"\u0130srail Ordusu: \u0130ran'\u0131n \u0130HA ve f\u00fczelerinin y\u00fczde 99'u d\u00fc\u015f\u00fcr\u00fcld\u00fc\"},{\"@type\":\"BreadcrumbList\",\"@id\":\"https:\\\/\\\/darkamazi.site\\\/archives\\\/1029145#breadcrumb\",\"itemListElement\":[{\"@type\":\"ListItem\",\"position\":1,\"name\":\"Home\",\"item\":\"https:\\\/\\\/darkamazi.site\\\/\"},{\"@type\":\"ListItem\",\"position\":2,\"name\":\"\u0130srail Ordusu: \u0130ran&#8217;\u0131n \u0130HA ve f\u00fczelerinin y\u00fczde 99&#8217;u d\u00fc\u015f\u00fcr\u00fcld\u00fc\"}]},{\"@type\":\"WebSite\",\"@id\":\"https:\\\/\\\/darkamazi.site\\\/#website\",\"url\":\"https:\\\/\\\/darkamazi.site\\\/\",\"name\":\"Darka Mazi\",\"description\":\"Ana Sayfa\",\"publisher\":{\"@id\":\"https:\\\/\\\/darkamazi.site\\\/#organization\"},\"potentialAction\":[{\"@type\":\"SearchAction\",\"target\":{\"@type\":\"EntryPoint\",\"urlTemplate\":\"https:\\\/\\\/darkamazi.site\\\/?s={search_term_string}\"},\"query-input\":{\"@type\":\"PropertyValueSpecification\",\"valueRequired\":true,\"valueName\":\"search_term_string\"}}],\"inLanguage\":\"en-US\"},{\"@type\":\"Organization\",\"@id\":\"https:\\\/\\\/darkamazi.site\\\/#organization\",\"name\":\"Darka Mazi T\u00fcrk\u00e7e\",\"alternateName\":\"Darka Mazi\",\"url\":\"https:\\\/\\\/darkamazi.site\\\/\",\"logo\":{\"@type\":\"ImageObject\",\"inLanguage\":\"en-US\",\"@id\":\"https:\\\/\\\/darkamazi.site\\\/#\\\/schema\\\/logo\\\/image\\\/\",\"url\":\"https:\\\/\\\/darkamazi.site\\\/darka-content\\\/uploads\\\/2017\\\/12\\\/darka-mazi-logo.png\",\"contentUrl\":\"https:\\\/\\\/darkamazi.site\\\/darka-content\\\/uploads\\\/2017\\\/12\\\/darka-mazi-logo.png\",\"width\":151,\"height\":75,\"caption\":\"Darka Mazi T\u00fcrk\u00e7e\"},\"image\":{\"@id\":\"https:\\\/\\\/darkamazi.site\\\/#\\\/schema\\\/logo\\\/image\\\/\"},\"sameAs\":[\"https:\\\/\\\/www.facebook.com\\\/DarkaMaziturkce\",\"https:\\\/\\\/x.com\\\/DarkaMaziTurkce\"]},{\"@type\":\"Person\",\"@id\":\"https:\\\/\\\/darkamazi.site\\\/#\\\/schema\\\/person\\\/67986a95ac546c16760365877ef4a9d3\",\"name\":\"darka mazi\",\"sameAs\":[\"https:\\\/\\\/darkamazi.site\"],\"url\":\"https:\\\/\\\/darkamazi.site\\\/archives\\\/author\\\/turkish\"}]}<\/script>\n<!-- \/ Yoast SEO plugin. -->","seo_head_json":{"title":"\u0130srail Ordusu: \u0130ran'\u0131n \u0130HA ve f\u00fczelerinin y\u00fczde 99'u d\u00fc\u015f\u00fcr\u00fcld\u00fc - Darka Mazi","robots":{"index":"index","follow":"follow","max-snippet":"max-snippet:-1","max-image-preview":"max-image-preview:large","max-video-preview":"max-video-preview:-1"},"canonical":"https:\/\/darkamazi.site\/archives\/1029145","og_locale":"en_US","og_type":"article","og_title":"\u0130srail Ordusu: \u0130ran'\u0131n \u0130HA ve f\u00fczelerinin y\u00fczde 99'u d\u00fc\u015f\u00fcr\u00fcld\u00fc - Darka Mazi","og_description":"\u0130srail Ordusu, \u0130ran&#8217;\u0131n \u0130srail&#8217;e ate\u015fledi\u011fi 300&#8217;den fazla insans\u0131z hava arac\u0131 ve f\u00fczelerin y\u00fczde 99&#8217;unun d\u00fc\u015f\u00fcr\u00fcld\u00fc\u011f\u00fcn\u00fc a\u00e7\u0131klad\u0131. \u0130srail ordusu, \u0130ran\u2019\u0131n \u015fimdiye kadar \u0130srail\u2019e 300\u2019\u00fcn \u00fczerinde dron ve f\u00fcze f\u0131rlatt\u0131\u011f\u0131n\u0131 bildirdi. Ordusu, \u0130srail&#8217;e ate\u015flenen drone ve f\u00fczelerin y\u00fczde 99&#8217;unun d\u00fc\u015f\u00fcr\u00fcld\u00fc\u011f\u00fcn\u00fc duyurdu. \u0130srail ordu s\u00f6zc\u00fcs\u00fc Tu\u011famiral Daniel Hagari, karadan karaya f\u0131rlat\u0131lan az say\u0131da \u0130ran f\u00fczesinin \u0130srail topraklar\u0131na isabet [&hellip;]","og_url":"https:\/\/darkamazi.site\/archives\/1029145","og_site_name":"Darka Mazi","article_publisher":"https:\/\/www.facebook.com\/DarkaMaziturkce","article_published_time":"2024-04-14T14:14:22+00:00","article_modified_time":"2026-03-31T13:19:30+00:00","og_image":[{"width":752,"height":472,"url":"https:\/\/darkamazi.site\/file\/2024\/04\/794671Image1.jpg","type":"image\/jpeg"}],"author":"darka mazi","twitter_card":"summary_large_image","twitter_creator":"@DarkaMaziTurkce","twitter_site":"@DarkaMaziTurkce","twitter_misc":{"Written by":"darka mazi","Est. reading time":"2 minutes"},"schema":{"@context":"https:\/\/schema.org","@graph":[{"@type":"NewsArticle","@id":"https:\/\/darkamazi.site\/archives\/1029145#article","isPartOf":{"@id":"https:\/\/darkamazi.site\/archives\/1029145"},"author":{"name":"darka mazi","@id":"https:\/\/darkamazi.site\/#\/schema\/person\/67986a95ac546c16760365877ef4a9d3"},"headline":"\u0130srail Ordusu: \u0130ran&#8217;\u0131n \u0130HA ve f\u00fczelerinin y\u00fczde 99&#8217;u d\u00fc\u015f\u00fcr\u00fcld\u00fc","datePublished":"2024-04-14T14:14:22+00:00","dateModified":"2026-03-31T13:19:30+00:00","mainEntityOfPage":{"@id":"https:\/\/darkamazi.site\/archives\/1029145"},"wordCount":355,"publisher":{"@id":"https:\/\/darkamazi.site\/#organization"},"image":{"@id":"https:\/\/darkamazi.site\/archives\/1029145#primaryimage"},"thumbnailUrl":"https:\/\/darkamazi.site\/file\/2024\/04\/794671Image1.jpg","keywords":["\u00f6nemli"],"articleSection":["Ortado\u011fu"],"inLanguage":"en-US"},{"@type":"WebPage","@id":"https:\/\/darkamazi.site\/archives\/1029145","url":"https:\/\/darkamazi.site\/archives\/1029145","name":"\u0130srail Ordusu: \u0130ran'\u0131n \u0130HA ve f\u00fczelerinin y\u00fczde 99'u d\u00fc\u015f\u00fcr\u00fcld\u00fc - Darka Mazi","isPartOf":{"@id":"https:\/\/darkamazi.site\/#website"},"primaryImageOfPage":{"@id":"https:\/\/darkamazi.site\/archives\/1029145#primaryimage"},"image":{"@id":"https:\/\/darkamazi.site\/archives\/1029145#primaryimage"},"thumbnailUrl":"https:\/\/darkamazi.site\/file\/2024\/04\/794671Image1.jpg","datePublished":"2024-04-14T14:14:22+00:00","dateModified":"2026-03-31T13:19:30+00:00","breadcrumb":{"@id":"https:\/\/darkamazi.site\/archives\/1029145#breadcrumb"},"inLanguage":"en-US","potentialAction":[{"@type":"ReadAction","target":["https:\/\/darkamazi.site\/archives\/1029145"]}]},{"@type":"ImageObject","inLanguage":"en-US","@id":"https:\/\/darkamazi.site\/archives\/1029145#primaryimage","url":"https:\/\/darkamazi.site\/file\/2024\/04\/794671Image1.jpg","contentUrl":"https:\/\/darkamazi.site\/file\/2024\/04\/794671Image1.jpg","width":752,"height":472,"caption":"\u0130srail Ordusu: \u0130ran'\u0131n \u0130HA ve f\u00fczelerinin y\u00fczde 99'u d\u00fc\u015f\u00fcr\u00fcld\u00fc"},{"@type":"BreadcrumbList","@id":"https:\/\/darkamazi.site\/archives\/1029145#breadcrumb","itemListElement":[{"@type":"ListItem","position":1,"name":"Home","item":"https:\/\/darkamazi.site\/"},{"@type":"ListItem","position":2,"name":"\u0130srail Ordusu: \u0130ran&#8217;\u0131n \u0130HA ve f\u00fczelerinin y\u00fczde 99&#8217;u d\u00fc\u015f\u00fcr\u00fcld\u00fc"}]},{"@type":"WebSite","@id":"https:\/\/darkamazi.site\/#website","url":"https:\/\/darkamazi.site\/","name":"Darka Mazi","description":"Ana Sayfa","publisher":{"@id":"https:\/\/darkamazi.site\/#organization"},"potentialAction":[{"@type":"SearchAction","target":{"@type":"EntryPoint","urlTemplate":"https:\/\/darkamazi.site\/?s={search_term_string}"},"query-input":{"@type":"PropertyValueSpecification","valueRequired":true,"valueName":"search_term_string"}}],"inLanguage":"en-US"},{"@type":"Organization","@id":"https:\/\/darkamazi.site\/#organization","name":"Darka Mazi T\u00fcrk\u00e7e","alternateName":"Darka Mazi","url":"https:\/\/darkamazi.site\/","logo":{"@type":"ImageObject","inLanguage":"en-US","@id":"https:\/\/darkamazi.site\/#\/schema\/logo\/image\/","url":"https:\/\/darkamazi.site\/file\/2017\/12\/darka-mazi-logo.png","contentUrl":"https:\/\/darkamazi.site\/file\/2017\/12\/darka-mazi-logo.png","width":151,"height":75,"caption":"Darka Mazi T\u00fcrk\u00e7e"},"image":{"@id":"https:\/\/darkamazi.site\/#\/schema\/logo\/image\/"},"sameAs":["https:\/\/www.facebook.com\/DarkaMaziturkce","https:\/\/x.com\/DarkaMaziTurkce"]},{"@type":"Person","@id":"https:\/\/darkamazi.site\/#\/schema\/person\/67986a95ac546c16760365877ef4a9d3","name":"darka mazi","sameAs":["https:\/\/darkamazi.site"],"url":"https:\/\/darkamazi.site\/archives\/author\/turkish"}]}},"_links":{"self":[{"href":"https:\/\/darkamazi.site\/funavuv\/wp\/v2\/posts\/1029145","targetHints":{"allow":["GET"]}}],"collection":[{"href":"https:\/\/darkamazi.site\/funavuv\/wp\/v2\/posts"}],"about":[{"href":"https:\/\/darkamazi.site\/funavuv\/wp\/v2\/types\/post"}],"author":[{"embeddable":true,"href":"https:\/\/darkamazi.site\/funavuv\/wp\/v2\/users\/2"}],"replies":[{"embeddable":true,"href":"https:\/\/darkamazi.site\/funavuv\/wp\/v2\/comments?post=1029145"}],"version-history":[{"count":0,"href":"https:\/\/darkamazi.site\/funavuv\/wp\/v2\/posts\/1029145\/revisions"}],"wp:featuredmedia":[{"embeddable":true,"href":"https:\/\/darkamazi.site\/funavuv\/wp\/v2\/media\/1029146"}],"wp:attachment":[{"href":"https:\/\/darkamazi.site\/funavuv\/wp\/v2\/media?parent=1029145"}],"wp:term":[{"taxonomy":"category","embeddable":true,"href":"https:\/\/darkamazi.site\/funavuv\/wp\/v2\/categories?post=1029145"},{"taxonomy":"post_tag","embeddable":true,"href":"https:\/\/darkamazi.site\/funavuv\/wp\/v2\/tags?post=1029145"}],"curies":[{"name":"wp","href":"https:\/\/api.w.org\/{rel}","templated":true}]}}