{"id":1029188,"date":"2024-04-16T18:52:52","date_gmt":"2024-04-16T15:52:52","guid":{"rendered":"https:\/\/darkamazi.site\/?p=1029188"},"modified":"2024-04-16T18:52:52","modified_gmt":"2024-04-16T15:52:52","slug":"kurt-sair-hemin-mukriyani-49-yil-once-aramizdan-ayrildi","status":"publish","type":"post","link":"https:\/\/darkamazi.site\/archives\/1029188","title":{"rendered":"\u00a0K\u00fcrt \u015fair Hemin Mukriyani 49 y\u0131l \u00f6nce aram\u0131zdan ayr\u0131ld\u0131"},"content":{"rendered":"<p style=\"text-align: justify\">Seyid Hasan \u015eeyh\u00fclislam Mukri\u2019nin o\u011flu olan ve as\u0131l ad\u0131 Seyid Muhammed Emin olan Hemin Mukriyani, 1921 y\u0131l\u0131nda Mahabad\u2019\u0131n La\u00e7in k\u00f6y\u00fcnde d\u00fcnyaya geldi. 16 Nisan 1986\u2019da Urmiye\u2019de hayata g\u00f6zlerini yumdu.\u00a0K\u00fcrt sanat ve direni\u015f tarihinin \u00f6nemli ailelerinden Mukriyani ailesinin bir ferdidir. \u015eair, \u00e7evirmen ve edebiyat ele\u015ftirmenidir.<\/p>\n<p style=\"text-align: justify\">Hemin, 21 ya\u015f\u0131nda \u015fiirlerini yay\u0131nlamaya ba\u015flad\u0131.\u00a0Tar\u00eek \u00fb Ron\u00ee (Tarik \u00fb R\u00fbn)\u00a0ve\u00a0Naley\u00ee Cudayi (Ayr\u0131l\u0131k \u0130niltisi)\u00a0adl\u0131 kitaplar\u0131n\u0131n ilk bask\u0131lar\u0131, s\u00fcrg\u00fcndeyken yay\u0131nlad\u0131.<\/p>\n<p style=\"text-align: justify\">1942 y\u0131l\u0131nda Mahabad\u2019da yay\u0131nlanan\u00a0N\u00ee\u015ftiman\u00a0(Vatan) dergisinde Mukr\u00ee\u2019nin \u015fiirleri de yay\u0131mland\u0131. Ayn\u0131 y\u0131l K\u00fcrdistan Dirili\u015f Derne\u011fi (Komala Jiyanewey Kurdistan)&#8217;ne kat\u0131ld\u0131. 1946 y\u0131l\u0131nda kurulan K\u00fcrdistan Cumhuriyeti&#8217;nin milli \u015fairi olarak ilan edildi. Ard\u0131ndan, K\u00fcrdistan Cumhuriyeti Ba\u015fbakan\u0131 Heci Baba \u015e\u00eax&#8217;in\u00a0sekreteri oldu.<\/p>\n<p style=\"text-align: justify\">Hemin, 1986 y\u0131l\u0131nda hayata g\u00f6zlerini yumdu. 1946\u2019da kurulan\u00a0\u201cMahabad K\u00fcrt Cumhuriyeti\u201dnin milli mar\u015f\u0131n\u0131 yak\u0131n \u015fair arkada\u015f\u0131 Adbulrahman \u015eerefkend\u00ee (Hazhar) ile birlikte yazd\u0131.<\/p>\n<p style=\"text-align: justify\">Cumhuriyet\u2019in y\u0131k\u0131lmas\u0131ndan sonra Irak K\u00fcrt b\u00f6lgesindeki S\u00fcleymaniye \u015fehrine s\u0131\u011f\u0131nd\u0131.<\/p>\n<p style=\"text-align: justify\">\u00d6l\u00fcms\u00fcz K\u00fcrt lider Melle Mustafa Barzani\u2019nin verdi\u011fi m\u00fccadele sonucu Irak rejiminin kabul etmek zorunda kald\u0131\u011f\u0131 11 Mart 1970 tarihli \u00f6zerklik anla\u015fmas\u0131 \u00e7er\u00e7evesinde Irak ba\u015fkenti Ba\u011fdat\u2019a yerle\u015ferek, oradaki K\u00fcrt Bilim Akademisi\u2019nde \u00e7al\u0131\u015ft\u0131.<\/p>\n<p style=\"text-align: justify\">Hawari Kurd\u00a0(K\u00fcrd\u00fcn \u00c7a\u011fr\u0131s\u0131),\u00a0Hawari Ni\u015ft\u0131man\u00a0(Vatan \u00c7a\u011fr\u0131s\u0131),\u00a0Girugal\u00ee Mindalan\u00a0(\u00c7ocuklar\u0131n Bo\u015fbo\u011fazl\u0131\u011f\u0131), Agir\u00a0(Ate\u015f)\u00a0ve\u00a0Halala\u00a0(Lale, K\u00fcrt Kad\u0131nlar\u0131 Derne\u011fi yay\u0131n organ\u0131) gibi dergilere yaz\u0131lar yazd\u0131.<\/p>\n<p style=\"text-align: justify\">1979\u2019da \u015eah\u2019\u0131n devrilmesinden sonra \u0130ran\u2019a d\u00f6nerek Urmiye \u015fehrine yerle\u015fti. 1979 y\u0131l\u0131nda Urmiye&#8217;de Selahaddini Eyyubi matbaas\u0131n\u0131 kurdu. 1985 y\u0131l\u0131nda\u00a0Sirwa\u00a0dergisini \u00e7\u0131kard\u0131.1986\u2019da vefat edene kadar bu g\u00f6revini s\u00fcrd\u00fcrd\u00fc.<\/p>\n<p style=\"text-align: justify\">\nNot: Bu yaz\u0131da Faik Bulut\u2019un independet T\u00fcrk\u00e7e i\u00e7in <a href=\"https:\/\/www.indyturk.com\/node\/174501\/t%C3%BCrkiyeden-sesler\/k%C3%BCrt-edebiyat%C3%A7%C4%B1-%C5%9Fair-tarih%C3%A7i-gazeteci-yazar-matbaac%C4%B1-oca%C4%9F%C4%B1-m%C3%BBkriyan\">yazd\u0131\u011f\u0131 yazd\u0131\u011f\u0131 yaz\u0131dan faydalan\u0131lm\u0131\u015ft\u0131r.<\/a><\/p>\n<p>&nbsp;<\/p>\n","protected":false},"excerpt":{"rendered":"<p>Seyid Hasan \u015eeyh\u00fclislam Mukri\u2019nin o\u011flu olan ve as\u0131l ad\u0131 Seyid Muhammed Emin olan Hemin Mukriyani, 1921 y\u0131l\u0131nda Mahabad\u2019\u0131n La\u00e7in k\u00f6y\u00fcnde d\u00fcnyaya geldi. 16 Nisan 1986\u2019da Urmiye\u2019de hayata g\u00f6zlerini yumdu.\u00a0K\u00fcrt sanat ve direni\u015f tarihinin \u00f6nemli ailelerinden Mukriyani ailesinin bir ferdidir. \u015eair, \u00e7evirmen ve edebiyat ele\u015ftirmenidir. Hemin, 21 ya\u015f\u0131nda \u015fiirlerini yay\u0131nlamaya ba\u015flad\u0131.\u00a0Tar\u00eek \u00fb Ron\u00ee (Tarik \u00fb R\u00fbn)\u00a0ve\u00a0Naley\u00ee [&hellip;]<\/p>\n","protected":false},"author":2,"featured_media":1029189,"comment_status":"closed","ping_status":"closed","sticky":false,"template":"","format":"standard","meta":{"footnotes":""},"categories":[33],"tags":[31],"class_list":["post-1029188","post","type-post","status-publish","format-standard","has-post-thumbnail","hentry","category-sanat","tag-onemli"],"blocksy_meta":[],"seo_head":"<!-- This site is optimized with the Yoast SEO plugin v27.5 - https:\/\/yoast.com\/product\/yoast-seo-wordpress\/ -->\n<title>\u00a0K\u00fcrt \u015fair Hemin Mukriyani 49 y\u0131l \u00f6nce aram\u0131zdan ayr\u0131ld\u0131 - Darka Mazi<\/title>\n<meta name=\"robots\" content=\"index, follow, max-snippet:-1, max-image-preview:large, max-video-preview:-1\" \/>\n<link rel=\"canonical\" href=\"https:\/\/darkamazi.site\/archives\/1029188\" \/>\n<meta property=\"og:locale\" content=\"en_US\" \/>\n<meta property=\"og:type\" content=\"article\" \/>\n<meta property=\"og:title\" content=\"\u00a0K\u00fcrt \u015fair Hemin Mukriyani 49 y\u0131l \u00f6nce aram\u0131zdan ayr\u0131ld\u0131 - Darka Mazi\" \/>\n<meta property=\"og:description\" content=\"Seyid Hasan \u015eeyh\u00fclislam Mukri\u2019nin o\u011flu olan ve as\u0131l ad\u0131 Seyid Muhammed Emin olan Hemin Mukriyani, 1921 y\u0131l\u0131nda Mahabad\u2019\u0131n La\u00e7in k\u00f6y\u00fcnde d\u00fcnyaya geldi. 16 Nisan 1986\u2019da Urmiye\u2019de hayata g\u00f6zlerini yumdu.\u00a0K\u00fcrt sanat ve direni\u015f tarihinin \u00f6nemli ailelerinden Mukriyani ailesinin bir ferdidir. \u015eair, \u00e7evirmen ve edebiyat ele\u015ftirmenidir. Hemin, 21 ya\u015f\u0131nda \u015fiirlerini yay\u0131nlamaya ba\u015flad\u0131.\u00a0Tar\u00eek \u00fb Ron\u00ee (Tarik \u00fb R\u00fbn)\u00a0ve\u00a0Naley\u00ee [&hellip;]\" \/>\n<meta property=\"og:url\" content=\"https:\/\/darkamazi.site\/archives\/1029188\" \/>\n<meta property=\"og:site_name\" content=\"Darka Mazi\" \/>\n<meta property=\"article:publisher\" content=\"https:\/\/www.facebook.com\/DarkaMaziturkce\" \/>\n<meta property=\"article:published_time\" content=\"2024-04-16T15:52:52+00:00\" \/>\n<meta property=\"og:image\" content=\"https:\/\/darkamazi.site\/file\/2024\/04\/mokryan.jpg\" \/>\n\t<meta property=\"og:image:width\" content=\"900\" \/>\n\t<meta property=\"og:image:height\" content=\"497\" \/>\n\t<meta property=\"og:image:type\" content=\"image\/jpeg\" \/>\n<meta name=\"author\" content=\"darka mazi\" \/>\n<meta name=\"twitter:card\" content=\"summary_large_image\" \/>\n<meta name=\"twitter:creator\" content=\"@DarkaMaziTurkce\" \/>\n<meta name=\"twitter:site\" content=\"@DarkaMaziTurkce\" \/>\n<meta name=\"twitter:label1\" content=\"Written by\" \/>\n\t<meta name=\"twitter:data1\" content=\"darka mazi\" \/>\n\t<meta name=\"twitter:label2\" content=\"Est. reading time\" \/>\n\t<meta name=\"twitter:data2\" content=\"2 minutes\" \/>\n<script type=\"application\/ld+json\" class=\"seo-schema-graph\">{\"@context\":\"https:\\\/\\\/schema.org\",\"@graph\":[{\"@type\":\"NewsArticle\",\"@id\":\"https:\\\/\\\/darkamazi.site\\\/archives\\\/1029188#article\",\"isPartOf\":{\"@id\":\"https:\\\/\\\/darkamazi.site\\\/archives\\\/1029188\"},\"author\":{\"name\":\"darka mazi\",\"@id\":\"https:\\\/\\\/darkamazi.site\\\/#\\\/schema\\\/person\\\/67986a95ac546c16760365877ef4a9d3\"},\"headline\":\"\u00a0K\u00fcrt \u015fair Hemin Mukriyani 49 y\u0131l \u00f6nce aram\u0131zdan ayr\u0131ld\u0131\",\"datePublished\":\"2024-04-16T15:52:52+00:00\",\"mainEntityOfPage\":{\"@id\":\"https:\\\/\\\/darkamazi.site\\\/archives\\\/1029188\"},\"wordCount\":352,\"publisher\":{\"@id\":\"https:\\\/\\\/darkamazi.site\\\/#organization\"},\"image\":{\"@id\":\"https:\\\/\\\/darkamazi.site\\\/archives\\\/1029188#primaryimage\"},\"thumbnailUrl\":\"https:\\\/\\\/darkamazi.site\\\/darka-content\\\/uploads\\\/2024\\\/04\\\/mokryan.jpg\",\"keywords\":[\"\u00f6nemli\"],\"articleSection\":[\"Sanat\"],\"inLanguage\":\"en-US\"},{\"@type\":\"WebPage\",\"@id\":\"https:\\\/\\\/darkamazi.site\\\/archives\\\/1029188\",\"url\":\"https:\\\/\\\/darkamazi.site\\\/archives\\\/1029188\",\"name\":\"\u00a0K\u00fcrt \u015fair Hemin Mukriyani 49 y\u0131l \u00f6nce aram\u0131zdan ayr\u0131ld\u0131 - Darka Mazi\",\"isPartOf\":{\"@id\":\"https:\\\/\\\/darkamazi.site\\\/#website\"},\"primaryImageOfPage\":{\"@id\":\"https:\\\/\\\/darkamazi.site\\\/archives\\\/1029188#primaryimage\"},\"image\":{\"@id\":\"https:\\\/\\\/darkamazi.site\\\/archives\\\/1029188#primaryimage\"},\"thumbnailUrl\":\"https:\\\/\\\/darkamazi.site\\\/darka-content\\\/uploads\\\/2024\\\/04\\\/mokryan.jpg\",\"datePublished\":\"2024-04-16T15:52:52+00:00\",\"breadcrumb\":{\"@id\":\"https:\\\/\\\/darkamazi.site\\\/archives\\\/1029188#breadcrumb\"},\"inLanguage\":\"en-US\",\"potentialAction\":[{\"@type\":\"ReadAction\",\"target\":[\"https:\\\/\\\/darkamazi.site\\\/archives\\\/1029188\"]}]},{\"@type\":\"ImageObject\",\"inLanguage\":\"en-US\",\"@id\":\"https:\\\/\\\/darkamazi.site\\\/archives\\\/1029188#primaryimage\",\"url\":\"https:\\\/\\\/darkamazi.site\\\/darka-content\\\/uploads\\\/2024\\\/04\\\/mokryan.jpg\",\"contentUrl\":\"https:\\\/\\\/darkamazi.site\\\/darka-content\\\/uploads\\\/2024\\\/04\\\/mokryan.jpg\",\"width\":900,\"height\":497,\"caption\":\"K\u00fcrt \u015fair Hemin Mukriyani 49 y\u0131l \u00f6nce aram\u0131zdan ayr\u0131ld\u0131 Mahabad, Urmiye, Mele Mustafa Barzani, Jiyanevey Kurdistan\"},{\"@type\":\"BreadcrumbList\",\"@id\":\"https:\\\/\\\/darkamazi.site\\\/archives\\\/1029188#breadcrumb\",\"itemListElement\":[{\"@type\":\"ListItem\",\"position\":1,\"name\":\"Home\",\"item\":\"https:\\\/\\\/darkamazi.site\\\/\"},{\"@type\":\"ListItem\",\"position\":2,\"name\":\"\u00a0K\u00fcrt \u015fair Hemin Mukriyani 49 y\u0131l \u00f6nce aram\u0131zdan ayr\u0131ld\u0131\"}]},{\"@type\":\"WebSite\",\"@id\":\"https:\\\/\\\/darkamazi.site\\\/#website\",\"url\":\"https:\\\/\\\/darkamazi.site\\\/\",\"name\":\"Darka Mazi\",\"description\":\"Ana Sayfa\",\"publisher\":{\"@id\":\"https:\\\/\\\/darkamazi.site\\\/#organization\"},\"potentialAction\":[{\"@type\":\"SearchAction\",\"target\":{\"@type\":\"EntryPoint\",\"urlTemplate\":\"https:\\\/\\\/darkamazi.site\\\/?s={search_term_string}\"},\"query-input\":{\"@type\":\"PropertyValueSpecification\",\"valueRequired\":true,\"valueName\":\"search_term_string\"}}],\"inLanguage\":\"en-US\"},{\"@type\":\"Organization\",\"@id\":\"https:\\\/\\\/darkamazi.site\\\/#organization\",\"name\":\"Darka Mazi T\u00fcrk\u00e7e\",\"alternateName\":\"Darka Mazi\",\"url\":\"https:\\\/\\\/darkamazi.site\\\/\",\"logo\":{\"@type\":\"ImageObject\",\"inLanguage\":\"en-US\",\"@id\":\"https:\\\/\\\/darkamazi.site\\\/#\\\/schema\\\/logo\\\/image\\\/\",\"url\":\"https:\\\/\\\/darkamazi.site\\\/darka-content\\\/uploads\\\/2017\\\/12\\\/darka-mazi-logo.png\",\"contentUrl\":\"https:\\\/\\\/darkamazi.site\\\/darka-content\\\/uploads\\\/2017\\\/12\\\/darka-mazi-logo.png\",\"width\":151,\"height\":75,\"caption\":\"Darka Mazi T\u00fcrk\u00e7e\"},\"image\":{\"@id\":\"https:\\\/\\\/darkamazi.site\\\/#\\\/schema\\\/logo\\\/image\\\/\"},\"sameAs\":[\"https:\\\/\\\/www.facebook.com\\\/DarkaMaziturkce\",\"https:\\\/\\\/x.com\\\/DarkaMaziTurkce\"]},{\"@type\":\"Person\",\"@id\":\"https:\\\/\\\/darkamazi.site\\\/#\\\/schema\\\/person\\\/67986a95ac546c16760365877ef4a9d3\",\"name\":\"darka mazi\",\"sameAs\":[\"https:\\\/\\\/darkamazi.site\"],\"url\":\"https:\\\/\\\/darkamazi.site\\\/archives\\\/author\\\/turkish\"}]}<\/script>\n<!-- \/ Yoast SEO plugin. -->","seo_head_json":{"title":"\u00a0K\u00fcrt \u015fair Hemin Mukriyani 49 y\u0131l \u00f6nce aram\u0131zdan ayr\u0131ld\u0131 - Darka Mazi","robots":{"index":"index","follow":"follow","max-snippet":"max-snippet:-1","max-image-preview":"max-image-preview:large","max-video-preview":"max-video-preview:-1"},"canonical":"https:\/\/darkamazi.site\/archives\/1029188","og_locale":"en_US","og_type":"article","og_title":"\u00a0K\u00fcrt \u015fair Hemin Mukriyani 49 y\u0131l \u00f6nce aram\u0131zdan ayr\u0131ld\u0131 - Darka Mazi","og_description":"Seyid Hasan \u015eeyh\u00fclislam Mukri\u2019nin o\u011flu olan ve as\u0131l ad\u0131 Seyid Muhammed Emin olan Hemin Mukriyani, 1921 y\u0131l\u0131nda Mahabad\u2019\u0131n La\u00e7in k\u00f6y\u00fcnde d\u00fcnyaya geldi. 16 Nisan 1986\u2019da Urmiye\u2019de hayata g\u00f6zlerini yumdu.\u00a0K\u00fcrt sanat ve direni\u015f tarihinin \u00f6nemli ailelerinden Mukriyani ailesinin bir ferdidir. \u015eair, \u00e7evirmen ve edebiyat ele\u015ftirmenidir. Hemin, 21 ya\u015f\u0131nda \u015fiirlerini yay\u0131nlamaya ba\u015flad\u0131.\u00a0Tar\u00eek \u00fb Ron\u00ee (Tarik \u00fb R\u00fbn)\u00a0ve\u00a0Naley\u00ee [&hellip;]","og_url":"https:\/\/darkamazi.site\/archives\/1029188","og_site_name":"Darka Mazi","article_publisher":"https:\/\/www.facebook.com\/DarkaMaziturkce","article_published_time":"2024-04-16T15:52:52+00:00","og_image":[{"width":900,"height":497,"url":"https:\/\/darkamazi.site\/file\/2024\/04\/mokryan.jpg","type":"image\/jpeg"}],"author":"darka mazi","twitter_card":"summary_large_image","twitter_creator":"@DarkaMaziTurkce","twitter_site":"@DarkaMaziTurkce","twitter_misc":{"Written by":"darka mazi","Est. reading time":"2 minutes"},"schema":{"@context":"https:\/\/schema.org","@graph":[{"@type":"NewsArticle","@id":"https:\/\/darkamazi.site\/archives\/1029188#article","isPartOf":{"@id":"https:\/\/darkamazi.site\/archives\/1029188"},"author":{"name":"darka mazi","@id":"https:\/\/darkamazi.site\/#\/schema\/person\/67986a95ac546c16760365877ef4a9d3"},"headline":"\u00a0K\u00fcrt \u015fair Hemin Mukriyani 49 y\u0131l \u00f6nce aram\u0131zdan ayr\u0131ld\u0131","datePublished":"2024-04-16T15:52:52+00:00","mainEntityOfPage":{"@id":"https:\/\/darkamazi.site\/archives\/1029188"},"wordCount":352,"publisher":{"@id":"https:\/\/darkamazi.site\/#organization"},"image":{"@id":"https:\/\/darkamazi.site\/archives\/1029188#primaryimage"},"thumbnailUrl":"https:\/\/darkamazi.site\/file\/2024\/04\/mokryan.jpg","keywords":["\u00f6nemli"],"articleSection":["Sanat"],"inLanguage":"en-US"},{"@type":"WebPage","@id":"https:\/\/darkamazi.site\/archives\/1029188","url":"https:\/\/darkamazi.site\/archives\/1029188","name":"\u00a0K\u00fcrt \u015fair Hemin Mukriyani 49 y\u0131l \u00f6nce aram\u0131zdan ayr\u0131ld\u0131 - Darka Mazi","isPartOf":{"@id":"https:\/\/darkamazi.site\/#website"},"primaryImageOfPage":{"@id":"https:\/\/darkamazi.site\/archives\/1029188#primaryimage"},"image":{"@id":"https:\/\/darkamazi.site\/archives\/1029188#primaryimage"},"thumbnailUrl":"https:\/\/darkamazi.site\/file\/2024\/04\/mokryan.jpg","datePublished":"2024-04-16T15:52:52+00:00","breadcrumb":{"@id":"https:\/\/darkamazi.site\/archives\/1029188#breadcrumb"},"inLanguage":"en-US","potentialAction":[{"@type":"ReadAction","target":["https:\/\/darkamazi.site\/archives\/1029188"]}]},{"@type":"ImageObject","inLanguage":"en-US","@id":"https:\/\/darkamazi.site\/archives\/1029188#primaryimage","url":"https:\/\/darkamazi.site\/file\/2024\/04\/mokryan.jpg","contentUrl":"https:\/\/darkamazi.site\/file\/2024\/04\/mokryan.jpg","width":900,"height":497,"caption":"K\u00fcrt \u015fair Hemin Mukriyani 49 y\u0131l \u00f6nce aram\u0131zdan ayr\u0131ld\u0131 Mahabad, Urmiye, Mele Mustafa Barzani, Jiyanevey Kurdistan"},{"@type":"BreadcrumbList","@id":"https:\/\/darkamazi.site\/archives\/1029188#breadcrumb","itemListElement":[{"@type":"ListItem","position":1,"name":"Home","item":"https:\/\/darkamazi.site\/"},{"@type":"ListItem","position":2,"name":"\u00a0K\u00fcrt \u015fair Hemin Mukriyani 49 y\u0131l \u00f6nce aram\u0131zdan ayr\u0131ld\u0131"}]},{"@type":"WebSite","@id":"https:\/\/darkamazi.site\/#website","url":"https:\/\/darkamazi.site\/","name":"Darka Mazi","description":"Ana Sayfa","publisher":{"@id":"https:\/\/darkamazi.site\/#organization"},"potentialAction":[{"@type":"SearchAction","target":{"@type":"EntryPoint","urlTemplate":"https:\/\/darkamazi.site\/?s={search_term_string}"},"query-input":{"@type":"PropertyValueSpecification","valueRequired":true,"valueName":"search_term_string"}}],"inLanguage":"en-US"},{"@type":"Organization","@id":"https:\/\/darkamazi.site\/#organization","name":"Darka Mazi T\u00fcrk\u00e7e","alternateName":"Darka Mazi","url":"https:\/\/darkamazi.site\/","logo":{"@type":"ImageObject","inLanguage":"en-US","@id":"https:\/\/darkamazi.site\/#\/schema\/logo\/image\/","url":"https:\/\/darkamazi.site\/file\/2017\/12\/darka-mazi-logo.png","contentUrl":"https:\/\/darkamazi.site\/file\/2017\/12\/darka-mazi-logo.png","width":151,"height":75,"caption":"Darka Mazi T\u00fcrk\u00e7e"},"image":{"@id":"https:\/\/darkamazi.site\/#\/schema\/logo\/image\/"},"sameAs":["https:\/\/www.facebook.com\/DarkaMaziturkce","https:\/\/x.com\/DarkaMaziTurkce"]},{"@type":"Person","@id":"https:\/\/darkamazi.site\/#\/schema\/person\/67986a95ac546c16760365877ef4a9d3","name":"darka mazi","sameAs":["https:\/\/darkamazi.site"],"url":"https:\/\/darkamazi.site\/archives\/author\/turkish"}]}},"_links":{"self":[{"href":"https:\/\/darkamazi.site\/funavuv\/wp\/v2\/posts\/1029188","targetHints":{"allow":["GET"]}}],"collection":[{"href":"https:\/\/darkamazi.site\/funavuv\/wp\/v2\/posts"}],"about":[{"href":"https:\/\/darkamazi.site\/funavuv\/wp\/v2\/types\/post"}],"author":[{"embeddable":true,"href":"https:\/\/darkamazi.site\/funavuv\/wp\/v2\/users\/2"}],"replies":[{"embeddable":true,"href":"https:\/\/darkamazi.site\/funavuv\/wp\/v2\/comments?post=1029188"}],"version-history":[{"count":0,"href":"https:\/\/darkamazi.site\/funavuv\/wp\/v2\/posts\/1029188\/revisions"}],"wp:featuredmedia":[{"embeddable":true,"href":"https:\/\/darkamazi.site\/funavuv\/wp\/v2\/media\/1029189"}],"wp:attachment":[{"href":"https:\/\/darkamazi.site\/funavuv\/wp\/v2\/media?parent=1029188"}],"wp:term":[{"taxonomy":"category","embeddable":true,"href":"https:\/\/darkamazi.site\/funavuv\/wp\/v2\/categories?post=1029188"},{"taxonomy":"post_tag","embeddable":true,"href":"https:\/\/darkamazi.site\/funavuv\/wp\/v2\/tags?post=1029188"}],"curies":[{"name":"wp","href":"https:\/\/api.w.org\/{rel}","templated":true}]}}