{"id":1029381,"date":"2024-05-02T23:02:48","date_gmt":"2024-05-02T20:02:48","guid":{"rendered":"https:\/\/darkamazi.site\/?p=1029381"},"modified":"2024-05-02T23:02:48","modified_gmt":"2024-05-02T20:02:48","slug":"mikail-aslan-ilk-kez-gittigi-duhoku-yazdi-baska-bir-devletin-hukmu-ve-golgesi-altinda-olmamak-bambaska-bir-duygu","status":"publish","type":"post","link":"https:\/\/darkamazi.site\/archives\/1029381","title":{"rendered":"Mikail Aslan ilk kez gitti\u011fi Duhok\u2019u yazd\u0131: Ba\u015fka bir devletin h\u00fckm\u00fc ve g\u00f6lgesi alt\u0131nda olmamak bamba\u015fka bir duygu"},"content":{"rendered":"<p style=\"text-align: justify\">Zazaca m\u00fczi\u011fin duayen isimlerinden Mikail Aslan ilk kez gitti\u011fi Duhok \u015fehrini ve kar\u015f\u0131la\u015ft\u0131klar\u0131n\u0131 yazd\u0131. K\u00fcrdistan Federal H\u00fck\u00fcmeti\u2019nin d\u00fczenledi\u011fi Goven-Dans-Sema festivaline kat\u0131lmak i\u00e7in iki g\u00fcn boyunca Duhok\u2019ta bulunan Mikail Aslan festivali ve kar\u015f\u0131la\u015ft\u0131klar\u0131n\u0131 kaleme ald\u0131\u011f\u0131 bir yaz\u0131y\u0131 sosyal medya hesab\u0131ndan payla\u015ft\u0131.<\/p>\n<p style=\"text-align: justify\">Mikail Aslan\u2019\u0131n payla\u015f\u0131m\u0131n\u0131 oldu\u011fu gibi veriyoruz:<\/p>\n<p style=\"text-align: justify\">Duhok Ziyareti:<\/p>\n<p style=\"text-align: justify\">29-30 Nisanda Federal K\u00fcrdistan H\u00fck\u00fcmeti taraf\u0131ndan d\u00fczenlenen Duhok Govend\/Dance Festivali\u2019ne onur konu\u011fu olarak davet edildim. Uzun zamand\u0131r oralar\u0131 ziyaret etmeyi istiyordum, bir vesile oldu.<\/p>\n<p style=\"text-align: justify\">Bir g\u00fcn \u00f6ncesinde (28 Nisan) R\u00fcsselsheim\u2019da \u00e7ok \u00f6zel bir konser verdik. Gece bir iki saatlik uykuyla yola \u00e7\u0131kt\u0131m. Frankfurt\u2019tan Viyana aktarmal\u0131 bir u\u00e7akla Hewl\u00ear&#8217;e, oradan da bir bu\u00e7uk saatlik karayoluyla Duhok&#8217;a vard\u0131m. Duhok\/Dihok &#8220;k\u00fc\u00e7\u00fck k\u00f6y&#8221; anlam\u0131na geliyormu\u015f; Kurmanc\u00eede k\u00f6ye \u201cgund\u201d, Soran\u00eede ise &#8220;gund&#8221; ve \u201cd\u00ea\u201d deniyor, Zazak\u00eede \u201cdewe\u201d olarak mevcut bu \u201cdewik\u201d kelimesi.&#8221;<\/p>\n<p style=\"text-align: justify\">Festivalin ilk g\u00fcn\u00fcn\u00fc ka\u00e7\u0131rmamak i\u00e7in direkt salona gittim. Orada yorgunlu\u011fumu ve uykusuzlu\u011fumu unutaca\u011f\u0131mdan emindim.<\/p>\n<p style=\"text-align: justify\">Bir\u00e7ok \u015fair ve yazar\u0131n yan\u0131nda Ciwan Haco, Nas\u0131r Rezaz\u00ee ve Hesen \u015eer\u00eef de \u00f6zel konuklar aras\u0131ndayd\u0131. D\u00f6rt par\u00e7adan Govend ve Sema ekiplerinin kat\u0131l\u0131m\u0131yla rengarenk bir festival yap\u0131ld\u0131. Dolu dolu bu iki g\u00fcnde, bitmesini hi\u00e7 istemedi\u011fimiz \u00e7\u00eeroklar (sanikler\/masallar) i\u00e7inde bulduk kendimizi. Bir r\u00fcyan\u0131n \u00f6ncesi ya da bir r\u00fcyan\u0131n kendisi gibiydi.<\/p>\n<p style=\"text-align: justify\">G\u00f6steriler g\u00fcnl\u00fck sahne programlar\u0131ndan sonra ak\u015fam yemeklerinde daha da renkli bir bi\u00e7imde devam ediyordu. Gece yar\u0131s\u0131na kadar \u00c7olem\u00earg, Kerk\u00fck, Xorasan, \u015eengal gibi farkl\u0131 \u015fehir ve diyarlardan gelen ekiplerin g\u00f6sterileri bu ortamda devam ediyordu. Bir \u00cazd\u00eelerin, bir S\u00fcryanilerin, bir Ermenilerin masas\u0131nda buluyorduk kendimizi. Sayg\u0131 ve ho\u015fg\u00f6r\u00fcn\u00fcn en \u00fcst d\u00fczeyde ya\u015fand\u0131\u011f\u0131 bu duygu dolu anlarda bir\u00e7ok kez g\u00f6zya\u015flar\u0131m\u0131za hakim olamad\u0131k. Sevin\u00e7ten a\u011flamak b\u00f6yle bir \u015fey i\u015fte, en g\u00fczel insani de\u011ferlere \u015fahit oldu\u011fum bu anda kendimi \u00f6zel ve se\u00e7ilmi\u015f hissediyordum. Elimde olsa da bu r\u00fcyay\u0131 \u00e7ocuklar\u0131mla, ailemle ve sizlerle payla\u015fabilsem\u2026<\/p>\n<p style=\"text-align: justify\">Ba\u015fka bir devletin h\u00fckm\u00fc ve g\u00f6lgesi alt\u0131nda olmamak bamba\u015fka bir duygu. Mesela polis kontrol noktalar\u0131nda &#8220;bira&#8221; (karde\u015f) s\u00f6z\u00fcn\u00fc duydu\u011fumda, polise, askere kar\u015f\u0131 duydu\u011fum korku ve endi\u015fenin yok oldu\u011funu hissettim. Onlar tarihte &#8220;ilk defa&#8221; bizdendiler; y\u00fczy\u0131ll\u0131k polis korkum yok oldu. Daha ge\u00e7en ay, Newroz\u2019da Hakkari ve Dersim\u2019deki kontrol noktalar\u0131nda bize nas\u0131l davrand\u0131klar\u0131 g\u00f6z\u00fcm\u00fcn \u00f6n\u00fcne geldi. Nelerden mahrum edilmi\u015fiz diyorum kendi kendime, kendi topra\u011f\u0131nda h\u00fcr ve serbest olmak ne g\u00fczel bir duyguymu\u015f! Ne g\u00fczel, sapsar\u0131 t\u00eejleri ve t\u00eer\u00eajleriyle bir g\u00fcne\u015f y\u00fcz\u00fcme g\u00fcl\u00fcms\u00fcyor\u2026<\/p>\n<p style=\"text-align: justify\">M\u00fczi\u011fimizin buralarda da yank\u0131lanmas\u0131 ayr\u0131ca g\u00fczel bir duygu. Bir d\u00fckk\u00e2nda, bir takside, bir gencin telefon zilinde \u015fark\u0131lar\u0131mla kar\u015f\u0131la\u015fmak, beni sonsuz bir denize kavu\u015fturdu. Festival komitesi gen\u00e7lerin \u00f6nerisi \u00fczerine beni davet etmi\u015f, onlara \u00f6zel olarak te\u015fekk\u00fcr ettim, ediyorum. Onlar sayesinde bu \u00e7\u00eerokun bir par\u00e7as\u0131 oldum. Ordan ayr\u0131ld\u0131\u011f\u0131m bug\u00fcnde bile r\u00fcya devam ediyor.<\/p>\n<p style=\"text-align: justify\">Bir iki g\u00fcn dinlenmem laz\u0131m; 4 May\u0131sta K\u00f6ln\u2019de Dersim Tertelesi&#8217;ni anma etkinli\u011fine kat\u0131l\u0131p kay\u0131plar\u0131m\u0131z\u0131n an\u0131s\u0131na bir mum yakmak i\u00e7in bu r\u00fcyadan uyanmam ve g\u00fcc\u00fcm\u00fc toplamam laz\u0131m.<\/p>\n<p style=\"text-align: justify\">Bizim \u00e7\u00eerokumuz da b\u00f6yle; yolumuz bir r\u00fcyadan bir kabusa, bir h\u00fcrriyetten bir esarete, bir \u015fenlikten bir mateme do\u011fru s\u00fcr\u00fcp duruyor.<\/p>\n","protected":false},"excerpt":{"rendered":"<p>Zazaca m\u00fczi\u011fin duayen isimlerinden Mikail Aslan ilk kez gitti\u011fi Duhok \u015fehrini ve kar\u015f\u0131la\u015ft\u0131klar\u0131n\u0131 yazd\u0131. K\u00fcrdistan Federal H\u00fck\u00fcmeti\u2019nin d\u00fczenledi\u011fi Goven-Dans-Sema festivaline kat\u0131lmak i\u00e7in iki g\u00fcn boyunca Duhok\u2019ta bulunan Mikail Aslan festivali ve kar\u015f\u0131la\u015ft\u0131klar\u0131n\u0131 kaleme ald\u0131\u011f\u0131 bir yaz\u0131y\u0131 sosyal medya hesab\u0131ndan payla\u015ft\u0131. Mikail Aslan\u2019\u0131n payla\u015f\u0131m\u0131n\u0131 oldu\u011fu gibi veriyoruz: Duhok Ziyareti: 29-30 Nisanda Federal K\u00fcrdistan H\u00fck\u00fcmeti taraf\u0131ndan d\u00fczenlenen [&hellip;]<\/p>\n","protected":false},"author":2,"featured_media":1029382,"comment_status":"closed","ping_status":"closed","sticky":false,"template":"","format":"standard","meta":{"footnotes":""},"categories":[33],"tags":[31],"class_list":["post-1029381","post","type-post","status-publish","format-standard","has-post-thumbnail","hentry","category-sanat","tag-onemli"],"blocksy_meta":[],"seo_head":"<!-- This site is optimized with the Yoast SEO plugin v27.5 - https:\/\/yoast.com\/product\/yoast-seo-wordpress\/ -->\n<title>Mikail Aslan ilk kez gitti\u011fi Duhok\u2019u yazd\u0131: Ba\u015fka bir devletin h\u00fckm\u00fc ve g\u00f6lgesi alt\u0131nda olmamak bamba\u015fka bir duygu - Darka Mazi<\/title>\n<meta name=\"robots\" content=\"index, follow, max-snippet:-1, max-image-preview:large, max-video-preview:-1\" \/>\n<link rel=\"canonical\" href=\"https:\/\/darkamazi.site\/archives\/1029381\" \/>\n<meta property=\"og:locale\" content=\"en_US\" \/>\n<meta property=\"og:type\" content=\"article\" \/>\n<meta property=\"og:title\" content=\"Mikail Aslan ilk kez gitti\u011fi Duhok\u2019u yazd\u0131: Ba\u015fka bir devletin h\u00fckm\u00fc ve g\u00f6lgesi alt\u0131nda olmamak bamba\u015fka bir duygu - Darka Mazi\" \/>\n<meta property=\"og:description\" content=\"Zazaca m\u00fczi\u011fin duayen isimlerinden Mikail Aslan ilk kez gitti\u011fi Duhok \u015fehrini ve kar\u015f\u0131la\u015ft\u0131klar\u0131n\u0131 yazd\u0131. K\u00fcrdistan Federal H\u00fck\u00fcmeti\u2019nin d\u00fczenledi\u011fi Goven-Dans-Sema festivaline kat\u0131lmak i\u00e7in iki g\u00fcn boyunca Duhok\u2019ta bulunan Mikail Aslan festivali ve kar\u015f\u0131la\u015ft\u0131klar\u0131n\u0131 kaleme ald\u0131\u011f\u0131 bir yaz\u0131y\u0131 sosyal medya hesab\u0131ndan payla\u015ft\u0131. Mikail Aslan\u2019\u0131n payla\u015f\u0131m\u0131n\u0131 oldu\u011fu gibi veriyoruz: Duhok Ziyareti: 29-30 Nisanda Federal K\u00fcrdistan H\u00fck\u00fcmeti taraf\u0131ndan d\u00fczenlenen [&hellip;]\" \/>\n<meta property=\"og:url\" content=\"https:\/\/darkamazi.site\/archives\/1029381\" \/>\n<meta property=\"og:site_name\" content=\"Darka Mazi\" \/>\n<meta property=\"article:publisher\" content=\"https:\/\/www.facebook.com\/DarkaMaziturkce\" \/>\n<meta property=\"article:published_time\" content=\"2024-05-02T20:02:48+00:00\" \/>\n<meta property=\"og:image\" content=\"https:\/\/darkamazi.site\/file\/2024\/05\/mikailll.jpg\" \/>\n\t<meta property=\"og:image:width\" content=\"900\" \/>\n\t<meta property=\"og:image:height\" content=\"560\" \/>\n\t<meta property=\"og:image:type\" content=\"image\/jpeg\" \/>\n<meta name=\"author\" content=\"darka mazi\" \/>\n<meta name=\"twitter:card\" content=\"summary_large_image\" \/>\n<meta name=\"twitter:creator\" content=\"@DarkaMaziTurkce\" \/>\n<meta name=\"twitter:site\" content=\"@DarkaMaziTurkce\" \/>\n<meta name=\"twitter:label1\" content=\"Written by\" \/>\n\t<meta name=\"twitter:data1\" content=\"darka mazi\" \/>\n\t<meta name=\"twitter:label2\" content=\"Est. reading time\" \/>\n\t<meta name=\"twitter:data2\" content=\"3 minutes\" \/>\n<script type=\"application\/ld+json\" class=\"seo-schema-graph\">{\"@context\":\"https:\\\/\\\/schema.org\",\"@graph\":[{\"@type\":\"NewsArticle\",\"@id\":\"https:\\\/\\\/darkamazi.site\\\/archives\\\/1029381#article\",\"isPartOf\":{\"@id\":\"https:\\\/\\\/darkamazi.site\\\/archives\\\/1029381\"},\"author\":{\"name\":\"darka mazi\",\"@id\":\"https:\\\/\\\/darkamazi.site\\\/#\\\/schema\\\/person\\\/67986a95ac546c16760365877ef4a9d3\"},\"headline\":\"Mikail Aslan ilk kez gitti\u011fi Duhok\u2019u yazd\u0131: Ba\u015fka bir devletin h\u00fckm\u00fc ve g\u00f6lgesi alt\u0131nda olmamak bamba\u015fka bir duygu\",\"datePublished\":\"2024-05-02T20:02:48+00:00\",\"mainEntityOfPage\":{\"@id\":\"https:\\\/\\\/darkamazi.site\\\/archives\\\/1029381\"},\"wordCount\":680,\"publisher\":{\"@id\":\"https:\\\/\\\/darkamazi.site\\\/#organization\"},\"image\":{\"@id\":\"https:\\\/\\\/darkamazi.site\\\/archives\\\/1029381#primaryimage\"},\"thumbnailUrl\":\"https:\\\/\\\/darkamazi.site\\\/darka-content\\\/uploads\\\/2024\\\/05\\\/mikailll.jpg\",\"keywords\":[\"\u00f6nemli\"],\"articleSection\":[\"Sanat\"],\"inLanguage\":\"en-US\"},{\"@type\":\"WebPage\",\"@id\":\"https:\\\/\\\/darkamazi.site\\\/archives\\\/1029381\",\"url\":\"https:\\\/\\\/darkamazi.site\\\/archives\\\/1029381\",\"name\":\"Mikail Aslan ilk kez gitti\u011fi Duhok\u2019u yazd\u0131: Ba\u015fka bir devletin h\u00fckm\u00fc ve g\u00f6lgesi alt\u0131nda olmamak bamba\u015fka bir duygu - Darka Mazi\",\"isPartOf\":{\"@id\":\"https:\\\/\\\/darkamazi.site\\\/#website\"},\"primaryImageOfPage\":{\"@id\":\"https:\\\/\\\/darkamazi.site\\\/archives\\\/1029381#primaryimage\"},\"image\":{\"@id\":\"https:\\\/\\\/darkamazi.site\\\/archives\\\/1029381#primaryimage\"},\"thumbnailUrl\":\"https:\\\/\\\/darkamazi.site\\\/darka-content\\\/uploads\\\/2024\\\/05\\\/mikailll.jpg\",\"datePublished\":\"2024-05-02T20:02:48+00:00\",\"breadcrumb\":{\"@id\":\"https:\\\/\\\/darkamazi.site\\\/archives\\\/1029381#breadcrumb\"},\"inLanguage\":\"en-US\",\"potentialAction\":[{\"@type\":\"ReadAction\",\"target\":[\"https:\\\/\\\/darkamazi.site\\\/archives\\\/1029381\"]}]},{\"@type\":\"ImageObject\",\"inLanguage\":\"en-US\",\"@id\":\"https:\\\/\\\/darkamazi.site\\\/archives\\\/1029381#primaryimage\",\"url\":\"https:\\\/\\\/darkamazi.site\\\/darka-content\\\/uploads\\\/2024\\\/05\\\/mikailll.jpg\",\"contentUrl\":\"https:\\\/\\\/darkamazi.site\\\/darka-content\\\/uploads\\\/2024\\\/05\\\/mikailll.jpg\",\"width\":900,\"height\":560,\"caption\":\"Mikail Aslan ilk kez gitti\u011fi Duhok\u2019u yazd\u0131: Ba\u015fka bir devletin h\u00fckm\u00fc ve g\u00f6lgesi alt\u0131nda olmamak bamba\u015fka bir duygu\"},{\"@type\":\"BreadcrumbList\",\"@id\":\"https:\\\/\\\/darkamazi.site\\\/archives\\\/1029381#breadcrumb\",\"itemListElement\":[{\"@type\":\"ListItem\",\"position\":1,\"name\":\"Home\",\"item\":\"https:\\\/\\\/darkamazi.site\\\/\"},{\"@type\":\"ListItem\",\"position\":2,\"name\":\"Mikail Aslan ilk kez gitti\u011fi Duhok\u2019u yazd\u0131: Ba\u015fka bir devletin h\u00fckm\u00fc ve g\u00f6lgesi alt\u0131nda olmamak bamba\u015fka bir duygu\"}]},{\"@type\":\"WebSite\",\"@id\":\"https:\\\/\\\/darkamazi.site\\\/#website\",\"url\":\"https:\\\/\\\/darkamazi.site\\\/\",\"name\":\"Darka Mazi\",\"description\":\"Ana Sayfa\",\"publisher\":{\"@id\":\"https:\\\/\\\/darkamazi.site\\\/#organization\"},\"potentialAction\":[{\"@type\":\"SearchAction\",\"target\":{\"@type\":\"EntryPoint\",\"urlTemplate\":\"https:\\\/\\\/darkamazi.site\\\/?s={search_term_string}\"},\"query-input\":{\"@type\":\"PropertyValueSpecification\",\"valueRequired\":true,\"valueName\":\"search_term_string\"}}],\"inLanguage\":\"en-US\"},{\"@type\":\"Organization\",\"@id\":\"https:\\\/\\\/darkamazi.site\\\/#organization\",\"name\":\"Darka Mazi T\u00fcrk\u00e7e\",\"alternateName\":\"Darka Mazi\",\"url\":\"https:\\\/\\\/darkamazi.site\\\/\",\"logo\":{\"@type\":\"ImageObject\",\"inLanguage\":\"en-US\",\"@id\":\"https:\\\/\\\/darkamazi.site\\\/#\\\/schema\\\/logo\\\/image\\\/\",\"url\":\"https:\\\/\\\/darkamazi.site\\\/darka-content\\\/uploads\\\/2017\\\/12\\\/darka-mazi-logo.png\",\"contentUrl\":\"https:\\\/\\\/darkamazi.site\\\/darka-content\\\/uploads\\\/2017\\\/12\\\/darka-mazi-logo.png\",\"width\":151,\"height\":75,\"caption\":\"Darka Mazi T\u00fcrk\u00e7e\"},\"image\":{\"@id\":\"https:\\\/\\\/darkamazi.site\\\/#\\\/schema\\\/logo\\\/image\\\/\"},\"sameAs\":[\"https:\\\/\\\/www.facebook.com\\\/DarkaMaziturkce\",\"https:\\\/\\\/x.com\\\/DarkaMaziTurkce\"]},{\"@type\":\"Person\",\"@id\":\"https:\\\/\\\/darkamazi.site\\\/#\\\/schema\\\/person\\\/67986a95ac546c16760365877ef4a9d3\",\"name\":\"darka mazi\",\"sameAs\":[\"https:\\\/\\\/darkamazi.site\"],\"url\":\"https:\\\/\\\/darkamazi.site\\\/archives\\\/author\\\/turkish\"}]}<\/script>\n<!-- \/ Yoast SEO plugin. -->","seo_head_json":{"title":"Mikail Aslan ilk kez gitti\u011fi Duhok\u2019u yazd\u0131: Ba\u015fka bir devletin h\u00fckm\u00fc ve g\u00f6lgesi alt\u0131nda olmamak bamba\u015fka bir duygu - Darka Mazi","robots":{"index":"index","follow":"follow","max-snippet":"max-snippet:-1","max-image-preview":"max-image-preview:large","max-video-preview":"max-video-preview:-1"},"canonical":"https:\/\/darkamazi.site\/archives\/1029381","og_locale":"en_US","og_type":"article","og_title":"Mikail Aslan ilk kez gitti\u011fi Duhok\u2019u yazd\u0131: Ba\u015fka bir devletin h\u00fckm\u00fc ve g\u00f6lgesi alt\u0131nda olmamak bamba\u015fka bir duygu - Darka Mazi","og_description":"Zazaca m\u00fczi\u011fin duayen isimlerinden Mikail Aslan ilk kez gitti\u011fi Duhok \u015fehrini ve kar\u015f\u0131la\u015ft\u0131klar\u0131n\u0131 yazd\u0131. K\u00fcrdistan Federal H\u00fck\u00fcmeti\u2019nin d\u00fczenledi\u011fi Goven-Dans-Sema festivaline kat\u0131lmak i\u00e7in iki g\u00fcn boyunca Duhok\u2019ta bulunan Mikail Aslan festivali ve kar\u015f\u0131la\u015ft\u0131klar\u0131n\u0131 kaleme ald\u0131\u011f\u0131 bir yaz\u0131y\u0131 sosyal medya hesab\u0131ndan payla\u015ft\u0131. Mikail Aslan\u2019\u0131n payla\u015f\u0131m\u0131n\u0131 oldu\u011fu gibi veriyoruz: Duhok Ziyareti: 29-30 Nisanda Federal K\u00fcrdistan H\u00fck\u00fcmeti taraf\u0131ndan d\u00fczenlenen [&hellip;]","og_url":"https:\/\/darkamazi.site\/archives\/1029381","og_site_name":"Darka Mazi","article_publisher":"https:\/\/www.facebook.com\/DarkaMaziturkce","article_published_time":"2024-05-02T20:02:48+00:00","og_image":[{"width":900,"height":560,"url":"https:\/\/darkamazi.site\/file\/2024\/05\/mikailll.jpg","type":"image\/jpeg"}],"author":"darka mazi","twitter_card":"summary_large_image","twitter_creator":"@DarkaMaziTurkce","twitter_site":"@DarkaMaziTurkce","twitter_misc":{"Written by":"darka mazi","Est. reading time":"3 minutes"},"schema":{"@context":"https:\/\/schema.org","@graph":[{"@type":"NewsArticle","@id":"https:\/\/darkamazi.site\/archives\/1029381#article","isPartOf":{"@id":"https:\/\/darkamazi.site\/archives\/1029381"},"author":{"name":"darka mazi","@id":"https:\/\/darkamazi.site\/#\/schema\/person\/67986a95ac546c16760365877ef4a9d3"},"headline":"Mikail Aslan ilk kez gitti\u011fi Duhok\u2019u yazd\u0131: Ba\u015fka bir devletin h\u00fckm\u00fc ve g\u00f6lgesi alt\u0131nda olmamak bamba\u015fka bir duygu","datePublished":"2024-05-02T20:02:48+00:00","mainEntityOfPage":{"@id":"https:\/\/darkamazi.site\/archives\/1029381"},"wordCount":680,"publisher":{"@id":"https:\/\/darkamazi.site\/#organization"},"image":{"@id":"https:\/\/darkamazi.site\/archives\/1029381#primaryimage"},"thumbnailUrl":"https:\/\/darkamazi.site\/file\/2024\/05\/mikailll.jpg","keywords":["\u00f6nemli"],"articleSection":["Sanat"],"inLanguage":"en-US"},{"@type":"WebPage","@id":"https:\/\/darkamazi.site\/archives\/1029381","url":"https:\/\/darkamazi.site\/archives\/1029381","name":"Mikail Aslan ilk kez gitti\u011fi Duhok\u2019u yazd\u0131: Ba\u015fka bir devletin h\u00fckm\u00fc ve g\u00f6lgesi alt\u0131nda olmamak bamba\u015fka bir duygu - Darka Mazi","isPartOf":{"@id":"https:\/\/darkamazi.site\/#website"},"primaryImageOfPage":{"@id":"https:\/\/darkamazi.site\/archives\/1029381#primaryimage"},"image":{"@id":"https:\/\/darkamazi.site\/archives\/1029381#primaryimage"},"thumbnailUrl":"https:\/\/darkamazi.site\/file\/2024\/05\/mikailll.jpg","datePublished":"2024-05-02T20:02:48+00:00","breadcrumb":{"@id":"https:\/\/darkamazi.site\/archives\/1029381#breadcrumb"},"inLanguage":"en-US","potentialAction":[{"@type":"ReadAction","target":["https:\/\/darkamazi.site\/archives\/1029381"]}]},{"@type":"ImageObject","inLanguage":"en-US","@id":"https:\/\/darkamazi.site\/archives\/1029381#primaryimage","url":"https:\/\/darkamazi.site\/file\/2024\/05\/mikailll.jpg","contentUrl":"https:\/\/darkamazi.site\/file\/2024\/05\/mikailll.jpg","width":900,"height":560,"caption":"Mikail Aslan ilk kez gitti\u011fi Duhok\u2019u yazd\u0131: Ba\u015fka bir devletin h\u00fckm\u00fc ve g\u00f6lgesi alt\u0131nda olmamak bamba\u015fka bir duygu"},{"@type":"BreadcrumbList","@id":"https:\/\/darkamazi.site\/archives\/1029381#breadcrumb","itemListElement":[{"@type":"ListItem","position":1,"name":"Home","item":"https:\/\/darkamazi.site\/"},{"@type":"ListItem","position":2,"name":"Mikail Aslan ilk kez gitti\u011fi Duhok\u2019u yazd\u0131: Ba\u015fka bir devletin h\u00fckm\u00fc ve g\u00f6lgesi alt\u0131nda olmamak bamba\u015fka bir duygu"}]},{"@type":"WebSite","@id":"https:\/\/darkamazi.site\/#website","url":"https:\/\/darkamazi.site\/","name":"Darka Mazi","description":"Ana Sayfa","publisher":{"@id":"https:\/\/darkamazi.site\/#organization"},"potentialAction":[{"@type":"SearchAction","target":{"@type":"EntryPoint","urlTemplate":"https:\/\/darkamazi.site\/?s={search_term_string}"},"query-input":{"@type":"PropertyValueSpecification","valueRequired":true,"valueName":"search_term_string"}}],"inLanguage":"en-US"},{"@type":"Organization","@id":"https:\/\/darkamazi.site\/#organization","name":"Darka Mazi T\u00fcrk\u00e7e","alternateName":"Darka Mazi","url":"https:\/\/darkamazi.site\/","logo":{"@type":"ImageObject","inLanguage":"en-US","@id":"https:\/\/darkamazi.site\/#\/schema\/logo\/image\/","url":"https:\/\/darkamazi.site\/file\/2017\/12\/darka-mazi-logo.png","contentUrl":"https:\/\/darkamazi.site\/file\/2017\/12\/darka-mazi-logo.png","width":151,"height":75,"caption":"Darka Mazi T\u00fcrk\u00e7e"},"image":{"@id":"https:\/\/darkamazi.site\/#\/schema\/logo\/image\/"},"sameAs":["https:\/\/www.facebook.com\/DarkaMaziturkce","https:\/\/x.com\/DarkaMaziTurkce"]},{"@type":"Person","@id":"https:\/\/darkamazi.site\/#\/schema\/person\/67986a95ac546c16760365877ef4a9d3","name":"darka mazi","sameAs":["https:\/\/darkamazi.site"],"url":"https:\/\/darkamazi.site\/archives\/author\/turkish"}]}},"_links":{"self":[{"href":"https:\/\/darkamazi.site\/funavuv\/wp\/v2\/posts\/1029381","targetHints":{"allow":["GET"]}}],"collection":[{"href":"https:\/\/darkamazi.site\/funavuv\/wp\/v2\/posts"}],"about":[{"href":"https:\/\/darkamazi.site\/funavuv\/wp\/v2\/types\/post"}],"author":[{"embeddable":true,"href":"https:\/\/darkamazi.site\/funavuv\/wp\/v2\/users\/2"}],"replies":[{"embeddable":true,"href":"https:\/\/darkamazi.site\/funavuv\/wp\/v2\/comments?post=1029381"}],"version-history":[{"count":0,"href":"https:\/\/darkamazi.site\/funavuv\/wp\/v2\/posts\/1029381\/revisions"}],"wp:featuredmedia":[{"embeddable":true,"href":"https:\/\/darkamazi.site\/funavuv\/wp\/v2\/media\/1029382"}],"wp:attachment":[{"href":"https:\/\/darkamazi.site\/funavuv\/wp\/v2\/media?parent=1029381"}],"wp:term":[{"taxonomy":"category","embeddable":true,"href":"https:\/\/darkamazi.site\/funavuv\/wp\/v2\/categories?post=1029381"},{"taxonomy":"post_tag","embeddable":true,"href":"https:\/\/darkamazi.site\/funavuv\/wp\/v2\/tags?post=1029381"}],"curies":[{"name":"wp","href":"https:\/\/api.w.org\/{rel}","templated":true}]}}