{"id":1029396,"date":"2024-05-04T11:19:18","date_gmt":"2024-05-04T08:19:18","guid":{"rendered":"https:\/\/darkamazi.site\/?p=1029396"},"modified":"2024-05-04T11:23:23","modified_gmt":"2024-05-04T08:23:23","slug":"pwk-dersim-soykiriminin-resim-baslangic-tarihi-4-mayis-1937dir","status":"publish","type":"post","link":"https:\/\/darkamazi.site\/archives\/1029396","title":{"rendered":"PWK: Dersim Soyk\u0131r\u0131m\u0131&#8217;n\u0131n resim ba\u015flang\u0131\u00e7 tarihi 4 May\u0131s 1937&#8217;dir"},"content":{"rendered":"<p>PWK, Dersim Soyk\u0131r\u0131m\u0131&#8217;\u0131na d\u00f6n\u00fck bir mesaj ve a\u00e7\u0131klama yay\u0131nlad\u0131. A\u00e7\u0131klamada \u015fu ifadeler yer verildi:<\/p>\n<p style=\"text-align: justify\">87 Y\u0131l \u00f6nce 4 May\u0131s g\u00fcn\u00fc, M. K. Atat\u00fcrk ile F. \u00c7akmak\u2019\u0131n onay\u0131yla \u00e7\u0131kar\u0131lan bir kararnameyle, bir halk\u0131 yok etmeyi ama\u00e7layan askeri harek\u00e2t\u0131n resmen ba\u015flat\u0131lmas\u0131na karar verildi.<\/p>\n<p style=\"text-align: justify\">4 May\u0131s 1937\u2019de \u00e7\u0131kar\u0131lan \u2018Tunceli Tenkil Harek\u00e2t\u0131na Dair Bakanlar Kurulu Karar\u0131\u2019na dayan\u0131larak 12 May\u0131s 1937\u2019de TC askeri kuvvetleri, Dersim\u2019i ku\u015fat\u0131p bir ba\u015ftan \u00f6b\u00fcr ba\u015fa, deyim yerindeyse, ta\u015f \u00fcst\u00fcnde ta\u015f b\u0131rakmad\u0131lar.<\/p>\n<p style=\"text-align: justify\">Kararnamede belirtildi\u011fi \u00fczere \u2018(&#8230;) m\u0131nt\u0131kadaki halk toplan\u0131p ba\u015fka yere nakil olunacak\u2019t\u0131. \u2018Ve bu toplama ameliyesi de k\u00f6ylere bask\u0131n edilerek hem silah toplanacak, hem bu suretle elde edilenler nakledilecek\u2019ti. Yine kararnamede belirtildi\u011fi gibi \u2018Sadece taarruz hareketiyle ilerlemekle iktifa ettik\u00e7e isyan ocaklar\u0131 daimi olarak yerinde b\u0131rak\u0131lm\u0131\u015f olur. Bunun i\u00e7indir ki, silah kullanm\u0131\u015f olanlar\u0131 ve kullananlar\u0131 yerinde ve sonuna kadar zarar vermeyecek hale getirmek, k\u00f6yleri kamilen tahrip etmek ve aileleri uzakla\u015ft\u0131rmak l\u00fczumlu g\u00f6r\u00fclm\u00fc\u015ft\u00fcr&#8230;.\u2019<\/p>\n<p style=\"text-align: justify\">Bu, a\u00e7\u0131k\u00e7a, bir halk\u0131n inanc\u0131 ve milli, etnik kimli\u011finden \u00f6t\u00fcr\u00fc resmen yok edilmesi demekti.<\/p>\n<p style=\"text-align: justify\">T\u00fcrkiye Devleti, evvela silah toplamakla i\u015fe ba\u015flad\u0131. Ard\u0131ndan s\u00f6zde askere alma gerek\u00e7esiyle n\u00fcfusun \u00f6nemli bir k\u0131sm\u0131n\u0131 askere ald\u0131, ard\u0131ndan da halka \u00f6nderlik yapabilecek, s\u00f6z\u00fc dinlenen itibarl\u0131 ki\u015fileri aileleriyle birlikte s\u00fcrg\u00fcn edilmek \u00fczere toplad\u0131. Ve T\u00fcrkiye\u2019nin farkl\u0131 illerine, bir daha birbirlerini g\u00f6rmeyecek \u015fekilde iskana mecbur tuttu. Bundan sonrad\u0131r ki tam bir yok etme harekat\u0131 ba\u015flat\u0131ld\u0131. Hi\u00e7 bir ay\u0131r\u0131m yap\u0131lmaks\u0131z\u0131n Dersim halk\u0131 k\u0131r\u0131mdan ge\u00e7irildi.<\/p>\n<p style=\"text-align: justify\">D\u00f6nemin Malatya Emniyet M\u00fcd\u00fcr\u00fc \u0130hsan Sabri \u00c7a\u011flayangil\u2019in itiraf etmi\u015f oldu\u011fu gibi, bu zul\u00fcmden ka\u00e7arak ma\u011faralara s\u0131\u011f\u0131nan kad\u0131n ve \u00e7ocuklar, ma\u011faralarda \u00a0\u2018fare zehiri ile\u2019\u00a0 katledildiler. Desim\u2019in kad\u0131nlar\u0131 ve k\u0131zlar\u0131, bu vah\u015fi g\u00fcruhun esaretine girmemek i\u00e7in y\u00fcksek kayalardan Munzur\u2019a atlayarak intihar ettiler. Tarihte \u00f6rne\u011fine rastlanmayacak \u015fekilde \u00e7ocuklar askeri ki\u015filere, yeniden ama bir ba\u015fka \u2018millet\u2019 olarak yeti\u015ftirilmek \u00fczere verildiler.<\/p>\n<p style=\"text-align: justify\">Dersim k\u0131r\u0131m\u0131, Kuzey K\u00fcrdistan\u2019da K\u00fcrt halk\u0131n\u0131n toplu k\u0131r\u0131mlarla yok edilmesi stratejisinin son halkas\u0131d\u0131r. 1921 Ko\u00e7giri direni\u015finin bast\u0131r\u0131lmas\u0131yla a\u00e7\u0131lan yok etme plan\u0131, 1937-38 Dersim k\u0131r\u0131m\u0131yla tamamland\u0131. Kararnamede belirtildi\u011fi gibi K\u00fcrdistan halk\u0131n\u0131n b\u00fct\u00fcn direni\u015f noktalar\u0131 jenosidlerle tek tek s\u00f6nd\u00fcr\u00fclmeye \u00e7al\u0131\u015f\u0131ld\u0131.<\/p>\n<p style=\"text-align: justify\">\u00d6zel olarak Dersim\u2019de, genel olarak K\u00fcrt ulusuna kar\u015f\u0131 i\u015flenen su\u00e7lardan \u00f6t\u00fcr\u00fc yap\u0131lacak ilk \u015fey, T\u00fcrkiye Devleti\u2019nin a\u00e7\u0131k\u00e7a \u00f6z\u00fcr dilemesi ve bunun gereklerini yerine getirmesidir. T\u00fcrkiye Devleti, Dersim ve \u015eeyh Sait isyan\u0131nda katledilen fakat mezar yerleri dahi bilinmeyen Seyid R\u0131za, \u015eeyh Said ve di\u011fer K\u00fcrt \u00f6nderlerin, Saidi Nursi\u2019nin mezar yerlerini a\u00e7\u0131klamakla i\u015fe ba\u015flayabilir.<\/p>\n<p style=\"text-align: justify\">Dersim soyk\u0131r\u0131m\u0131n\u0131n 87. y\u0131l\u0131nda K\u00fcrdistan halk\u0131na kar\u015f\u0131 i\u015flenmi\u015f bu soyk\u0131r\u0131m su\u00e7unu nefretle k\u0131n\u0131yoruz. B\u00fct\u00fcn \u015fehitlerimizin an\u0131lar\u0131 \u00f6n\u00fcnde sayg\u0131yla e\u011filiyoruz.<\/p>\n<p style=\"text-align: justify\">04.05.2024<\/p>\n<p style=\"text-align: justify\"><strong>K\u00fcrdistan Yurtseverler Partisi (PWK) Bas\u0131n B\u00fcrosu<\/strong><\/p>\n<p style=\"text-align: justify\">Kaynak: <a href=\"https:\/\/www.rupelanu.org\/pwk-dersim-soykiriminin-resmi-baslangic-tarihi-4-mayis-1937dir-28831h.htm\" target=\"_blank\">PWK: Dersim Soyk\u0131r\u0131m\u0131\u2019n\u0131n Resmi Ba\u015flang\u0131\u00e7 Tarihi 4 May\u0131s 1937\u2019dir \u00a0<\/a><\/p>\n","protected":false},"excerpt":{"rendered":"<p>PWK, Dersim Soyk\u0131r\u0131m\u0131&#8217;\u0131na d\u00f6n\u00fck bir mesaj ve a\u00e7\u0131klama yay\u0131nlad\u0131. A\u00e7\u0131klamada \u015fu ifadeler yer verildi: 87 Y\u0131l \u00f6nce 4 May\u0131s g\u00fcn\u00fc, M. K. Atat\u00fcrk ile F. \u00c7akmak\u2019\u0131n onay\u0131yla \u00e7\u0131kar\u0131lan bir kararnameyle, bir halk\u0131 yok etmeyi ama\u00e7layan askeri harek\u00e2t\u0131n resmen ba\u015flat\u0131lmas\u0131na karar verildi. 4 May\u0131s 1937\u2019de \u00e7\u0131kar\u0131lan \u2018Tunceli Tenkil Harek\u00e2t\u0131na Dair Bakanlar Kurulu Karar\u0131\u2019na dayan\u0131larak 12 May\u0131s [&hellip;]<\/p>\n","protected":false},"author":2,"featured_media":1029398,"comment_status":"closed","ping_status":"closed","sticky":false,"template":"","format":"standard","meta":{"footnotes":""},"categories":[3],"tags":[31],"class_list":["post-1029396","post","type-post","status-publish","format-standard","has-post-thumbnail","hentry","category-kurdistan","tag-onemli"],"blocksy_meta":[],"seo_head":"<!-- This site is optimized with the Yoast SEO plugin v27.5 - https:\/\/yoast.com\/product\/yoast-seo-wordpress\/ -->\n<title>PWK: Dersim Soyk\u0131r\u0131m\u0131&#039;n\u0131n resim ba\u015flang\u0131\u00e7 tarihi 4 May\u0131s 1937&#039;dir - Darka Mazi<\/title>\n<meta name=\"robots\" content=\"index, follow, max-snippet:-1, max-image-preview:large, max-video-preview:-1\" \/>\n<link rel=\"canonical\" href=\"https:\/\/darkamazi.site\/archives\/1029396\" \/>\n<meta property=\"og:locale\" content=\"en_US\" \/>\n<meta property=\"og:type\" content=\"article\" \/>\n<meta property=\"og:title\" content=\"PWK: Dersim Soyk\u0131r\u0131m\u0131&#039;n\u0131n resim ba\u015flang\u0131\u00e7 tarihi 4 May\u0131s 1937&#039;dir - Darka Mazi\" \/>\n<meta property=\"og:description\" content=\"PWK, Dersim Soyk\u0131r\u0131m\u0131&#8217;\u0131na d\u00f6n\u00fck bir mesaj ve a\u00e7\u0131klama yay\u0131nlad\u0131. A\u00e7\u0131klamada \u015fu ifadeler yer verildi: 87 Y\u0131l \u00f6nce 4 May\u0131s g\u00fcn\u00fc, M. K. Atat\u00fcrk ile F. \u00c7akmak\u2019\u0131n onay\u0131yla \u00e7\u0131kar\u0131lan bir kararnameyle, bir halk\u0131 yok etmeyi ama\u00e7layan askeri harek\u00e2t\u0131n resmen ba\u015flat\u0131lmas\u0131na karar verildi. 4 May\u0131s 1937\u2019de \u00e7\u0131kar\u0131lan \u2018Tunceli Tenkil Harek\u00e2t\u0131na Dair Bakanlar Kurulu Karar\u0131\u2019na dayan\u0131larak 12 May\u0131s [&hellip;]\" \/>\n<meta property=\"og:url\" content=\"https:\/\/darkamazi.site\/archives\/1029396\" \/>\n<meta property=\"og:site_name\" content=\"Darka Mazi\" \/>\n<meta property=\"article:publisher\" content=\"https:\/\/www.facebook.com\/DarkaMaziturkce\" \/>\n<meta property=\"article:published_time\" content=\"2024-05-04T08:19:18+00:00\" \/>\n<meta property=\"article:modified_time\" content=\"2024-05-04T08:23:23+00:00\" \/>\n<meta property=\"og:image\" content=\"https:\/\/darkamazi.site\/file\/2024\/05\/PWK-1.jpg\" \/>\n\t<meta property=\"og:image:width\" content=\"710\" \/>\n\t<meta property=\"og:image:height\" content=\"458\" \/>\n\t<meta property=\"og:image:type\" content=\"image\/jpeg\" \/>\n<meta name=\"author\" content=\"darka mazi\" \/>\n<meta name=\"twitter:card\" content=\"summary_large_image\" \/>\n<meta name=\"twitter:creator\" content=\"@DarkaMaziTurkce\" \/>\n<meta name=\"twitter:site\" content=\"@DarkaMaziTurkce\" \/>\n<meta name=\"twitter:label1\" content=\"Written by\" \/>\n\t<meta name=\"twitter:data1\" content=\"darka mazi\" \/>\n\t<meta name=\"twitter:label2\" content=\"Est. reading time\" \/>\n\t<meta name=\"twitter:data2\" content=\"2 minutes\" \/>\n<script type=\"application\/ld+json\" class=\"seo-schema-graph\">{\"@context\":\"https:\\\/\\\/schema.org\",\"@graph\":[{\"@type\":\"NewsArticle\",\"@id\":\"https:\\\/\\\/darkamazi.site\\\/archives\\\/1029396#article\",\"isPartOf\":{\"@id\":\"https:\\\/\\\/darkamazi.site\\\/archives\\\/1029396\"},\"author\":{\"name\":\"darka mazi\",\"@id\":\"https:\\\/\\\/darkamazi.site\\\/#\\\/schema\\\/person\\\/67986a95ac546c16760365877ef4a9d3\"},\"headline\":\"PWK: Dersim Soyk\u0131r\u0131m\u0131&#8217;n\u0131n resim ba\u015flang\u0131\u00e7 tarihi 4 May\u0131s 1937&#8217;dir\",\"datePublished\":\"2024-05-04T08:19:18+00:00\",\"dateModified\":\"2024-05-04T08:23:23+00:00\",\"mainEntityOfPage\":{\"@id\":\"https:\\\/\\\/darkamazi.site\\\/archives\\\/1029396\"},\"wordCount\":599,\"publisher\":{\"@id\":\"https:\\\/\\\/darkamazi.site\\\/#organization\"},\"image\":{\"@id\":\"https:\\\/\\\/darkamazi.site\\\/archives\\\/1029396#primaryimage\"},\"thumbnailUrl\":\"https:\\\/\\\/darkamazi.site\\\/darka-content\\\/uploads\\\/2024\\\/05\\\/PWK-1.jpg\",\"keywords\":[\"\u00f6nemli\"],\"articleSection\":[\"Kurdistan\"],\"inLanguage\":\"en-US\"},{\"@type\":\"WebPage\",\"@id\":\"https:\\\/\\\/darkamazi.site\\\/archives\\\/1029396\",\"url\":\"https:\\\/\\\/darkamazi.site\\\/archives\\\/1029396\",\"name\":\"PWK: Dersim Soyk\u0131r\u0131m\u0131'n\u0131n resim ba\u015flang\u0131\u00e7 tarihi 4 May\u0131s 1937'dir - Darka Mazi\",\"isPartOf\":{\"@id\":\"https:\\\/\\\/darkamazi.site\\\/#website\"},\"primaryImageOfPage\":{\"@id\":\"https:\\\/\\\/darkamazi.site\\\/archives\\\/1029396#primaryimage\"},\"image\":{\"@id\":\"https:\\\/\\\/darkamazi.site\\\/archives\\\/1029396#primaryimage\"},\"thumbnailUrl\":\"https:\\\/\\\/darkamazi.site\\\/darka-content\\\/uploads\\\/2024\\\/05\\\/PWK-1.jpg\",\"datePublished\":\"2024-05-04T08:19:18+00:00\",\"dateModified\":\"2024-05-04T08:23:23+00:00\",\"breadcrumb\":{\"@id\":\"https:\\\/\\\/darkamazi.site\\\/archives\\\/1029396#breadcrumb\"},\"inLanguage\":\"en-US\",\"potentialAction\":[{\"@type\":\"ReadAction\",\"target\":[\"https:\\\/\\\/darkamazi.site\\\/archives\\\/1029396\"]}]},{\"@type\":\"ImageObject\",\"inLanguage\":\"en-US\",\"@id\":\"https:\\\/\\\/darkamazi.site\\\/archives\\\/1029396#primaryimage\",\"url\":\"https:\\\/\\\/darkamazi.site\\\/darka-content\\\/uploads\\\/2024\\\/05\\\/PWK-1.jpg\",\"contentUrl\":\"https:\\\/\\\/darkamazi.site\\\/darka-content\\\/uploads\\\/2024\\\/05\\\/PWK-1.jpg\",\"width\":710,\"height\":458,\"caption\":\"PWK: Dersim Soyk\u0131r\u0131m\u0131'n\u0131n resim ba\u015flang\u0131\u00e7 tarihi 4 May\u0131s 1937'dir\"},{\"@type\":\"BreadcrumbList\",\"@id\":\"https:\\\/\\\/darkamazi.site\\\/archives\\\/1029396#breadcrumb\",\"itemListElement\":[{\"@type\":\"ListItem\",\"position\":1,\"name\":\"Home\",\"item\":\"https:\\\/\\\/darkamazi.site\\\/\"},{\"@type\":\"ListItem\",\"position\":2,\"name\":\"PWK: Dersim Soyk\u0131r\u0131m\u0131&#8217;n\u0131n resim ba\u015flang\u0131\u00e7 tarihi 4 May\u0131s 1937&#8217;dir\"}]},{\"@type\":\"WebSite\",\"@id\":\"https:\\\/\\\/darkamazi.site\\\/#website\",\"url\":\"https:\\\/\\\/darkamazi.site\\\/\",\"name\":\"Darka Mazi\",\"description\":\"Ana Sayfa\",\"publisher\":{\"@id\":\"https:\\\/\\\/darkamazi.site\\\/#organization\"},\"potentialAction\":[{\"@type\":\"SearchAction\",\"target\":{\"@type\":\"EntryPoint\",\"urlTemplate\":\"https:\\\/\\\/darkamazi.site\\\/?s={search_term_string}\"},\"query-input\":{\"@type\":\"PropertyValueSpecification\",\"valueRequired\":true,\"valueName\":\"search_term_string\"}}],\"inLanguage\":\"en-US\"},{\"@type\":\"Organization\",\"@id\":\"https:\\\/\\\/darkamazi.site\\\/#organization\",\"name\":\"Darka Mazi T\u00fcrk\u00e7e\",\"alternateName\":\"Darka Mazi\",\"url\":\"https:\\\/\\\/darkamazi.site\\\/\",\"logo\":{\"@type\":\"ImageObject\",\"inLanguage\":\"en-US\",\"@id\":\"https:\\\/\\\/darkamazi.site\\\/#\\\/schema\\\/logo\\\/image\\\/\",\"url\":\"https:\\\/\\\/darkamazi.site\\\/darka-content\\\/uploads\\\/2017\\\/12\\\/darka-mazi-logo.png\",\"contentUrl\":\"https:\\\/\\\/darkamazi.site\\\/darka-content\\\/uploads\\\/2017\\\/12\\\/darka-mazi-logo.png\",\"width\":151,\"height\":75,\"caption\":\"Darka Mazi T\u00fcrk\u00e7e\"},\"image\":{\"@id\":\"https:\\\/\\\/darkamazi.site\\\/#\\\/schema\\\/logo\\\/image\\\/\"},\"sameAs\":[\"https:\\\/\\\/www.facebook.com\\\/DarkaMaziturkce\",\"https:\\\/\\\/x.com\\\/DarkaMaziTurkce\"]},{\"@type\":\"Person\",\"@id\":\"https:\\\/\\\/darkamazi.site\\\/#\\\/schema\\\/person\\\/67986a95ac546c16760365877ef4a9d3\",\"name\":\"darka mazi\",\"sameAs\":[\"https:\\\/\\\/darkamazi.site\"],\"url\":\"https:\\\/\\\/darkamazi.site\\\/archives\\\/author\\\/turkish\"}]}<\/script>\n<!-- \/ Yoast SEO plugin. -->","seo_head_json":{"title":"PWK: Dersim Soyk\u0131r\u0131m\u0131'n\u0131n resim ba\u015flang\u0131\u00e7 tarihi 4 May\u0131s 1937'dir - Darka Mazi","robots":{"index":"index","follow":"follow","max-snippet":"max-snippet:-1","max-image-preview":"max-image-preview:large","max-video-preview":"max-video-preview:-1"},"canonical":"https:\/\/darkamazi.site\/archives\/1029396","og_locale":"en_US","og_type":"article","og_title":"PWK: Dersim Soyk\u0131r\u0131m\u0131'n\u0131n resim ba\u015flang\u0131\u00e7 tarihi 4 May\u0131s 1937'dir - Darka Mazi","og_description":"PWK, Dersim Soyk\u0131r\u0131m\u0131&#8217;\u0131na d\u00f6n\u00fck bir mesaj ve a\u00e7\u0131klama yay\u0131nlad\u0131. A\u00e7\u0131klamada \u015fu ifadeler yer verildi: 87 Y\u0131l \u00f6nce 4 May\u0131s g\u00fcn\u00fc, M. K. Atat\u00fcrk ile F. \u00c7akmak\u2019\u0131n onay\u0131yla \u00e7\u0131kar\u0131lan bir kararnameyle, bir halk\u0131 yok etmeyi ama\u00e7layan askeri harek\u00e2t\u0131n resmen ba\u015flat\u0131lmas\u0131na karar verildi. 4 May\u0131s 1937\u2019de \u00e7\u0131kar\u0131lan \u2018Tunceli Tenkil Harek\u00e2t\u0131na Dair Bakanlar Kurulu Karar\u0131\u2019na dayan\u0131larak 12 May\u0131s [&hellip;]","og_url":"https:\/\/darkamazi.site\/archives\/1029396","og_site_name":"Darka Mazi","article_publisher":"https:\/\/www.facebook.com\/DarkaMaziturkce","article_published_time":"2024-05-04T08:19:18+00:00","article_modified_time":"2024-05-04T08:23:23+00:00","og_image":[{"width":710,"height":458,"url":"https:\/\/darkamazi.site\/file\/2024\/05\/PWK-1.jpg","type":"image\/jpeg"}],"author":"darka mazi","twitter_card":"summary_large_image","twitter_creator":"@DarkaMaziTurkce","twitter_site":"@DarkaMaziTurkce","twitter_misc":{"Written by":"darka mazi","Est. reading time":"2 minutes"},"schema":{"@context":"https:\/\/schema.org","@graph":[{"@type":"NewsArticle","@id":"https:\/\/darkamazi.site\/archives\/1029396#article","isPartOf":{"@id":"https:\/\/darkamazi.site\/archives\/1029396"},"author":{"name":"darka mazi","@id":"https:\/\/darkamazi.site\/#\/schema\/person\/67986a95ac546c16760365877ef4a9d3"},"headline":"PWK: Dersim Soyk\u0131r\u0131m\u0131&#8217;n\u0131n resim ba\u015flang\u0131\u00e7 tarihi 4 May\u0131s 1937&#8217;dir","datePublished":"2024-05-04T08:19:18+00:00","dateModified":"2024-05-04T08:23:23+00:00","mainEntityOfPage":{"@id":"https:\/\/darkamazi.site\/archives\/1029396"},"wordCount":599,"publisher":{"@id":"https:\/\/darkamazi.site\/#organization"},"image":{"@id":"https:\/\/darkamazi.site\/archives\/1029396#primaryimage"},"thumbnailUrl":"https:\/\/darkamazi.site\/file\/2024\/05\/PWK-1.jpg","keywords":["\u00f6nemli"],"articleSection":["Kurdistan"],"inLanguage":"en-US"},{"@type":"WebPage","@id":"https:\/\/darkamazi.site\/archives\/1029396","url":"https:\/\/darkamazi.site\/archives\/1029396","name":"PWK: Dersim Soyk\u0131r\u0131m\u0131'n\u0131n resim ba\u015flang\u0131\u00e7 tarihi 4 May\u0131s 1937'dir - Darka Mazi","isPartOf":{"@id":"https:\/\/darkamazi.site\/#website"},"primaryImageOfPage":{"@id":"https:\/\/darkamazi.site\/archives\/1029396#primaryimage"},"image":{"@id":"https:\/\/darkamazi.site\/archives\/1029396#primaryimage"},"thumbnailUrl":"https:\/\/darkamazi.site\/file\/2024\/05\/PWK-1.jpg","datePublished":"2024-05-04T08:19:18+00:00","dateModified":"2024-05-04T08:23:23+00:00","breadcrumb":{"@id":"https:\/\/darkamazi.site\/archives\/1029396#breadcrumb"},"inLanguage":"en-US","potentialAction":[{"@type":"ReadAction","target":["https:\/\/darkamazi.site\/archives\/1029396"]}]},{"@type":"ImageObject","inLanguage":"en-US","@id":"https:\/\/darkamazi.site\/archives\/1029396#primaryimage","url":"https:\/\/darkamazi.site\/file\/2024\/05\/PWK-1.jpg","contentUrl":"https:\/\/darkamazi.site\/file\/2024\/05\/PWK-1.jpg","width":710,"height":458,"caption":"PWK: Dersim Soyk\u0131r\u0131m\u0131'n\u0131n resim ba\u015flang\u0131\u00e7 tarihi 4 May\u0131s 1937'dir"},{"@type":"BreadcrumbList","@id":"https:\/\/darkamazi.site\/archives\/1029396#breadcrumb","itemListElement":[{"@type":"ListItem","position":1,"name":"Home","item":"https:\/\/darkamazi.site\/"},{"@type":"ListItem","position":2,"name":"PWK: Dersim Soyk\u0131r\u0131m\u0131&#8217;n\u0131n resim ba\u015flang\u0131\u00e7 tarihi 4 May\u0131s 1937&#8217;dir"}]},{"@type":"WebSite","@id":"https:\/\/darkamazi.site\/#website","url":"https:\/\/darkamazi.site\/","name":"Darka Mazi","description":"Ana Sayfa","publisher":{"@id":"https:\/\/darkamazi.site\/#organization"},"potentialAction":[{"@type":"SearchAction","target":{"@type":"EntryPoint","urlTemplate":"https:\/\/darkamazi.site\/?s={search_term_string}"},"query-input":{"@type":"PropertyValueSpecification","valueRequired":true,"valueName":"search_term_string"}}],"inLanguage":"en-US"},{"@type":"Organization","@id":"https:\/\/darkamazi.site\/#organization","name":"Darka Mazi T\u00fcrk\u00e7e","alternateName":"Darka Mazi","url":"https:\/\/darkamazi.site\/","logo":{"@type":"ImageObject","inLanguage":"en-US","@id":"https:\/\/darkamazi.site\/#\/schema\/logo\/image\/","url":"https:\/\/darkamazi.site\/file\/2017\/12\/darka-mazi-logo.png","contentUrl":"https:\/\/darkamazi.site\/file\/2017\/12\/darka-mazi-logo.png","width":151,"height":75,"caption":"Darka Mazi T\u00fcrk\u00e7e"},"image":{"@id":"https:\/\/darkamazi.site\/#\/schema\/logo\/image\/"},"sameAs":["https:\/\/www.facebook.com\/DarkaMaziturkce","https:\/\/x.com\/DarkaMaziTurkce"]},{"@type":"Person","@id":"https:\/\/darkamazi.site\/#\/schema\/person\/67986a95ac546c16760365877ef4a9d3","name":"darka mazi","sameAs":["https:\/\/darkamazi.site"],"url":"https:\/\/darkamazi.site\/archives\/author\/turkish"}]}},"_links":{"self":[{"href":"https:\/\/darkamazi.site\/funavuv\/wp\/v2\/posts\/1029396","targetHints":{"allow":["GET"]}}],"collection":[{"href":"https:\/\/darkamazi.site\/funavuv\/wp\/v2\/posts"}],"about":[{"href":"https:\/\/darkamazi.site\/funavuv\/wp\/v2\/types\/post"}],"author":[{"embeddable":true,"href":"https:\/\/darkamazi.site\/funavuv\/wp\/v2\/users\/2"}],"replies":[{"embeddable":true,"href":"https:\/\/darkamazi.site\/funavuv\/wp\/v2\/comments?post=1029396"}],"version-history":[{"count":0,"href":"https:\/\/darkamazi.site\/funavuv\/wp\/v2\/posts\/1029396\/revisions"}],"wp:featuredmedia":[{"embeddable":true,"href":"https:\/\/darkamazi.site\/funavuv\/wp\/v2\/media\/1029398"}],"wp:attachment":[{"href":"https:\/\/darkamazi.site\/funavuv\/wp\/v2\/media?parent=1029396"}],"wp:term":[{"taxonomy":"category","embeddable":true,"href":"https:\/\/darkamazi.site\/funavuv\/wp\/v2\/categories?post=1029396"},{"taxonomy":"post_tag","embeddable":true,"href":"https:\/\/darkamazi.site\/funavuv\/wp\/v2\/tags?post=1029396"}],"curies":[{"name":"wp","href":"https:\/\/api.w.org\/{rel}","templated":true}]}}