{"id":1029457,"date":"2024-05-10T13:07:51","date_gmt":"2024-05-10T10:07:51","guid":{"rendered":"https:\/\/darkamazi.site\/?p=1029457"},"modified":"2024-05-10T13:07:51","modified_gmt":"2024-05-10T10:07:51","slug":"lahor-cengi-ynk-secim-istemiyor-bafelin-halki-kaldirmasi-buyuk-bir-utanctir","status":"publish","type":"post","link":"https:\/\/darkamazi.site\/archives\/1029457","title":{"rendered":"Lahor Cengi:; YNK se\u00e7im istemiyor, Bafel\u2019in halk\u0131 kald\u0131rmas\u0131 b\u00fcy\u00fck bir\u00a0 utan\u00e7t\u0131r"},"content":{"rendered":"<p style=\"text-align: justify\">Lahor Cengi d\u00fcn medyaya yapt\u0131\u011f\u0131 bir konu\u015fmada YNK\u2019nin se\u00e7im istemedi\u011fini ve sadece se\u00e7im istiyormu\u015f gibi g\u00f6r\u00fcnmeye \u00e7al\u0131\u015ft\u0131\u011f\u0131n\u0131 s\u00f6yledi.<\/p>\n<p style=\"text-align: justify\">Daha \u00f6nce YNK e\u015fba\u015fkan\u0131 olan ve Bafil Talabani\u2019nin yapt\u0131\u011f\u0131 darbe ile partisinden uzakla\u015ft\u0131r\u0131lan Lahor Cengi siyaset sahas\u0131nda var olmaya devam ediyor. Son olarak Halk Cephesi ad\u0131 ile bir olu\u015fum kurmu\u015f ve \u00a0se\u00e7imlere kat\u0131laca\u011f\u0131n\u0131 duyurmu\u015ftu. K\u00fcrdistan B\u00f6lgesi\u2019nde ki se\u00e7imlerin ertelenmesi ile ilgili sorulan bir soruya ise \u015f\u00f6yle cevap verdi.<\/p>\n<p style=\"text-align: justify\">\u201cSe\u00e7imler zaman\u0131nda yap\u0131lmayacak, ertelenecek. YNK se\u00e7im istemiyor, sadece istemi\u015f gibi yap\u0131yor. Se\u00e7imlerin ertelenmesi konusunda KDP\u2019nin g\u00f6r\u00fc\u015f\u00fcn\u00fc de kabul ettiler fakat bunu s\u00f6ylemiyorlar. \u00c7evre \u00fclkeler ve bir\u00e7ok g\u00fc\u00e7 se\u00e7imlerin bu bi\u00e7imde yap\u0131lmayaca\u011f\u0131n\u0131 s\u00f6yledi ve anla\u015fma oldu. \u015eimdi Bafel\u2019in bundan haberi var m\u0131 yok mu bilmem. Ama kesin vard\u0131r ve sadece haberi yokmu\u015f gibi yap\u0131yor.<\/p>\n<p style=\"text-align: justify\">Halk Cephesi Hareketi lideri Lahur Jangi Per\u015fembe (9\/5\/2024) gazetecilere \u015funlar\u0131 s\u00f6yledi: &#8220;KYB se\u00e7imlerden yana de\u011fil ve Say\u0131n Bafel&#8217;in halk\u0131 yan\u0131ltmas\u0131 b\u00fcy\u00fck bir utan\u00e7t\u0131r.\u201d dedi.<\/p>\n<p style=\"text-align: justify\">K\u00fcrdistan Parlamento se\u00e7imleri iki y\u0131ld\u0131r erteleniyor. Ertelenmenin en b\u00fcy\u00fck nedeni de YNK. YNK se\u00e7imler i\u00e7in yap\u0131lacak toplant\u0131lara iki y\u0131l boyunca kat\u0131lmad\u0131, ayr\u0131ca kabinedeki vekillerini de geri \u00e7ekti. Bu bi\u00e7imde hem se\u00e7imleri engelledi hem de parlamentoyu bypass etti. Daha sonra Irak Federal Mahkemesinin K\u00fcrdistan\u2019daki bile\u015fenlerin kotalar\u0131n\u0131n iptali vb bi\u00e7imde se\u00e7imleri \u015eii vesayeti alt\u0131nda yap\u0131lmas\u0131 y\u00f6n\u00fcndeki kararlar\u0131ndan sonra YNK se\u00e7imlerin yap\u0131lmas\u0131n\u0131 istedi.<\/p>\n<p style=\"text-align: justify\">Bu komplo ve provokasyon s\u00fcrecine d\u00f6nen se\u00e7im oyunu KDP\u2019nin 18 Mart\u2019ta se\u00e7imlere kat\u0131lmama karar\u0131 ile bozuldu. KDP se\u00e7imlerin \u015eii sistemin belirledi\u011fi sonu\u00e7larla yap\u0131lmas\u0131n\u0131 kabul etmedi ve yeni bir s\u00fcre\u00e7 ba\u015flad\u0131. KDP\u2019nin karar\u0131 oyunlar\u0131 bozmu\u015f olsa da s\u00fcre\u00e7 hala tamamlanm\u0131\u015f de\u011fil. Fakat Ortado\u011fu ve Irak\u2019taki akl\u0131 selim t\u00fcm g\u00fc\u00e7ler KDP\u2019nin girmedi\u011fi bir se\u00e7imin yap\u0131lamayaca\u011f\u0131n\u0131 belirtiyorlar. YNK\u2019nin en tecr\u00fcbeli isimleri Mele Bahtiyar gibi isimlerde KDP\u2019nin kat\u0131lmad\u0131\u011f\u0131 bir se\u00e7imin sadece felaket getirece\u011fini s\u00f6yl\u00fcyorlar.<\/p>\n","protected":false},"excerpt":{"rendered":"<p>Lahor Cengi d\u00fcn medyaya yapt\u0131\u011f\u0131 bir konu\u015fmada YNK\u2019nin se\u00e7im istemedi\u011fini ve sadece se\u00e7im istiyormu\u015f gibi g\u00f6r\u00fcnmeye \u00e7al\u0131\u015ft\u0131\u011f\u0131n\u0131 s\u00f6yledi. Daha \u00f6nce YNK e\u015fba\u015fkan\u0131 olan ve Bafil Talabani\u2019nin yapt\u0131\u011f\u0131 darbe ile partisinden uzakla\u015ft\u0131r\u0131lan Lahor Cengi siyaset sahas\u0131nda var olmaya devam ediyor. Son olarak Halk Cephesi ad\u0131 ile bir olu\u015fum kurmu\u015f ve \u00a0se\u00e7imlere kat\u0131laca\u011f\u0131n\u0131 duyurmu\u015ftu. K\u00fcrdistan B\u00f6lgesi\u2019nde ki [&hellip;]<\/p>\n","protected":false},"author":2,"featured_media":1029458,"comment_status":"closed","ping_status":"closed","sticky":false,"template":"","format":"standard","meta":{"footnotes":""},"categories":[3],"tags":[31],"class_list":["post-1029457","post","type-post","status-publish","format-standard","has-post-thumbnail","hentry","category-kurdistan","tag-onemli"],"blocksy_meta":[],"seo_head":"<!-- This site is optimized with the Yoast SEO plugin v27.5 - https:\/\/yoast.com\/product\/yoast-seo-wordpress\/ -->\n<title>Lahor Cengi:; YNK se\u00e7im istemiyor, Bafel\u2019in halk\u0131 kald\u0131rmas\u0131 b\u00fcy\u00fck bir\u00a0 utan\u00e7t\u0131r - Darka Mazi<\/title>\n<meta name=\"robots\" content=\"index, follow, max-snippet:-1, max-image-preview:large, max-video-preview:-1\" \/>\n<link rel=\"canonical\" href=\"https:\/\/darkamazi.site\/archives\/1029457\" \/>\n<meta property=\"og:locale\" content=\"en_US\" \/>\n<meta property=\"og:type\" content=\"article\" \/>\n<meta property=\"og:title\" content=\"Lahor Cengi:; YNK se\u00e7im istemiyor, Bafel\u2019in halk\u0131 kald\u0131rmas\u0131 b\u00fcy\u00fck bir\u00a0 utan\u00e7t\u0131r - Darka Mazi\" \/>\n<meta property=\"og:description\" content=\"Lahor Cengi d\u00fcn medyaya yapt\u0131\u011f\u0131 bir konu\u015fmada YNK\u2019nin se\u00e7im istemedi\u011fini ve sadece se\u00e7im istiyormu\u015f gibi g\u00f6r\u00fcnmeye \u00e7al\u0131\u015ft\u0131\u011f\u0131n\u0131 s\u00f6yledi. Daha \u00f6nce YNK e\u015fba\u015fkan\u0131 olan ve Bafil Talabani\u2019nin yapt\u0131\u011f\u0131 darbe ile partisinden uzakla\u015ft\u0131r\u0131lan Lahor Cengi siyaset sahas\u0131nda var olmaya devam ediyor. Son olarak Halk Cephesi ad\u0131 ile bir olu\u015fum kurmu\u015f ve \u00a0se\u00e7imlere kat\u0131laca\u011f\u0131n\u0131 duyurmu\u015ftu. K\u00fcrdistan B\u00f6lgesi\u2019nde ki [&hellip;]\" \/>\n<meta property=\"og:url\" content=\"https:\/\/darkamazi.site\/archives\/1029457\" \/>\n<meta property=\"og:site_name\" content=\"Darka Mazi\" \/>\n<meta property=\"article:publisher\" content=\"https:\/\/www.facebook.com\/DarkaMaziturkce\" \/>\n<meta property=\"article:published_time\" content=\"2024-05-10T10:07:51+00:00\" \/>\n<meta property=\"og:image\" content=\"https:\/\/darkamazi.site\/file\/2024\/05\/Lahor.jpg\" \/>\n\t<meta property=\"og:image:width\" content=\"1200\" \/>\n\t<meta property=\"og:image:height\" content=\"795\" \/>\n\t<meta property=\"og:image:type\" content=\"image\/jpeg\" \/>\n<meta name=\"author\" content=\"darka mazi\" \/>\n<meta name=\"twitter:card\" content=\"summary_large_image\" \/>\n<meta name=\"twitter:creator\" content=\"@DarkaMaziTurkce\" \/>\n<meta name=\"twitter:site\" content=\"@DarkaMaziTurkce\" \/>\n<meta name=\"twitter:label1\" content=\"Written by\" \/>\n\t<meta name=\"twitter:data1\" content=\"darka mazi\" \/>\n\t<meta name=\"twitter:label2\" content=\"Est. reading time\" \/>\n\t<meta name=\"twitter:data2\" content=\"2 minutes\" \/>\n<script type=\"application\/ld+json\" class=\"seo-schema-graph\">{\"@context\":\"https:\\\/\\\/schema.org\",\"@graph\":[{\"@type\":\"NewsArticle\",\"@id\":\"https:\\\/\\\/darkamazi.site\\\/archives\\\/1029457#article\",\"isPartOf\":{\"@id\":\"https:\\\/\\\/darkamazi.site\\\/archives\\\/1029457\"},\"author\":{\"name\":\"darka mazi\",\"@id\":\"https:\\\/\\\/darkamazi.site\\\/#\\\/schema\\\/person\\\/67986a95ac546c16760365877ef4a9d3\"},\"headline\":\"Lahor Cengi:; YNK se\u00e7im istemiyor, Bafel\u2019in halk\u0131 kald\u0131rmas\u0131 b\u00fcy\u00fck bir\u00a0 utan\u00e7t\u0131r\",\"datePublished\":\"2024-05-10T10:07:51+00:00\",\"mainEntityOfPage\":{\"@id\":\"https:\\\/\\\/darkamazi.site\\\/archives\\\/1029457\"},\"wordCount\":411,\"publisher\":{\"@id\":\"https:\\\/\\\/darkamazi.site\\\/#organization\"},\"image\":{\"@id\":\"https:\\\/\\\/darkamazi.site\\\/archives\\\/1029457#primaryimage\"},\"thumbnailUrl\":\"https:\\\/\\\/darkamazi.site\\\/darka-content\\\/uploads\\\/2024\\\/05\\\/Lahor.jpg\",\"keywords\":[\"\u00f6nemli\"],\"articleSection\":[\"Kurdistan\"],\"inLanguage\":\"en-US\"},{\"@type\":\"WebPage\",\"@id\":\"https:\\\/\\\/darkamazi.site\\\/archives\\\/1029457\",\"url\":\"https:\\\/\\\/darkamazi.site\\\/archives\\\/1029457\",\"name\":\"Lahor Cengi:; YNK se\u00e7im istemiyor, Bafel\u2019in halk\u0131 kald\u0131rmas\u0131 b\u00fcy\u00fck bir\u00a0 utan\u00e7t\u0131r - Darka Mazi\",\"isPartOf\":{\"@id\":\"https:\\\/\\\/darkamazi.site\\\/#website\"},\"primaryImageOfPage\":{\"@id\":\"https:\\\/\\\/darkamazi.site\\\/archives\\\/1029457#primaryimage\"},\"image\":{\"@id\":\"https:\\\/\\\/darkamazi.site\\\/archives\\\/1029457#primaryimage\"},\"thumbnailUrl\":\"https:\\\/\\\/darkamazi.site\\\/darka-content\\\/uploads\\\/2024\\\/05\\\/Lahor.jpg\",\"datePublished\":\"2024-05-10T10:07:51+00:00\",\"breadcrumb\":{\"@id\":\"https:\\\/\\\/darkamazi.site\\\/archives\\\/1029457#breadcrumb\"},\"inLanguage\":\"en-US\",\"potentialAction\":[{\"@type\":\"ReadAction\",\"target\":[\"https:\\\/\\\/darkamazi.site\\\/archives\\\/1029457\"]}]},{\"@type\":\"ImageObject\",\"inLanguage\":\"en-US\",\"@id\":\"https:\\\/\\\/darkamazi.site\\\/archives\\\/1029457#primaryimage\",\"url\":\"https:\\\/\\\/darkamazi.site\\\/darka-content\\\/uploads\\\/2024\\\/05\\\/Lahor.jpg\",\"contentUrl\":\"https:\\\/\\\/darkamazi.site\\\/darka-content\\\/uploads\\\/2024\\\/05\\\/Lahor.jpg\",\"width\":1200,\"height\":795,\"caption\":\"Lahor Cengi:; YNK se\u00e7im istemiyor, Bafel\u2019in halk\u0131 kald\u0131rmas\u0131 b\u00fcy\u00fck bir\u00a0 utan\u00e7t\u0131r\"},{\"@type\":\"BreadcrumbList\",\"@id\":\"https:\\\/\\\/darkamazi.site\\\/archives\\\/1029457#breadcrumb\",\"itemListElement\":[{\"@type\":\"ListItem\",\"position\":1,\"name\":\"Home\",\"item\":\"https:\\\/\\\/darkamazi.site\\\/\"},{\"@type\":\"ListItem\",\"position\":2,\"name\":\"Lahor Cengi:; YNK se\u00e7im istemiyor, Bafel\u2019in halk\u0131 kald\u0131rmas\u0131 b\u00fcy\u00fck bir\u00a0 utan\u00e7t\u0131r\"}]},{\"@type\":\"WebSite\",\"@id\":\"https:\\\/\\\/darkamazi.site\\\/#website\",\"url\":\"https:\\\/\\\/darkamazi.site\\\/\",\"name\":\"Darka Mazi\",\"description\":\"Ana Sayfa\",\"publisher\":{\"@id\":\"https:\\\/\\\/darkamazi.site\\\/#organization\"},\"potentialAction\":[{\"@type\":\"SearchAction\",\"target\":{\"@type\":\"EntryPoint\",\"urlTemplate\":\"https:\\\/\\\/darkamazi.site\\\/?s={search_term_string}\"},\"query-input\":{\"@type\":\"PropertyValueSpecification\",\"valueRequired\":true,\"valueName\":\"search_term_string\"}}],\"inLanguage\":\"en-US\"},{\"@type\":\"Organization\",\"@id\":\"https:\\\/\\\/darkamazi.site\\\/#organization\",\"name\":\"Darka Mazi T\u00fcrk\u00e7e\",\"alternateName\":\"Darka Mazi\",\"url\":\"https:\\\/\\\/darkamazi.site\\\/\",\"logo\":{\"@type\":\"ImageObject\",\"inLanguage\":\"en-US\",\"@id\":\"https:\\\/\\\/darkamazi.site\\\/#\\\/schema\\\/logo\\\/image\\\/\",\"url\":\"https:\\\/\\\/darkamazi.site\\\/darka-content\\\/uploads\\\/2017\\\/12\\\/darka-mazi-logo.png\",\"contentUrl\":\"https:\\\/\\\/darkamazi.site\\\/darka-content\\\/uploads\\\/2017\\\/12\\\/darka-mazi-logo.png\",\"width\":151,\"height\":75,\"caption\":\"Darka Mazi T\u00fcrk\u00e7e\"},\"image\":{\"@id\":\"https:\\\/\\\/darkamazi.site\\\/#\\\/schema\\\/logo\\\/image\\\/\"},\"sameAs\":[\"https:\\\/\\\/www.facebook.com\\\/DarkaMaziturkce\",\"https:\\\/\\\/x.com\\\/DarkaMaziTurkce\"]},{\"@type\":\"Person\",\"@id\":\"https:\\\/\\\/darkamazi.site\\\/#\\\/schema\\\/person\\\/67986a95ac546c16760365877ef4a9d3\",\"name\":\"darka mazi\",\"sameAs\":[\"https:\\\/\\\/darkamazi.site\"],\"url\":\"https:\\\/\\\/darkamazi.site\\\/archives\\\/author\\\/turkish\"}]}<\/script>\n<!-- \/ Yoast SEO plugin. -->","seo_head_json":{"title":"Lahor Cengi:; YNK se\u00e7im istemiyor, Bafel\u2019in halk\u0131 kald\u0131rmas\u0131 b\u00fcy\u00fck bir\u00a0 utan\u00e7t\u0131r - Darka Mazi","robots":{"index":"index","follow":"follow","max-snippet":"max-snippet:-1","max-image-preview":"max-image-preview:large","max-video-preview":"max-video-preview:-1"},"canonical":"https:\/\/darkamazi.site\/archives\/1029457","og_locale":"en_US","og_type":"article","og_title":"Lahor Cengi:; YNK se\u00e7im istemiyor, Bafel\u2019in halk\u0131 kald\u0131rmas\u0131 b\u00fcy\u00fck bir\u00a0 utan\u00e7t\u0131r - Darka Mazi","og_description":"Lahor Cengi d\u00fcn medyaya yapt\u0131\u011f\u0131 bir konu\u015fmada YNK\u2019nin se\u00e7im istemedi\u011fini ve sadece se\u00e7im istiyormu\u015f gibi g\u00f6r\u00fcnmeye \u00e7al\u0131\u015ft\u0131\u011f\u0131n\u0131 s\u00f6yledi. Daha \u00f6nce YNK e\u015fba\u015fkan\u0131 olan ve Bafil Talabani\u2019nin yapt\u0131\u011f\u0131 darbe ile partisinden uzakla\u015ft\u0131r\u0131lan Lahor Cengi siyaset sahas\u0131nda var olmaya devam ediyor. Son olarak Halk Cephesi ad\u0131 ile bir olu\u015fum kurmu\u015f ve \u00a0se\u00e7imlere kat\u0131laca\u011f\u0131n\u0131 duyurmu\u015ftu. K\u00fcrdistan B\u00f6lgesi\u2019nde ki [&hellip;]","og_url":"https:\/\/darkamazi.site\/archives\/1029457","og_site_name":"Darka Mazi","article_publisher":"https:\/\/www.facebook.com\/DarkaMaziturkce","article_published_time":"2024-05-10T10:07:51+00:00","og_image":[{"width":1200,"height":795,"url":"https:\/\/darkamazi.site\/file\/2024\/05\/Lahor.jpg","type":"image\/jpeg"}],"author":"darka mazi","twitter_card":"summary_large_image","twitter_creator":"@DarkaMaziTurkce","twitter_site":"@DarkaMaziTurkce","twitter_misc":{"Written by":"darka mazi","Est. reading time":"2 minutes"},"schema":{"@context":"https:\/\/schema.org","@graph":[{"@type":"NewsArticle","@id":"https:\/\/darkamazi.site\/archives\/1029457#article","isPartOf":{"@id":"https:\/\/darkamazi.site\/archives\/1029457"},"author":{"name":"darka mazi","@id":"https:\/\/darkamazi.site\/#\/schema\/person\/67986a95ac546c16760365877ef4a9d3"},"headline":"Lahor Cengi:; YNK se\u00e7im istemiyor, Bafel\u2019in halk\u0131 kald\u0131rmas\u0131 b\u00fcy\u00fck bir\u00a0 utan\u00e7t\u0131r","datePublished":"2024-05-10T10:07:51+00:00","mainEntityOfPage":{"@id":"https:\/\/darkamazi.site\/archives\/1029457"},"wordCount":411,"publisher":{"@id":"https:\/\/darkamazi.site\/#organization"},"image":{"@id":"https:\/\/darkamazi.site\/archives\/1029457#primaryimage"},"thumbnailUrl":"https:\/\/darkamazi.site\/file\/2024\/05\/Lahor.jpg","keywords":["\u00f6nemli"],"articleSection":["Kurdistan"],"inLanguage":"en-US"},{"@type":"WebPage","@id":"https:\/\/darkamazi.site\/archives\/1029457","url":"https:\/\/darkamazi.site\/archives\/1029457","name":"Lahor Cengi:; YNK se\u00e7im istemiyor, Bafel\u2019in halk\u0131 kald\u0131rmas\u0131 b\u00fcy\u00fck bir\u00a0 utan\u00e7t\u0131r - Darka Mazi","isPartOf":{"@id":"https:\/\/darkamazi.site\/#website"},"primaryImageOfPage":{"@id":"https:\/\/darkamazi.site\/archives\/1029457#primaryimage"},"image":{"@id":"https:\/\/darkamazi.site\/archives\/1029457#primaryimage"},"thumbnailUrl":"https:\/\/darkamazi.site\/file\/2024\/05\/Lahor.jpg","datePublished":"2024-05-10T10:07:51+00:00","breadcrumb":{"@id":"https:\/\/darkamazi.site\/archives\/1029457#breadcrumb"},"inLanguage":"en-US","potentialAction":[{"@type":"ReadAction","target":["https:\/\/darkamazi.site\/archives\/1029457"]}]},{"@type":"ImageObject","inLanguage":"en-US","@id":"https:\/\/darkamazi.site\/archives\/1029457#primaryimage","url":"https:\/\/darkamazi.site\/file\/2024\/05\/Lahor.jpg","contentUrl":"https:\/\/darkamazi.site\/file\/2024\/05\/Lahor.jpg","width":1200,"height":795,"caption":"Lahor Cengi:; YNK se\u00e7im istemiyor, Bafel\u2019in halk\u0131 kald\u0131rmas\u0131 b\u00fcy\u00fck bir\u00a0 utan\u00e7t\u0131r"},{"@type":"BreadcrumbList","@id":"https:\/\/darkamazi.site\/archives\/1029457#breadcrumb","itemListElement":[{"@type":"ListItem","position":1,"name":"Home","item":"https:\/\/darkamazi.site\/"},{"@type":"ListItem","position":2,"name":"Lahor Cengi:; YNK se\u00e7im istemiyor, Bafel\u2019in halk\u0131 kald\u0131rmas\u0131 b\u00fcy\u00fck bir\u00a0 utan\u00e7t\u0131r"}]},{"@type":"WebSite","@id":"https:\/\/darkamazi.site\/#website","url":"https:\/\/darkamazi.site\/","name":"Darka Mazi","description":"Ana Sayfa","publisher":{"@id":"https:\/\/darkamazi.site\/#organization"},"potentialAction":[{"@type":"SearchAction","target":{"@type":"EntryPoint","urlTemplate":"https:\/\/darkamazi.site\/?s={search_term_string}"},"query-input":{"@type":"PropertyValueSpecification","valueRequired":true,"valueName":"search_term_string"}}],"inLanguage":"en-US"},{"@type":"Organization","@id":"https:\/\/darkamazi.site\/#organization","name":"Darka Mazi T\u00fcrk\u00e7e","alternateName":"Darka Mazi","url":"https:\/\/darkamazi.site\/","logo":{"@type":"ImageObject","inLanguage":"en-US","@id":"https:\/\/darkamazi.site\/#\/schema\/logo\/image\/","url":"https:\/\/darkamazi.site\/file\/2017\/12\/darka-mazi-logo.png","contentUrl":"https:\/\/darkamazi.site\/file\/2017\/12\/darka-mazi-logo.png","width":151,"height":75,"caption":"Darka Mazi T\u00fcrk\u00e7e"},"image":{"@id":"https:\/\/darkamazi.site\/#\/schema\/logo\/image\/"},"sameAs":["https:\/\/www.facebook.com\/DarkaMaziturkce","https:\/\/x.com\/DarkaMaziTurkce"]},{"@type":"Person","@id":"https:\/\/darkamazi.site\/#\/schema\/person\/67986a95ac546c16760365877ef4a9d3","name":"darka mazi","sameAs":["https:\/\/darkamazi.site"],"url":"https:\/\/darkamazi.site\/archives\/author\/turkish"}]}},"_links":{"self":[{"href":"https:\/\/darkamazi.site\/funavuv\/wp\/v2\/posts\/1029457","targetHints":{"allow":["GET"]}}],"collection":[{"href":"https:\/\/darkamazi.site\/funavuv\/wp\/v2\/posts"}],"about":[{"href":"https:\/\/darkamazi.site\/funavuv\/wp\/v2\/types\/post"}],"author":[{"embeddable":true,"href":"https:\/\/darkamazi.site\/funavuv\/wp\/v2\/users\/2"}],"replies":[{"embeddable":true,"href":"https:\/\/darkamazi.site\/funavuv\/wp\/v2\/comments?post=1029457"}],"version-history":[{"count":0,"href":"https:\/\/darkamazi.site\/funavuv\/wp\/v2\/posts\/1029457\/revisions"}],"wp:featuredmedia":[{"embeddable":true,"href":"https:\/\/darkamazi.site\/funavuv\/wp\/v2\/media\/1029458"}],"wp:attachment":[{"href":"https:\/\/darkamazi.site\/funavuv\/wp\/v2\/media?parent=1029457"}],"wp:term":[{"taxonomy":"category","embeddable":true,"href":"https:\/\/darkamazi.site\/funavuv\/wp\/v2\/categories?post=1029457"},{"taxonomy":"post_tag","embeddable":true,"href":"https:\/\/darkamazi.site\/funavuv\/wp\/v2\/tags?post=1029457"}],"curies":[{"name":"wp","href":"https:\/\/api.w.org\/{rel}","templated":true}]}}