{"id":1029553,"date":"2024-05-18T10:28:32","date_gmt":"2024-05-18T07:28:32","guid":{"rendered":"https:\/\/darkamazi.site\/?p=1029553"},"modified":"2026-03-31T16:19:27","modified_gmt":"2026-03-31T13:19:27","slug":"israil-turkiye-ile-olan-serbest-ticaret-anlasmasini-feshediyor","status":"publish","type":"post","link":"https:\/\/darkamazi.site\/archives\/1029553","title":{"rendered":"\u0130srail, T\u00fcrkiye ile olan serbest ticaret anla\u015fmas\u0131n\u0131 feshediyor"},"content":{"rendered":"<p><span style=\"font-family: 'arial black', sans-serif\"><strong>\u0130srail Maliye Bakan\u0131 Bezalel Smotrich, Cumhurba\u015fkan\u0131 Recep Tayyip Erdo\u011fan&#8217;\u0131n \u0130srail&#8217;e ihracat\u0131 durdurma karar\u0131na yan\u0131t olarak T\u00fcrkiye ile serbest ticaret anla\u015fmas\u0131n\u0131 iptal edece\u011fini ve T\u00fcrk ithalat\u0131na y\u00fczde 100 g\u00fcmr\u00fck vergisi uygulayaca\u011f\u0131n\u0131 s\u00f6yledi.<\/strong><\/span><\/p>\n<p><a href=\"https:\/\/www.kurdistan24.net\/tr\/story\/97377-T%C3%BCrkiye%27den-%C4%B0srail-karar%C4%B1:-T%C3%BCm-ticari-i%C5%9Flemler-durduruldu\">T\u00fcrkiye Ticaret Bakanl\u0131\u011f\u0131<\/a>, 2 May\u0131s\u2019ta \u0130srail ile yap\u0131lan t\u00fcm ticaretini durdurma karar\u0131 ald\u0131\u011f\u0131n\u0131 duyurmu\u015ftu.<\/p>\n<p>\u0130srailli bakan Bezalel Smotrich, sosyal medya platformu X hesab\u0131ndan yapt\u0131\u011f\u0131 payla\u015f\u0131mda, T\u00fcrkiye&#8217;nin ticari ili\u015fkileri durdurma karar\u0131na kar\u015f\u0131l\u0131k olarak, iki \u00fclke aras\u0131ndaki Serbest Ticaret Anla\u015fmas\u0131&#8217;n\u0131n iptal edilece\u011fini a\u00e7\u0131klad\u0131.<\/p>\n<p>Smotrich, ayr\u0131ca \u0130srail H\u00fck\u00fcmetinin, Cumhurba\u015fkan\u0131 Recep Tayyip Erdo\u011fan&#8217;\u0131n g\u00f6rev s\u00fcresi bitene kadar T\u00fcrkiye&#8217;den yap\u0131lan ithalatlara y\u00fczde 100 oran\u0131nda g\u00fcmr\u00fck vergisi uygulamas\u0131n\u0131 getirece\u011fini bildirdi.<\/p>\n<p>Bakan Bezalel Smotrich payla\u015f\u0131m\u0131nda, bu \u00f6nlemlerin y\u00fcr\u00fcrl\u00fc\u011fe girmesi i\u00e7in parlamentoya sunulaca\u011f\u0131n\u0131 da kaydetti.<\/p>\n<p>Smotrich payla\u015f\u0131m\u0131nda \u015funlar\u0131 kaydetti:<\/p>\n<p>&#8220;T\u00fcrkiye Cumhurba\u015fkan\u0131 Erdo\u011fan, 7 Ekim&#8217;de korkun\u00e7 katliam\u0131 ger\u00e7ekle\u015ftiren Hamas&#8217;\u0131 savunan bir isim. Kamuoyuna yapt\u0131\u011f\u0131 a\u00e7\u0131klamalarda, \u0130srail&#8217;in me\u015fru m\u00fcdafaa hakk\u0131na meydan okuyor. Ankara&#8217;n\u0131n ekonomik boykot ilan\u0131, T\u00fcrkiye&#8217;nin taahh\u00fct etti\u011fi uluslararas\u0131 ticaret anla\u015fmalar\u0131n\u0131n ciddi bir ihlali anlam\u0131na geliyor.<\/p>\n<p>Alternatif olu\u015fturmak ve \u0130srail ekonomisinin T\u00fcrkiye&#8217;ye olan ba\u011f\u0131ml\u0131l\u0131\u011f\u0131n\u0131 azaltmak istiyoruz. \u00c7in, Do\u011fu Avrupa, Yunanistan, Almanya, K\u0131br\u0131s, Tayvan ve di\u011fer baz\u0131 \u00fclkeler bir se\u00e7enek olabilir.&#8221;<\/p>\n","protected":false},"excerpt":{"rendered":"<p>\u0130srail Maliye Bakan\u0131 Bezalel Smotrich, Cumhurba\u015fkan\u0131 Recep Tayyip Erdo\u011fan&#8217;\u0131n \u0130srail&#8217;e ihracat\u0131 durdurma karar\u0131na yan\u0131t olarak T\u00fcrkiye ile serbest ticaret anla\u015fmas\u0131n\u0131 iptal edece\u011fini ve T\u00fcrk ithalat\u0131na y\u00fczde 100 g\u00fcmr\u00fck vergisi uygulayaca\u011f\u0131n\u0131 s\u00f6yledi. T\u00fcrkiye Ticaret Bakanl\u0131\u011f\u0131, 2 May\u0131s\u2019ta \u0130srail ile yap\u0131lan t\u00fcm ticaretini durdurma karar\u0131 ald\u0131\u011f\u0131n\u0131 duyurmu\u015ftu. \u0130srailli bakan Bezalel Smotrich, sosyal medya platformu X hesab\u0131ndan yapt\u0131\u011f\u0131 [&hellip;]<\/p>\n","protected":false},"author":2,"featured_media":1029554,"comment_status":"closed","ping_status":"closed","sticky":false,"template":"","format":"standard","meta":{"footnotes":""},"categories":[29],"tags":[],"class_list":["post-1029553","post","type-post","status-publish","format-standard","has-post-thumbnail","hentry","category-ortadogu"],"blocksy_meta":[],"seo_head":"<!-- This site is optimized with the Yoast SEO plugin v27.5 - https:\/\/yoast.com\/product\/yoast-seo-wordpress\/ -->\n<title>\u0130srail, T\u00fcrkiye ile olan serbest ticaret anla\u015fmas\u0131n\u0131 feshediyor - Darka Mazi<\/title>\n<meta name=\"robots\" content=\"index, follow, max-snippet:-1, max-image-preview:large, max-video-preview:-1\" \/>\n<link rel=\"canonical\" href=\"https:\/\/darkamazi.site\/archives\/1029553\" \/>\n<meta property=\"og:locale\" content=\"en_US\" \/>\n<meta property=\"og:type\" content=\"article\" \/>\n<meta property=\"og:title\" content=\"\u0130srail, T\u00fcrkiye ile olan serbest ticaret anla\u015fmas\u0131n\u0131 feshediyor - Darka Mazi\" \/>\n<meta property=\"og:description\" content=\"\u0130srail Maliye Bakan\u0131 Bezalel Smotrich, Cumhurba\u015fkan\u0131 Recep Tayyip Erdo\u011fan&#8217;\u0131n \u0130srail&#8217;e ihracat\u0131 durdurma karar\u0131na yan\u0131t olarak T\u00fcrkiye ile serbest ticaret anla\u015fmas\u0131n\u0131 iptal edece\u011fini ve T\u00fcrk ithalat\u0131na y\u00fczde 100 g\u00fcmr\u00fck vergisi uygulayaca\u011f\u0131n\u0131 s\u00f6yledi. T\u00fcrkiye Ticaret Bakanl\u0131\u011f\u0131, 2 May\u0131s\u2019ta \u0130srail ile yap\u0131lan t\u00fcm ticaretini durdurma karar\u0131 ald\u0131\u011f\u0131n\u0131 duyurmu\u015ftu. \u0130srailli bakan Bezalel Smotrich, sosyal medya platformu X hesab\u0131ndan yapt\u0131\u011f\u0131 [&hellip;]\" \/>\n<meta property=\"og:url\" content=\"https:\/\/darkamazi.site\/archives\/1029553\" \/>\n<meta property=\"og:site_name\" content=\"Darka Mazi\" \/>\n<meta property=\"article:publisher\" content=\"https:\/\/www.facebook.com\/DarkaMaziturkce\" \/>\n<meta property=\"article:published_time\" content=\"2024-05-18T07:28:32+00:00\" \/>\n<meta property=\"article:modified_time\" content=\"2026-03-31T13:19:27+00:00\" \/>\n<meta property=\"og:image\" content=\"https:\/\/darkamazi.site\/file\/2024\/05\/247546_od1b1.jpg\" \/>\n\t<meta property=\"og:image:width\" content=\"600\" \/>\n\t<meta property=\"og:image:height\" content=\"400\" \/>\n\t<meta property=\"og:image:type\" content=\"image\/jpeg\" \/>\n<meta name=\"author\" content=\"darka mazi\" \/>\n<meta name=\"twitter:card\" content=\"summary_large_image\" \/>\n<meta name=\"twitter:creator\" content=\"@DarkaMaziTurkce\" \/>\n<meta name=\"twitter:site\" content=\"@DarkaMaziTurkce\" \/>\n<meta name=\"twitter:label1\" content=\"Written by\" \/>\n\t<meta name=\"twitter:data1\" content=\"darka mazi\" \/>\n\t<meta name=\"twitter:label2\" content=\"Est. reading time\" \/>\n\t<meta name=\"twitter:data2\" content=\"1 minute\" \/>\n<script type=\"application\/ld+json\" class=\"seo-schema-graph\">{\"@context\":\"https:\\\/\\\/schema.org\",\"@graph\":[{\"@type\":\"NewsArticle\",\"@id\":\"https:\\\/\\\/darkamazi.site\\\/archives\\\/1029553#article\",\"isPartOf\":{\"@id\":\"https:\\\/\\\/darkamazi.site\\\/archives\\\/1029553\"},\"author\":{\"name\":\"darka mazi\",\"@id\":\"https:\\\/\\\/darkamazi.site\\\/#\\\/schema\\\/person\\\/67986a95ac546c16760365877ef4a9d3\"},\"headline\":\"\u0130srail, T\u00fcrkiye ile olan serbest ticaret anla\u015fmas\u0131n\u0131 feshediyor\",\"datePublished\":\"2024-05-18T07:28:32+00:00\",\"dateModified\":\"2026-03-31T13:19:27+00:00\",\"mainEntityOfPage\":{\"@id\":\"https:\\\/\\\/darkamazi.site\\\/archives\\\/1029553\"},\"wordCount\":275,\"publisher\":{\"@id\":\"https:\\\/\\\/darkamazi.site\\\/#organization\"},\"image\":{\"@id\":\"https:\\\/\\\/darkamazi.site\\\/archives\\\/1029553#primaryimage\"},\"thumbnailUrl\":\"https:\\\/\\\/darkamazi.site\\\/darka-content\\\/uploads\\\/2024\\\/05\\\/247546_od1b1.jpg\",\"articleSection\":[\"Ortado\u011fu\"],\"inLanguage\":\"en-US\"},{\"@type\":\"WebPage\",\"@id\":\"https:\\\/\\\/darkamazi.site\\\/archives\\\/1029553\",\"url\":\"https:\\\/\\\/darkamazi.site\\\/archives\\\/1029553\",\"name\":\"\u0130srail, T\u00fcrkiye ile olan serbest ticaret anla\u015fmas\u0131n\u0131 feshediyor - Darka Mazi\",\"isPartOf\":{\"@id\":\"https:\\\/\\\/darkamazi.site\\\/#website\"},\"primaryImageOfPage\":{\"@id\":\"https:\\\/\\\/darkamazi.site\\\/archives\\\/1029553#primaryimage\"},\"image\":{\"@id\":\"https:\\\/\\\/darkamazi.site\\\/archives\\\/1029553#primaryimage\"},\"thumbnailUrl\":\"https:\\\/\\\/darkamazi.site\\\/darka-content\\\/uploads\\\/2024\\\/05\\\/247546_od1b1.jpg\",\"datePublished\":\"2024-05-18T07:28:32+00:00\",\"dateModified\":\"2026-03-31T13:19:27+00:00\",\"breadcrumb\":{\"@id\":\"https:\\\/\\\/darkamazi.site\\\/archives\\\/1029553#breadcrumb\"},\"inLanguage\":\"en-US\",\"potentialAction\":[{\"@type\":\"ReadAction\",\"target\":[\"https:\\\/\\\/darkamazi.site\\\/archives\\\/1029553\"]}]},{\"@type\":\"ImageObject\",\"inLanguage\":\"en-US\",\"@id\":\"https:\\\/\\\/darkamazi.site\\\/archives\\\/1029553#primaryimage\",\"url\":\"https:\\\/\\\/darkamazi.site\\\/darka-content\\\/uploads\\\/2024\\\/05\\\/247546_od1b1.jpg\",\"contentUrl\":\"https:\\\/\\\/darkamazi.site\\\/darka-content\\\/uploads\\\/2024\\\/05\\\/247546_od1b1.jpg\",\"width\":600,\"height\":400,\"caption\":\"\u0130srail, T\u00fcrkiye ile olan serbest ticaret anla\u015fmas\u0131n\u0131 feshediyor\"},{\"@type\":\"BreadcrumbList\",\"@id\":\"https:\\\/\\\/darkamazi.site\\\/archives\\\/1029553#breadcrumb\",\"itemListElement\":[{\"@type\":\"ListItem\",\"position\":1,\"name\":\"Home\",\"item\":\"https:\\\/\\\/darkamazi.site\\\/\"},{\"@type\":\"ListItem\",\"position\":2,\"name\":\"\u0130srail, T\u00fcrkiye ile olan serbest ticaret anla\u015fmas\u0131n\u0131 feshediyor\"}]},{\"@type\":\"WebSite\",\"@id\":\"https:\\\/\\\/darkamazi.site\\\/#website\",\"url\":\"https:\\\/\\\/darkamazi.site\\\/\",\"name\":\"Darka Mazi\",\"description\":\"Ana Sayfa\",\"publisher\":{\"@id\":\"https:\\\/\\\/darkamazi.site\\\/#organization\"},\"potentialAction\":[{\"@type\":\"SearchAction\",\"target\":{\"@type\":\"EntryPoint\",\"urlTemplate\":\"https:\\\/\\\/darkamazi.site\\\/?s={search_term_string}\"},\"query-input\":{\"@type\":\"PropertyValueSpecification\",\"valueRequired\":true,\"valueName\":\"search_term_string\"}}],\"inLanguage\":\"en-US\"},{\"@type\":\"Organization\",\"@id\":\"https:\\\/\\\/darkamazi.site\\\/#organization\",\"name\":\"Darka Mazi T\u00fcrk\u00e7e\",\"alternateName\":\"Darka Mazi\",\"url\":\"https:\\\/\\\/darkamazi.site\\\/\",\"logo\":{\"@type\":\"ImageObject\",\"inLanguage\":\"en-US\",\"@id\":\"https:\\\/\\\/darkamazi.site\\\/#\\\/schema\\\/logo\\\/image\\\/\",\"url\":\"https:\\\/\\\/darkamazi.site\\\/darka-content\\\/uploads\\\/2017\\\/12\\\/darka-mazi-logo.png\",\"contentUrl\":\"https:\\\/\\\/darkamazi.site\\\/darka-content\\\/uploads\\\/2017\\\/12\\\/darka-mazi-logo.png\",\"width\":151,\"height\":75,\"caption\":\"Darka Mazi T\u00fcrk\u00e7e\"},\"image\":{\"@id\":\"https:\\\/\\\/darkamazi.site\\\/#\\\/schema\\\/logo\\\/image\\\/\"},\"sameAs\":[\"https:\\\/\\\/www.facebook.com\\\/DarkaMaziturkce\",\"https:\\\/\\\/x.com\\\/DarkaMaziTurkce\"]},{\"@type\":\"Person\",\"@id\":\"https:\\\/\\\/darkamazi.site\\\/#\\\/schema\\\/person\\\/67986a95ac546c16760365877ef4a9d3\",\"name\":\"darka mazi\",\"sameAs\":[\"https:\\\/\\\/darkamazi.site\"],\"url\":\"https:\\\/\\\/darkamazi.site\\\/archives\\\/author\\\/turkish\"}]}<\/script>\n<!-- \/ Yoast SEO plugin. -->","seo_head_json":{"title":"\u0130srail, T\u00fcrkiye ile olan serbest ticaret anla\u015fmas\u0131n\u0131 feshediyor - Darka Mazi","robots":{"index":"index","follow":"follow","max-snippet":"max-snippet:-1","max-image-preview":"max-image-preview:large","max-video-preview":"max-video-preview:-1"},"canonical":"https:\/\/darkamazi.site\/archives\/1029553","og_locale":"en_US","og_type":"article","og_title":"\u0130srail, T\u00fcrkiye ile olan serbest ticaret anla\u015fmas\u0131n\u0131 feshediyor - Darka Mazi","og_description":"\u0130srail Maliye Bakan\u0131 Bezalel Smotrich, Cumhurba\u015fkan\u0131 Recep Tayyip Erdo\u011fan&#8217;\u0131n \u0130srail&#8217;e ihracat\u0131 durdurma karar\u0131na yan\u0131t olarak T\u00fcrkiye ile serbest ticaret anla\u015fmas\u0131n\u0131 iptal edece\u011fini ve T\u00fcrk ithalat\u0131na y\u00fczde 100 g\u00fcmr\u00fck vergisi uygulayaca\u011f\u0131n\u0131 s\u00f6yledi. T\u00fcrkiye Ticaret Bakanl\u0131\u011f\u0131, 2 May\u0131s\u2019ta \u0130srail ile yap\u0131lan t\u00fcm ticaretini durdurma karar\u0131 ald\u0131\u011f\u0131n\u0131 duyurmu\u015ftu. \u0130srailli bakan Bezalel Smotrich, sosyal medya platformu X hesab\u0131ndan yapt\u0131\u011f\u0131 [&hellip;]","og_url":"https:\/\/darkamazi.site\/archives\/1029553","og_site_name":"Darka Mazi","article_publisher":"https:\/\/www.facebook.com\/DarkaMaziturkce","article_published_time":"2024-05-18T07:28:32+00:00","article_modified_time":"2026-03-31T13:19:27+00:00","og_image":[{"width":600,"height":400,"url":"https:\/\/darkamazi.site\/file\/2024\/05\/247546_od1b1.jpg","type":"image\/jpeg"}],"author":"darka mazi","twitter_card":"summary_large_image","twitter_creator":"@DarkaMaziTurkce","twitter_site":"@DarkaMaziTurkce","twitter_misc":{"Written by":"darka mazi","Est. reading time":"1 minute"},"schema":{"@context":"https:\/\/schema.org","@graph":[{"@type":"NewsArticle","@id":"https:\/\/darkamazi.site\/archives\/1029553#article","isPartOf":{"@id":"https:\/\/darkamazi.site\/archives\/1029553"},"author":{"name":"darka mazi","@id":"https:\/\/darkamazi.site\/#\/schema\/person\/67986a95ac546c16760365877ef4a9d3"},"headline":"\u0130srail, T\u00fcrkiye ile olan serbest ticaret anla\u015fmas\u0131n\u0131 feshediyor","datePublished":"2024-05-18T07:28:32+00:00","dateModified":"2026-03-31T13:19:27+00:00","mainEntityOfPage":{"@id":"https:\/\/darkamazi.site\/archives\/1029553"},"wordCount":275,"publisher":{"@id":"https:\/\/darkamazi.site\/#organization"},"image":{"@id":"https:\/\/darkamazi.site\/archives\/1029553#primaryimage"},"thumbnailUrl":"https:\/\/darkamazi.site\/file\/2024\/05\/247546_od1b1.jpg","articleSection":["Ortado\u011fu"],"inLanguage":"en-US"},{"@type":"WebPage","@id":"https:\/\/darkamazi.site\/archives\/1029553","url":"https:\/\/darkamazi.site\/archives\/1029553","name":"\u0130srail, T\u00fcrkiye ile olan serbest ticaret anla\u015fmas\u0131n\u0131 feshediyor - Darka Mazi","isPartOf":{"@id":"https:\/\/darkamazi.site\/#website"},"primaryImageOfPage":{"@id":"https:\/\/darkamazi.site\/archives\/1029553#primaryimage"},"image":{"@id":"https:\/\/darkamazi.site\/archives\/1029553#primaryimage"},"thumbnailUrl":"https:\/\/darkamazi.site\/file\/2024\/05\/247546_od1b1.jpg","datePublished":"2024-05-18T07:28:32+00:00","dateModified":"2026-03-31T13:19:27+00:00","breadcrumb":{"@id":"https:\/\/darkamazi.site\/archives\/1029553#breadcrumb"},"inLanguage":"en-US","potentialAction":[{"@type":"ReadAction","target":["https:\/\/darkamazi.site\/archives\/1029553"]}]},{"@type":"ImageObject","inLanguage":"en-US","@id":"https:\/\/darkamazi.site\/archives\/1029553#primaryimage","url":"https:\/\/darkamazi.site\/file\/2024\/05\/247546_od1b1.jpg","contentUrl":"https:\/\/darkamazi.site\/file\/2024\/05\/247546_od1b1.jpg","width":600,"height":400,"caption":"\u0130srail, T\u00fcrkiye ile olan serbest ticaret anla\u015fmas\u0131n\u0131 feshediyor"},{"@type":"BreadcrumbList","@id":"https:\/\/darkamazi.site\/archives\/1029553#breadcrumb","itemListElement":[{"@type":"ListItem","position":1,"name":"Home","item":"https:\/\/darkamazi.site\/"},{"@type":"ListItem","position":2,"name":"\u0130srail, T\u00fcrkiye ile olan serbest ticaret anla\u015fmas\u0131n\u0131 feshediyor"}]},{"@type":"WebSite","@id":"https:\/\/darkamazi.site\/#website","url":"https:\/\/darkamazi.site\/","name":"Darka Mazi","description":"Ana Sayfa","publisher":{"@id":"https:\/\/darkamazi.site\/#organization"},"potentialAction":[{"@type":"SearchAction","target":{"@type":"EntryPoint","urlTemplate":"https:\/\/darkamazi.site\/?s={search_term_string}"},"query-input":{"@type":"PropertyValueSpecification","valueRequired":true,"valueName":"search_term_string"}}],"inLanguage":"en-US"},{"@type":"Organization","@id":"https:\/\/darkamazi.site\/#organization","name":"Darka Mazi T\u00fcrk\u00e7e","alternateName":"Darka Mazi","url":"https:\/\/darkamazi.site\/","logo":{"@type":"ImageObject","inLanguage":"en-US","@id":"https:\/\/darkamazi.site\/#\/schema\/logo\/image\/","url":"https:\/\/darkamazi.site\/file\/2017\/12\/darka-mazi-logo.png","contentUrl":"https:\/\/darkamazi.site\/file\/2017\/12\/darka-mazi-logo.png","width":151,"height":75,"caption":"Darka Mazi T\u00fcrk\u00e7e"},"image":{"@id":"https:\/\/darkamazi.site\/#\/schema\/logo\/image\/"},"sameAs":["https:\/\/www.facebook.com\/DarkaMaziturkce","https:\/\/x.com\/DarkaMaziTurkce"]},{"@type":"Person","@id":"https:\/\/darkamazi.site\/#\/schema\/person\/67986a95ac546c16760365877ef4a9d3","name":"darka mazi","sameAs":["https:\/\/darkamazi.site"],"url":"https:\/\/darkamazi.site\/archives\/author\/turkish"}]}},"_links":{"self":[{"href":"https:\/\/darkamazi.site\/funavuv\/wp\/v2\/posts\/1029553","targetHints":{"allow":["GET"]}}],"collection":[{"href":"https:\/\/darkamazi.site\/funavuv\/wp\/v2\/posts"}],"about":[{"href":"https:\/\/darkamazi.site\/funavuv\/wp\/v2\/types\/post"}],"author":[{"embeddable":true,"href":"https:\/\/darkamazi.site\/funavuv\/wp\/v2\/users\/2"}],"replies":[{"embeddable":true,"href":"https:\/\/darkamazi.site\/funavuv\/wp\/v2\/comments?post=1029553"}],"version-history":[{"count":0,"href":"https:\/\/darkamazi.site\/funavuv\/wp\/v2\/posts\/1029553\/revisions"}],"wp:featuredmedia":[{"embeddable":true,"href":"https:\/\/darkamazi.site\/funavuv\/wp\/v2\/media\/1029554"}],"wp:attachment":[{"href":"https:\/\/darkamazi.site\/funavuv\/wp\/v2\/media?parent=1029553"}],"wp:term":[{"taxonomy":"category","embeddable":true,"href":"https:\/\/darkamazi.site\/funavuv\/wp\/v2\/categories?post=1029553"},{"taxonomy":"post_tag","embeddable":true,"href":"https:\/\/darkamazi.site\/funavuv\/wp\/v2\/tags?post=1029553"}],"curies":[{"name":"wp","href":"https:\/\/api.w.org\/{rel}","templated":true}]}}