{"id":1029595,"date":"2024-05-20T10:33:59","date_gmt":"2024-05-20T07:33:59","guid":{"rendered":"https:\/\/darkamazi.site\/?p=1029595"},"modified":"2026-03-31T16:19:04","modified_gmt":"2026-03-31T13:19:04","slug":"kurdistan-bolgesi-baskanindan-iran-cumhuriyetine-bassagligi","status":"publish","type":"post","link":"https:\/\/darkamazi.site\/archives\/1029595","title":{"rendered":"K\u00fcrdistan B\u00f6lgesi Ba\u015fkan\u0131&#8217;ndan \u0130ran Cumhuriyeti&#8217;ne ba\u015fsa\u011fl\u0131\u011f\u0131"},"content":{"rendered":"<p><span style=\"font-family: 'arial black', sans-serif\"><strong>K\u00fcrdistan B\u00f6lgesi Ba\u015fkan\u0131 Ne\u00e7irvan Barzani, \u0130ran Cumhuriyeti\u2019ne ba\u015fsa\u011fl\u0131\u011f\u0131 dileyerek, \u201c\u0130ran Cumhurba\u015fkan\u0131 \u0130brahim Reisi\u2019nin vefat\u0131n\u0131n &#8220;\u0130slam Cumhuriyeti, halk\u0131 ile dostlar\u0131 i\u00e7in ac\u0131 bir \u00fcz\u00fcnt\u00fc ve b\u00fcy\u00fck bir kay\u0131pt\u0131r&#8221; oldu\u011funu belirtti.<\/strong><\/span><\/p>\n<p>Ne\u00e7irvan Barzani, \u0130ran Cumhurba\u015fkan\u0131 Reisi, D\u0131\u015fi\u015fleri Bakan\u0131 H\u00fcseyin Emir Abdullahiyan ve beraberindekilerin, 19 May\u0131s Pazar g\u00fcn\u00fc ya\u015fanan helikopter kazas\u0131nda hayat\u0131n\u0131 kaybetmesi dolay\u0131s\u0131yla ba\u015fsa\u011fl\u0131\u011f\u0131 mesaj\u0131 payla\u015ft\u0131.<\/p>\n<p>K\u00fcrdistan B\u00f6lgesi Ba\u015fkan\u0131, \u201c\u0130ran \u0130slam Cumhuriyeti&#8217;nin merhum Cumhurba\u015fkan\u0131 \u0130brahim Reisi, merhum D\u0131\u015fi\u015fleri Bakan\u0131 H\u00fcseyin Emir Abdullahiyan ve yanlar\u0131ndaki yard\u0131mc\u0131lar\u0131n\u0131n helikopter kazas\u0131nda hayat\u0131n\u0131 kaybetti\u011fi ac\u0131 haber, bizleri derinden \u00fczd\u00fc.\u201d dedi.<\/p>\n<p>\u201cBu zor d\u00f6nemde ba\u015fta \u0130slam Cumhuriyeti Lideri Say\u0131n Seyyid Ali Hamaney olmak \u00fczere, \u0130ran h\u00fck\u00fcmetine ile dost ve kom\u015fu \u0130ran ve sayg\u0131de\u011fer ailelerine en i\u00e7ten ba\u015fsa\u011fl\u0131\u011f\u0131 dileklerimizi iletiyoruz.\u201d diyen Ne\u00e7irvan Barzani, \u201cCenab-\u0131 Allah&#8217;tan, vefat edenlerin ruhlar\u0131n\u0131 rahmetiyle bereketlendirmesini, herkese huzur ve rahatl\u0131k vermesini\u201d niyaz etti.<\/p>\n<p>Dini Lider Ali Hamaney\u2019e ve \u0130ran halk\u0131n\u0131n ac\u0131s\u0131n\u0131 payla\u015fan Ne\u00e7irvan Barzani, \u201cMerhum Cumhurba\u015fkan\u0131 Reisi&#8217;nin vefat\u0131 \u0130slam Cumhuriyeti, \u0130ran&#8217;\u0131n M\u00fcsl\u00fcman halk\u0131 ve dostlar\u0131 i\u00e7in b\u00fcy\u00fck bir kay\u0131pt\u0131r ancak biz, \u0130ran&#8217;\u0131n ve \u0130slam Cumhuriyeti&#8217;nin yi\u011fit halk\u0131n\u0131n bu zorlu\u011fun \u00fcstesinden gelece\u011finden eminiz.\u201d ifadesini kulland\u0131.<\/p>\n","protected":false},"excerpt":{"rendered":"<p>K\u00fcrdistan B\u00f6lgesi Ba\u015fkan\u0131 Ne\u00e7irvan Barzani, \u0130ran Cumhuriyeti\u2019ne ba\u015fsa\u011fl\u0131\u011f\u0131 dileyerek, \u201c\u0130ran Cumhurba\u015fkan\u0131 \u0130brahim Reisi\u2019nin vefat\u0131n\u0131n &#8220;\u0130slam Cumhuriyeti, halk\u0131 ile dostlar\u0131 i\u00e7in ac\u0131 bir \u00fcz\u00fcnt\u00fc ve b\u00fcy\u00fck bir kay\u0131pt\u0131r&#8221; oldu\u011funu belirtti. Ne\u00e7irvan Barzani, \u0130ran Cumhurba\u015fkan\u0131 Reisi, D\u0131\u015fi\u015fleri Bakan\u0131 H\u00fcseyin Emir Abdullahiyan ve beraberindekilerin, 19 May\u0131s Pazar g\u00fcn\u00fc ya\u015fanan helikopter kazas\u0131nda hayat\u0131n\u0131 kaybetmesi dolay\u0131s\u0131yla ba\u015fsa\u011fl\u0131\u011f\u0131 mesaj\u0131 payla\u015ft\u0131. K\u00fcrdistan [&hellip;]<\/p>\n","protected":false},"author":2,"featured_media":1029596,"comment_status":"closed","ping_status":"closed","sticky":false,"template":"","format":"standard","meta":{"footnotes":""},"categories":[3],"tags":[],"class_list":["post-1029595","post","type-post","status-publish","format-standard","has-post-thumbnail","hentry","category-kurdistan"],"blocksy_meta":[],"seo_head":"<!-- This site is optimized with the Yoast SEO plugin v27.5 - https:\/\/yoast.com\/product\/yoast-seo-wordpress\/ -->\n<title>K\u00fcrdistan B\u00f6lgesi Ba\u015fkan\u0131&#039;ndan \u0130ran Cumhuriyeti&#039;ne ba\u015fsa\u011fl\u0131\u011f\u0131 - Darka Mazi<\/title>\n<meta name=\"robots\" content=\"index, follow, max-snippet:-1, max-image-preview:large, max-video-preview:-1\" \/>\n<link rel=\"canonical\" href=\"https:\/\/darkamazi.site\/archives\/1029595\" \/>\n<meta property=\"og:locale\" content=\"en_US\" \/>\n<meta property=\"og:type\" content=\"article\" \/>\n<meta property=\"og:title\" content=\"K\u00fcrdistan B\u00f6lgesi Ba\u015fkan\u0131&#039;ndan \u0130ran Cumhuriyeti&#039;ne ba\u015fsa\u011fl\u0131\u011f\u0131 - Darka Mazi\" \/>\n<meta property=\"og:description\" content=\"K\u00fcrdistan B\u00f6lgesi Ba\u015fkan\u0131 Ne\u00e7irvan Barzani, \u0130ran Cumhuriyeti\u2019ne ba\u015fsa\u011fl\u0131\u011f\u0131 dileyerek, \u201c\u0130ran Cumhurba\u015fkan\u0131 \u0130brahim Reisi\u2019nin vefat\u0131n\u0131n &#8220;\u0130slam Cumhuriyeti, halk\u0131 ile dostlar\u0131 i\u00e7in ac\u0131 bir \u00fcz\u00fcnt\u00fc ve b\u00fcy\u00fck bir kay\u0131pt\u0131r&#8221; oldu\u011funu belirtti. Ne\u00e7irvan Barzani, \u0130ran Cumhurba\u015fkan\u0131 Reisi, D\u0131\u015fi\u015fleri Bakan\u0131 H\u00fcseyin Emir Abdullahiyan ve beraberindekilerin, 19 May\u0131s Pazar g\u00fcn\u00fc ya\u015fanan helikopter kazas\u0131nda hayat\u0131n\u0131 kaybetmesi dolay\u0131s\u0131yla ba\u015fsa\u011fl\u0131\u011f\u0131 mesaj\u0131 payla\u015ft\u0131. K\u00fcrdistan [&hellip;]\" \/>\n<meta property=\"og:url\" content=\"https:\/\/darkamazi.site\/archives\/1029595\" \/>\n<meta property=\"og:site_name\" content=\"Darka Mazi\" \/>\n<meta property=\"article:publisher\" content=\"https:\/\/www.facebook.com\/DarkaMaziturkce\" \/>\n<meta property=\"article:published_time\" content=\"2024-05-20T07:33:59+00:00\" \/>\n<meta property=\"article:modified_time\" content=\"2026-03-31T13:19:04+00:00\" \/>\n<meta property=\"og:image\" content=\"https:\/\/darkamazi.site\/file\/2024\/05\/GM55rwXWYAARxBB.jpeg\" \/>\n\t<meta property=\"og:image:width\" content=\"1280\" \/>\n\t<meta property=\"og:image:height\" content=\"853\" \/>\n\t<meta property=\"og:image:type\" content=\"image\/jpeg\" \/>\n<meta name=\"author\" content=\"darka mazi\" \/>\n<meta name=\"twitter:card\" content=\"summary_large_image\" \/>\n<meta name=\"twitter:creator\" content=\"@DarkaMaziTurkce\" \/>\n<meta name=\"twitter:site\" content=\"@DarkaMaziTurkce\" \/>\n<meta name=\"twitter:label1\" content=\"Written by\" \/>\n\t<meta name=\"twitter:data1\" content=\"darka mazi\" \/>\n\t<meta name=\"twitter:label2\" content=\"Est. reading time\" \/>\n\t<meta name=\"twitter:data2\" content=\"1 minute\" \/>\n<script type=\"application\/ld+json\" class=\"seo-schema-graph\">{\"@context\":\"https:\\\/\\\/schema.org\",\"@graph\":[{\"@type\":\"NewsArticle\",\"@id\":\"https:\\\/\\\/darkamazi.site\\\/archives\\\/1029595#article\",\"isPartOf\":{\"@id\":\"https:\\\/\\\/darkamazi.site\\\/archives\\\/1029595\"},\"author\":{\"name\":\"darka mazi\",\"@id\":\"https:\\\/\\\/darkamazi.site\\\/#\\\/schema\\\/person\\\/67986a95ac546c16760365877ef4a9d3\"},\"headline\":\"K\u00fcrdistan B\u00f6lgesi Ba\u015fkan\u0131&#8217;ndan \u0130ran Cumhuriyeti&#8217;ne ba\u015fsa\u011fl\u0131\u011f\u0131\",\"datePublished\":\"2024-05-20T07:33:59+00:00\",\"dateModified\":\"2026-03-31T13:19:04+00:00\",\"mainEntityOfPage\":{\"@id\":\"https:\\\/\\\/darkamazi.site\\\/archives\\\/1029595\"},\"wordCount\":269,\"publisher\":{\"@id\":\"https:\\\/\\\/darkamazi.site\\\/#organization\"},\"image\":{\"@id\":\"https:\\\/\\\/darkamazi.site\\\/archives\\\/1029595#primaryimage\"},\"thumbnailUrl\":\"https:\\\/\\\/darkamazi.site\\\/darka-content\\\/uploads\\\/2024\\\/05\\\/GM55rwXWYAARxBB.jpeg\",\"articleSection\":[\"Kurdistan\"],\"inLanguage\":\"en-US\"},{\"@type\":\"WebPage\",\"@id\":\"https:\\\/\\\/darkamazi.site\\\/archives\\\/1029595\",\"url\":\"https:\\\/\\\/darkamazi.site\\\/archives\\\/1029595\",\"name\":\"K\u00fcrdistan B\u00f6lgesi Ba\u015fkan\u0131'ndan \u0130ran Cumhuriyeti'ne ba\u015fsa\u011fl\u0131\u011f\u0131 - Darka Mazi\",\"isPartOf\":{\"@id\":\"https:\\\/\\\/darkamazi.site\\\/#website\"},\"primaryImageOfPage\":{\"@id\":\"https:\\\/\\\/darkamazi.site\\\/archives\\\/1029595#primaryimage\"},\"image\":{\"@id\":\"https:\\\/\\\/darkamazi.site\\\/archives\\\/1029595#primaryimage\"},\"thumbnailUrl\":\"https:\\\/\\\/darkamazi.site\\\/darka-content\\\/uploads\\\/2024\\\/05\\\/GM55rwXWYAARxBB.jpeg\",\"datePublished\":\"2024-05-20T07:33:59+00:00\",\"dateModified\":\"2026-03-31T13:19:04+00:00\",\"breadcrumb\":{\"@id\":\"https:\\\/\\\/darkamazi.site\\\/archives\\\/1029595#breadcrumb\"},\"inLanguage\":\"en-US\",\"potentialAction\":[{\"@type\":\"ReadAction\",\"target\":[\"https:\\\/\\\/darkamazi.site\\\/archives\\\/1029595\"]}]},{\"@type\":\"ImageObject\",\"inLanguage\":\"en-US\",\"@id\":\"https:\\\/\\\/darkamazi.site\\\/archives\\\/1029595#primaryimage\",\"url\":\"https:\\\/\\\/darkamazi.site\\\/darka-content\\\/uploads\\\/2024\\\/05\\\/GM55rwXWYAARxBB.jpeg\",\"contentUrl\":\"https:\\\/\\\/darkamazi.site\\\/darka-content\\\/uploads\\\/2024\\\/05\\\/GM55rwXWYAARxBB.jpeg\",\"width\":1280,\"height\":853,\"caption\":\"K\u00fcrdistan B\u00f6lgesi Ba\u015fkan\u0131'ndan \u0130ran Cumhuriyeti'ne ba\u015fsa\u011fl\u0131\u011f\u0131\"},{\"@type\":\"BreadcrumbList\",\"@id\":\"https:\\\/\\\/darkamazi.site\\\/archives\\\/1029595#breadcrumb\",\"itemListElement\":[{\"@type\":\"ListItem\",\"position\":1,\"name\":\"Home\",\"item\":\"https:\\\/\\\/darkamazi.site\\\/\"},{\"@type\":\"ListItem\",\"position\":2,\"name\":\"K\u00fcrdistan B\u00f6lgesi Ba\u015fkan\u0131&#8217;ndan \u0130ran Cumhuriyeti&#8217;ne ba\u015fsa\u011fl\u0131\u011f\u0131\"}]},{\"@type\":\"WebSite\",\"@id\":\"https:\\\/\\\/darkamazi.site\\\/#website\",\"url\":\"https:\\\/\\\/darkamazi.site\\\/\",\"name\":\"Darka Mazi\",\"description\":\"Ana Sayfa\",\"publisher\":{\"@id\":\"https:\\\/\\\/darkamazi.site\\\/#organization\"},\"potentialAction\":[{\"@type\":\"SearchAction\",\"target\":{\"@type\":\"EntryPoint\",\"urlTemplate\":\"https:\\\/\\\/darkamazi.site\\\/?s={search_term_string}\"},\"query-input\":{\"@type\":\"PropertyValueSpecification\",\"valueRequired\":true,\"valueName\":\"search_term_string\"}}],\"inLanguage\":\"en-US\"},{\"@type\":\"Organization\",\"@id\":\"https:\\\/\\\/darkamazi.site\\\/#organization\",\"name\":\"Darka Mazi T\u00fcrk\u00e7e\",\"alternateName\":\"Darka Mazi\",\"url\":\"https:\\\/\\\/darkamazi.site\\\/\",\"logo\":{\"@type\":\"ImageObject\",\"inLanguage\":\"en-US\",\"@id\":\"https:\\\/\\\/darkamazi.site\\\/#\\\/schema\\\/logo\\\/image\\\/\",\"url\":\"https:\\\/\\\/darkamazi.site\\\/darka-content\\\/uploads\\\/2017\\\/12\\\/darka-mazi-logo.png\",\"contentUrl\":\"https:\\\/\\\/darkamazi.site\\\/darka-content\\\/uploads\\\/2017\\\/12\\\/darka-mazi-logo.png\",\"width\":151,\"height\":75,\"caption\":\"Darka Mazi T\u00fcrk\u00e7e\"},\"image\":{\"@id\":\"https:\\\/\\\/darkamazi.site\\\/#\\\/schema\\\/logo\\\/image\\\/\"},\"sameAs\":[\"https:\\\/\\\/www.facebook.com\\\/DarkaMaziturkce\",\"https:\\\/\\\/x.com\\\/DarkaMaziTurkce\"]},{\"@type\":\"Person\",\"@id\":\"https:\\\/\\\/darkamazi.site\\\/#\\\/schema\\\/person\\\/67986a95ac546c16760365877ef4a9d3\",\"name\":\"darka mazi\",\"sameAs\":[\"https:\\\/\\\/darkamazi.site\"],\"url\":\"https:\\\/\\\/darkamazi.site\\\/archives\\\/author\\\/turkish\"}]}<\/script>\n<!-- \/ Yoast SEO plugin. -->","seo_head_json":{"title":"K\u00fcrdistan B\u00f6lgesi Ba\u015fkan\u0131'ndan \u0130ran Cumhuriyeti'ne ba\u015fsa\u011fl\u0131\u011f\u0131 - Darka Mazi","robots":{"index":"index","follow":"follow","max-snippet":"max-snippet:-1","max-image-preview":"max-image-preview:large","max-video-preview":"max-video-preview:-1"},"canonical":"https:\/\/darkamazi.site\/archives\/1029595","og_locale":"en_US","og_type":"article","og_title":"K\u00fcrdistan B\u00f6lgesi Ba\u015fkan\u0131'ndan \u0130ran Cumhuriyeti'ne ba\u015fsa\u011fl\u0131\u011f\u0131 - Darka Mazi","og_description":"K\u00fcrdistan B\u00f6lgesi Ba\u015fkan\u0131 Ne\u00e7irvan Barzani, \u0130ran Cumhuriyeti\u2019ne ba\u015fsa\u011fl\u0131\u011f\u0131 dileyerek, \u201c\u0130ran Cumhurba\u015fkan\u0131 \u0130brahim Reisi\u2019nin vefat\u0131n\u0131n &#8220;\u0130slam Cumhuriyeti, halk\u0131 ile dostlar\u0131 i\u00e7in ac\u0131 bir \u00fcz\u00fcnt\u00fc ve b\u00fcy\u00fck bir kay\u0131pt\u0131r&#8221; oldu\u011funu belirtti. Ne\u00e7irvan Barzani, \u0130ran Cumhurba\u015fkan\u0131 Reisi, D\u0131\u015fi\u015fleri Bakan\u0131 H\u00fcseyin Emir Abdullahiyan ve beraberindekilerin, 19 May\u0131s Pazar g\u00fcn\u00fc ya\u015fanan helikopter kazas\u0131nda hayat\u0131n\u0131 kaybetmesi dolay\u0131s\u0131yla ba\u015fsa\u011fl\u0131\u011f\u0131 mesaj\u0131 payla\u015ft\u0131. K\u00fcrdistan [&hellip;]","og_url":"https:\/\/darkamazi.site\/archives\/1029595","og_site_name":"Darka Mazi","article_publisher":"https:\/\/www.facebook.com\/DarkaMaziturkce","article_published_time":"2024-05-20T07:33:59+00:00","article_modified_time":"2026-03-31T13:19:04+00:00","og_image":[{"width":1280,"height":853,"url":"https:\/\/darkamazi.site\/file\/2024\/05\/GM55rwXWYAARxBB.jpeg","type":"image\/jpeg"}],"author":"darka mazi","twitter_card":"summary_large_image","twitter_creator":"@DarkaMaziTurkce","twitter_site":"@DarkaMaziTurkce","twitter_misc":{"Written by":"darka mazi","Est. reading time":"1 minute"},"schema":{"@context":"https:\/\/schema.org","@graph":[{"@type":"NewsArticle","@id":"https:\/\/darkamazi.site\/archives\/1029595#article","isPartOf":{"@id":"https:\/\/darkamazi.site\/archives\/1029595"},"author":{"name":"darka mazi","@id":"https:\/\/darkamazi.site\/#\/schema\/person\/67986a95ac546c16760365877ef4a9d3"},"headline":"K\u00fcrdistan B\u00f6lgesi Ba\u015fkan\u0131&#8217;ndan \u0130ran Cumhuriyeti&#8217;ne ba\u015fsa\u011fl\u0131\u011f\u0131","datePublished":"2024-05-20T07:33:59+00:00","dateModified":"2026-03-31T13:19:04+00:00","mainEntityOfPage":{"@id":"https:\/\/darkamazi.site\/archives\/1029595"},"wordCount":269,"publisher":{"@id":"https:\/\/darkamazi.site\/#organization"},"image":{"@id":"https:\/\/darkamazi.site\/archives\/1029595#primaryimage"},"thumbnailUrl":"https:\/\/darkamazi.site\/file\/2024\/05\/GM55rwXWYAARxBB.jpeg","articleSection":["Kurdistan"],"inLanguage":"en-US"},{"@type":"WebPage","@id":"https:\/\/darkamazi.site\/archives\/1029595","url":"https:\/\/darkamazi.site\/archives\/1029595","name":"K\u00fcrdistan B\u00f6lgesi Ba\u015fkan\u0131'ndan \u0130ran Cumhuriyeti'ne ba\u015fsa\u011fl\u0131\u011f\u0131 - Darka Mazi","isPartOf":{"@id":"https:\/\/darkamazi.site\/#website"},"primaryImageOfPage":{"@id":"https:\/\/darkamazi.site\/archives\/1029595#primaryimage"},"image":{"@id":"https:\/\/darkamazi.site\/archives\/1029595#primaryimage"},"thumbnailUrl":"https:\/\/darkamazi.site\/file\/2024\/05\/GM55rwXWYAARxBB.jpeg","datePublished":"2024-05-20T07:33:59+00:00","dateModified":"2026-03-31T13:19:04+00:00","breadcrumb":{"@id":"https:\/\/darkamazi.site\/archives\/1029595#breadcrumb"},"inLanguage":"en-US","potentialAction":[{"@type":"ReadAction","target":["https:\/\/darkamazi.site\/archives\/1029595"]}]},{"@type":"ImageObject","inLanguage":"en-US","@id":"https:\/\/darkamazi.site\/archives\/1029595#primaryimage","url":"https:\/\/darkamazi.site\/file\/2024\/05\/GM55rwXWYAARxBB.jpeg","contentUrl":"https:\/\/darkamazi.site\/file\/2024\/05\/GM55rwXWYAARxBB.jpeg","width":1280,"height":853,"caption":"K\u00fcrdistan B\u00f6lgesi Ba\u015fkan\u0131'ndan \u0130ran Cumhuriyeti'ne ba\u015fsa\u011fl\u0131\u011f\u0131"},{"@type":"BreadcrumbList","@id":"https:\/\/darkamazi.site\/archives\/1029595#breadcrumb","itemListElement":[{"@type":"ListItem","position":1,"name":"Home","item":"https:\/\/darkamazi.site\/"},{"@type":"ListItem","position":2,"name":"K\u00fcrdistan B\u00f6lgesi Ba\u015fkan\u0131&#8217;ndan \u0130ran Cumhuriyeti&#8217;ne ba\u015fsa\u011fl\u0131\u011f\u0131"}]},{"@type":"WebSite","@id":"https:\/\/darkamazi.site\/#website","url":"https:\/\/darkamazi.site\/","name":"Darka Mazi","description":"Ana Sayfa","publisher":{"@id":"https:\/\/darkamazi.site\/#organization"},"potentialAction":[{"@type":"SearchAction","target":{"@type":"EntryPoint","urlTemplate":"https:\/\/darkamazi.site\/?s={search_term_string}"},"query-input":{"@type":"PropertyValueSpecification","valueRequired":true,"valueName":"search_term_string"}}],"inLanguage":"en-US"},{"@type":"Organization","@id":"https:\/\/darkamazi.site\/#organization","name":"Darka Mazi T\u00fcrk\u00e7e","alternateName":"Darka Mazi","url":"https:\/\/darkamazi.site\/","logo":{"@type":"ImageObject","inLanguage":"en-US","@id":"https:\/\/darkamazi.site\/#\/schema\/logo\/image\/","url":"https:\/\/darkamazi.site\/file\/2017\/12\/darka-mazi-logo.png","contentUrl":"https:\/\/darkamazi.site\/file\/2017\/12\/darka-mazi-logo.png","width":151,"height":75,"caption":"Darka Mazi T\u00fcrk\u00e7e"},"image":{"@id":"https:\/\/darkamazi.site\/#\/schema\/logo\/image\/"},"sameAs":["https:\/\/www.facebook.com\/DarkaMaziturkce","https:\/\/x.com\/DarkaMaziTurkce"]},{"@type":"Person","@id":"https:\/\/darkamazi.site\/#\/schema\/person\/67986a95ac546c16760365877ef4a9d3","name":"darka mazi","sameAs":["https:\/\/darkamazi.site"],"url":"https:\/\/darkamazi.site\/archives\/author\/turkish"}]}},"_links":{"self":[{"href":"https:\/\/darkamazi.site\/funavuv\/wp\/v2\/posts\/1029595","targetHints":{"allow":["GET"]}}],"collection":[{"href":"https:\/\/darkamazi.site\/funavuv\/wp\/v2\/posts"}],"about":[{"href":"https:\/\/darkamazi.site\/funavuv\/wp\/v2\/types\/post"}],"author":[{"embeddable":true,"href":"https:\/\/darkamazi.site\/funavuv\/wp\/v2\/users\/2"}],"replies":[{"embeddable":true,"href":"https:\/\/darkamazi.site\/funavuv\/wp\/v2\/comments?post=1029595"}],"version-history":[{"count":0,"href":"https:\/\/darkamazi.site\/funavuv\/wp\/v2\/posts\/1029595\/revisions"}],"wp:featuredmedia":[{"embeddable":true,"href":"https:\/\/darkamazi.site\/funavuv\/wp\/v2\/media\/1029596"}],"wp:attachment":[{"href":"https:\/\/darkamazi.site\/funavuv\/wp\/v2\/media?parent=1029595"}],"wp:term":[{"taxonomy":"category","embeddable":true,"href":"https:\/\/darkamazi.site\/funavuv\/wp\/v2\/categories?post=1029595"},{"taxonomy":"post_tag","embeddable":true,"href":"https:\/\/darkamazi.site\/funavuv\/wp\/v2\/tags?post=1029595"}],"curies":[{"name":"wp","href":"https:\/\/api.w.org\/{rel}","templated":true}]}}