{"id":1029635,"date":"2024-05-22T18:45:12","date_gmt":"2024-05-22T15:45:12","guid":{"rendered":"https:\/\/darkamazi.site\/?p=1029635"},"modified":"2024-05-22T18:55:50","modified_gmt":"2024-05-22T15:55:50","slug":"pkknin-sehitler-gunu-ve-sehitler-gunu-tiyatrosu","status":"publish","type":"post","link":"https:\/\/darkamazi.site\/archives\/1029635","title":{"rendered":"PKK\u2019nin &#8220;\u015eehitler G\u00fcn\u00fc&#8221;  tiyatrosu ve Haki Karer"},"content":{"rendered":"<p style=\"text-align: justify\">\u015eehit ve \u015fehitlik kavram\u0131 \u0130slam\u2019la beraber ortaya \u00e7\u0131ksa da milletlerde kendi kurtulu\u015f sava\u015flar\u0131nda vurulanlar\u0131 da \u015fehit ilan etmektedir. Yani kutsal-toplumsal dava i\u00e7in vurulanlar\u00a0 her gurubun kendi de\u011ferlerine g\u00f6re \u015fehit kabul edilir. Ortado\u011fu insan\u0131n bele\u011finde \u015fehitlik kavram\u0131 kutsald\u0131r ve \u015fehitleri tart\u0131\u015fmak k\u00fcf\u00fcr kabul edilir. Bir\u00e7ok zaman toplum bu kavram etraf\u0131nda motive edilmekte, hatta kand\u0131r\u0131lmaktad\u0131r.<\/p>\n<p style=\"text-align: justify\">\u015eehitleri \u00e7ok olan K\u00fcrt milleti i\u00e7inde \u015fehitlik kavram\u0131 \u00f6nemli bir kavram. Biz d\u00f6rt par\u00e7a K\u00fcrdistan\u2019da s\u00f6m\u00fcr\u00fclen bir halk oldu\u011fumuz i\u00e7in de halk\u0131m\u0131z\u0131n kurtulu\u015fu i\u00e7in hayat\u0131n\u0131 kaybeden, d\u00fc\u015fman taraf\u0131ndan katledilen her be\u015fer\u00ee Adem bir anlamda \u015fehittir. Fakat t\u00fcm Ortado\u011fu\u2019da oldu\u011fu gibi K\u00fcrtlerde de \u015fehitlik kavram\u0131n\u0131 istismar eden, \u015fehit kavram\u0131 ile toplumu s\u00f6m\u00fcrenler var ve PKK bu s\u00f6m\u00fcr\u00fc bi\u00e7iminin ba\u015f\u0131n\u0131 \u00e7ekiyor.<\/p>\n<p style=\"text-align: justify\">PKK, May\u0131s Ay\u0131n\u0131 \u2018\u015eehitler Ay\u0131\u2019, 18 May\u0131s\u2019\u0131 ise \u2018\u015eehitler G\u00fcn\u00fc\u2019 olarak ilan etmi\u015ftir.\u00a0 \u00c7\u00fcnk\u00fc 18 May\u0131s APO\u2019cu gurubun ilk \u00fcyelerinden Haki Karaer\u2019in vurulma g\u00fcn\u00fcd\u00fcr. PKK i\u00e7in \u015fehit kavram\u0131 b\u00fcy\u00fck bir istismar durumudur. PKK\u2019de \u015fehitli\u011fin bir \u00f6l\u00e7\u00fcs\u00fc yoktur. PKK istedi\u011fi ki\u015fiyi istedi\u011fi zaman \u015fehit kabul edip istedi\u011fi zaman da K\u00fcrdistan halk\u0131n\u0131n bir \u015fehidini hain-ajan ilan ediyor.\u00a0 K\u00fcrtlerin sadece 20 y\u00fczy\u0131lda yar\u0131m milyon insan\u0131 \u015fehittir PKK sadece kendi \u015fehitlerini kabul ediyor onu b\u0131rak\u0131n kendi \u015fehitlerini di\u011fer \u015fehitlerle yar\u0131\u015ft\u0131r\u0131p, \u201cbizimki daha fazla \u015fehit, bizimki ger\u00e7ek \u015fehit\u201d diyor. Yani kendi propaganda \u00e7izgisine g\u00f6re \u015fehit kavram\u0131n\u0131 kullan\u0131yor.<\/p>\n<p style=\"text-align: justify\">Bak\u0131yorsunuz son y\u0131llarda kendi i\u00e7indeki gencecik, \u00e7ocuk denecek ya\u015fta K\u00fcrt k\u0131zlar\u0131 ve o\u011fullar\u0131n\u0131n videolar\u0131n\u0131 \u00e7ekiyor, \u015fark\u0131 s\u00f6yletiyor. Sonra bunlar\u0131 \u00f6leceklerini bile bile hendeklere- t\u00fcnellere g\u00f6nderiyor. Vurulduklar\u0131 zamanda bu gen\u00e7lerin o videolar\u0131n\u0131 payla\u015f\u0131p \u00fczerinden propaganda yap\u0131yor. Asl\u0131nda \u015fehitler PKK\u2019nin onu ele\u015ftirenlere kar\u015f\u0131 kulland\u0131\u011f\u0131 en b\u00fcy\u00fck silah\u0131d\u0131r. PKK\u2019nin insanlar\u0131 susturmak i\u00e7in \u015fehitlere ihtiyac\u0131 vard\u0131r. \u015eehit olmad\u0131\u011f\u0131 zaman PKK\u2019de di\u011fer hareketler gibidir. Onu ayr\u0131\u015ft\u0131ran \u015fey \u015fehitleridir. Bunun i\u00e7in PKK\u2019nin \u015fehit kavram\u0131 vatansever-milli ve kurtulu\u015fu bir \u00e7izgi i\u00e7in de\u011fil kendi rant\u0131 i\u00e7in kullan\u0131yor.<\/p>\n<p style=\"text-align: justify\">Fakat PKK\u2019nin \u00f6zellikle Hakki Karer\u2019i \u015fehitler kavram\u0131n\u0131n merkezine oturtmas\u0131 hem K\u00fcrtlere hem de Karer\u2019in kendisine kar\u015f\u0131 b\u00fcy\u00fck bir k\u00f6t\u00fcl\u00fck i\u00e7ermektedir. Birincisi K\u00fcrtlerin \u015fehitlerine \u00f6nc\u00fc olarak T\u00fcrk bir ismi g\u00f6stermesi \u00d6calan\u2019\u0131n K\u00fcrtleri T\u00fcrkiye Cumhuriyeti\u2019nin temeline kurban etme siyasetinin bir par\u00e7as\u0131d\u0131r. K\u00fcrtler zaten tarih boyunca her \u015feyi elinden al\u0131nm\u0131\u015f ve s\u00f6m\u00fcrgecili\u011fe mahk\u00fbm b\u0131rak\u0131lm\u0131\u015ft\u0131r. \u00d6l\u00fcnce de niye bir T\u00fcrk\u2019\u00fcn \u00e7izgisinin arkas\u0131ndan \u00f6ls\u00fcn, hi\u00e7 mi K\u00fcrt yoktu? Haki Karer\u2019in \u00f6nc\u00fc ilan edilmesi K\u00fcrtl\u00fc\u011f\u00fc T\u00fcrk sisteminin kuyru\u011fu yapmak istemeye dayan\u0131yor.<br \/>\nBiz Karer\u2019in \u00f6nc\u00fc yap\u0131lmas\u0131 yanl\u0131\u015ft\u0131r derken Karer k\u00f6t\u00fc bir insand\u0131r demiyoruz. Karer ne ajand\u0131r, ne haindir ne de yanl\u0131\u015f biridir. Hata Karer \u00d6calan\u2019a tav\u0131r koymu\u015f bir isimdir. Ve Haki Karer\u2019i vuran PKK\u2019nin kendisidir. <a href=\"https:\/\/darkamazi.site\/archives\/1024960\">Bu konunun ayr\u0131nt\u0131s\u0131n\u0131 okumak isteyen \u015fu yaz\u0131dan okuya bilir:<\/a><\/p>\n<p style=\"text-align: justify\">Karer \u00d6calan\u2019a tav\u0131r koydu\u011fu ve onu ele\u015ftirip, \u00d6calan T\u00fcrk devleti ile olan ili\u015fkisini ele\u015ftirdi\u011fi i\u00e7in PKK taraf\u0131ndan vurulu\u015ftur. Tarihi yerli yerine koyal\u0131m \u00d6calan\u2019\u0131n Karer\u2019i vurdurdu\u011funu d\u00fc\u015f\u00fcnen onlarca isim; hatta PKK\u2019nin \u00f6nc\u00fc ilk 5 isminden Kamer \u00d6zkan bile o d\u00f6nem PKK\u2019ye tav\u0131r koyup ayr\u0131lm\u0131\u015ft\u0131r.<br \/>\nPKK\u2019nin ilk en b\u00fcy\u00fck tiyatrosu i\u015fte Karer\u2019in vurulmas\u0131d\u0131r. Kendisi vurmu\u015f daha sonra s\u00f6zde onun intikam\u0131n\u0131 oluyoruz diye Be\u015f Par\u00e7ac\u0131lar-Sterka Sor adl\u0131 \u00f6rg\u00fct\u00fc sald\u0131rm\u0131\u015f, onlar\u0131 ajan ilan etmi\u015f ve \u00f6rg\u00fct\u00fcn liderlerinden Alaattin Kaplan\u2019\u0131 bunun i\u00e7in vurmu\u015ftur. Ne Sterka Sor ne Alaattin Kaplan \u00a0ajand\u0131. Alaattin\u2019i tan\u0131yanlar Alaattin\u2019in sadece iki g\u00f6mlek ve iki g\u00f6mle\u011fi olan yoksul bir insan oldu\u011funu s\u00f6yl\u00fcyor. Yani PKK kendi cinayetini gizlemek i\u00e7in yoksul K\u00fcrd\u00fc ajan ilan etti. \u00a0\u00a0\u00a0\u0130\u015fte PKK\u2019nin 40 y\u0131ll\u0131k \u00f6zeti vur, \u015fehit ilan et, sonra onun intikam\u0131 i\u00e7in kalk K\u00fcrtlere sald\u0131r.<\/p>\n<p style=\"text-align: justify\">Bunun i\u00e7in \u015fehitleri tenzih ederek s\u00f6yl\u00fcyoruz \u015eehitler PKK\u2019nin rant kap\u0131s\u0131d\u0131r.\u00a0 \u015eehitler g\u00fcn\u00fc ve ay\u0131 da sadece bir tiyatrodur.<\/p>\n","protected":false},"excerpt":{"rendered":"<p>\u015eehit ve \u015fehitlik kavram\u0131 \u0130slam\u2019la beraber ortaya \u00e7\u0131ksa da milletlerde kendi kurtulu\u015f sava\u015flar\u0131nda vurulanlar\u0131 da \u015fehit ilan etmektedir. Yani kutsal-toplumsal dava i\u00e7in vurulanlar\u00a0 her gurubun kendi de\u011ferlerine g\u00f6re \u015fehit kabul edilir. Ortado\u011fu insan\u0131n bele\u011finde \u015fehitlik kavram\u0131 kutsald\u0131r ve \u015fehitleri tart\u0131\u015fmak k\u00fcf\u00fcr kabul edilir. Bir\u00e7ok zaman toplum bu kavram etraf\u0131nda motive edilmekte, hatta kand\u0131r\u0131lmaktad\u0131r. \u015eehitleri \u00e7ok [&hellip;]<\/p>\n","protected":false},"author":2,"featured_media":1029636,"comment_status":"closed","ping_status":"closed","sticky":false,"template":"","format":"standard","meta":{"footnotes":""},"categories":[26],"tags":[31],"class_list":["post-1029635","post","type-post","status-publish","format-standard","has-post-thumbnail","hentry","category-forum","tag-onemli"],"blocksy_meta":[],"seo_head":"<!-- This site is optimized with the Yoast SEO plugin v27.5 - https:\/\/yoast.com\/product\/yoast-seo-wordpress\/ -->\n<title>PKK\u2019nin &quot;\u015eehitler G\u00fcn\u00fc&quot; tiyatrosu ve Haki Karer - Darka Mazi<\/title>\n<meta name=\"robots\" content=\"index, follow, max-snippet:-1, max-image-preview:large, max-video-preview:-1\" \/>\n<link rel=\"canonical\" href=\"https:\/\/darkamazi.site\/archives\/1029635\" \/>\n<meta property=\"og:locale\" content=\"en_US\" \/>\n<meta property=\"og:type\" content=\"article\" \/>\n<meta property=\"og:title\" content=\"PKK\u2019nin &quot;\u015eehitler G\u00fcn\u00fc&quot; tiyatrosu ve Haki Karer - Darka Mazi\" \/>\n<meta property=\"og:description\" content=\"\u015eehit ve \u015fehitlik kavram\u0131 \u0130slam\u2019la beraber ortaya \u00e7\u0131ksa da milletlerde kendi kurtulu\u015f sava\u015flar\u0131nda vurulanlar\u0131 da \u015fehit ilan etmektedir. Yani kutsal-toplumsal dava i\u00e7in vurulanlar\u00a0 her gurubun kendi de\u011ferlerine g\u00f6re \u015fehit kabul edilir. Ortado\u011fu insan\u0131n bele\u011finde \u015fehitlik kavram\u0131 kutsald\u0131r ve \u015fehitleri tart\u0131\u015fmak k\u00fcf\u00fcr kabul edilir. Bir\u00e7ok zaman toplum bu kavram etraf\u0131nda motive edilmekte, hatta kand\u0131r\u0131lmaktad\u0131r. \u015eehitleri \u00e7ok [&hellip;]\" \/>\n<meta property=\"og:url\" content=\"https:\/\/darkamazi.site\/archives\/1029635\" \/>\n<meta property=\"og:site_name\" content=\"Darka Mazi\" \/>\n<meta property=\"article:publisher\" content=\"https:\/\/www.facebook.com\/DarkaMaziturkce\" \/>\n<meta property=\"article:published_time\" content=\"2024-05-22T15:45:12+00:00\" \/>\n<meta property=\"article:modified_time\" content=\"2024-05-22T15:55:50+00:00\" \/>\n<meta property=\"og:image\" content=\"https:\/\/darkamazi.site\/file\/2024\/05\/haqi-qerar.jpg\" \/>\n\t<meta property=\"og:image:width\" content=\"900\" \/>\n\t<meta property=\"og:image:height\" content=\"497\" \/>\n\t<meta property=\"og:image:type\" content=\"image\/jpeg\" \/>\n<meta name=\"author\" content=\"darka mazi\" \/>\n<meta name=\"twitter:card\" content=\"summary_large_image\" \/>\n<meta name=\"twitter:creator\" content=\"@DarkaMaziTurkce\" \/>\n<meta name=\"twitter:site\" content=\"@DarkaMaziTurkce\" \/>\n<meta name=\"twitter:label1\" content=\"Written by\" \/>\n\t<meta name=\"twitter:data1\" content=\"darka mazi\" \/>\n\t<meta name=\"twitter:label2\" content=\"Est. reading time\" \/>\n\t<meta name=\"twitter:data2\" content=\"3 minutes\" \/>\n<script type=\"application\/ld+json\" class=\"seo-schema-graph\">{\"@context\":\"https:\\\/\\\/schema.org\",\"@graph\":[{\"@type\":\"NewsArticle\",\"@id\":\"https:\\\/\\\/darkamazi.site\\\/archives\\\/1029635#article\",\"isPartOf\":{\"@id\":\"https:\\\/\\\/darkamazi.site\\\/archives\\\/1029635\"},\"author\":{\"name\":\"darka mazi\",\"@id\":\"https:\\\/\\\/darkamazi.site\\\/#\\\/schema\\\/person\\\/67986a95ac546c16760365877ef4a9d3\"},\"headline\":\"PKK\u2019nin &#8220;\u015eehitler G\u00fcn\u00fc&#8221; tiyatrosu ve Haki Karer\",\"datePublished\":\"2024-05-22T15:45:12+00:00\",\"dateModified\":\"2024-05-22T15:55:50+00:00\",\"mainEntityOfPage\":{\"@id\":\"https:\\\/\\\/darkamazi.site\\\/archives\\\/1029635\"},\"wordCount\":798,\"publisher\":{\"@id\":\"https:\\\/\\\/darkamazi.site\\\/#organization\"},\"image\":{\"@id\":\"https:\\\/\\\/darkamazi.site\\\/archives\\\/1029635#primaryimage\"},\"thumbnailUrl\":\"https:\\\/\\\/darkamazi.site\\\/darka-content\\\/uploads\\\/2024\\\/05\\\/haqi-qerar.jpg\",\"keywords\":[\"\u00f6nemli\"],\"articleSection\":[\"Forum\"],\"inLanguage\":\"en-US\"},{\"@type\":\"WebPage\",\"@id\":\"https:\\\/\\\/darkamazi.site\\\/archives\\\/1029635\",\"url\":\"https:\\\/\\\/darkamazi.site\\\/archives\\\/1029635\",\"name\":\"PKK\u2019nin \\\"\u015eehitler G\u00fcn\u00fc\\\" tiyatrosu ve Haki Karer - Darka Mazi\",\"isPartOf\":{\"@id\":\"https:\\\/\\\/darkamazi.site\\\/#website\"},\"primaryImageOfPage\":{\"@id\":\"https:\\\/\\\/darkamazi.site\\\/archives\\\/1029635#primaryimage\"},\"image\":{\"@id\":\"https:\\\/\\\/darkamazi.site\\\/archives\\\/1029635#primaryimage\"},\"thumbnailUrl\":\"https:\\\/\\\/darkamazi.site\\\/darka-content\\\/uploads\\\/2024\\\/05\\\/haqi-qerar.jpg\",\"datePublished\":\"2024-05-22T15:45:12+00:00\",\"dateModified\":\"2024-05-22T15:55:50+00:00\",\"breadcrumb\":{\"@id\":\"https:\\\/\\\/darkamazi.site\\\/archives\\\/1029635#breadcrumb\"},\"inLanguage\":\"en-US\",\"potentialAction\":[{\"@type\":\"ReadAction\",\"target\":[\"https:\\\/\\\/darkamazi.site\\\/archives\\\/1029635\"]}]},{\"@type\":\"ImageObject\",\"inLanguage\":\"en-US\",\"@id\":\"https:\\\/\\\/darkamazi.site\\\/archives\\\/1029635#primaryimage\",\"url\":\"https:\\\/\\\/darkamazi.site\\\/darka-content\\\/uploads\\\/2024\\\/05\\\/haqi-qerar.jpg\",\"contentUrl\":\"https:\\\/\\\/darkamazi.site\\\/darka-content\\\/uploads\\\/2024\\\/05\\\/haqi-qerar.jpg\",\"width\":900,\"height\":497,\"caption\":\"PKK\u2019nin \u015eehitler g\u00fcn\u00fc ve \u015fehitler g\u00fcn\u00fc tiyatrosu, Haki Karer, Kamer \u00d6zkan, \u00d6calan, Alattin Kaplan, Be\u015f Par\u00e7ac\u0131lar, Sterka Sor\"},{\"@type\":\"BreadcrumbList\",\"@id\":\"https:\\\/\\\/darkamazi.site\\\/archives\\\/1029635#breadcrumb\",\"itemListElement\":[{\"@type\":\"ListItem\",\"position\":1,\"name\":\"Home\",\"item\":\"https:\\\/\\\/darkamazi.site\\\/\"},{\"@type\":\"ListItem\",\"position\":2,\"name\":\"PKK\u2019nin &#8220;\u015eehitler G\u00fcn\u00fc&#8221; tiyatrosu ve Haki Karer\"}]},{\"@type\":\"WebSite\",\"@id\":\"https:\\\/\\\/darkamazi.site\\\/#website\",\"url\":\"https:\\\/\\\/darkamazi.site\\\/\",\"name\":\"Darka Mazi\",\"description\":\"Ana Sayfa\",\"publisher\":{\"@id\":\"https:\\\/\\\/darkamazi.site\\\/#organization\"},\"potentialAction\":[{\"@type\":\"SearchAction\",\"target\":{\"@type\":\"EntryPoint\",\"urlTemplate\":\"https:\\\/\\\/darkamazi.site\\\/?s={search_term_string}\"},\"query-input\":{\"@type\":\"PropertyValueSpecification\",\"valueRequired\":true,\"valueName\":\"search_term_string\"}}],\"inLanguage\":\"en-US\"},{\"@type\":\"Organization\",\"@id\":\"https:\\\/\\\/darkamazi.site\\\/#organization\",\"name\":\"Darka Mazi T\u00fcrk\u00e7e\",\"alternateName\":\"Darka Mazi\",\"url\":\"https:\\\/\\\/darkamazi.site\\\/\",\"logo\":{\"@type\":\"ImageObject\",\"inLanguage\":\"en-US\",\"@id\":\"https:\\\/\\\/darkamazi.site\\\/#\\\/schema\\\/logo\\\/image\\\/\",\"url\":\"https:\\\/\\\/darkamazi.site\\\/darka-content\\\/uploads\\\/2017\\\/12\\\/darka-mazi-logo.png\",\"contentUrl\":\"https:\\\/\\\/darkamazi.site\\\/darka-content\\\/uploads\\\/2017\\\/12\\\/darka-mazi-logo.png\",\"width\":151,\"height\":75,\"caption\":\"Darka Mazi T\u00fcrk\u00e7e\"},\"image\":{\"@id\":\"https:\\\/\\\/darkamazi.site\\\/#\\\/schema\\\/logo\\\/image\\\/\"},\"sameAs\":[\"https:\\\/\\\/www.facebook.com\\\/DarkaMaziturkce\",\"https:\\\/\\\/x.com\\\/DarkaMaziTurkce\"]},{\"@type\":\"Person\",\"@id\":\"https:\\\/\\\/darkamazi.site\\\/#\\\/schema\\\/person\\\/67986a95ac546c16760365877ef4a9d3\",\"name\":\"darka mazi\",\"sameAs\":[\"https:\\\/\\\/darkamazi.site\"],\"url\":\"https:\\\/\\\/darkamazi.site\\\/archives\\\/author\\\/turkish\"}]}<\/script>\n<!-- \/ Yoast SEO plugin. -->","seo_head_json":{"title":"PKK\u2019nin \"\u015eehitler G\u00fcn\u00fc\" tiyatrosu ve Haki Karer - Darka Mazi","robots":{"index":"index","follow":"follow","max-snippet":"max-snippet:-1","max-image-preview":"max-image-preview:large","max-video-preview":"max-video-preview:-1"},"canonical":"https:\/\/darkamazi.site\/archives\/1029635","og_locale":"en_US","og_type":"article","og_title":"PKK\u2019nin \"\u015eehitler G\u00fcn\u00fc\" tiyatrosu ve Haki Karer - Darka Mazi","og_description":"\u015eehit ve \u015fehitlik kavram\u0131 \u0130slam\u2019la beraber ortaya \u00e7\u0131ksa da milletlerde kendi kurtulu\u015f sava\u015flar\u0131nda vurulanlar\u0131 da \u015fehit ilan etmektedir. Yani kutsal-toplumsal dava i\u00e7in vurulanlar\u00a0 her gurubun kendi de\u011ferlerine g\u00f6re \u015fehit kabul edilir. Ortado\u011fu insan\u0131n bele\u011finde \u015fehitlik kavram\u0131 kutsald\u0131r ve \u015fehitleri tart\u0131\u015fmak k\u00fcf\u00fcr kabul edilir. Bir\u00e7ok zaman toplum bu kavram etraf\u0131nda motive edilmekte, hatta kand\u0131r\u0131lmaktad\u0131r. \u015eehitleri \u00e7ok [&hellip;]","og_url":"https:\/\/darkamazi.site\/archives\/1029635","og_site_name":"Darka Mazi","article_publisher":"https:\/\/www.facebook.com\/DarkaMaziturkce","article_published_time":"2024-05-22T15:45:12+00:00","article_modified_time":"2024-05-22T15:55:50+00:00","og_image":[{"width":900,"height":497,"url":"https:\/\/darkamazi.site\/file\/2024\/05\/haqi-qerar.jpg","type":"image\/jpeg"}],"author":"darka mazi","twitter_card":"summary_large_image","twitter_creator":"@DarkaMaziTurkce","twitter_site":"@DarkaMaziTurkce","twitter_misc":{"Written by":"darka mazi","Est. reading time":"3 minutes"},"schema":{"@context":"https:\/\/schema.org","@graph":[{"@type":"NewsArticle","@id":"https:\/\/darkamazi.site\/archives\/1029635#article","isPartOf":{"@id":"https:\/\/darkamazi.site\/archives\/1029635"},"author":{"name":"darka mazi","@id":"https:\/\/darkamazi.site\/#\/schema\/person\/67986a95ac546c16760365877ef4a9d3"},"headline":"PKK\u2019nin &#8220;\u015eehitler G\u00fcn\u00fc&#8221; tiyatrosu ve Haki Karer","datePublished":"2024-05-22T15:45:12+00:00","dateModified":"2024-05-22T15:55:50+00:00","mainEntityOfPage":{"@id":"https:\/\/darkamazi.site\/archives\/1029635"},"wordCount":798,"publisher":{"@id":"https:\/\/darkamazi.site\/#organization"},"image":{"@id":"https:\/\/darkamazi.site\/archives\/1029635#primaryimage"},"thumbnailUrl":"https:\/\/darkamazi.site\/file\/2024\/05\/haqi-qerar.jpg","keywords":["\u00f6nemli"],"articleSection":["Forum"],"inLanguage":"en-US"},{"@type":"WebPage","@id":"https:\/\/darkamazi.site\/archives\/1029635","url":"https:\/\/darkamazi.site\/archives\/1029635","name":"PKK\u2019nin \"\u015eehitler G\u00fcn\u00fc\" tiyatrosu ve Haki Karer - Darka Mazi","isPartOf":{"@id":"https:\/\/darkamazi.site\/#website"},"primaryImageOfPage":{"@id":"https:\/\/darkamazi.site\/archives\/1029635#primaryimage"},"image":{"@id":"https:\/\/darkamazi.site\/archives\/1029635#primaryimage"},"thumbnailUrl":"https:\/\/darkamazi.site\/file\/2024\/05\/haqi-qerar.jpg","datePublished":"2024-05-22T15:45:12+00:00","dateModified":"2024-05-22T15:55:50+00:00","breadcrumb":{"@id":"https:\/\/darkamazi.site\/archives\/1029635#breadcrumb"},"inLanguage":"en-US","potentialAction":[{"@type":"ReadAction","target":["https:\/\/darkamazi.site\/archives\/1029635"]}]},{"@type":"ImageObject","inLanguage":"en-US","@id":"https:\/\/darkamazi.site\/archives\/1029635#primaryimage","url":"https:\/\/darkamazi.site\/file\/2024\/05\/haqi-qerar.jpg","contentUrl":"https:\/\/darkamazi.site\/file\/2024\/05\/haqi-qerar.jpg","width":900,"height":497,"caption":"PKK\u2019nin \u015eehitler g\u00fcn\u00fc ve \u015fehitler g\u00fcn\u00fc tiyatrosu, Haki Karer, Kamer \u00d6zkan, \u00d6calan, Alattin Kaplan, Be\u015f Par\u00e7ac\u0131lar, Sterka Sor"},{"@type":"BreadcrumbList","@id":"https:\/\/darkamazi.site\/archives\/1029635#breadcrumb","itemListElement":[{"@type":"ListItem","position":1,"name":"Home","item":"https:\/\/darkamazi.site\/"},{"@type":"ListItem","position":2,"name":"PKK\u2019nin &#8220;\u015eehitler G\u00fcn\u00fc&#8221; tiyatrosu ve Haki Karer"}]},{"@type":"WebSite","@id":"https:\/\/darkamazi.site\/#website","url":"https:\/\/darkamazi.site\/","name":"Darka Mazi","description":"Ana Sayfa","publisher":{"@id":"https:\/\/darkamazi.site\/#organization"},"potentialAction":[{"@type":"SearchAction","target":{"@type":"EntryPoint","urlTemplate":"https:\/\/darkamazi.site\/?s={search_term_string}"},"query-input":{"@type":"PropertyValueSpecification","valueRequired":true,"valueName":"search_term_string"}}],"inLanguage":"en-US"},{"@type":"Organization","@id":"https:\/\/darkamazi.site\/#organization","name":"Darka Mazi T\u00fcrk\u00e7e","alternateName":"Darka Mazi","url":"https:\/\/darkamazi.site\/","logo":{"@type":"ImageObject","inLanguage":"en-US","@id":"https:\/\/darkamazi.site\/#\/schema\/logo\/image\/","url":"https:\/\/darkamazi.site\/file\/2017\/12\/darka-mazi-logo.png","contentUrl":"https:\/\/darkamazi.site\/file\/2017\/12\/darka-mazi-logo.png","width":151,"height":75,"caption":"Darka Mazi T\u00fcrk\u00e7e"},"image":{"@id":"https:\/\/darkamazi.site\/#\/schema\/logo\/image\/"},"sameAs":["https:\/\/www.facebook.com\/DarkaMaziturkce","https:\/\/x.com\/DarkaMaziTurkce"]},{"@type":"Person","@id":"https:\/\/darkamazi.site\/#\/schema\/person\/67986a95ac546c16760365877ef4a9d3","name":"darka mazi","sameAs":["https:\/\/darkamazi.site"],"url":"https:\/\/darkamazi.site\/archives\/author\/turkish"}]}},"_links":{"self":[{"href":"https:\/\/darkamazi.site\/funavuv\/wp\/v2\/posts\/1029635","targetHints":{"allow":["GET"]}}],"collection":[{"href":"https:\/\/darkamazi.site\/funavuv\/wp\/v2\/posts"}],"about":[{"href":"https:\/\/darkamazi.site\/funavuv\/wp\/v2\/types\/post"}],"author":[{"embeddable":true,"href":"https:\/\/darkamazi.site\/funavuv\/wp\/v2\/users\/2"}],"replies":[{"embeddable":true,"href":"https:\/\/darkamazi.site\/funavuv\/wp\/v2\/comments?post=1029635"}],"version-history":[{"count":0,"href":"https:\/\/darkamazi.site\/funavuv\/wp\/v2\/posts\/1029635\/revisions"}],"wp:featuredmedia":[{"embeddable":true,"href":"https:\/\/darkamazi.site\/funavuv\/wp\/v2\/media\/1029636"}],"wp:attachment":[{"href":"https:\/\/darkamazi.site\/funavuv\/wp\/v2\/media?parent=1029635"}],"wp:term":[{"taxonomy":"category","embeddable":true,"href":"https:\/\/darkamazi.site\/funavuv\/wp\/v2\/categories?post=1029635"},{"taxonomy":"post_tag","embeddable":true,"href":"https:\/\/darkamazi.site\/funavuv\/wp\/v2\/tags?post=1029635"}],"curies":[{"name":"wp","href":"https:\/\/api.w.org\/{rel}","templated":true}]}}