{"id":1029980,"date":"2024-06-19T12:32:11","date_gmt":"2024-06-19T09:32:11","guid":{"rendered":"https:\/\/darkamazi.site\/?p=1029980"},"modified":"2024-06-19T12:32:11","modified_gmt":"2024-06-19T09:32:11","slug":"insan-haklari-agi-uyardi-pyd-milislerinin-kacirdigi-gazeteci-berivan-ismaile-iskence-edilebilir","status":"publish","type":"post","link":"https:\/\/darkamazi.site\/archives\/1029980","title":{"rendered":"\u0130nsan Haklar\u0131 A\u011f\u0131 uyard\u0131: PYD milislerinin ka\u00e7\u0131rd\u0131\u011f\u0131 gazeteci Berivan \u0130smail\u2019e i\u015fkence edilebilir"},"content":{"rendered":"<p style=\"text-align: justify\">Suriye \u0130nsan Haklar\u0131 A\u011f\u0131, gazeteci Berivan \u0130smail&#8217;in Suriye Demokratik G\u00fc\u00e7leri&#8217;nin cezaevlerinde i\u015fkenceye maruz kalmas\u0131ndan korktu\u011funu ifade etti.<\/p>\n<p style=\"text-align: justify\">\u0130nsan Haklar\u0131 A\u011f\u0131 bir bildiri yay\u0131nlayarak , gazeteci Berivan ve Birlik Partisi \u00fcyesi Fawaz Banko&#8217;nun ka\u00e7\u0131r\u0131lmas\u0131na ili\u015fkin duydu\u011fu kayg\u0131ya belirtti. \u0130nsan Haklar\u0131 A\u011f\u0131\u2019n\u0131n a\u00e7\u0131klamas\u0131nda; \u00a0\u201cK\u00fcrt Ulusal Konseyi\u2019ne \u00fcye \u00a0gazeteci \u00a0Berivan Fuwad \u0130smail ve K\u00fcrdistan Birlik Partisi \u00fcyesi Fawaz Salih Banko, \u00a010 Haziran 2024&#8217;te Suriye Demokratik G\u00fc\u00e7leri&#8217;nin silahl\u0131 kuvvetleri taraf\u0131ndan Haseke ilinin kuzeyindeki Amude kentindeki evlerine sald\u0131r\u0131 sonras\u0131nda tutuklanarak bilinmeyen bir yere g\u00f6t\u00fcr\u00fcld\u00fc\u201d dendi.<\/p>\n<p style=\"text-align: justify\">Suriye \u0130nsan Haklar\u0131 A\u011f\u0131 her iki tutuklunun \u201ctelefonlar\u0131na el konuldu\u011funu ve aileleriyle g\u00f6r\u00fc\u015fmelerinin engellendi\u011fini\u201d belirterek \u201c \u015fu ana de\u011fin PYD milislerinin ka\u00e7\u0131rd\u0131\u011f\u0131 , y\u00fczde 85&#8217;i gibi onlar\u0131n da i\u015fkenceye u\u011fray\u0131p kaybolmalar\u0131ndan kayg\u0131 duyuyoruz\u201d dendi.<\/p>\n<p style=\"text-align: justify\">A\u011f ayr\u0131ca, ma\u011fdurlara ve ailelerine maddi ve manevi tazminat verilmesini, toplum \u00fcyeleri aras\u0131nda ter\u00f6r yaymak ve ailelere \u015fantaj yapmak amac\u0131yla yap\u0131lan t\u00fcm keyfi g\u00f6zalt\u0131na al\u0131nman\u0131n n durdurulmas\u0131n\u0131 ve binlerce ki\u015finin ka\u00e7\u0131r\u0131ld\u0131\u011f\u0131 ve \u00a0ak\u0131betlerinin sorulamad\u0131\u011f\u0131 bu sistemin \u00a0sona ermesini talep ettiklerini vurgulad\u0131.<\/p>\n","protected":false},"excerpt":{"rendered":"<p>Suriye \u0130nsan Haklar\u0131 A\u011f\u0131, gazeteci Berivan \u0130smail&#8217;in Suriye Demokratik G\u00fc\u00e7leri&#8217;nin cezaevlerinde i\u015fkenceye maruz kalmas\u0131ndan korktu\u011funu ifade etti. \u0130nsan Haklar\u0131 A\u011f\u0131 bir bildiri yay\u0131nlayarak , gazeteci Berivan ve Birlik Partisi \u00fcyesi Fawaz Banko&#8217;nun ka\u00e7\u0131r\u0131lmas\u0131na ili\u015fkin duydu\u011fu kayg\u0131ya belirtti. \u0130nsan Haklar\u0131 A\u011f\u0131\u2019n\u0131n a\u00e7\u0131klamas\u0131nda; \u00a0\u201cK\u00fcrt Ulusal Konseyi\u2019ne \u00fcye \u00a0gazeteci \u00a0Berivan Fuwad \u0130smail ve K\u00fcrdistan Birlik Partisi \u00fcyesi Fawaz [&hellip;]<\/p>\n","protected":false},"author":2,"featured_media":1029981,"comment_status":"closed","ping_status":"closed","sticky":false,"template":"","format":"standard","meta":{"footnotes":""},"categories":[3],"tags":[31],"class_list":["post-1029980","post","type-post","status-publish","format-standard","has-post-thumbnail","hentry","category-kurdistan","tag-onemli"],"blocksy_meta":[],"seo_head":"<!-- This site is optimized with the Yoast SEO plugin v27.5 - https:\/\/yoast.com\/product\/yoast-seo-wordpress\/ -->\n<title>\u0130nsan Haklar\u0131 A\u011f\u0131 uyard\u0131: PYD milislerinin ka\u00e7\u0131rd\u0131\u011f\u0131 gazeteci Berivan \u0130smail\u2019e i\u015fkence edilebilir - Darka Mazi<\/title>\n<meta name=\"robots\" content=\"index, follow, max-snippet:-1, max-image-preview:large, max-video-preview:-1\" \/>\n<link rel=\"canonical\" href=\"https:\/\/darkamazi.site\/archives\/1029980\" \/>\n<meta property=\"og:locale\" content=\"en_US\" \/>\n<meta property=\"og:type\" content=\"article\" \/>\n<meta property=\"og:title\" content=\"\u0130nsan Haklar\u0131 A\u011f\u0131 uyard\u0131: PYD milislerinin ka\u00e7\u0131rd\u0131\u011f\u0131 gazeteci Berivan \u0130smail\u2019e i\u015fkence edilebilir - Darka Mazi\" \/>\n<meta property=\"og:description\" content=\"Suriye \u0130nsan Haklar\u0131 A\u011f\u0131, gazeteci Berivan \u0130smail&#8217;in Suriye Demokratik G\u00fc\u00e7leri&#8217;nin cezaevlerinde i\u015fkenceye maruz kalmas\u0131ndan korktu\u011funu ifade etti. \u0130nsan Haklar\u0131 A\u011f\u0131 bir bildiri yay\u0131nlayarak , gazeteci Berivan ve Birlik Partisi \u00fcyesi Fawaz Banko&#8217;nun ka\u00e7\u0131r\u0131lmas\u0131na ili\u015fkin duydu\u011fu kayg\u0131ya belirtti. \u0130nsan Haklar\u0131 A\u011f\u0131\u2019n\u0131n a\u00e7\u0131klamas\u0131nda; \u00a0\u201cK\u00fcrt Ulusal Konseyi\u2019ne \u00fcye \u00a0gazeteci \u00a0Berivan Fuwad \u0130smail ve K\u00fcrdistan Birlik Partisi \u00fcyesi Fawaz [&hellip;]\" \/>\n<meta property=\"og:url\" content=\"https:\/\/darkamazi.site\/archives\/1029980\" \/>\n<meta property=\"og:site_name\" content=\"Darka Mazi\" \/>\n<meta property=\"article:publisher\" content=\"https:\/\/www.facebook.com\/DarkaMaziturkce\" \/>\n<meta property=\"article:published_time\" content=\"2024-06-19T09:32:11+00:00\" \/>\n<meta property=\"og:image\" content=\"https:\/\/darkamazi.site\/file\/2024\/06\/Berivan.jpg\" \/>\n\t<meta property=\"og:image:width\" content=\"900\" \/>\n\t<meta property=\"og:image:height\" content=\"497\" \/>\n\t<meta property=\"og:image:type\" content=\"image\/jpeg\" \/>\n<meta name=\"author\" content=\"darka mazi\" \/>\n<meta name=\"twitter:card\" content=\"summary_large_image\" \/>\n<meta name=\"twitter:creator\" content=\"@DarkaMaziTurkce\" \/>\n<meta name=\"twitter:site\" content=\"@DarkaMaziTurkce\" \/>\n<meta name=\"twitter:label1\" content=\"Written by\" \/>\n\t<meta name=\"twitter:data1\" content=\"darka mazi\" \/>\n\t<meta name=\"twitter:label2\" content=\"Est. reading time\" \/>\n\t<meta name=\"twitter:data2\" content=\"1 minute\" \/>\n<script type=\"application\/ld+json\" class=\"seo-schema-graph\">{\"@context\":\"https:\\\/\\\/schema.org\",\"@graph\":[{\"@type\":\"NewsArticle\",\"@id\":\"https:\\\/\\\/darkamazi.site\\\/archives\\\/1029980#article\",\"isPartOf\":{\"@id\":\"https:\\\/\\\/darkamazi.site\\\/archives\\\/1029980\"},\"author\":{\"name\":\"darka mazi\",\"@id\":\"https:\\\/\\\/darkamazi.site\\\/#\\\/schema\\\/person\\\/67986a95ac546c16760365877ef4a9d3\"},\"headline\":\"\u0130nsan Haklar\u0131 A\u011f\u0131 uyard\u0131: PYD milislerinin ka\u00e7\u0131rd\u0131\u011f\u0131 gazeteci Berivan \u0130smail\u2019e i\u015fkence edilebilir\",\"datePublished\":\"2024-06-19T09:32:11+00:00\",\"mainEntityOfPage\":{\"@id\":\"https:\\\/\\\/darkamazi.site\\\/archives\\\/1029980\"},\"wordCount\":224,\"publisher\":{\"@id\":\"https:\\\/\\\/darkamazi.site\\\/#organization\"},\"image\":{\"@id\":\"https:\\\/\\\/darkamazi.site\\\/archives\\\/1029980#primaryimage\"},\"thumbnailUrl\":\"https:\\\/\\\/darkamazi.site\\\/darka-content\\\/uploads\\\/2024\\\/06\\\/Berivan.jpg\",\"keywords\":[\"\u00f6nemli\"],\"articleSection\":[\"Kurdistan\"],\"inLanguage\":\"en-US\"},{\"@type\":\"WebPage\",\"@id\":\"https:\\\/\\\/darkamazi.site\\\/archives\\\/1029980\",\"url\":\"https:\\\/\\\/darkamazi.site\\\/archives\\\/1029980\",\"name\":\"\u0130nsan Haklar\u0131 A\u011f\u0131 uyard\u0131: PYD milislerinin ka\u00e7\u0131rd\u0131\u011f\u0131 gazeteci Berivan \u0130smail\u2019e i\u015fkence edilebilir - Darka Mazi\",\"isPartOf\":{\"@id\":\"https:\\\/\\\/darkamazi.site\\\/#website\"},\"primaryImageOfPage\":{\"@id\":\"https:\\\/\\\/darkamazi.site\\\/archives\\\/1029980#primaryimage\"},\"image\":{\"@id\":\"https:\\\/\\\/darkamazi.site\\\/archives\\\/1029980#primaryimage\"},\"thumbnailUrl\":\"https:\\\/\\\/darkamazi.site\\\/darka-content\\\/uploads\\\/2024\\\/06\\\/Berivan.jpg\",\"datePublished\":\"2024-06-19T09:32:11+00:00\",\"breadcrumb\":{\"@id\":\"https:\\\/\\\/darkamazi.site\\\/archives\\\/1029980#breadcrumb\"},\"inLanguage\":\"en-US\",\"potentialAction\":[{\"@type\":\"ReadAction\",\"target\":[\"https:\\\/\\\/darkamazi.site\\\/archives\\\/1029980\"]}]},{\"@type\":\"ImageObject\",\"inLanguage\":\"en-US\",\"@id\":\"https:\\\/\\\/darkamazi.site\\\/archives\\\/1029980#primaryimage\",\"url\":\"https:\\\/\\\/darkamazi.site\\\/darka-content\\\/uploads\\\/2024\\\/06\\\/Berivan.jpg\",\"contentUrl\":\"https:\\\/\\\/darkamazi.site\\\/darka-content\\\/uploads\\\/2024\\\/06\\\/Berivan.jpg\",\"width\":900,\"height\":497,\"caption\":\"\u0130nsan Haklar\u0131 A\u011f\u0131 uyard\u0131: PYD milislerinin ka\u00e7\u0131rd\u0131\u011f\u0131 gazeteci Berivan \u0130smail\u2019e i\u015fkence edilebilir\"},{\"@type\":\"BreadcrumbList\",\"@id\":\"https:\\\/\\\/darkamazi.site\\\/archives\\\/1029980#breadcrumb\",\"itemListElement\":[{\"@type\":\"ListItem\",\"position\":1,\"name\":\"Home\",\"item\":\"https:\\\/\\\/darkamazi.site\\\/\"},{\"@type\":\"ListItem\",\"position\":2,\"name\":\"\u0130nsan Haklar\u0131 A\u011f\u0131 uyard\u0131: PYD milislerinin ka\u00e7\u0131rd\u0131\u011f\u0131 gazeteci Berivan \u0130smail\u2019e i\u015fkence edilebilir\"}]},{\"@type\":\"WebSite\",\"@id\":\"https:\\\/\\\/darkamazi.site\\\/#website\",\"url\":\"https:\\\/\\\/darkamazi.site\\\/\",\"name\":\"Darka Mazi\",\"description\":\"Ana Sayfa\",\"publisher\":{\"@id\":\"https:\\\/\\\/darkamazi.site\\\/#organization\"},\"potentialAction\":[{\"@type\":\"SearchAction\",\"target\":{\"@type\":\"EntryPoint\",\"urlTemplate\":\"https:\\\/\\\/darkamazi.site\\\/?s={search_term_string}\"},\"query-input\":{\"@type\":\"PropertyValueSpecification\",\"valueRequired\":true,\"valueName\":\"search_term_string\"}}],\"inLanguage\":\"en-US\"},{\"@type\":\"Organization\",\"@id\":\"https:\\\/\\\/darkamazi.site\\\/#organization\",\"name\":\"Darka Mazi T\u00fcrk\u00e7e\",\"alternateName\":\"Darka Mazi\",\"url\":\"https:\\\/\\\/darkamazi.site\\\/\",\"logo\":{\"@type\":\"ImageObject\",\"inLanguage\":\"en-US\",\"@id\":\"https:\\\/\\\/darkamazi.site\\\/#\\\/schema\\\/logo\\\/image\\\/\",\"url\":\"https:\\\/\\\/darkamazi.site\\\/darka-content\\\/uploads\\\/2017\\\/12\\\/darka-mazi-logo.png\",\"contentUrl\":\"https:\\\/\\\/darkamazi.site\\\/darka-content\\\/uploads\\\/2017\\\/12\\\/darka-mazi-logo.png\",\"width\":151,\"height\":75,\"caption\":\"Darka Mazi T\u00fcrk\u00e7e\"},\"image\":{\"@id\":\"https:\\\/\\\/darkamazi.site\\\/#\\\/schema\\\/logo\\\/image\\\/\"},\"sameAs\":[\"https:\\\/\\\/www.facebook.com\\\/DarkaMaziturkce\",\"https:\\\/\\\/x.com\\\/DarkaMaziTurkce\"]},{\"@type\":\"Person\",\"@id\":\"https:\\\/\\\/darkamazi.site\\\/#\\\/schema\\\/person\\\/67986a95ac546c16760365877ef4a9d3\",\"name\":\"darka mazi\",\"sameAs\":[\"https:\\\/\\\/darkamazi.site\"],\"url\":\"https:\\\/\\\/darkamazi.site\\\/archives\\\/author\\\/turkish\"}]}<\/script>\n<!-- \/ Yoast SEO plugin. -->","seo_head_json":{"title":"\u0130nsan Haklar\u0131 A\u011f\u0131 uyard\u0131: PYD milislerinin ka\u00e7\u0131rd\u0131\u011f\u0131 gazeteci Berivan \u0130smail\u2019e i\u015fkence edilebilir - Darka Mazi","robots":{"index":"index","follow":"follow","max-snippet":"max-snippet:-1","max-image-preview":"max-image-preview:large","max-video-preview":"max-video-preview:-1"},"canonical":"https:\/\/darkamazi.site\/archives\/1029980","og_locale":"en_US","og_type":"article","og_title":"\u0130nsan Haklar\u0131 A\u011f\u0131 uyard\u0131: PYD milislerinin ka\u00e7\u0131rd\u0131\u011f\u0131 gazeteci Berivan \u0130smail\u2019e i\u015fkence edilebilir - Darka Mazi","og_description":"Suriye \u0130nsan Haklar\u0131 A\u011f\u0131, gazeteci Berivan \u0130smail&#8217;in Suriye Demokratik G\u00fc\u00e7leri&#8217;nin cezaevlerinde i\u015fkenceye maruz kalmas\u0131ndan korktu\u011funu ifade etti. \u0130nsan Haklar\u0131 A\u011f\u0131 bir bildiri yay\u0131nlayarak , gazeteci Berivan ve Birlik Partisi \u00fcyesi Fawaz Banko&#8217;nun ka\u00e7\u0131r\u0131lmas\u0131na ili\u015fkin duydu\u011fu kayg\u0131ya belirtti. \u0130nsan Haklar\u0131 A\u011f\u0131\u2019n\u0131n a\u00e7\u0131klamas\u0131nda; \u00a0\u201cK\u00fcrt Ulusal Konseyi\u2019ne \u00fcye \u00a0gazeteci \u00a0Berivan Fuwad \u0130smail ve K\u00fcrdistan Birlik Partisi \u00fcyesi Fawaz [&hellip;]","og_url":"https:\/\/darkamazi.site\/archives\/1029980","og_site_name":"Darka Mazi","article_publisher":"https:\/\/www.facebook.com\/DarkaMaziturkce","article_published_time":"2024-06-19T09:32:11+00:00","og_image":[{"width":900,"height":497,"url":"https:\/\/darkamazi.site\/file\/2024\/06\/Berivan.jpg","type":"image\/jpeg"}],"author":"darka mazi","twitter_card":"summary_large_image","twitter_creator":"@DarkaMaziTurkce","twitter_site":"@DarkaMaziTurkce","twitter_misc":{"Written by":"darka mazi","Est. reading time":"1 minute"},"schema":{"@context":"https:\/\/schema.org","@graph":[{"@type":"NewsArticle","@id":"https:\/\/darkamazi.site\/archives\/1029980#article","isPartOf":{"@id":"https:\/\/darkamazi.site\/archives\/1029980"},"author":{"name":"darka mazi","@id":"https:\/\/darkamazi.site\/#\/schema\/person\/67986a95ac546c16760365877ef4a9d3"},"headline":"\u0130nsan Haklar\u0131 A\u011f\u0131 uyard\u0131: PYD milislerinin ka\u00e7\u0131rd\u0131\u011f\u0131 gazeteci Berivan \u0130smail\u2019e i\u015fkence edilebilir","datePublished":"2024-06-19T09:32:11+00:00","mainEntityOfPage":{"@id":"https:\/\/darkamazi.site\/archives\/1029980"},"wordCount":224,"publisher":{"@id":"https:\/\/darkamazi.site\/#organization"},"image":{"@id":"https:\/\/darkamazi.site\/archives\/1029980#primaryimage"},"thumbnailUrl":"https:\/\/darkamazi.site\/file\/2024\/06\/Berivan.jpg","keywords":["\u00f6nemli"],"articleSection":["Kurdistan"],"inLanguage":"en-US"},{"@type":"WebPage","@id":"https:\/\/darkamazi.site\/archives\/1029980","url":"https:\/\/darkamazi.site\/archives\/1029980","name":"\u0130nsan Haklar\u0131 A\u011f\u0131 uyard\u0131: PYD milislerinin ka\u00e7\u0131rd\u0131\u011f\u0131 gazeteci Berivan \u0130smail\u2019e i\u015fkence edilebilir - Darka Mazi","isPartOf":{"@id":"https:\/\/darkamazi.site\/#website"},"primaryImageOfPage":{"@id":"https:\/\/darkamazi.site\/archives\/1029980#primaryimage"},"image":{"@id":"https:\/\/darkamazi.site\/archives\/1029980#primaryimage"},"thumbnailUrl":"https:\/\/darkamazi.site\/file\/2024\/06\/Berivan.jpg","datePublished":"2024-06-19T09:32:11+00:00","breadcrumb":{"@id":"https:\/\/darkamazi.site\/archives\/1029980#breadcrumb"},"inLanguage":"en-US","potentialAction":[{"@type":"ReadAction","target":["https:\/\/darkamazi.site\/archives\/1029980"]}]},{"@type":"ImageObject","inLanguage":"en-US","@id":"https:\/\/darkamazi.site\/archives\/1029980#primaryimage","url":"https:\/\/darkamazi.site\/file\/2024\/06\/Berivan.jpg","contentUrl":"https:\/\/darkamazi.site\/file\/2024\/06\/Berivan.jpg","width":900,"height":497,"caption":"\u0130nsan Haklar\u0131 A\u011f\u0131 uyard\u0131: PYD milislerinin ka\u00e7\u0131rd\u0131\u011f\u0131 gazeteci Berivan \u0130smail\u2019e i\u015fkence edilebilir"},{"@type":"BreadcrumbList","@id":"https:\/\/darkamazi.site\/archives\/1029980#breadcrumb","itemListElement":[{"@type":"ListItem","position":1,"name":"Home","item":"https:\/\/darkamazi.site\/"},{"@type":"ListItem","position":2,"name":"\u0130nsan Haklar\u0131 A\u011f\u0131 uyard\u0131: PYD milislerinin ka\u00e7\u0131rd\u0131\u011f\u0131 gazeteci Berivan \u0130smail\u2019e i\u015fkence edilebilir"}]},{"@type":"WebSite","@id":"https:\/\/darkamazi.site\/#website","url":"https:\/\/darkamazi.site\/","name":"Darka Mazi","description":"Ana Sayfa","publisher":{"@id":"https:\/\/darkamazi.site\/#organization"},"potentialAction":[{"@type":"SearchAction","target":{"@type":"EntryPoint","urlTemplate":"https:\/\/darkamazi.site\/?s={search_term_string}"},"query-input":{"@type":"PropertyValueSpecification","valueRequired":true,"valueName":"search_term_string"}}],"inLanguage":"en-US"},{"@type":"Organization","@id":"https:\/\/darkamazi.site\/#organization","name":"Darka Mazi T\u00fcrk\u00e7e","alternateName":"Darka Mazi","url":"https:\/\/darkamazi.site\/","logo":{"@type":"ImageObject","inLanguage":"en-US","@id":"https:\/\/darkamazi.site\/#\/schema\/logo\/image\/","url":"https:\/\/darkamazi.site\/file\/2017\/12\/darka-mazi-logo.png","contentUrl":"https:\/\/darkamazi.site\/file\/2017\/12\/darka-mazi-logo.png","width":151,"height":75,"caption":"Darka Mazi T\u00fcrk\u00e7e"},"image":{"@id":"https:\/\/darkamazi.site\/#\/schema\/logo\/image\/"},"sameAs":["https:\/\/www.facebook.com\/DarkaMaziturkce","https:\/\/x.com\/DarkaMaziTurkce"]},{"@type":"Person","@id":"https:\/\/darkamazi.site\/#\/schema\/person\/67986a95ac546c16760365877ef4a9d3","name":"darka mazi","sameAs":["https:\/\/darkamazi.site"],"url":"https:\/\/darkamazi.site\/archives\/author\/turkish"}]}},"_links":{"self":[{"href":"https:\/\/darkamazi.site\/funavuv\/wp\/v2\/posts\/1029980","targetHints":{"allow":["GET"]}}],"collection":[{"href":"https:\/\/darkamazi.site\/funavuv\/wp\/v2\/posts"}],"about":[{"href":"https:\/\/darkamazi.site\/funavuv\/wp\/v2\/types\/post"}],"author":[{"embeddable":true,"href":"https:\/\/darkamazi.site\/funavuv\/wp\/v2\/users\/2"}],"replies":[{"embeddable":true,"href":"https:\/\/darkamazi.site\/funavuv\/wp\/v2\/comments?post=1029980"}],"version-history":[{"count":0,"href":"https:\/\/darkamazi.site\/funavuv\/wp\/v2\/posts\/1029980\/revisions"}],"wp:featuredmedia":[{"embeddable":true,"href":"https:\/\/darkamazi.site\/funavuv\/wp\/v2\/media\/1029981"}],"wp:attachment":[{"href":"https:\/\/darkamazi.site\/funavuv\/wp\/v2\/media?parent=1029980"}],"wp:term":[{"taxonomy":"category","embeddable":true,"href":"https:\/\/darkamazi.site\/funavuv\/wp\/v2\/categories?post=1029980"},{"taxonomy":"post_tag","embeddable":true,"href":"https:\/\/darkamazi.site\/funavuv\/wp\/v2\/tags?post=1029980"}],"curies":[{"name":"wp","href":"https:\/\/api.w.org\/{rel}","templated":true}]}}