{"id":1030064,"date":"2024-06-26T20:58:49","date_gmt":"2024-06-26T17:58:49","guid":{"rendered":"https:\/\/darkamazi.site\/?p=1030064"},"modified":"2024-06-26T20:58:49","modified_gmt":"2024-06-26T17:58:49","slug":"bugun-sanatcilarin-hocasi-dogu-kurdistanli-sanatci-hasan-zirekin-52inci-olum-yil-donumu","status":"publish","type":"post","link":"https:\/\/darkamazi.site\/archives\/1030064","title":{"rendered":"Bug\u00fcn, &#8220;Sanat\u00e7\u0131lar\u0131n hocas\u0131&#8221;,\u00a0 Do\u011fu Kurdistanl\u0131 sanat\u00e7\u0131 Hasan Z\u00eerek\u2019in 52&#8217;inci\u00a0 \u00f6l\u00fcm y\u0131l d\u00f6n\u00fcm\u00fc"},"content":{"rendered":"<article>\n<div>\n<p>K\u00fcrt m\u00fczi\u011finin \u00fcretken \u015fahsiyetlerinden olan Hesen Z\u00eerek, 1921 y\u0131l\u0131nda Do\u011fu (\u0130ran) K\u00fcrdistan\u2019\u0131n Bokan \u015fehrinin Herm\u00eal\u00ea k\u00f6y\u00fcnde do\u011far. \u00c7ocuk ya\u015fta babas\u0131n\u0131 kaybedince annesinin yeniden evlenmesi \u00fczerine eviyle ve k\u00f6y\u00fcyle ba\u011f\u0131n\u0131 kopar\u0131r. Seyislik, bir a\u011fan\u0131n yan\u0131nda silahl\u0131 korumal\u0131k gibi i\u015fler yapar gen\u00e7 ya\u015f\u0131nda. Kent kent gezer ve yolu Ba\u011fdat\u2019a d\u00fc\u015fer. Ba\u011fdat\u2019da bir meyhanede \u00e7al\u0131\u015fmaya ba\u015flar. \u00c7al\u0131\u015ft\u0131\u011f\u0131 meyhanede sesinin fark edilmesi \u00fczerine m\u00fczikle ili\u015fkisi ba\u015flar.<\/p>\n<p>Ba\u011fdat Radyosu\u2019nda sanat\u00e7\u0131 olarak be\u015f y\u0131l s\u00fcreyle \u00e7al\u0131\u015f\u0131r fakat memleket hasreti \u00e7eker, Bokan\u00ea\u2019ye geri d\u00f6ner. Ama orada da sebat etmez ve o y\u0131llarda K\u00fcrtl\u00fck de\u011ferlerinin hayli ses getirdi\u011fi \u0130ran K\u00fcrdistan\u0131\u2019n\u0131n Mehabad \u015fehrine gider ve Mehabad Radyosu\u2019nun K\u00fcrt\u00e7e biriminde \u00e7al\u0131\u015fmaya ba\u015flar. Sonraki y\u0131llarda Tahran Radyosunda sekiz y\u0131l s\u00fcreyle \u00e7al\u0131\u015f\u0131p m\u00fczik kariyerini t\u0131rmand\u0131rsa da Mehabad y\u0131llar\u0131 ya\u015fam\u0131nda K\u00fcrdi manada derin izler b\u0131rak\u0131r.<\/p>\n<p>1972 y\u0131l\u0131 Haziran\u2019\u0131nda kanserden vefat edinceye kadar ki yar\u0131m as\u0131rl\u0131k ya\u015fam\u0131 \u00e7ok zorlu ge\u00e7er. Kahvecilikten \u015fof\u00f6rl\u00fc\u011fe kadar girmedi\u011fi i\u015f kalmaz. K\u00fcrt\u00e7e s\u00f6yleme \u0131srar\u0131 s\u00fcrekli polisle ba\u015f\u0131n\u0131n derde girmesini ve ka\u00e7\u0131p kovalanmas\u0131n\u0131 beraberinde getirir. Aralar\u0131nda \u0130brahim Tatl\u0131ses\u2019in de kaynak g\u00f6stermeden T\u00fcrk\u00e7ele\u015ftirip seslendirdi\u011fi \u201cYallah \u015eof\u00ear (\u015fof\u00f6r)\u201d par\u00e7as\u0131 da d\u00e2hil olmak \u00fczere 1500 civar\u0131nda \u015fark\u0131 ve \u015fark\u0131 s\u00f6z\u00fc geride b\u0131rak\u0131p \u00f6te yakaya g\u00f6\u00e7er gider Hasan Z\u00eerek (Z\u00eerak).<\/p>\n<p>Hasan Z\u00eerek\u2019in b\u00fct\u00fcn par\u00e7alar\u0131 i\u00e7inde belki de en anlaml\u0131s\u0131 \u0130ran K\u00fcrdistan\u0131\u2019nda Mehabad K\u00fcrt Cumhuriyet\u2019inin y\u0131k\u0131lmas\u0131ndan sonra 1946 y\u0131l\u0131nda s\u00f6zlerini yaz\u0131p besteledi\u011fi \u201cEy Ni\u015ftiman\u201d mar\u015f \/ \u015fark\u0131s\u0131d\u0131r. \u201cEy g\u00fczel K\u00fcrdistan vatan\u0131, Aryen topra\u011f\u0131 \u00f6zg\u00fcrl\u00fc\u011f\u00fcn i\u00e7in bedenim, ruhumla direniyorum\u2026\u201d diye devamedegelen K\u00fcrdi yurtseverlik damar\u0131 hayli y\u00fcksek bir mar\u015f tarz\u0131nda \u015fark\u0131d\u0131r Zirek\u2019in Ey Ni\u015ftiman\u2019\u0131\u2026<br \/>\n\u201cEy netewekan\u00ee delal<br \/>\nEy Kurdekan ey baske\u015f\u00ear<br \/>\nEy ni\u015ftiman, ni\u015ftiman\u00ee ciwan<br \/>\nXak\u00ee Aryan wetan\u00ee Kurdan<br \/>\n***<br \/>\nEy roz\u00ee Kurd\u00ee ka\u015fan<br \/>\nBo Kawekan li her deran<br \/>\nEy roz\u00ee Kurd\u00ee ber ef\u015fan<br \/>\nBo Kawekan li her teraf<br \/>\n***<br \/>\nBo te diko\u015fim bi dil \u00fb bi can<br \/>\nBo serkewtin\u00ee xak\u00ee ni\u015ftiman<br \/>\n***<br \/>\nEy keynekan ey lawekan<br \/>\nT\u00ea diko\u015fim cerg\u00ea qawmekan<br \/>\nEy ni\u015ftiman, ni\u015ftiman\u00ee ciwan<br \/>\nXak\u00ee Aryan wetan\u00ee Kurdan<br \/>\n***<br \/>\nBo te diko\u015fim bi serkewtin\u00ee<br \/>\nP\u00ea\u015fmerge heb\u00fb law\u00ee qehraman\u201d<\/p>\n<div style=\"width: 758px;\" class=\"darka-video\"><video class=\"darka-video-shortcode\" id=\"video-1030064-1\" width=\"758\" height=\"720\" preload=\"metadata\" controls=\"controls\"><source type=\"video\/mp4\" src=\"https:\/\/darkamazi.site\/file\/2024\/06\/ssstwitter.com_1719424233478.mp4?_=1\" \/><a href=\"https:\/\/darkamazi.site\/file\/2024\/06\/ssstwitter.com_1719424233478.mp4\">https:\/\/darkamazi.site\/file\/2024\/06\/ssstwitter.com_1719424233478.mp4<\/a><\/video><\/div>\n<\/div>\n<\/article>\n","protected":false},"excerpt":{"rendered":"<p>K\u00fcrt m\u00fczi\u011finin \u00fcretken \u015fahsiyetlerinden olan Hesen Z\u00eerek, 1921 y\u0131l\u0131nda Do\u011fu (\u0130ran) K\u00fcrdistan\u2019\u0131n Bokan \u015fehrinin Herm\u00eal\u00ea k\u00f6y\u00fcnde do\u011far. \u00c7ocuk ya\u015fta babas\u0131n\u0131 kaybedince annesinin yeniden evlenmesi \u00fczerine eviyle ve k\u00f6y\u00fcyle ba\u011f\u0131n\u0131 kopar\u0131r. Seyislik, bir a\u011fan\u0131n yan\u0131nda silahl\u0131 korumal\u0131k gibi i\u015fler yapar gen\u00e7 ya\u015f\u0131nda. Kent kent gezer ve yolu Ba\u011fdat\u2019a d\u00fc\u015fer. Ba\u011fdat\u2019da bir meyhanede \u00e7al\u0131\u015fmaya ba\u015flar. \u00c7al\u0131\u015ft\u0131\u011f\u0131 meyhanede [&hellip;]<\/p>\n","protected":false},"author":2,"featured_media":1030065,"comment_status":"closed","ping_status":"closed","sticky":false,"template":"","format":"video","meta":{"footnotes":""},"categories":[33],"tags":[31],"class_list":["post-1030064","post","type-post","status-publish","format-video","has-post-thumbnail","hentry","category-sanat","tag-onemli","post_format-post-format-video"],"blocksy_meta":[],"seo_head":"<!-- This site is optimized with the Yoast SEO plugin v27.5 - https:\/\/yoast.com\/product\/yoast-seo-wordpress\/ -->\n<title>Bug\u00fcn, &quot;Sanat\u00e7\u0131lar\u0131n hocas\u0131&quot;,\u00a0 Do\u011fu Kurdistanl\u0131 sanat\u00e7\u0131 Hasan Z\u00eerek\u2019in 52&#039;inci\u00a0 \u00f6l\u00fcm y\u0131l d\u00f6n\u00fcm\u00fc - Darka Mazi<\/title>\n<meta name=\"robots\" content=\"index, follow, max-snippet:-1, max-image-preview:large, max-video-preview:-1\" \/>\n<link rel=\"canonical\" href=\"https:\/\/darkamazi.site\/archives\/1030064\" \/>\n<meta property=\"og:locale\" content=\"en_US\" \/>\n<meta property=\"og:type\" content=\"article\" \/>\n<meta property=\"og:title\" content=\"Bug\u00fcn, &quot;Sanat\u00e7\u0131lar\u0131n hocas\u0131&quot;,\u00a0 Do\u011fu Kurdistanl\u0131 sanat\u00e7\u0131 Hasan Z\u00eerek\u2019in 52&#039;inci\u00a0 \u00f6l\u00fcm y\u0131l d\u00f6n\u00fcm\u00fc - Darka Mazi\" \/>\n<meta property=\"og:description\" content=\"K\u00fcrt m\u00fczi\u011finin \u00fcretken \u015fahsiyetlerinden olan Hesen Z\u00eerek, 1921 y\u0131l\u0131nda Do\u011fu (\u0130ran) K\u00fcrdistan\u2019\u0131n Bokan \u015fehrinin Herm\u00eal\u00ea k\u00f6y\u00fcnde do\u011far. \u00c7ocuk ya\u015fta babas\u0131n\u0131 kaybedince annesinin yeniden evlenmesi \u00fczerine eviyle ve k\u00f6y\u00fcyle ba\u011f\u0131n\u0131 kopar\u0131r. Seyislik, bir a\u011fan\u0131n yan\u0131nda silahl\u0131 korumal\u0131k gibi i\u015fler yapar gen\u00e7 ya\u015f\u0131nda. Kent kent gezer ve yolu Ba\u011fdat\u2019a d\u00fc\u015fer. Ba\u011fdat\u2019da bir meyhanede \u00e7al\u0131\u015fmaya ba\u015flar. \u00c7al\u0131\u015ft\u0131\u011f\u0131 meyhanede [&hellip;]\" \/>\n<meta property=\"og:url\" content=\"https:\/\/darkamazi.site\/archives\/1030064\" \/>\n<meta property=\"og:site_name\" content=\"Darka Mazi\" \/>\n<meta property=\"article:publisher\" content=\"https:\/\/www.facebook.com\/DarkaMaziturkce\" \/>\n<meta property=\"article:published_time\" content=\"2024-06-26T17:58:49+00:00\" \/>\n<meta property=\"og:image\" content=\"https:\/\/darkamazi.site\/file\/2024\/06\/Hasan-Zirek.jpg\" \/>\n\t<meta property=\"og:image:width\" content=\"880\" \/>\n\t<meta property=\"og:image:height\" content=\"440\" \/>\n\t<meta property=\"og:image:type\" content=\"image\/jpeg\" \/>\n<meta name=\"author\" content=\"darka mazi\" \/>\n<meta name=\"twitter:card\" content=\"summary_large_image\" \/>\n<meta name=\"twitter:creator\" content=\"@DarkaMaziTurkce\" \/>\n<meta name=\"twitter:site\" content=\"@DarkaMaziTurkce\" \/>\n<meta name=\"twitter:label1\" content=\"Written by\" \/>\n\t<meta name=\"twitter:data1\" content=\"darka mazi\" \/>\n\t<meta name=\"twitter:label2\" content=\"Est. reading time\" \/>\n\t<meta name=\"twitter:data2\" content=\"2 minutes\" \/>\n<script type=\"application\/ld+json\" class=\"seo-schema-graph\">{\"@context\":\"https:\\\/\\\/schema.org\",\"@graph\":[{\"@type\":\"NewsArticle\",\"@id\":\"https:\\\/\\\/darkamazi.site\\\/archives\\\/1030064#article\",\"isPartOf\":{\"@id\":\"https:\\\/\\\/darkamazi.site\\\/archives\\\/1030064\"},\"author\":{\"name\":\"darka mazi\",\"@id\":\"https:\\\/\\\/darkamazi.site\\\/#\\\/schema\\\/person\\\/67986a95ac546c16760365877ef4a9d3\"},\"headline\":\"Bug\u00fcn, &#8220;Sanat\u00e7\u0131lar\u0131n hocas\u0131&#8221;,\u00a0 Do\u011fu Kurdistanl\u0131 sanat\u00e7\u0131 Hasan Z\u00eerek\u2019in 52&#8217;inci\u00a0 \u00f6l\u00fcm y\u0131l d\u00f6n\u00fcm\u00fc\",\"datePublished\":\"2024-06-26T17:58:49+00:00\",\"mainEntityOfPage\":{\"@id\":\"https:\\\/\\\/darkamazi.site\\\/archives\\\/1030064\"},\"wordCount\":490,\"publisher\":{\"@id\":\"https:\\\/\\\/darkamazi.site\\\/#organization\"},\"image\":{\"@id\":\"https:\\\/\\\/darkamazi.site\\\/archives\\\/1030064#primaryimage\"},\"thumbnailUrl\":\"https:\\\/\\\/darkamazi.site\\\/darka-content\\\/uploads\\\/2024\\\/06\\\/Hasan-Zirek.jpg\",\"keywords\":[\"\u00f6nemli\"],\"articleSection\":[\"Sanat\"],\"inLanguage\":\"en-US\"},{\"@type\":\"WebPage\",\"@id\":\"https:\\\/\\\/darkamazi.site\\\/archives\\\/1030064\",\"url\":\"https:\\\/\\\/darkamazi.site\\\/archives\\\/1030064\",\"name\":\"Bug\u00fcn, \\\"Sanat\u00e7\u0131lar\u0131n hocas\u0131\\\",\u00a0 Do\u011fu Kurdistanl\u0131 sanat\u00e7\u0131 Hasan Z\u00eerek\u2019in 52'inci\u00a0 \u00f6l\u00fcm y\u0131l d\u00f6n\u00fcm\u00fc - Darka Mazi\",\"isPartOf\":{\"@id\":\"https:\\\/\\\/darkamazi.site\\\/#website\"},\"primaryImageOfPage\":{\"@id\":\"https:\\\/\\\/darkamazi.site\\\/archives\\\/1030064#primaryimage\"},\"image\":{\"@id\":\"https:\\\/\\\/darkamazi.site\\\/archives\\\/1030064#primaryimage\"},\"thumbnailUrl\":\"https:\\\/\\\/darkamazi.site\\\/darka-content\\\/uploads\\\/2024\\\/06\\\/Hasan-Zirek.jpg\",\"datePublished\":\"2024-06-26T17:58:49+00:00\",\"breadcrumb\":{\"@id\":\"https:\\\/\\\/darkamazi.site\\\/archives\\\/1030064#breadcrumb\"},\"inLanguage\":\"en-US\",\"potentialAction\":[{\"@type\":\"ReadAction\",\"target\":[\"https:\\\/\\\/darkamazi.site\\\/archives\\\/1030064\"]}]},{\"@type\":\"ImageObject\",\"inLanguage\":\"en-US\",\"@id\":\"https:\\\/\\\/darkamazi.site\\\/archives\\\/1030064#primaryimage\",\"url\":\"https:\\\/\\\/darkamazi.site\\\/darka-content\\\/uploads\\\/2024\\\/06\\\/Hasan-Zirek.jpg\",\"contentUrl\":\"https:\\\/\\\/darkamazi.site\\\/darka-content\\\/uploads\\\/2024\\\/06\\\/Hasan-Zirek.jpg\",\"width\":880,\"height\":440,\"caption\":\"Bug\u00fcn, \\\"Sanat\u00e7\u0131lar\u0131n hocas\u0131\\\",\u00a0 Do\u011fu Kurdistanl\u0131 sanat\u00e7\u0131 Hasan Z\u00eerek\u2019in 52'inci\u00a0 \u00f6l\u00fcm y\u0131l d\u00f6n\u00fcm\u00fc\"},{\"@type\":\"BreadcrumbList\",\"@id\":\"https:\\\/\\\/darkamazi.site\\\/archives\\\/1030064#breadcrumb\",\"itemListElement\":[{\"@type\":\"ListItem\",\"position\":1,\"name\":\"Home\",\"item\":\"https:\\\/\\\/darkamazi.site\\\/\"},{\"@type\":\"ListItem\",\"position\":2,\"name\":\"Bug\u00fcn, &#8220;Sanat\u00e7\u0131lar\u0131n hocas\u0131&#8221;,\u00a0 Do\u011fu Kurdistanl\u0131 sanat\u00e7\u0131 Hasan Z\u00eerek\u2019in 52&#8217;inci\u00a0 \u00f6l\u00fcm y\u0131l d\u00f6n\u00fcm\u00fc\"}]},{\"@type\":\"WebSite\",\"@id\":\"https:\\\/\\\/darkamazi.site\\\/#website\",\"url\":\"https:\\\/\\\/darkamazi.site\\\/\",\"name\":\"Darka Mazi\",\"description\":\"Ana Sayfa\",\"publisher\":{\"@id\":\"https:\\\/\\\/darkamazi.site\\\/#organization\"},\"potentialAction\":[{\"@type\":\"SearchAction\",\"target\":{\"@type\":\"EntryPoint\",\"urlTemplate\":\"https:\\\/\\\/darkamazi.site\\\/?s={search_term_string}\"},\"query-input\":{\"@type\":\"PropertyValueSpecification\",\"valueRequired\":true,\"valueName\":\"search_term_string\"}}],\"inLanguage\":\"en-US\"},{\"@type\":\"Organization\",\"@id\":\"https:\\\/\\\/darkamazi.site\\\/#organization\",\"name\":\"Darka Mazi T\u00fcrk\u00e7e\",\"alternateName\":\"Darka Mazi\",\"url\":\"https:\\\/\\\/darkamazi.site\\\/\",\"logo\":{\"@type\":\"ImageObject\",\"inLanguage\":\"en-US\",\"@id\":\"https:\\\/\\\/darkamazi.site\\\/#\\\/schema\\\/logo\\\/image\\\/\",\"url\":\"https:\\\/\\\/darkamazi.site\\\/darka-content\\\/uploads\\\/2017\\\/12\\\/darka-mazi-logo.png\",\"contentUrl\":\"https:\\\/\\\/darkamazi.site\\\/darka-content\\\/uploads\\\/2017\\\/12\\\/darka-mazi-logo.png\",\"width\":151,\"height\":75,\"caption\":\"Darka Mazi T\u00fcrk\u00e7e\"},\"image\":{\"@id\":\"https:\\\/\\\/darkamazi.site\\\/#\\\/schema\\\/logo\\\/image\\\/\"},\"sameAs\":[\"https:\\\/\\\/www.facebook.com\\\/DarkaMaziturkce\",\"https:\\\/\\\/x.com\\\/DarkaMaziTurkce\"]},{\"@type\":\"Person\",\"@id\":\"https:\\\/\\\/darkamazi.site\\\/#\\\/schema\\\/person\\\/67986a95ac546c16760365877ef4a9d3\",\"name\":\"darka mazi\",\"sameAs\":[\"https:\\\/\\\/darkamazi.site\"],\"url\":\"https:\\\/\\\/darkamazi.site\\\/archives\\\/author\\\/turkish\"}]}<\/script>\n<!-- \/ Yoast SEO plugin. -->","seo_head_json":{"title":"Bug\u00fcn, \"Sanat\u00e7\u0131lar\u0131n hocas\u0131\",\u00a0 Do\u011fu Kurdistanl\u0131 sanat\u00e7\u0131 Hasan Z\u00eerek\u2019in 52'inci\u00a0 \u00f6l\u00fcm y\u0131l d\u00f6n\u00fcm\u00fc - Darka Mazi","robots":{"index":"index","follow":"follow","max-snippet":"max-snippet:-1","max-image-preview":"max-image-preview:large","max-video-preview":"max-video-preview:-1"},"canonical":"https:\/\/darkamazi.site\/archives\/1030064","og_locale":"en_US","og_type":"article","og_title":"Bug\u00fcn, \"Sanat\u00e7\u0131lar\u0131n hocas\u0131\",\u00a0 Do\u011fu Kurdistanl\u0131 sanat\u00e7\u0131 Hasan Z\u00eerek\u2019in 52'inci\u00a0 \u00f6l\u00fcm y\u0131l d\u00f6n\u00fcm\u00fc - Darka Mazi","og_description":"K\u00fcrt m\u00fczi\u011finin \u00fcretken \u015fahsiyetlerinden olan Hesen Z\u00eerek, 1921 y\u0131l\u0131nda Do\u011fu (\u0130ran) K\u00fcrdistan\u2019\u0131n Bokan \u015fehrinin Herm\u00eal\u00ea k\u00f6y\u00fcnde do\u011far. \u00c7ocuk ya\u015fta babas\u0131n\u0131 kaybedince annesinin yeniden evlenmesi \u00fczerine eviyle ve k\u00f6y\u00fcyle ba\u011f\u0131n\u0131 kopar\u0131r. Seyislik, bir a\u011fan\u0131n yan\u0131nda silahl\u0131 korumal\u0131k gibi i\u015fler yapar gen\u00e7 ya\u015f\u0131nda. Kent kent gezer ve yolu Ba\u011fdat\u2019a d\u00fc\u015fer. Ba\u011fdat\u2019da bir meyhanede \u00e7al\u0131\u015fmaya ba\u015flar. \u00c7al\u0131\u015ft\u0131\u011f\u0131 meyhanede [&hellip;]","og_url":"https:\/\/darkamazi.site\/archives\/1030064","og_site_name":"Darka Mazi","article_publisher":"https:\/\/www.facebook.com\/DarkaMaziturkce","article_published_time":"2024-06-26T17:58:49+00:00","og_image":[{"width":880,"height":440,"url":"https:\/\/darkamazi.site\/file\/2024\/06\/Hasan-Zirek.jpg","type":"image\/jpeg"}],"author":"darka mazi","twitter_card":"summary_large_image","twitter_creator":"@DarkaMaziTurkce","twitter_site":"@DarkaMaziTurkce","twitter_misc":{"Written by":"darka mazi","Est. reading time":"2 minutes"},"schema":{"@context":"https:\/\/schema.org","@graph":[{"@type":"NewsArticle","@id":"https:\/\/darkamazi.site\/archives\/1030064#article","isPartOf":{"@id":"https:\/\/darkamazi.site\/archives\/1030064"},"author":{"name":"darka mazi","@id":"https:\/\/darkamazi.site\/#\/schema\/person\/67986a95ac546c16760365877ef4a9d3"},"headline":"Bug\u00fcn, &#8220;Sanat\u00e7\u0131lar\u0131n hocas\u0131&#8221;,\u00a0 Do\u011fu Kurdistanl\u0131 sanat\u00e7\u0131 Hasan Z\u00eerek\u2019in 52&#8217;inci\u00a0 \u00f6l\u00fcm y\u0131l d\u00f6n\u00fcm\u00fc","datePublished":"2024-06-26T17:58:49+00:00","mainEntityOfPage":{"@id":"https:\/\/darkamazi.site\/archives\/1030064"},"wordCount":490,"publisher":{"@id":"https:\/\/darkamazi.site\/#organization"},"image":{"@id":"https:\/\/darkamazi.site\/archives\/1030064#primaryimage"},"thumbnailUrl":"https:\/\/darkamazi.site\/file\/2024\/06\/Hasan-Zirek.jpg","keywords":["\u00f6nemli"],"articleSection":["Sanat"],"inLanguage":"en-US"},{"@type":"WebPage","@id":"https:\/\/darkamazi.site\/archives\/1030064","url":"https:\/\/darkamazi.site\/archives\/1030064","name":"Bug\u00fcn, \"Sanat\u00e7\u0131lar\u0131n hocas\u0131\",\u00a0 Do\u011fu Kurdistanl\u0131 sanat\u00e7\u0131 Hasan Z\u00eerek\u2019in 52'inci\u00a0 \u00f6l\u00fcm y\u0131l d\u00f6n\u00fcm\u00fc - Darka Mazi","isPartOf":{"@id":"https:\/\/darkamazi.site\/#website"},"primaryImageOfPage":{"@id":"https:\/\/darkamazi.site\/archives\/1030064#primaryimage"},"image":{"@id":"https:\/\/darkamazi.site\/archives\/1030064#primaryimage"},"thumbnailUrl":"https:\/\/darkamazi.site\/file\/2024\/06\/Hasan-Zirek.jpg","datePublished":"2024-06-26T17:58:49+00:00","breadcrumb":{"@id":"https:\/\/darkamazi.site\/archives\/1030064#breadcrumb"},"inLanguage":"en-US","potentialAction":[{"@type":"ReadAction","target":["https:\/\/darkamazi.site\/archives\/1030064"]}]},{"@type":"ImageObject","inLanguage":"en-US","@id":"https:\/\/darkamazi.site\/archives\/1030064#primaryimage","url":"https:\/\/darkamazi.site\/file\/2024\/06\/Hasan-Zirek.jpg","contentUrl":"https:\/\/darkamazi.site\/file\/2024\/06\/Hasan-Zirek.jpg","width":880,"height":440,"caption":"Bug\u00fcn, \"Sanat\u00e7\u0131lar\u0131n hocas\u0131\",\u00a0 Do\u011fu Kurdistanl\u0131 sanat\u00e7\u0131 Hasan Z\u00eerek\u2019in 52'inci\u00a0 \u00f6l\u00fcm y\u0131l d\u00f6n\u00fcm\u00fc"},{"@type":"BreadcrumbList","@id":"https:\/\/darkamazi.site\/archives\/1030064#breadcrumb","itemListElement":[{"@type":"ListItem","position":1,"name":"Home","item":"https:\/\/darkamazi.site\/"},{"@type":"ListItem","position":2,"name":"Bug\u00fcn, &#8220;Sanat\u00e7\u0131lar\u0131n hocas\u0131&#8221;,\u00a0 Do\u011fu Kurdistanl\u0131 sanat\u00e7\u0131 Hasan Z\u00eerek\u2019in 52&#8217;inci\u00a0 \u00f6l\u00fcm y\u0131l d\u00f6n\u00fcm\u00fc"}]},{"@type":"WebSite","@id":"https:\/\/darkamazi.site\/#website","url":"https:\/\/darkamazi.site\/","name":"Darka Mazi","description":"Ana Sayfa","publisher":{"@id":"https:\/\/darkamazi.site\/#organization"},"potentialAction":[{"@type":"SearchAction","target":{"@type":"EntryPoint","urlTemplate":"https:\/\/darkamazi.site\/?s={search_term_string}"},"query-input":{"@type":"PropertyValueSpecification","valueRequired":true,"valueName":"search_term_string"}}],"inLanguage":"en-US"},{"@type":"Organization","@id":"https:\/\/darkamazi.site\/#organization","name":"Darka Mazi T\u00fcrk\u00e7e","alternateName":"Darka Mazi","url":"https:\/\/darkamazi.site\/","logo":{"@type":"ImageObject","inLanguage":"en-US","@id":"https:\/\/darkamazi.site\/#\/schema\/logo\/image\/","url":"https:\/\/darkamazi.site\/file\/2017\/12\/darka-mazi-logo.png","contentUrl":"https:\/\/darkamazi.site\/file\/2017\/12\/darka-mazi-logo.png","width":151,"height":75,"caption":"Darka Mazi T\u00fcrk\u00e7e"},"image":{"@id":"https:\/\/darkamazi.site\/#\/schema\/logo\/image\/"},"sameAs":["https:\/\/www.facebook.com\/DarkaMaziturkce","https:\/\/x.com\/DarkaMaziTurkce"]},{"@type":"Person","@id":"https:\/\/darkamazi.site\/#\/schema\/person\/67986a95ac546c16760365877ef4a9d3","name":"darka mazi","sameAs":["https:\/\/darkamazi.site"],"url":"https:\/\/darkamazi.site\/archives\/author\/turkish"}]}},"_links":{"self":[{"href":"https:\/\/darkamazi.site\/funavuv\/wp\/v2\/posts\/1030064","targetHints":{"allow":["GET"]}}],"collection":[{"href":"https:\/\/darkamazi.site\/funavuv\/wp\/v2\/posts"}],"about":[{"href":"https:\/\/darkamazi.site\/funavuv\/wp\/v2\/types\/post"}],"author":[{"embeddable":true,"href":"https:\/\/darkamazi.site\/funavuv\/wp\/v2\/users\/2"}],"replies":[{"embeddable":true,"href":"https:\/\/darkamazi.site\/funavuv\/wp\/v2\/comments?post=1030064"}],"version-history":[{"count":0,"href":"https:\/\/darkamazi.site\/funavuv\/wp\/v2\/posts\/1030064\/revisions"}],"wp:featuredmedia":[{"embeddable":true,"href":"https:\/\/darkamazi.site\/funavuv\/wp\/v2\/media\/1030065"}],"wp:attachment":[{"href":"https:\/\/darkamazi.site\/funavuv\/wp\/v2\/media?parent=1030064"}],"wp:term":[{"taxonomy":"category","embeddable":true,"href":"https:\/\/darkamazi.site\/funavuv\/wp\/v2\/categories?post=1030064"},{"taxonomy":"post_tag","embeddable":true,"href":"https:\/\/darkamazi.site\/funavuv\/wp\/v2\/tags?post=1030064"}],"curies":[{"name":"wp","href":"https:\/\/api.w.org\/{rel}","templated":true}]}}