{"id":1030132,"date":"2024-07-02T20:50:59","date_gmt":"2024-07-02T17:50:59","guid":{"rendered":"https:\/\/darkamazi.site\/?p=1030132"},"modified":"2024-07-02T20:50:59","modified_gmt":"2024-07-02T17:50:59","slug":"pwk-2-temmuz-1993te-madimakta-yakilanlari-andi","status":"publish","type":"post","link":"https:\/\/darkamazi.site\/archives\/1030132","title":{"rendered":"PWK 2 Temmuz 1993&#8217;te Mad\u0131mak&#8217;ta yak\u0131lanlar\u0131 and\u0131"},"content":{"rendered":"<p style=\"text-align: justify\"><strong>K\u00fcrdistan Yurtseverler Partisi (PWK) Bas\u0131n B\u00fcrosu:<\/strong><\/p>\n<p style=\"text-align: justify\">2 Temmuz 1993 g\u00fcn\u00fc Pir Sultan Abdal \u015eenliklerine kat\u0131lmak i\u00e7in Sivas&#8217;a giden ayd\u0131n ve sanat\u00e7\u0131lardan 33&#8217;\u00fc, kald\u0131klar\u0131 Mad\u0131mak Oteli\u2019nin sald\u0131r\u0131yla yak\u0131lmas\u0131 sonucunda ya\u015famlar\u0131n\u0131 yitirdiler.<\/p>\n<p style=\"text-align: justify\">Yang\u0131n esnas\u0131nda iki otel g\u00f6revlisi de ya\u015fam\u0131n\u0131 yitirdi.<\/p>\n<p style=\"text-align: justify\">\u00d6rne\u011fine az rastlan\u0131r bu insanl\u0131k d\u0131\u015f\u0131 katliam, devletin g\u00fcvenlik g\u00fc\u00e7lerinin g\u00f6zleri \u00f6n\u00fcnde ger\u00e7ekle\u015ftirildi. Alevilere kar\u015f\u0131 sahnelenen onlarca katliam\u0131n bu yeni perdesi de \u2018faili me\u00e7hul\u2019 kald\u0131.<\/p>\n<p style=\"text-align: justify\">Tam bir mizansen olan yarg\u0131lama s\u00fcreci uzun y\u0131llar devam etti.<\/p>\n<p style=\"text-align: justify\">Sivas Katliam\u0131 davas\u0131 20 y\u0131l\u0131n ard\u0131ndan zaman a\u015f\u0131m\u0131 gerek\u00e7esiyle kapat\u0131ld\u0131.<\/p>\n<p style=\"text-align: justify\">31. y\u0131l d\u00f6n\u00fcm\u00fcnde, Sivas\u2019ta yak\u0131larak katledilenleri sayg\u0131yla an\u0131yor, bu katliam\u0131 ger\u00e7ekle\u015ftiren insanl\u0131k d\u0131\u015f\u0131 g\u00fc\u00e7leri ve arkalar\u0131ndakileri bir kez daha lanetliyoruz.<\/p>\n<p style=\"text-align: justify\">02.07.2024<\/p>\n<p style=\"text-align: justify\"><strong>K\u00fcrdistan Yurtseverler Partisi (PWK) Bas\u0131n B\u00fcrosu<\/strong><\/p>\n<p style=\"text-align: justify\">Kaynak: <a href=\"https:\/\/www.rupelanu.org\/pwk-2-temmuz-1993te-sivasta-madimak-oteli-yangininda-yakilarak-katledilenleri-saygiyl-29302h.htm\" target=\"_blank\">PWK: 2 Temmuz 1993\u2019te Sivas\u2019ta Mad\u0131mak Oteli Yang\u0131n\u0131nda Yak\u0131larak Katledilenleri Sayg\u0131yla An\u0131yoruz<\/a><\/p>\n","protected":false},"excerpt":{"rendered":"<p>K\u00fcrdistan Yurtseverler Partisi (PWK) Bas\u0131n B\u00fcrosu: 2 Temmuz 1993 g\u00fcn\u00fc Pir Sultan Abdal \u015eenliklerine kat\u0131lmak i\u00e7in Sivas&#8217;a giden ayd\u0131n ve sanat\u00e7\u0131lardan 33&#8217;\u00fc, kald\u0131klar\u0131 Mad\u0131mak Oteli\u2019nin sald\u0131r\u0131yla yak\u0131lmas\u0131 sonucunda ya\u015famlar\u0131n\u0131 yitirdiler. Yang\u0131n esnas\u0131nda iki otel g\u00f6revlisi de ya\u015fam\u0131n\u0131 yitirdi. \u00d6rne\u011fine az rastlan\u0131r bu insanl\u0131k d\u0131\u015f\u0131 katliam, devletin g\u00fcvenlik g\u00fc\u00e7lerinin g\u00f6zleri \u00f6n\u00fcnde ger\u00e7ekle\u015ftirildi. Alevilere kar\u015f\u0131 sahnelenen onlarca [&hellip;]<\/p>\n","protected":false},"author":2,"featured_media":1030133,"comment_status":"closed","ping_status":"closed","sticky":false,"template":"","format":"standard","meta":{"footnotes":""},"categories":[3],"tags":[],"class_list":["post-1030132","post","type-post","status-publish","format-standard","has-post-thumbnail","hentry","category-kurdistan"],"blocksy_meta":[],"seo_head":"<!-- This site is optimized with the Yoast SEO plugin v27.5 - https:\/\/yoast.com\/product\/yoast-seo-wordpress\/ -->\n<title>PWK 2 Temmuz 1993&#039;te Mad\u0131mak&#039;ta yak\u0131lanlar\u0131 and\u0131 - Darka Mazi<\/title>\n<meta name=\"robots\" content=\"index, follow, max-snippet:-1, max-image-preview:large, max-video-preview:-1\" \/>\n<link rel=\"canonical\" href=\"https:\/\/darkamazi.site\/archives\/1030132\" \/>\n<meta property=\"og:locale\" content=\"en_US\" \/>\n<meta property=\"og:type\" content=\"article\" \/>\n<meta property=\"og:title\" content=\"PWK 2 Temmuz 1993&#039;te Mad\u0131mak&#039;ta yak\u0131lanlar\u0131 and\u0131 - Darka Mazi\" \/>\n<meta property=\"og:description\" content=\"K\u00fcrdistan Yurtseverler Partisi (PWK) Bas\u0131n B\u00fcrosu: 2 Temmuz 1993 g\u00fcn\u00fc Pir Sultan Abdal \u015eenliklerine kat\u0131lmak i\u00e7in Sivas&#8217;a giden ayd\u0131n ve sanat\u00e7\u0131lardan 33&#8217;\u00fc, kald\u0131klar\u0131 Mad\u0131mak Oteli\u2019nin sald\u0131r\u0131yla yak\u0131lmas\u0131 sonucunda ya\u015famlar\u0131n\u0131 yitirdiler. Yang\u0131n esnas\u0131nda iki otel g\u00f6revlisi de ya\u015fam\u0131n\u0131 yitirdi. \u00d6rne\u011fine az rastlan\u0131r bu insanl\u0131k d\u0131\u015f\u0131 katliam, devletin g\u00fcvenlik g\u00fc\u00e7lerinin g\u00f6zleri \u00f6n\u00fcnde ger\u00e7ekle\u015ftirildi. Alevilere kar\u015f\u0131 sahnelenen onlarca [&hellip;]\" \/>\n<meta property=\"og:url\" content=\"https:\/\/darkamazi.site\/archives\/1030132\" \/>\n<meta property=\"og:site_name\" content=\"Darka Mazi\" \/>\n<meta property=\"article:publisher\" content=\"https:\/\/www.facebook.com\/DarkaMaziturkce\" \/>\n<meta property=\"article:published_time\" content=\"2024-07-02T17:50:59+00:00\" \/>\n<meta property=\"og:image\" content=\"https:\/\/darkamazi.site\/file\/2024\/07\/PWK.jpg\" \/>\n\t<meta property=\"og:image:width\" content=\"880\" \/>\n\t<meta property=\"og:image:height\" content=\"440\" \/>\n\t<meta property=\"og:image:type\" content=\"image\/jpeg\" \/>\n<meta name=\"author\" content=\"darka mazi\" \/>\n<meta name=\"twitter:card\" content=\"summary_large_image\" \/>\n<meta name=\"twitter:creator\" content=\"@DarkaMaziTurkce\" \/>\n<meta name=\"twitter:site\" content=\"@DarkaMaziTurkce\" \/>\n<meta name=\"twitter:label1\" content=\"Written by\" \/>\n\t<meta name=\"twitter:data1\" content=\"darka mazi\" \/>\n\t<meta name=\"twitter:label2\" content=\"Est. reading time\" \/>\n\t<meta name=\"twitter:data2\" content=\"1 minute\" \/>\n<script type=\"application\/ld+json\" class=\"seo-schema-graph\">{\"@context\":\"https:\\\/\\\/schema.org\",\"@graph\":[{\"@type\":\"NewsArticle\",\"@id\":\"https:\\\/\\\/darkamazi.site\\\/archives\\\/1030132#article\",\"isPartOf\":{\"@id\":\"https:\\\/\\\/darkamazi.site\\\/archives\\\/1030132\"},\"author\":{\"name\":\"darka mazi\",\"@id\":\"https:\\\/\\\/darkamazi.site\\\/#\\\/schema\\\/person\\\/67986a95ac546c16760365877ef4a9d3\"},\"headline\":\"PWK 2 Temmuz 1993&#8217;te Mad\u0131mak&#8217;ta yak\u0131lanlar\u0131 and\u0131\",\"datePublished\":\"2024-07-02T17:50:59+00:00\",\"mainEntityOfPage\":{\"@id\":\"https:\\\/\\\/darkamazi.site\\\/archives\\\/1030132\"},\"wordCount\":190,\"publisher\":{\"@id\":\"https:\\\/\\\/darkamazi.site\\\/#organization\"},\"image\":{\"@id\":\"https:\\\/\\\/darkamazi.site\\\/archives\\\/1030132#primaryimage\"},\"thumbnailUrl\":\"https:\\\/\\\/darkamazi.site\\\/darka-content\\\/uploads\\\/2024\\\/07\\\/PWK.jpg\",\"articleSection\":[\"Kurdistan\"],\"inLanguage\":\"en-US\"},{\"@type\":\"WebPage\",\"@id\":\"https:\\\/\\\/darkamazi.site\\\/archives\\\/1030132\",\"url\":\"https:\\\/\\\/darkamazi.site\\\/archives\\\/1030132\",\"name\":\"PWK 2 Temmuz 1993'te Mad\u0131mak'ta yak\u0131lanlar\u0131 and\u0131 - Darka Mazi\",\"isPartOf\":{\"@id\":\"https:\\\/\\\/darkamazi.site\\\/#website\"},\"primaryImageOfPage\":{\"@id\":\"https:\\\/\\\/darkamazi.site\\\/archives\\\/1030132#primaryimage\"},\"image\":{\"@id\":\"https:\\\/\\\/darkamazi.site\\\/archives\\\/1030132#primaryimage\"},\"thumbnailUrl\":\"https:\\\/\\\/darkamazi.site\\\/darka-content\\\/uploads\\\/2024\\\/07\\\/PWK.jpg\",\"datePublished\":\"2024-07-02T17:50:59+00:00\",\"breadcrumb\":{\"@id\":\"https:\\\/\\\/darkamazi.site\\\/archives\\\/1030132#breadcrumb\"},\"inLanguage\":\"en-US\",\"potentialAction\":[{\"@type\":\"ReadAction\",\"target\":[\"https:\\\/\\\/darkamazi.site\\\/archives\\\/1030132\"]}]},{\"@type\":\"ImageObject\",\"inLanguage\":\"en-US\",\"@id\":\"https:\\\/\\\/darkamazi.site\\\/archives\\\/1030132#primaryimage\",\"url\":\"https:\\\/\\\/darkamazi.site\\\/darka-content\\\/uploads\\\/2024\\\/07\\\/PWK.jpg\",\"contentUrl\":\"https:\\\/\\\/darkamazi.site\\\/darka-content\\\/uploads\\\/2024\\\/07\\\/PWK.jpg\",\"width\":880,\"height\":440,\"caption\":\"PWK 2 Temmuz 1993'te Mad\u0131mak'ta yak\u0131lanlar\u0131 and\u0131\"},{\"@type\":\"BreadcrumbList\",\"@id\":\"https:\\\/\\\/darkamazi.site\\\/archives\\\/1030132#breadcrumb\",\"itemListElement\":[{\"@type\":\"ListItem\",\"position\":1,\"name\":\"Home\",\"item\":\"https:\\\/\\\/darkamazi.site\\\/\"},{\"@type\":\"ListItem\",\"position\":2,\"name\":\"PWK 2 Temmuz 1993&#8217;te Mad\u0131mak&#8217;ta yak\u0131lanlar\u0131 and\u0131\"}]},{\"@type\":\"WebSite\",\"@id\":\"https:\\\/\\\/darkamazi.site\\\/#website\",\"url\":\"https:\\\/\\\/darkamazi.site\\\/\",\"name\":\"Darka Mazi\",\"description\":\"Ana Sayfa\",\"publisher\":{\"@id\":\"https:\\\/\\\/darkamazi.site\\\/#organization\"},\"potentialAction\":[{\"@type\":\"SearchAction\",\"target\":{\"@type\":\"EntryPoint\",\"urlTemplate\":\"https:\\\/\\\/darkamazi.site\\\/?s={search_term_string}\"},\"query-input\":{\"@type\":\"PropertyValueSpecification\",\"valueRequired\":true,\"valueName\":\"search_term_string\"}}],\"inLanguage\":\"en-US\"},{\"@type\":\"Organization\",\"@id\":\"https:\\\/\\\/darkamazi.site\\\/#organization\",\"name\":\"Darka Mazi T\u00fcrk\u00e7e\",\"alternateName\":\"Darka Mazi\",\"url\":\"https:\\\/\\\/darkamazi.site\\\/\",\"logo\":{\"@type\":\"ImageObject\",\"inLanguage\":\"en-US\",\"@id\":\"https:\\\/\\\/darkamazi.site\\\/#\\\/schema\\\/logo\\\/image\\\/\",\"url\":\"https:\\\/\\\/darkamazi.site\\\/darka-content\\\/uploads\\\/2017\\\/12\\\/darka-mazi-logo.png\",\"contentUrl\":\"https:\\\/\\\/darkamazi.site\\\/darka-content\\\/uploads\\\/2017\\\/12\\\/darka-mazi-logo.png\",\"width\":151,\"height\":75,\"caption\":\"Darka Mazi T\u00fcrk\u00e7e\"},\"image\":{\"@id\":\"https:\\\/\\\/darkamazi.site\\\/#\\\/schema\\\/logo\\\/image\\\/\"},\"sameAs\":[\"https:\\\/\\\/www.facebook.com\\\/DarkaMaziturkce\",\"https:\\\/\\\/x.com\\\/DarkaMaziTurkce\"]},{\"@type\":\"Person\",\"@id\":\"https:\\\/\\\/darkamazi.site\\\/#\\\/schema\\\/person\\\/67986a95ac546c16760365877ef4a9d3\",\"name\":\"darka mazi\",\"sameAs\":[\"https:\\\/\\\/darkamazi.site\"],\"url\":\"https:\\\/\\\/darkamazi.site\\\/archives\\\/author\\\/turkish\"}]}<\/script>\n<!-- \/ Yoast SEO plugin. -->","seo_head_json":{"title":"PWK 2 Temmuz 1993'te Mad\u0131mak'ta yak\u0131lanlar\u0131 and\u0131 - Darka Mazi","robots":{"index":"index","follow":"follow","max-snippet":"max-snippet:-1","max-image-preview":"max-image-preview:large","max-video-preview":"max-video-preview:-1"},"canonical":"https:\/\/darkamazi.site\/archives\/1030132","og_locale":"en_US","og_type":"article","og_title":"PWK 2 Temmuz 1993'te Mad\u0131mak'ta yak\u0131lanlar\u0131 and\u0131 - Darka Mazi","og_description":"K\u00fcrdistan Yurtseverler Partisi (PWK) Bas\u0131n B\u00fcrosu: 2 Temmuz 1993 g\u00fcn\u00fc Pir Sultan Abdal \u015eenliklerine kat\u0131lmak i\u00e7in Sivas&#8217;a giden ayd\u0131n ve sanat\u00e7\u0131lardan 33&#8217;\u00fc, kald\u0131klar\u0131 Mad\u0131mak Oteli\u2019nin sald\u0131r\u0131yla yak\u0131lmas\u0131 sonucunda ya\u015famlar\u0131n\u0131 yitirdiler. Yang\u0131n esnas\u0131nda iki otel g\u00f6revlisi de ya\u015fam\u0131n\u0131 yitirdi. \u00d6rne\u011fine az rastlan\u0131r bu insanl\u0131k d\u0131\u015f\u0131 katliam, devletin g\u00fcvenlik g\u00fc\u00e7lerinin g\u00f6zleri \u00f6n\u00fcnde ger\u00e7ekle\u015ftirildi. Alevilere kar\u015f\u0131 sahnelenen onlarca [&hellip;]","og_url":"https:\/\/darkamazi.site\/archives\/1030132","og_site_name":"Darka Mazi","article_publisher":"https:\/\/www.facebook.com\/DarkaMaziturkce","article_published_time":"2024-07-02T17:50:59+00:00","og_image":[{"width":880,"height":440,"url":"https:\/\/darkamazi.site\/file\/2024\/07\/PWK.jpg","type":"image\/jpeg"}],"author":"darka mazi","twitter_card":"summary_large_image","twitter_creator":"@DarkaMaziTurkce","twitter_site":"@DarkaMaziTurkce","twitter_misc":{"Written by":"darka mazi","Est. reading time":"1 minute"},"schema":{"@context":"https:\/\/schema.org","@graph":[{"@type":"NewsArticle","@id":"https:\/\/darkamazi.site\/archives\/1030132#article","isPartOf":{"@id":"https:\/\/darkamazi.site\/archives\/1030132"},"author":{"name":"darka mazi","@id":"https:\/\/darkamazi.site\/#\/schema\/person\/67986a95ac546c16760365877ef4a9d3"},"headline":"PWK 2 Temmuz 1993&#8217;te Mad\u0131mak&#8217;ta yak\u0131lanlar\u0131 and\u0131","datePublished":"2024-07-02T17:50:59+00:00","mainEntityOfPage":{"@id":"https:\/\/darkamazi.site\/archives\/1030132"},"wordCount":190,"publisher":{"@id":"https:\/\/darkamazi.site\/#organization"},"image":{"@id":"https:\/\/darkamazi.site\/archives\/1030132#primaryimage"},"thumbnailUrl":"https:\/\/darkamazi.site\/file\/2024\/07\/PWK.jpg","articleSection":["Kurdistan"],"inLanguage":"en-US"},{"@type":"WebPage","@id":"https:\/\/darkamazi.site\/archives\/1030132","url":"https:\/\/darkamazi.site\/archives\/1030132","name":"PWK 2 Temmuz 1993'te Mad\u0131mak'ta yak\u0131lanlar\u0131 and\u0131 - Darka Mazi","isPartOf":{"@id":"https:\/\/darkamazi.site\/#website"},"primaryImageOfPage":{"@id":"https:\/\/darkamazi.site\/archives\/1030132#primaryimage"},"image":{"@id":"https:\/\/darkamazi.site\/archives\/1030132#primaryimage"},"thumbnailUrl":"https:\/\/darkamazi.site\/file\/2024\/07\/PWK.jpg","datePublished":"2024-07-02T17:50:59+00:00","breadcrumb":{"@id":"https:\/\/darkamazi.site\/archives\/1030132#breadcrumb"},"inLanguage":"en-US","potentialAction":[{"@type":"ReadAction","target":["https:\/\/darkamazi.site\/archives\/1030132"]}]},{"@type":"ImageObject","inLanguage":"en-US","@id":"https:\/\/darkamazi.site\/archives\/1030132#primaryimage","url":"https:\/\/darkamazi.site\/file\/2024\/07\/PWK.jpg","contentUrl":"https:\/\/darkamazi.site\/file\/2024\/07\/PWK.jpg","width":880,"height":440,"caption":"PWK 2 Temmuz 1993'te Mad\u0131mak'ta yak\u0131lanlar\u0131 and\u0131"},{"@type":"BreadcrumbList","@id":"https:\/\/darkamazi.site\/archives\/1030132#breadcrumb","itemListElement":[{"@type":"ListItem","position":1,"name":"Home","item":"https:\/\/darkamazi.site\/"},{"@type":"ListItem","position":2,"name":"PWK 2 Temmuz 1993&#8217;te Mad\u0131mak&#8217;ta yak\u0131lanlar\u0131 and\u0131"}]},{"@type":"WebSite","@id":"https:\/\/darkamazi.site\/#website","url":"https:\/\/darkamazi.site\/","name":"Darka Mazi","description":"Ana Sayfa","publisher":{"@id":"https:\/\/darkamazi.site\/#organization"},"potentialAction":[{"@type":"SearchAction","target":{"@type":"EntryPoint","urlTemplate":"https:\/\/darkamazi.site\/?s={search_term_string}"},"query-input":{"@type":"PropertyValueSpecification","valueRequired":true,"valueName":"search_term_string"}}],"inLanguage":"en-US"},{"@type":"Organization","@id":"https:\/\/darkamazi.site\/#organization","name":"Darka Mazi T\u00fcrk\u00e7e","alternateName":"Darka Mazi","url":"https:\/\/darkamazi.site\/","logo":{"@type":"ImageObject","inLanguage":"en-US","@id":"https:\/\/darkamazi.site\/#\/schema\/logo\/image\/","url":"https:\/\/darkamazi.site\/file\/2017\/12\/darka-mazi-logo.png","contentUrl":"https:\/\/darkamazi.site\/file\/2017\/12\/darka-mazi-logo.png","width":151,"height":75,"caption":"Darka Mazi T\u00fcrk\u00e7e"},"image":{"@id":"https:\/\/darkamazi.site\/#\/schema\/logo\/image\/"},"sameAs":["https:\/\/www.facebook.com\/DarkaMaziturkce","https:\/\/x.com\/DarkaMaziTurkce"]},{"@type":"Person","@id":"https:\/\/darkamazi.site\/#\/schema\/person\/67986a95ac546c16760365877ef4a9d3","name":"darka mazi","sameAs":["https:\/\/darkamazi.site"],"url":"https:\/\/darkamazi.site\/archives\/author\/turkish"}]}},"_links":{"self":[{"href":"https:\/\/darkamazi.site\/funavuv\/wp\/v2\/posts\/1030132","targetHints":{"allow":["GET"]}}],"collection":[{"href":"https:\/\/darkamazi.site\/funavuv\/wp\/v2\/posts"}],"about":[{"href":"https:\/\/darkamazi.site\/funavuv\/wp\/v2\/types\/post"}],"author":[{"embeddable":true,"href":"https:\/\/darkamazi.site\/funavuv\/wp\/v2\/users\/2"}],"replies":[{"embeddable":true,"href":"https:\/\/darkamazi.site\/funavuv\/wp\/v2\/comments?post=1030132"}],"version-history":[{"count":0,"href":"https:\/\/darkamazi.site\/funavuv\/wp\/v2\/posts\/1030132\/revisions"}],"wp:featuredmedia":[{"embeddable":true,"href":"https:\/\/darkamazi.site\/funavuv\/wp\/v2\/media\/1030133"}],"wp:attachment":[{"href":"https:\/\/darkamazi.site\/funavuv\/wp\/v2\/media?parent=1030132"}],"wp:term":[{"taxonomy":"category","embeddable":true,"href":"https:\/\/darkamazi.site\/funavuv\/wp\/v2\/categories?post=1030132"},{"taxonomy":"post_tag","embeddable":true,"href":"https:\/\/darkamazi.site\/funavuv\/wp\/v2\/tags?post=1030132"}],"curies":[{"name":"wp","href":"https:\/\/api.w.org\/{rel}","templated":true}]}}