{"id":1030255,"date":"2024-07-11T21:24:51","date_gmt":"2024-07-11T18:24:51","guid":{"rendered":"https:\/\/darkamazi.site\/?p=1030255"},"modified":"2024-07-11T21:24:51","modified_gmt":"2024-07-11T18:24:51","slug":"kdp-kerkukte-kurt-vali-atanmasi-konusunda-kararli","status":"publish","type":"post","link":"https:\/\/darkamazi.site\/archives\/1030255","title":{"rendered":"KDP Kerk\u00fck&#8217;te K\u00fcrt vali atanmas\u0131 konusunda kararl\u0131"},"content":{"rendered":"<div class=\"main\">\n<div class=\"container\">\n<div class=\"row News-reader-row\">\n<article class=\"col-sm-8 second-reader-column\">\n<div class=\"News-Reader-video\">\n<div class=\"News-reader-video-title\">\n<p style=\"text-align: justify\"><strong>Irak Parlamentosu Ba\u015fkan Yard\u0131mc\u0131s\u0131 KDP&#8217;li vekil\u00a0 \u015eaxewan Abdullah, Kerk\u00fck \u0130l Meclisi toplant\u0131s\u0131n\u0131n ger\u00e7ekle\u015ftirildi\u011fi belirterek, Kerk\u00fck\u2019e bir K\u00fcrt valinin atanaca\u011f\u0131n\u0131 s\u00f6yledi.<\/strong><\/p>\n<p style=\"text-align: justify\">\u015eaxewan Abdullah, bas\u0131n mensuplar\u0131na yapt\u0131\u011f\u0131 a\u00e7\u0131klamada, \u201cKerk\u00fck&#8217;te y\u00f6netim yeniden d\u00fczenlenecek, bir\u00e7ok ki\u015fi il meclisi se\u00e7imlerinin yap\u0131lmayaca\u011f\u0131n\u0131 d\u00fc\u015f\u00fcn\u00fcyordu ama yap\u0131ld\u0131. Bu Kerk\u00fck halk\u0131 i\u00e7in hayr\u0131n ve mutlulu\u011fun ba\u015flang\u0131c\u0131d\u0131r.\u201d dedi.<\/p>\n<p style=\"text-align: justify\">\u201cYak\u0131n gelecekte ger\u00e7ekle\u015fecek de\u011fi\u015fikliklere y\u00f6nelik il meclisinin ataca\u011f\u0131 ad\u0131mlara destek vermek \u00fczere Irak Parlamentosu heyeti olarak Kerk\u00fck&#8217;e gittiklerini\u201d kaydeden Abdullah, \u201c\u0130l meclisindeki \u00e7o\u011funlu\u011fu kazand\u0131klar\u0131 i\u00e7in kesinlikle bir K\u00fcrt vali olacak.\u201d de\u011ferlendirmesinde bulundu.<\/p>\n<p style=\"text-align: justify\">Irak Parlamentosu Ba\u015fkan Yard\u0131mc\u0131s\u0131, ildeki t\u00fcm bile\u015fenler aras\u0131nda ilin ortak y\u00f6netilmesi konusunda anla\u015fmaya var\u0131ld\u0131\u011f\u0131n\u0131 vurgulad\u0131.<\/p>\n<p style=\"text-align: justify\">Konseyin en ya\u015fl\u0131 \u00fcyesi olarak toplant\u0131ya ba\u015fkanl\u0131k yapan Rakan Cuburi, \u201cKerk\u00fck&#8217;te 2005 y\u0131l\u0131ndan bu yana il meclisi se\u00e7imleri yap\u0131lmamas\u0131 dolay\u0131s\u0131yla t\u00fcm taraflar\u0131n il meclisine kat\u0131l\u0131m\u0131 hizmet sunumu ve istikrar a\u00e7\u0131s\u0131ndan \u00e7ok \u00f6nemli.\u201d dedi.<\/p>\n<p style=\"text-align: justify\">\u201c\u015eu anda ilk toplant\u0131 ba\u015fl\u0131yor ve bir\u00e7ok konuyu tart\u0131\u015f\u0131p m\u00fczakere etmeye \u00e7al\u0131\u015f\u0131yoruz.\u201d diyen Cuburi, \u201cKerk\u00fck Irak i\u00e7in \u00e7ok \u00f6nemlidir ve Kerk\u00fck halk\u0131 Irak&#8217;ta bir arada ya\u015faman\u0131n in\u015fas\u0131nda \u00f6nemli bir rol oynam\u0131\u015ft\u0131r.\u201d ifadesini kulland\u0131.<\/p>\n<p style=\"text-align: justify\">Kerk\u00fck Vali Vekili Rakan Cuburi, 10 Temmuz 2024 \u00c7ar\u015famba g\u00fcn\u00fc mahkemede il meclisi \u00fcyesi olarak yemin etti ve meclisin en ya\u015fl\u0131 \u00fcyesi olmas\u0131 nedeniyle toplant\u0131ya ba\u015fkanl\u0131k etmesine karar verilmi\u015fti.Erdo\u011fan, Zelenskiy ile bir araya geldi<\/p>\n<\/div>\n<\/div>\n<\/article>\n<\/div>\n<\/div>\n<\/div>\n","protected":false},"excerpt":{"rendered":"<p>Irak Parlamentosu Ba\u015fkan Yard\u0131mc\u0131s\u0131 KDP&#8217;li vekil\u00a0 \u015eaxewan Abdullah, Kerk\u00fck \u0130l Meclisi toplant\u0131s\u0131n\u0131n ger\u00e7ekle\u015ftirildi\u011fi belirterek, Kerk\u00fck\u2019e bir K\u00fcrt valinin atanaca\u011f\u0131n\u0131 s\u00f6yledi. \u015eaxewan Abdullah, bas\u0131n mensuplar\u0131na yapt\u0131\u011f\u0131 a\u00e7\u0131klamada, \u201cKerk\u00fck&#8217;te y\u00f6netim yeniden d\u00fczenlenecek, bir\u00e7ok ki\u015fi il meclisi se\u00e7imlerinin yap\u0131lmayaca\u011f\u0131n\u0131 d\u00fc\u015f\u00fcn\u00fcyordu ama yap\u0131ld\u0131. Bu Kerk\u00fck halk\u0131 i\u00e7in hayr\u0131n ve mutlulu\u011fun ba\u015flang\u0131c\u0131d\u0131r.\u201d dedi. \u201cYak\u0131n gelecekte ger\u00e7ekle\u015fecek de\u011fi\u015fikliklere y\u00f6nelik il meclisinin [&hellip;]<\/p>\n","protected":false},"author":2,"featured_media":1030256,"comment_status":"closed","ping_status":"closed","sticky":false,"template":"","format":"standard","meta":{"footnotes":""},"categories":[3],"tags":[31],"class_list":["post-1030255","post","type-post","status-publish","format-standard","has-post-thumbnail","hentry","category-kurdistan","tag-onemli"],"blocksy_meta":[],"seo_head":"<!-- This site is optimized with the Yoast SEO plugin v27.5 - https:\/\/yoast.com\/product\/yoast-seo-wordpress\/ -->\n<title>KDP Kerk\u00fck&#039;te K\u00fcrt vali atanmas\u0131 konusunda kararl\u0131 - Darka Mazi<\/title>\n<meta name=\"robots\" content=\"index, follow, max-snippet:-1, max-image-preview:large, max-video-preview:-1\" \/>\n<link rel=\"canonical\" href=\"https:\/\/darkamazi.site\/archives\/1030255\" \/>\n<meta property=\"og:locale\" content=\"en_US\" \/>\n<meta property=\"og:type\" content=\"article\" \/>\n<meta property=\"og:title\" content=\"KDP Kerk\u00fck&#039;te K\u00fcrt vali atanmas\u0131 konusunda kararl\u0131 - Darka Mazi\" \/>\n<meta property=\"og:description\" content=\"Irak Parlamentosu Ba\u015fkan Yard\u0131mc\u0131s\u0131 KDP&#8217;li vekil\u00a0 \u015eaxewan Abdullah, Kerk\u00fck \u0130l Meclisi toplant\u0131s\u0131n\u0131n ger\u00e7ekle\u015ftirildi\u011fi belirterek, Kerk\u00fck\u2019e bir K\u00fcrt valinin atanaca\u011f\u0131n\u0131 s\u00f6yledi. \u015eaxewan Abdullah, bas\u0131n mensuplar\u0131na yapt\u0131\u011f\u0131 a\u00e7\u0131klamada, \u201cKerk\u00fck&#8217;te y\u00f6netim yeniden d\u00fczenlenecek, bir\u00e7ok ki\u015fi il meclisi se\u00e7imlerinin yap\u0131lmayaca\u011f\u0131n\u0131 d\u00fc\u015f\u00fcn\u00fcyordu ama yap\u0131ld\u0131. Bu Kerk\u00fck halk\u0131 i\u00e7in hayr\u0131n ve mutlulu\u011fun ba\u015flang\u0131c\u0131d\u0131r.\u201d dedi. \u201cYak\u0131n gelecekte ger\u00e7ekle\u015fecek de\u011fi\u015fikliklere y\u00f6nelik il meclisinin [&hellip;]\" \/>\n<meta property=\"og:url\" content=\"https:\/\/darkamazi.site\/archives\/1030255\" \/>\n<meta property=\"og:site_name\" content=\"Darka Mazi\" \/>\n<meta property=\"article:publisher\" content=\"https:\/\/www.facebook.com\/DarkaMaziturkce\" \/>\n<meta property=\"article:published_time\" content=\"2024-07-11T18:24:51+00:00\" \/>\n<meta property=\"og:image\" content=\"https:\/\/darkamazi.site\/file\/2024\/07\/1Saxewan.jpg\" \/>\n\t<meta property=\"og:image:width\" content=\"781\" \/>\n\t<meta property=\"og:image:height\" content=\"439\" \/>\n\t<meta property=\"og:image:type\" content=\"image\/jpeg\" \/>\n<meta name=\"author\" content=\"darka mazi\" \/>\n<meta name=\"twitter:card\" content=\"summary_large_image\" \/>\n<meta name=\"twitter:creator\" content=\"@DarkaMaziTurkce\" \/>\n<meta name=\"twitter:site\" content=\"@DarkaMaziTurkce\" \/>\n<meta name=\"twitter:label1\" content=\"Written by\" \/>\n\t<meta name=\"twitter:data1\" content=\"darka mazi\" \/>\n\t<meta name=\"twitter:label2\" content=\"Est. reading time\" \/>\n\t<meta name=\"twitter:data2\" content=\"2 minutes\" \/>\n<script type=\"application\/ld+json\" class=\"seo-schema-graph\">{\"@context\":\"https:\\\/\\\/schema.org\",\"@graph\":[{\"@type\":\"NewsArticle\",\"@id\":\"https:\\\/\\\/darkamazi.site\\\/archives\\\/1030255#article\",\"isPartOf\":{\"@id\":\"https:\\\/\\\/darkamazi.site\\\/archives\\\/1030255\"},\"author\":{\"name\":\"darka mazi\",\"@id\":\"https:\\\/\\\/darkamazi.site\\\/#\\\/schema\\\/person\\\/67986a95ac546c16760365877ef4a9d3\"},\"headline\":\"KDP Kerk\u00fck&#8217;te K\u00fcrt vali atanmas\u0131 konusunda kararl\u0131\",\"datePublished\":\"2024-07-11T18:24:51+00:00\",\"mainEntityOfPage\":{\"@id\":\"https:\\\/\\\/darkamazi.site\\\/archives\\\/1030255\"},\"wordCount\":310,\"publisher\":{\"@id\":\"https:\\\/\\\/darkamazi.site\\\/#organization\"},\"image\":{\"@id\":\"https:\\\/\\\/darkamazi.site\\\/archives\\\/1030255#primaryimage\"},\"thumbnailUrl\":\"https:\\\/\\\/darkamazi.site\\\/darka-content\\\/uploads\\\/2024\\\/07\\\/1Saxewan.jpg\",\"keywords\":[\"\u00f6nemli\"],\"articleSection\":[\"Kurdistan\"],\"inLanguage\":\"en-US\"},{\"@type\":\"WebPage\",\"@id\":\"https:\\\/\\\/darkamazi.site\\\/archives\\\/1030255\",\"url\":\"https:\\\/\\\/darkamazi.site\\\/archives\\\/1030255\",\"name\":\"KDP Kerk\u00fck'te K\u00fcrt vali atanmas\u0131 konusunda kararl\u0131 - Darka Mazi\",\"isPartOf\":{\"@id\":\"https:\\\/\\\/darkamazi.site\\\/#website\"},\"primaryImageOfPage\":{\"@id\":\"https:\\\/\\\/darkamazi.site\\\/archives\\\/1030255#primaryimage\"},\"image\":{\"@id\":\"https:\\\/\\\/darkamazi.site\\\/archives\\\/1030255#primaryimage\"},\"thumbnailUrl\":\"https:\\\/\\\/darkamazi.site\\\/darka-content\\\/uploads\\\/2024\\\/07\\\/1Saxewan.jpg\",\"datePublished\":\"2024-07-11T18:24:51+00:00\",\"breadcrumb\":{\"@id\":\"https:\\\/\\\/darkamazi.site\\\/archives\\\/1030255#breadcrumb\"},\"inLanguage\":\"en-US\",\"potentialAction\":[{\"@type\":\"ReadAction\",\"target\":[\"https:\\\/\\\/darkamazi.site\\\/archives\\\/1030255\"]}]},{\"@type\":\"ImageObject\",\"inLanguage\":\"en-US\",\"@id\":\"https:\\\/\\\/darkamazi.site\\\/archives\\\/1030255#primaryimage\",\"url\":\"https:\\\/\\\/darkamazi.site\\\/darka-content\\\/uploads\\\/2024\\\/07\\\/1Saxewan.jpg\",\"contentUrl\":\"https:\\\/\\\/darkamazi.site\\\/darka-content\\\/uploads\\\/2024\\\/07\\\/1Saxewan.jpg\",\"width\":781,\"height\":439,\"caption\":\"KDP Kerk\u00fck'te K\u00fcrt vali atanmas\u0131 konusunda kararl\u0131\"},{\"@type\":\"BreadcrumbList\",\"@id\":\"https:\\\/\\\/darkamazi.site\\\/archives\\\/1030255#breadcrumb\",\"itemListElement\":[{\"@type\":\"ListItem\",\"position\":1,\"name\":\"Home\",\"item\":\"https:\\\/\\\/darkamazi.site\\\/\"},{\"@type\":\"ListItem\",\"position\":2,\"name\":\"KDP Kerk\u00fck&#8217;te K\u00fcrt vali atanmas\u0131 konusunda kararl\u0131\"}]},{\"@type\":\"WebSite\",\"@id\":\"https:\\\/\\\/darkamazi.site\\\/#website\",\"url\":\"https:\\\/\\\/darkamazi.site\\\/\",\"name\":\"Darka Mazi\",\"description\":\"Ana Sayfa\",\"publisher\":{\"@id\":\"https:\\\/\\\/darkamazi.site\\\/#organization\"},\"potentialAction\":[{\"@type\":\"SearchAction\",\"target\":{\"@type\":\"EntryPoint\",\"urlTemplate\":\"https:\\\/\\\/darkamazi.site\\\/?s={search_term_string}\"},\"query-input\":{\"@type\":\"PropertyValueSpecification\",\"valueRequired\":true,\"valueName\":\"search_term_string\"}}],\"inLanguage\":\"en-US\"},{\"@type\":\"Organization\",\"@id\":\"https:\\\/\\\/darkamazi.site\\\/#organization\",\"name\":\"Darka Mazi T\u00fcrk\u00e7e\",\"alternateName\":\"Darka Mazi\",\"url\":\"https:\\\/\\\/darkamazi.site\\\/\",\"logo\":{\"@type\":\"ImageObject\",\"inLanguage\":\"en-US\",\"@id\":\"https:\\\/\\\/darkamazi.site\\\/#\\\/schema\\\/logo\\\/image\\\/\",\"url\":\"https:\\\/\\\/darkamazi.site\\\/darka-content\\\/uploads\\\/2017\\\/12\\\/darka-mazi-logo.png\",\"contentUrl\":\"https:\\\/\\\/darkamazi.site\\\/darka-content\\\/uploads\\\/2017\\\/12\\\/darka-mazi-logo.png\",\"width\":151,\"height\":75,\"caption\":\"Darka Mazi T\u00fcrk\u00e7e\"},\"image\":{\"@id\":\"https:\\\/\\\/darkamazi.site\\\/#\\\/schema\\\/logo\\\/image\\\/\"},\"sameAs\":[\"https:\\\/\\\/www.facebook.com\\\/DarkaMaziturkce\",\"https:\\\/\\\/x.com\\\/DarkaMaziTurkce\"]},{\"@type\":\"Person\",\"@id\":\"https:\\\/\\\/darkamazi.site\\\/#\\\/schema\\\/person\\\/67986a95ac546c16760365877ef4a9d3\",\"name\":\"darka mazi\",\"sameAs\":[\"https:\\\/\\\/darkamazi.site\"],\"url\":\"https:\\\/\\\/darkamazi.site\\\/archives\\\/author\\\/turkish\"}]}<\/script>\n<!-- \/ Yoast SEO plugin. -->","seo_head_json":{"title":"KDP Kerk\u00fck'te K\u00fcrt vali atanmas\u0131 konusunda kararl\u0131 - Darka Mazi","robots":{"index":"index","follow":"follow","max-snippet":"max-snippet:-1","max-image-preview":"max-image-preview:large","max-video-preview":"max-video-preview:-1"},"canonical":"https:\/\/darkamazi.site\/archives\/1030255","og_locale":"en_US","og_type":"article","og_title":"KDP Kerk\u00fck'te K\u00fcrt vali atanmas\u0131 konusunda kararl\u0131 - Darka Mazi","og_description":"Irak Parlamentosu Ba\u015fkan Yard\u0131mc\u0131s\u0131 KDP&#8217;li vekil\u00a0 \u015eaxewan Abdullah, Kerk\u00fck \u0130l Meclisi toplant\u0131s\u0131n\u0131n ger\u00e7ekle\u015ftirildi\u011fi belirterek, Kerk\u00fck\u2019e bir K\u00fcrt valinin atanaca\u011f\u0131n\u0131 s\u00f6yledi. \u015eaxewan Abdullah, bas\u0131n mensuplar\u0131na yapt\u0131\u011f\u0131 a\u00e7\u0131klamada, \u201cKerk\u00fck&#8217;te y\u00f6netim yeniden d\u00fczenlenecek, bir\u00e7ok ki\u015fi il meclisi se\u00e7imlerinin yap\u0131lmayaca\u011f\u0131n\u0131 d\u00fc\u015f\u00fcn\u00fcyordu ama yap\u0131ld\u0131. Bu Kerk\u00fck halk\u0131 i\u00e7in hayr\u0131n ve mutlulu\u011fun ba\u015flang\u0131c\u0131d\u0131r.\u201d dedi. \u201cYak\u0131n gelecekte ger\u00e7ekle\u015fecek de\u011fi\u015fikliklere y\u00f6nelik il meclisinin [&hellip;]","og_url":"https:\/\/darkamazi.site\/archives\/1030255","og_site_name":"Darka Mazi","article_publisher":"https:\/\/www.facebook.com\/DarkaMaziturkce","article_published_time":"2024-07-11T18:24:51+00:00","og_image":[{"width":781,"height":439,"url":"https:\/\/darkamazi.site\/file\/2024\/07\/1Saxewan.jpg","type":"image\/jpeg"}],"author":"darka mazi","twitter_card":"summary_large_image","twitter_creator":"@DarkaMaziTurkce","twitter_site":"@DarkaMaziTurkce","twitter_misc":{"Written by":"darka mazi","Est. reading time":"2 minutes"},"schema":{"@context":"https:\/\/schema.org","@graph":[{"@type":"NewsArticle","@id":"https:\/\/darkamazi.site\/archives\/1030255#article","isPartOf":{"@id":"https:\/\/darkamazi.site\/archives\/1030255"},"author":{"name":"darka mazi","@id":"https:\/\/darkamazi.site\/#\/schema\/person\/67986a95ac546c16760365877ef4a9d3"},"headline":"KDP Kerk\u00fck&#8217;te K\u00fcrt vali atanmas\u0131 konusunda kararl\u0131","datePublished":"2024-07-11T18:24:51+00:00","mainEntityOfPage":{"@id":"https:\/\/darkamazi.site\/archives\/1030255"},"wordCount":310,"publisher":{"@id":"https:\/\/darkamazi.site\/#organization"},"image":{"@id":"https:\/\/darkamazi.site\/archives\/1030255#primaryimage"},"thumbnailUrl":"https:\/\/darkamazi.site\/file\/2024\/07\/1Saxewan.jpg","keywords":["\u00f6nemli"],"articleSection":["Kurdistan"],"inLanguage":"en-US"},{"@type":"WebPage","@id":"https:\/\/darkamazi.site\/archives\/1030255","url":"https:\/\/darkamazi.site\/archives\/1030255","name":"KDP Kerk\u00fck'te K\u00fcrt vali atanmas\u0131 konusunda kararl\u0131 - Darka Mazi","isPartOf":{"@id":"https:\/\/darkamazi.site\/#website"},"primaryImageOfPage":{"@id":"https:\/\/darkamazi.site\/archives\/1030255#primaryimage"},"image":{"@id":"https:\/\/darkamazi.site\/archives\/1030255#primaryimage"},"thumbnailUrl":"https:\/\/darkamazi.site\/file\/2024\/07\/1Saxewan.jpg","datePublished":"2024-07-11T18:24:51+00:00","breadcrumb":{"@id":"https:\/\/darkamazi.site\/archives\/1030255#breadcrumb"},"inLanguage":"en-US","potentialAction":[{"@type":"ReadAction","target":["https:\/\/darkamazi.site\/archives\/1030255"]}]},{"@type":"ImageObject","inLanguage":"en-US","@id":"https:\/\/darkamazi.site\/archives\/1030255#primaryimage","url":"https:\/\/darkamazi.site\/file\/2024\/07\/1Saxewan.jpg","contentUrl":"https:\/\/darkamazi.site\/file\/2024\/07\/1Saxewan.jpg","width":781,"height":439,"caption":"KDP Kerk\u00fck'te K\u00fcrt vali atanmas\u0131 konusunda kararl\u0131"},{"@type":"BreadcrumbList","@id":"https:\/\/darkamazi.site\/archives\/1030255#breadcrumb","itemListElement":[{"@type":"ListItem","position":1,"name":"Home","item":"https:\/\/darkamazi.site\/"},{"@type":"ListItem","position":2,"name":"KDP Kerk\u00fck&#8217;te K\u00fcrt vali atanmas\u0131 konusunda kararl\u0131"}]},{"@type":"WebSite","@id":"https:\/\/darkamazi.site\/#website","url":"https:\/\/darkamazi.site\/","name":"Darka Mazi","description":"Ana Sayfa","publisher":{"@id":"https:\/\/darkamazi.site\/#organization"},"potentialAction":[{"@type":"SearchAction","target":{"@type":"EntryPoint","urlTemplate":"https:\/\/darkamazi.site\/?s={search_term_string}"},"query-input":{"@type":"PropertyValueSpecification","valueRequired":true,"valueName":"search_term_string"}}],"inLanguage":"en-US"},{"@type":"Organization","@id":"https:\/\/darkamazi.site\/#organization","name":"Darka Mazi T\u00fcrk\u00e7e","alternateName":"Darka Mazi","url":"https:\/\/darkamazi.site\/","logo":{"@type":"ImageObject","inLanguage":"en-US","@id":"https:\/\/darkamazi.site\/#\/schema\/logo\/image\/","url":"https:\/\/darkamazi.site\/file\/2017\/12\/darka-mazi-logo.png","contentUrl":"https:\/\/darkamazi.site\/file\/2017\/12\/darka-mazi-logo.png","width":151,"height":75,"caption":"Darka Mazi T\u00fcrk\u00e7e"},"image":{"@id":"https:\/\/darkamazi.site\/#\/schema\/logo\/image\/"},"sameAs":["https:\/\/www.facebook.com\/DarkaMaziturkce","https:\/\/x.com\/DarkaMaziTurkce"]},{"@type":"Person","@id":"https:\/\/darkamazi.site\/#\/schema\/person\/67986a95ac546c16760365877ef4a9d3","name":"darka mazi","sameAs":["https:\/\/darkamazi.site"],"url":"https:\/\/darkamazi.site\/archives\/author\/turkish"}]}},"_links":{"self":[{"href":"https:\/\/darkamazi.site\/funavuv\/wp\/v2\/posts\/1030255","targetHints":{"allow":["GET"]}}],"collection":[{"href":"https:\/\/darkamazi.site\/funavuv\/wp\/v2\/posts"}],"about":[{"href":"https:\/\/darkamazi.site\/funavuv\/wp\/v2\/types\/post"}],"author":[{"embeddable":true,"href":"https:\/\/darkamazi.site\/funavuv\/wp\/v2\/users\/2"}],"replies":[{"embeddable":true,"href":"https:\/\/darkamazi.site\/funavuv\/wp\/v2\/comments?post=1030255"}],"version-history":[{"count":0,"href":"https:\/\/darkamazi.site\/funavuv\/wp\/v2\/posts\/1030255\/revisions"}],"wp:featuredmedia":[{"embeddable":true,"href":"https:\/\/darkamazi.site\/funavuv\/wp\/v2\/media\/1030256"}],"wp:attachment":[{"href":"https:\/\/darkamazi.site\/funavuv\/wp\/v2\/media?parent=1030255"}],"wp:term":[{"taxonomy":"category","embeddable":true,"href":"https:\/\/darkamazi.site\/funavuv\/wp\/v2\/categories?post=1030255"},{"taxonomy":"post_tag","embeddable":true,"href":"https:\/\/darkamazi.site\/funavuv\/wp\/v2\/tags?post=1030255"}],"curies":[{"name":"wp","href":"https:\/\/api.w.org\/{rel}","templated":true}]}}