{"id":1030368,"date":"2024-07-22T16:41:07","date_gmt":"2024-07-22T13:41:07","guid":{"rendered":"https:\/\/darkamazi.site\/?p=1030368"},"modified":"2024-07-22T16:41:07","modified_gmt":"2024-07-22T13:41:07","slug":"rojhelat-saqiz-sehrinin-onde-gelen-vatansever-sahsiyetlerinden-seyh-azad-sahabi-silahli-saldirida-katledildi","status":"publish","type":"post","link":"https:\/\/darkamazi.site\/archives\/1030368","title":{"rendered":"Rojhelat: Saqiz \u015fehrinin \u00f6nde gelen vatansever \u015fahsiyetlerinden \u015eeyh Azad \u015eahabi silahl\u0131 sald\u0131r\u0131da katledildi"},"content":{"rendered":"<p style=\"text-align: justify\">Do\u011fu K\u00fcrdistan\u2019\u0131n Saqiz kentinin \u00a0tan\u0131nm\u0131\u015f isimlerinden \u015eeyh Azad \u015eahabi, \u00e7ar\u015famba gecesi iki m\u00fcridiyle birlikte kimli\u011fi belirsiz silahl\u0131 ki\u015filer taraf\u0131ndan vurularak \u00f6ld\u00fcr\u00fcld\u00fc.<\/p>\n<p style=\"text-align: justify\">18 Temmuz gecesi ger\u00e7ekle\u015fen olayda \u00a0\u015eeyh Azad \u015eahabi ile m\u00fcridlerinden Dervi\u015f Payman ve Dervi\u015f Perviz adl\u0131 ki\u015fi \u00a0\u015eeyh Azad&#8217;\u0131n kararg\u00e2h\u0131nda kimli\u011fi belirsiz ki\u015filer taraf\u0131ndan vurularak katledildi. \u015eeyh Azad ald\u0131\u011f\u0131 yaralar nedeniyle saatler sonra hayat\u0131n\u0131 kaybetti.<\/p>\n<p style=\"text-align: justify\">Do\u011fu K\u00fcrdistan\u2019\u0131n tan\u0131nm\u0131\u015f vatansever isimlerinden olan \u015eeyh Azad \u015eahabi K\u00fcrdistan m\u00fccadelesine verdi\u011fi destek ile tan\u0131n\u0131yordu. \u015eeyh Azad\u2019\u0131n vaazlar\u0131nda K\u00fcrdistan\u2019\u0131n ba\u011f\u0131ms\u0131zl\u0131\u011f\u0131 ve \u00a0Qazi Muhammed\u2019in \u00e7izgisine dair yapt\u0131\u011f\u0131 yorumlarla tan\u0131nan bir isimdi. M\u00fcritlere ile beraber Qazi Muhammed&#8217;in mezar\u0131n\u0131 her y\u0131l ziyaret etti\u011fi i\u00e7i de \u0130ran devleti taraf\u0131ndan daha \u00f6nce ka\u00e7 kez g\u00f6zalt\u0131na al\u0131nm\u0131\u015ft\u0131. Halk\u0131n g\u00fcvendi\u011fi bir isim olan \u015eeyh Azad \u00a0Do\u011fu K\u00fcrdistan\u2019daki Jina Emini ba\u015fkald\u0131r\u0131lar\u0131nda da g\u00f6stericilere deste\u011fini a\u00e7\u0131klayan bir isimdi ve \u0130ran devleti taraf\u0131ndan s\u0131k s\u0131k tehdit ediliyordu.<\/p>\n<p style=\"text-align: justify\">\u015eeyh Saqiz kentinde g\u00f6rkemli bir merasimle son yolculu\u011funa u\u011furland\u0131. \u015eeyh\u2019nin cenaze t\u00f6reninde K\u00fcrt mar\u015f\u0131 Ey Raqim okundu. Bir \u00e7ok yerde kat\u0131l\u0131m\u0131n oldu\u011fu t\u00f6rende Qazi Muhammed\u2019in k\u0131z\u0131 da yer ald\u0131.<\/p>\n","protected":false},"excerpt":{"rendered":"<p>Do\u011fu K\u00fcrdistan\u2019\u0131n Saqiz kentinin \u00a0tan\u0131nm\u0131\u015f isimlerinden \u015eeyh Azad \u015eahabi, \u00e7ar\u015famba gecesi iki m\u00fcridiyle birlikte kimli\u011fi belirsiz silahl\u0131 ki\u015filer taraf\u0131ndan vurularak \u00f6ld\u00fcr\u00fcld\u00fc. 18 Temmuz gecesi ger\u00e7ekle\u015fen olayda \u00a0\u015eeyh Azad \u015eahabi ile m\u00fcridlerinden Dervi\u015f Payman ve Dervi\u015f Perviz adl\u0131 ki\u015fi \u00a0\u015eeyh Azad&#8217;\u0131n kararg\u00e2h\u0131nda kimli\u011fi belirsiz ki\u015filer taraf\u0131ndan vurularak katledildi. \u015eeyh Azad ald\u0131\u011f\u0131 yaralar nedeniyle saatler sonra hayat\u0131n\u0131 [&hellip;]<\/p>\n","protected":false},"author":2,"featured_media":1030369,"comment_status":"closed","ping_status":"closed","sticky":false,"template":"","format":"standard","meta":{"footnotes":""},"categories":[3],"tags":[31],"class_list":["post-1030368","post","type-post","status-publish","format-standard","has-post-thumbnail","hentry","category-kurdistan","tag-onemli"],"blocksy_meta":[],"seo_head":"<!-- This site is optimized with the Yoast SEO plugin v27.5 - https:\/\/yoast.com\/product\/yoast-seo-wordpress\/ -->\n<title>Rojhelat: Saqiz \u015fehrinin \u00f6nde gelen vatansever \u015fahsiyetlerinden \u015eeyh Azad \u015eahabi silahl\u0131 sald\u0131r\u0131da katledildi - Darka Mazi<\/title>\n<meta name=\"robots\" content=\"index, follow, max-snippet:-1, max-image-preview:large, max-video-preview:-1\" \/>\n<link rel=\"canonical\" href=\"https:\/\/darkamazi.site\/archives\/1030368\" \/>\n<meta property=\"og:locale\" content=\"en_US\" \/>\n<meta property=\"og:type\" content=\"article\" \/>\n<meta property=\"og:title\" content=\"Rojhelat: Saqiz \u015fehrinin \u00f6nde gelen vatansever \u015fahsiyetlerinden \u015eeyh Azad \u015eahabi silahl\u0131 sald\u0131r\u0131da katledildi - Darka Mazi\" \/>\n<meta property=\"og:description\" content=\"Do\u011fu K\u00fcrdistan\u2019\u0131n Saqiz kentinin \u00a0tan\u0131nm\u0131\u015f isimlerinden \u015eeyh Azad \u015eahabi, \u00e7ar\u015famba gecesi iki m\u00fcridiyle birlikte kimli\u011fi belirsiz silahl\u0131 ki\u015filer taraf\u0131ndan vurularak \u00f6ld\u00fcr\u00fcld\u00fc. 18 Temmuz gecesi ger\u00e7ekle\u015fen olayda \u00a0\u015eeyh Azad \u015eahabi ile m\u00fcridlerinden Dervi\u015f Payman ve Dervi\u015f Perviz adl\u0131 ki\u015fi \u00a0\u015eeyh Azad&#8217;\u0131n kararg\u00e2h\u0131nda kimli\u011fi belirsiz ki\u015filer taraf\u0131ndan vurularak katledildi. \u015eeyh Azad ald\u0131\u011f\u0131 yaralar nedeniyle saatler sonra hayat\u0131n\u0131 [&hellip;]\" \/>\n<meta property=\"og:url\" content=\"https:\/\/darkamazi.site\/archives\/1030368\" \/>\n<meta property=\"og:site_name\" content=\"Darka Mazi\" \/>\n<meta property=\"article:publisher\" content=\"https:\/\/www.facebook.com\/DarkaMaziturkce\" \/>\n<meta property=\"article:published_time\" content=\"2024-07-22T13:41:07+00:00\" \/>\n<meta property=\"og:image\" content=\"https:\/\/darkamazi.site\/file\/2024\/07\/qazi-mohammed.jpg\" \/>\n\t<meta property=\"og:image:width\" content=\"900\" \/>\n\t<meta property=\"og:image:height\" content=\"500\" \/>\n\t<meta property=\"og:image:type\" content=\"image\/jpeg\" \/>\n<meta name=\"author\" content=\"darka mazi\" \/>\n<meta name=\"twitter:card\" content=\"summary_large_image\" \/>\n<meta name=\"twitter:creator\" content=\"@DarkaMaziTurkce\" \/>\n<meta name=\"twitter:site\" content=\"@DarkaMaziTurkce\" \/>\n<meta name=\"twitter:label1\" content=\"Written by\" \/>\n\t<meta name=\"twitter:data1\" content=\"darka mazi\" \/>\n\t<meta name=\"twitter:label2\" content=\"Est. reading time\" \/>\n\t<meta name=\"twitter:data2\" content=\"1 minute\" \/>\n<script type=\"application\/ld+json\" class=\"seo-schema-graph\">{\"@context\":\"https:\\\/\\\/schema.org\",\"@graph\":[{\"@type\":\"NewsArticle\",\"@id\":\"https:\\\/\\\/darkamazi.site\\\/archives\\\/1030368#article\",\"isPartOf\":{\"@id\":\"https:\\\/\\\/darkamazi.site\\\/archives\\\/1030368\"},\"author\":{\"name\":\"darka mazi\",\"@id\":\"https:\\\/\\\/darkamazi.site\\\/#\\\/schema\\\/person\\\/67986a95ac546c16760365877ef4a9d3\"},\"headline\":\"Rojhelat: Saqiz \u015fehrinin \u00f6nde gelen vatansever \u015fahsiyetlerinden \u015eeyh Azad \u015eahabi silahl\u0131 sald\u0131r\u0131da katledildi\",\"datePublished\":\"2024-07-22T13:41:07+00:00\",\"mainEntityOfPage\":{\"@id\":\"https:\\\/\\\/darkamazi.site\\\/archives\\\/1030368\"},\"wordCount\":255,\"publisher\":{\"@id\":\"https:\\\/\\\/darkamazi.site\\\/#organization\"},\"image\":{\"@id\":\"https:\\\/\\\/darkamazi.site\\\/archives\\\/1030368#primaryimage\"},\"thumbnailUrl\":\"https:\\\/\\\/darkamazi.site\\\/darka-content\\\/uploads\\\/2024\\\/07\\\/qazi-mohammed.jpg\",\"keywords\":[\"\u00f6nemli\"],\"articleSection\":[\"Kurdistan\"],\"inLanguage\":\"en-US\"},{\"@type\":\"WebPage\",\"@id\":\"https:\\\/\\\/darkamazi.site\\\/archives\\\/1030368\",\"url\":\"https:\\\/\\\/darkamazi.site\\\/archives\\\/1030368\",\"name\":\"Rojhelat: Saqiz \u015fehrinin \u00f6nde gelen vatansever \u015fahsiyetlerinden \u015eeyh Azad \u015eahabi silahl\u0131 sald\u0131r\u0131da katledildi - Darka Mazi\",\"isPartOf\":{\"@id\":\"https:\\\/\\\/darkamazi.site\\\/#website\"},\"primaryImageOfPage\":{\"@id\":\"https:\\\/\\\/darkamazi.site\\\/archives\\\/1030368#primaryimage\"},\"image\":{\"@id\":\"https:\\\/\\\/darkamazi.site\\\/archives\\\/1030368#primaryimage\"},\"thumbnailUrl\":\"https:\\\/\\\/darkamazi.site\\\/darka-content\\\/uploads\\\/2024\\\/07\\\/qazi-mohammed.jpg\",\"datePublished\":\"2024-07-22T13:41:07+00:00\",\"breadcrumb\":{\"@id\":\"https:\\\/\\\/darkamazi.site\\\/archives\\\/1030368#breadcrumb\"},\"inLanguage\":\"en-US\",\"potentialAction\":[{\"@type\":\"ReadAction\",\"target\":[\"https:\\\/\\\/darkamazi.site\\\/archives\\\/1030368\"]}]},{\"@type\":\"ImageObject\",\"inLanguage\":\"en-US\",\"@id\":\"https:\\\/\\\/darkamazi.site\\\/archives\\\/1030368#primaryimage\",\"url\":\"https:\\\/\\\/darkamazi.site\\\/darka-content\\\/uploads\\\/2024\\\/07\\\/qazi-mohammed.jpg\",\"contentUrl\":\"https:\\\/\\\/darkamazi.site\\\/darka-content\\\/uploads\\\/2024\\\/07\\\/qazi-mohammed.jpg\",\"width\":900,\"height\":500,\"caption\":\"Rojhelat: Saqiz \u015fehrinin \u00f6nde gelen vatansever \u015fahsiyetlerinden \u015eeyh Azad \u015eahabi silahl\u0131 sald\u0131r\u0131da katledildi Qazi Muhammed, Saqiz\"},{\"@type\":\"BreadcrumbList\",\"@id\":\"https:\\\/\\\/darkamazi.site\\\/archives\\\/1030368#breadcrumb\",\"itemListElement\":[{\"@type\":\"ListItem\",\"position\":1,\"name\":\"Home\",\"item\":\"https:\\\/\\\/darkamazi.site\\\/\"},{\"@type\":\"ListItem\",\"position\":2,\"name\":\"Rojhelat: Saqiz \u015fehrinin \u00f6nde gelen vatansever \u015fahsiyetlerinden \u015eeyh Azad \u015eahabi silahl\u0131 sald\u0131r\u0131da katledildi\"}]},{\"@type\":\"WebSite\",\"@id\":\"https:\\\/\\\/darkamazi.site\\\/#website\",\"url\":\"https:\\\/\\\/darkamazi.site\\\/\",\"name\":\"Darka Mazi\",\"description\":\"Ana Sayfa\",\"publisher\":{\"@id\":\"https:\\\/\\\/darkamazi.site\\\/#organization\"},\"potentialAction\":[{\"@type\":\"SearchAction\",\"target\":{\"@type\":\"EntryPoint\",\"urlTemplate\":\"https:\\\/\\\/darkamazi.site\\\/?s={search_term_string}\"},\"query-input\":{\"@type\":\"PropertyValueSpecification\",\"valueRequired\":true,\"valueName\":\"search_term_string\"}}],\"inLanguage\":\"en-US\"},{\"@type\":\"Organization\",\"@id\":\"https:\\\/\\\/darkamazi.site\\\/#organization\",\"name\":\"Darka Mazi T\u00fcrk\u00e7e\",\"alternateName\":\"Darka Mazi\",\"url\":\"https:\\\/\\\/darkamazi.site\\\/\",\"logo\":{\"@type\":\"ImageObject\",\"inLanguage\":\"en-US\",\"@id\":\"https:\\\/\\\/darkamazi.site\\\/#\\\/schema\\\/logo\\\/image\\\/\",\"url\":\"https:\\\/\\\/darkamazi.site\\\/darka-content\\\/uploads\\\/2017\\\/12\\\/darka-mazi-logo.png\",\"contentUrl\":\"https:\\\/\\\/darkamazi.site\\\/darka-content\\\/uploads\\\/2017\\\/12\\\/darka-mazi-logo.png\",\"width\":151,\"height\":75,\"caption\":\"Darka Mazi T\u00fcrk\u00e7e\"},\"image\":{\"@id\":\"https:\\\/\\\/darkamazi.site\\\/#\\\/schema\\\/logo\\\/image\\\/\"},\"sameAs\":[\"https:\\\/\\\/www.facebook.com\\\/DarkaMaziturkce\",\"https:\\\/\\\/x.com\\\/DarkaMaziTurkce\"]},{\"@type\":\"Person\",\"@id\":\"https:\\\/\\\/darkamazi.site\\\/#\\\/schema\\\/person\\\/67986a95ac546c16760365877ef4a9d3\",\"name\":\"darka mazi\",\"sameAs\":[\"https:\\\/\\\/darkamazi.site\"],\"url\":\"https:\\\/\\\/darkamazi.site\\\/archives\\\/author\\\/turkish\"}]}<\/script>\n<!-- \/ Yoast SEO plugin. -->","seo_head_json":{"title":"Rojhelat: Saqiz \u015fehrinin \u00f6nde gelen vatansever \u015fahsiyetlerinden \u015eeyh Azad \u015eahabi silahl\u0131 sald\u0131r\u0131da katledildi - Darka Mazi","robots":{"index":"index","follow":"follow","max-snippet":"max-snippet:-1","max-image-preview":"max-image-preview:large","max-video-preview":"max-video-preview:-1"},"canonical":"https:\/\/darkamazi.site\/archives\/1030368","og_locale":"en_US","og_type":"article","og_title":"Rojhelat: Saqiz \u015fehrinin \u00f6nde gelen vatansever \u015fahsiyetlerinden \u015eeyh Azad \u015eahabi silahl\u0131 sald\u0131r\u0131da katledildi - Darka Mazi","og_description":"Do\u011fu K\u00fcrdistan\u2019\u0131n Saqiz kentinin \u00a0tan\u0131nm\u0131\u015f isimlerinden \u015eeyh Azad \u015eahabi, \u00e7ar\u015famba gecesi iki m\u00fcridiyle birlikte kimli\u011fi belirsiz silahl\u0131 ki\u015filer taraf\u0131ndan vurularak \u00f6ld\u00fcr\u00fcld\u00fc. 18 Temmuz gecesi ger\u00e7ekle\u015fen olayda \u00a0\u015eeyh Azad \u015eahabi ile m\u00fcridlerinden Dervi\u015f Payman ve Dervi\u015f Perviz adl\u0131 ki\u015fi \u00a0\u015eeyh Azad&#8217;\u0131n kararg\u00e2h\u0131nda kimli\u011fi belirsiz ki\u015filer taraf\u0131ndan vurularak katledildi. \u015eeyh Azad ald\u0131\u011f\u0131 yaralar nedeniyle saatler sonra hayat\u0131n\u0131 [&hellip;]","og_url":"https:\/\/darkamazi.site\/archives\/1030368","og_site_name":"Darka Mazi","article_publisher":"https:\/\/www.facebook.com\/DarkaMaziturkce","article_published_time":"2024-07-22T13:41:07+00:00","og_image":[{"width":900,"height":500,"url":"https:\/\/darkamazi.site\/file\/2024\/07\/qazi-mohammed.jpg","type":"image\/jpeg"}],"author":"darka mazi","twitter_card":"summary_large_image","twitter_creator":"@DarkaMaziTurkce","twitter_site":"@DarkaMaziTurkce","twitter_misc":{"Written by":"darka mazi","Est. reading time":"1 minute"},"schema":{"@context":"https:\/\/schema.org","@graph":[{"@type":"NewsArticle","@id":"https:\/\/darkamazi.site\/archives\/1030368#article","isPartOf":{"@id":"https:\/\/darkamazi.site\/archives\/1030368"},"author":{"name":"darka mazi","@id":"https:\/\/darkamazi.site\/#\/schema\/person\/67986a95ac546c16760365877ef4a9d3"},"headline":"Rojhelat: Saqiz \u015fehrinin \u00f6nde gelen vatansever \u015fahsiyetlerinden \u015eeyh Azad \u015eahabi silahl\u0131 sald\u0131r\u0131da katledildi","datePublished":"2024-07-22T13:41:07+00:00","mainEntityOfPage":{"@id":"https:\/\/darkamazi.site\/archives\/1030368"},"wordCount":255,"publisher":{"@id":"https:\/\/darkamazi.site\/#organization"},"image":{"@id":"https:\/\/darkamazi.site\/archives\/1030368#primaryimage"},"thumbnailUrl":"https:\/\/darkamazi.site\/file\/2024\/07\/qazi-mohammed.jpg","keywords":["\u00f6nemli"],"articleSection":["Kurdistan"],"inLanguage":"en-US"},{"@type":"WebPage","@id":"https:\/\/darkamazi.site\/archives\/1030368","url":"https:\/\/darkamazi.site\/archives\/1030368","name":"Rojhelat: Saqiz \u015fehrinin \u00f6nde gelen vatansever \u015fahsiyetlerinden \u015eeyh Azad \u015eahabi silahl\u0131 sald\u0131r\u0131da katledildi - Darka Mazi","isPartOf":{"@id":"https:\/\/darkamazi.site\/#website"},"primaryImageOfPage":{"@id":"https:\/\/darkamazi.site\/archives\/1030368#primaryimage"},"image":{"@id":"https:\/\/darkamazi.site\/archives\/1030368#primaryimage"},"thumbnailUrl":"https:\/\/darkamazi.site\/file\/2024\/07\/qazi-mohammed.jpg","datePublished":"2024-07-22T13:41:07+00:00","breadcrumb":{"@id":"https:\/\/darkamazi.site\/archives\/1030368#breadcrumb"},"inLanguage":"en-US","potentialAction":[{"@type":"ReadAction","target":["https:\/\/darkamazi.site\/archives\/1030368"]}]},{"@type":"ImageObject","inLanguage":"en-US","@id":"https:\/\/darkamazi.site\/archives\/1030368#primaryimage","url":"https:\/\/darkamazi.site\/file\/2024\/07\/qazi-mohammed.jpg","contentUrl":"https:\/\/darkamazi.site\/file\/2024\/07\/qazi-mohammed.jpg","width":900,"height":500,"caption":"Rojhelat: Saqiz \u015fehrinin \u00f6nde gelen vatansever \u015fahsiyetlerinden \u015eeyh Azad \u015eahabi silahl\u0131 sald\u0131r\u0131da katledildi Qazi Muhammed, Saqiz"},{"@type":"BreadcrumbList","@id":"https:\/\/darkamazi.site\/archives\/1030368#breadcrumb","itemListElement":[{"@type":"ListItem","position":1,"name":"Home","item":"https:\/\/darkamazi.site\/"},{"@type":"ListItem","position":2,"name":"Rojhelat: Saqiz \u015fehrinin \u00f6nde gelen vatansever \u015fahsiyetlerinden \u015eeyh Azad \u015eahabi silahl\u0131 sald\u0131r\u0131da katledildi"}]},{"@type":"WebSite","@id":"https:\/\/darkamazi.site\/#website","url":"https:\/\/darkamazi.site\/","name":"Darka Mazi","description":"Ana Sayfa","publisher":{"@id":"https:\/\/darkamazi.site\/#organization"},"potentialAction":[{"@type":"SearchAction","target":{"@type":"EntryPoint","urlTemplate":"https:\/\/darkamazi.site\/?s={search_term_string}"},"query-input":{"@type":"PropertyValueSpecification","valueRequired":true,"valueName":"search_term_string"}}],"inLanguage":"en-US"},{"@type":"Organization","@id":"https:\/\/darkamazi.site\/#organization","name":"Darka Mazi T\u00fcrk\u00e7e","alternateName":"Darka Mazi","url":"https:\/\/darkamazi.site\/","logo":{"@type":"ImageObject","inLanguage":"en-US","@id":"https:\/\/darkamazi.site\/#\/schema\/logo\/image\/","url":"https:\/\/darkamazi.site\/file\/2017\/12\/darka-mazi-logo.png","contentUrl":"https:\/\/darkamazi.site\/file\/2017\/12\/darka-mazi-logo.png","width":151,"height":75,"caption":"Darka Mazi T\u00fcrk\u00e7e"},"image":{"@id":"https:\/\/darkamazi.site\/#\/schema\/logo\/image\/"},"sameAs":["https:\/\/www.facebook.com\/DarkaMaziturkce","https:\/\/x.com\/DarkaMaziTurkce"]},{"@type":"Person","@id":"https:\/\/darkamazi.site\/#\/schema\/person\/67986a95ac546c16760365877ef4a9d3","name":"darka mazi","sameAs":["https:\/\/darkamazi.site"],"url":"https:\/\/darkamazi.site\/archives\/author\/turkish"}]}},"_links":{"self":[{"href":"https:\/\/darkamazi.site\/funavuv\/wp\/v2\/posts\/1030368","targetHints":{"allow":["GET"]}}],"collection":[{"href":"https:\/\/darkamazi.site\/funavuv\/wp\/v2\/posts"}],"about":[{"href":"https:\/\/darkamazi.site\/funavuv\/wp\/v2\/types\/post"}],"author":[{"embeddable":true,"href":"https:\/\/darkamazi.site\/funavuv\/wp\/v2\/users\/2"}],"replies":[{"embeddable":true,"href":"https:\/\/darkamazi.site\/funavuv\/wp\/v2\/comments?post=1030368"}],"version-history":[{"count":0,"href":"https:\/\/darkamazi.site\/funavuv\/wp\/v2\/posts\/1030368\/revisions"}],"wp:featuredmedia":[{"embeddable":true,"href":"https:\/\/darkamazi.site\/funavuv\/wp\/v2\/media\/1030369"}],"wp:attachment":[{"href":"https:\/\/darkamazi.site\/funavuv\/wp\/v2\/media?parent=1030368"}],"wp:term":[{"taxonomy":"category","embeddable":true,"href":"https:\/\/darkamazi.site\/funavuv\/wp\/v2\/categories?post=1030368"},{"taxonomy":"post_tag","embeddable":true,"href":"https:\/\/darkamazi.site\/funavuv\/wp\/v2\/tags?post=1030368"}],"curies":[{"name":"wp","href":"https:\/\/api.w.org\/{rel}","templated":true}]}}