{"id":1030950,"date":"2024-09-14T08:28:35","date_gmt":"2024-09-14T05:28:35","guid":{"rendered":"https:\/\/darkamazi.site\/?p=1030950"},"modified":"2026-03-31T16:18:50","modified_gmt":"2026-03-31T13:18:50","slug":"abd-rojavada-yerel-secimlerin-ozgur-ve-adil-yapilmasinin-kosullari-daha-saglanmadi","status":"publish","type":"post","link":"https:\/\/darkamazi.site\/archives\/1030950","title":{"rendered":"ABD: Rojava&#8217;da yerel se\u00e7imlerin &#8220;\u00f6zg\u00fcr ve adil&#8221; yap\u0131lmas\u0131n\u0131n ko\u015fullar\u0131 daha sa\u011flanmad\u0131"},"content":{"rendered":"<p><span style=\"font-family: 'arial black', sans-serif\">ABD D\u0131\u015fi\u015fleri Bakanl\u0131\u011f\u0131, Rojava\u2019daki yerel se\u00e7imlere kar\u015f\u0131 tutumunu yineleyerek, se\u00e7imlerin \u201c\u00f6zg\u00fcr ve adil\u201d bir \u015fekilde yap\u0131lmas\u0131 i\u00e7in gerekli ko\u015fullar\u0131n sa\u011flanmad\u0131\u011f\u0131n\u0131 a\u00e7\u0131klad\u0131.<\/span><\/p>\n<p>ABD D\u0131\u015fi\u015fleri Bakanl\u0131\u011f\u0131 S\u00f6zc\u00fcs\u00fc Matthew Miller, \u201cAmerika Birle\u015fik Devletleri, Suriye&#8217;nin kuzey ve do\u011fusunda dahil olmak \u00fczere \u00f6zg\u00fcr, adil, \u015feffaf ve kapsay\u0131c\u0131 se\u00e7imler d\u00fczenlemek i\u00e7in gerekli ko\u015fullar\u0131n sa\u011flanmad\u0131\u011f\u0131n\u0131 de\u011ferlendiriyor\u201d \u015feklinde bir a\u00e7\u0131klama yapt\u0131.<\/p>\n<p>Miller, ABD&#8217;nin Rojava y\u00f6netiminin Y\u00fcksek Se\u00e7im Komitesine belediye se\u00e7imleri i\u00e7in haz\u0131rl\u0131klara ba\u015flanmas\u0131 \u00e7a\u011fr\u0131s\u0131n\u0131 desteklemedi\u011fini ifade etti.<\/p>\n<p>Rojava&#8217;daki yerel idare se\u00e7imlerinin tarihi 11 Haziran olarak belirlenmi\u015fti. Ancak T\u00fcrkiye&#8217;nin se\u00e7imlere tepki g\u00f6stermesi ve Rojava\u2019ya y\u00f6neli kar\u015f\u0131 askeri bir harekat d\u00fczenleme tehdidi ard\u0131ndan se\u00e7imler A\u011fustos&#8217;a ertelendi.<\/p>\n<p>Rojava&#8217;daki yetkili organ olan Kuzey ve Do\u011fu Suriye Demokratik \u00d6zerk Y\u00f6netimi erteleme karar\u0131n\u0131n se\u00e7ime kat\u0131lan siyasi partilerin taleplerine bir yan\u0131t oldu\u011funu ve \u201cse\u00e7imlerin demokratik bir \u015fekilde yap\u0131lmas\u0131n\u0131 sa\u011flamak\u201d amac\u0131yla al\u0131nd\u0131\u011f\u0131n\u0131 belirtti.<\/p>\n<p>5 Eyl\u00fcl&#8217;de Rojava y\u00f6netimi, se\u00e7im komisyonuna ertelenmi\u015f se\u00e7imler i\u00e7in haz\u0131rl\u0131klara ba\u015flamas\u0131 ve bir tarih belirlemesi talimat\u0131n\u0131 verdi.<\/p>\n<p>Ge\u00e7en ay baz\u0131 kaynaklar, Rojava yetkililerinin se\u00e7imleri s\u00fcresiz olarak ertelemeyi d\u00fc\u015f\u00fcnd\u00fc\u011f\u00fcn\u00fc bildirdi.<\/p>\n<p>Washington, se\u00e7imlere kar\u015f\u0131 tutumunu ilk olarak May\u0131s sonunda dile getirdi.<\/p>\n<p><strong>ABD D\u0131\u015fi\u015fleri: Uygun ko\u015fullar yok<\/strong><\/p>\n<p>ABD D\u0131\u015fi\u015fleri Bakanl\u0131\u011f\u0131 S\u00f6zc\u00fc Yard\u0131mc\u0131s\u0131 Vedant Patel, d\u00fcn (30 May\u0131s) d\u00fczenledi\u011fi bas\u0131n toplant\u0131s\u0131nda R\u00fbdaw\u2019\u0131n Washington Temsilcisi Diyar Kurda\u2019n\u0131n Rojava\u2019daki se\u00e7imlere ili\u015fkin sorusunu yan\u0131tlad\u0131.<\/p>\n<p>\u201cSe\u00e7im i\u00e7in \u015fartlar\u0131n uygun olmad\u0131\u011f\u0131n\u0131\u201d belirten Patel, \u015funlar\u0131 s\u00f6yledi:<\/p>\n<p>\u201cBirle\u015fmi\u015f Milletler G\u00fcvenlik Konseyi\u2019nin 2254 say\u0131l\u0131 karar\u0131n\u0131n \u00f6ng\u00f6rd\u00fc\u011f\u00fc gibi Suriye\u2019de d\u00fczenlenecek her se\u00e7im \u00f6zg\u00fcr, \u015feffaf, kapsay\u0131c\u0131 ve adil olmal\u0131. Biz Kuzeydo\u011fu Suriye\u2019de bu t\u00fcr bir se\u00e7imin d\u00fczenlenmesi i\u00e7in uygun \u015fartlar\u0131n olmad\u0131\u011f\u0131n\u0131 d\u00fc\u015f\u00fcn\u00fcyoruz.Ayn\u0131 \u015fekilde biz bu mesaj\u0131m\u0131z\u0131 Suriye\u2019nin kuzeydo\u011fusundaki ilgili ki\u015fi ve akt\u00f6rlere de aktard\u0131k.\u201d<\/p>\n<p>Yerel se\u00e7imler yasas\u0131na g\u00f6re, siyasi partilere se\u00e7imlerden \u00f6nce 20 g\u00fcn kampanya s\u00fcresi veriliyor.<\/p>\n<p>Suriye K\u00fcrtleri Ulusal Konseyi (ENKS), Rojava&#8217;daki se\u00e7imleri boykot etme karar\u0131 ald\u0131.<\/p>\n<p><strong>7 kantonda sand\u0131klar kurulacak<\/strong><\/p>\n<p>Rojava \u00d6zerk Y\u00f6netimi (Kuzey ve Do\u011fu Suriye) se\u00e7imleri yaparsa se\u00e7menler 7 kantonda sand\u0131k ba\u015f\u0131na gidecek.<\/p>\n<p>Cezire Kantonu, Deyrizor Kantonu, Rakka Kantonu, F\u0131rat Kantonu, Minbic Kantonu, Efrin-\u015eehba Kantonu ve Tabka Kantonu\u2019nda 6 b\u00fcy\u00fck\u015fehir, 40 \u015fehir ve 105 beldede yurtta\u015flar sand\u0131k ba\u015f\u0131na gidecek.<\/p>\n<p>Se\u00e7ime toplam 30 siyasi partinin kat\u0131lmas\u0131 \u00f6ng\u00f6r\u00fcl\u00fcyor. Bu partilerin bir k\u0131sm\u0131 ittifaklar olu\u015fturarak sand\u0131\u011fa gidecek.<\/p>\n<p>&nbsp;<\/p>\n<p>Kendi ismi ve logosuyla se\u00e7imlere girecek partilerin yan\u0131 s\u0131ra baz\u0131 partiler ittifak ve ba\u011f\u0131ms\u0131z isimlerle se\u00e7imlere kat\u0131lacak.<\/p>\n<p>\u00d6zerk Y\u00f6netim, 3 milyondan fazla se\u00e7menin oy kullanma hakk\u0131na sahip oldu\u011funu a\u00e7\u0131klad\u0131.<\/p>\n<p>Be\u015f y\u0131l\u0131 a\u015fk\u0131n s\u00fcredir b\u00f6lgede ya\u015fayan g\u00f6\u00e7men ve m\u00fclteciler de se\u00e7imde oy kullanabilecek.<\/p>\n","protected":false},"excerpt":{"rendered":"<p>ABD D\u0131\u015fi\u015fleri Bakanl\u0131\u011f\u0131, Rojava\u2019daki yerel se\u00e7imlere kar\u015f\u0131 tutumunu yineleyerek, se\u00e7imlerin \u201c\u00f6zg\u00fcr ve adil\u201d bir \u015fekilde yap\u0131lmas\u0131 i\u00e7in gerekli ko\u015fullar\u0131n sa\u011flanmad\u0131\u011f\u0131n\u0131 a\u00e7\u0131klad\u0131. ABD D\u0131\u015fi\u015fleri Bakanl\u0131\u011f\u0131 S\u00f6zc\u00fcs\u00fc Matthew Miller, \u201cAmerika Birle\u015fik Devletleri, Suriye&#8217;nin kuzey ve do\u011fusunda dahil olmak \u00fczere \u00f6zg\u00fcr, adil, \u015feffaf ve kapsay\u0131c\u0131 se\u00e7imler d\u00fczenlemek i\u00e7in gerekli ko\u015fullar\u0131n sa\u011flanmad\u0131\u011f\u0131n\u0131 de\u011ferlendiriyor\u201d \u015feklinde bir a\u00e7\u0131klama yapt\u0131. Miller, ABD&#8217;nin [&hellip;]<\/p>\n","protected":false},"author":2,"featured_media":1030951,"comment_status":"closed","ping_status":"closed","sticky":false,"template":"","format":"standard","meta":{"footnotes":""},"categories":[3],"tags":[],"class_list":["post-1030950","post","type-post","status-publish","format-standard","has-post-thumbnail","hentry","category-kurdistan"],"blocksy_meta":[],"seo_head":"<!-- This site is optimized with the Yoast SEO plugin v27.5 - https:\/\/yoast.com\/product\/yoast-seo-wordpress\/ -->\n<title>ABD: Rojava&#039;da yerel se\u00e7imlerin &quot;\u00f6zg\u00fcr ve adil&quot; yap\u0131lmas\u0131n\u0131n ko\u015fullar\u0131 daha sa\u011flanmad\u0131 - Darka Mazi<\/title>\n<meta name=\"robots\" content=\"index, follow, max-snippet:-1, max-image-preview:large, max-video-preview:-1\" \/>\n<link rel=\"canonical\" href=\"https:\/\/darkamazi.site\/archives\/1030950\" \/>\n<meta property=\"og:locale\" content=\"en_US\" \/>\n<meta property=\"og:type\" content=\"article\" \/>\n<meta property=\"og:title\" content=\"ABD: Rojava&#039;da yerel se\u00e7imlerin &quot;\u00f6zg\u00fcr ve adil&quot; yap\u0131lmas\u0131n\u0131n ko\u015fullar\u0131 daha sa\u011flanmad\u0131 - Darka Mazi\" \/>\n<meta property=\"og:description\" content=\"ABD D\u0131\u015fi\u015fleri Bakanl\u0131\u011f\u0131, Rojava\u2019daki yerel se\u00e7imlere kar\u015f\u0131 tutumunu yineleyerek, se\u00e7imlerin \u201c\u00f6zg\u00fcr ve adil\u201d bir \u015fekilde yap\u0131lmas\u0131 i\u00e7in gerekli ko\u015fullar\u0131n sa\u011flanmad\u0131\u011f\u0131n\u0131 a\u00e7\u0131klad\u0131. ABD D\u0131\u015fi\u015fleri Bakanl\u0131\u011f\u0131 S\u00f6zc\u00fcs\u00fc Matthew Miller, \u201cAmerika Birle\u015fik Devletleri, Suriye&#8217;nin kuzey ve do\u011fusunda dahil olmak \u00fczere \u00f6zg\u00fcr, adil, \u015feffaf ve kapsay\u0131c\u0131 se\u00e7imler d\u00fczenlemek i\u00e7in gerekli ko\u015fullar\u0131n sa\u011flanmad\u0131\u011f\u0131n\u0131 de\u011ferlendiriyor\u201d \u015feklinde bir a\u00e7\u0131klama yapt\u0131. Miller, ABD&#8217;nin [&hellip;]\" \/>\n<meta property=\"og:url\" content=\"https:\/\/darkamazi.site\/archives\/1030950\" \/>\n<meta property=\"og:site_name\" content=\"Darka Mazi\" \/>\n<meta property=\"article:publisher\" content=\"https:\/\/www.facebook.com\/DarkaMaziturkce\" \/>\n<meta property=\"article:published_time\" content=\"2024-09-14T05:28:35+00:00\" \/>\n<meta property=\"article:modified_time\" content=\"2026-03-31T13:18:50+00:00\" \/>\n<meta property=\"og:image\" content=\"https:\/\/darkamazi.site\/file\/2024\/09\/821461Image1-1.jpg\" \/>\n\t<meta property=\"og:image:width\" content=\"752\" \/>\n\t<meta property=\"og:image:height\" content=\"472\" \/>\n\t<meta property=\"og:image:type\" content=\"image\/jpeg\" \/>\n<meta name=\"author\" content=\"darka mazi\" \/>\n<meta name=\"twitter:card\" content=\"summary_large_image\" \/>\n<meta name=\"twitter:creator\" content=\"@DarkaMaziTurkce\" \/>\n<meta name=\"twitter:site\" content=\"@DarkaMaziTurkce\" \/>\n<meta name=\"twitter:label1\" content=\"Written by\" \/>\n\t<meta name=\"twitter:data1\" content=\"darka mazi\" \/>\n\t<meta name=\"twitter:label2\" content=\"Est. reading time\" \/>\n\t<meta name=\"twitter:data2\" content=\"2 minutes\" \/>\n<script type=\"application\/ld+json\" class=\"seo-schema-graph\">{\"@context\":\"https:\\\/\\\/schema.org\",\"@graph\":[{\"@type\":\"NewsArticle\",\"@id\":\"https:\\\/\\\/darkamazi.site\\\/archives\\\/1030950#article\",\"isPartOf\":{\"@id\":\"https:\\\/\\\/darkamazi.site\\\/archives\\\/1030950\"},\"author\":{\"name\":\"darka mazi\",\"@id\":\"https:\\\/\\\/darkamazi.site\\\/#\\\/schema\\\/person\\\/67986a95ac546c16760365877ef4a9d3\"},\"headline\":\"ABD: Rojava&#8217;da yerel se\u00e7imlerin &#8220;\u00f6zg\u00fcr ve adil&#8221; yap\u0131lmas\u0131n\u0131n ko\u015fullar\u0131 daha sa\u011flanmad\u0131\",\"datePublished\":\"2024-09-14T05:28:35+00:00\",\"dateModified\":\"2026-03-31T13:18:50+00:00\",\"mainEntityOfPage\":{\"@id\":\"https:\\\/\\\/darkamazi.site\\\/archives\\\/1030950\"},\"wordCount\":583,\"publisher\":{\"@id\":\"https:\\\/\\\/darkamazi.site\\\/#organization\"},\"image\":{\"@id\":\"https:\\\/\\\/darkamazi.site\\\/archives\\\/1030950#primaryimage\"},\"thumbnailUrl\":\"https:\\\/\\\/darkamazi.site\\\/darka-content\\\/uploads\\\/2024\\\/09\\\/821461Image1-1.jpg\",\"articleSection\":[\"Kurdistan\"],\"inLanguage\":\"en-US\"},{\"@type\":\"WebPage\",\"@id\":\"https:\\\/\\\/darkamazi.site\\\/archives\\\/1030950\",\"url\":\"https:\\\/\\\/darkamazi.site\\\/archives\\\/1030950\",\"name\":\"ABD: Rojava'da yerel se\u00e7imlerin \\\"\u00f6zg\u00fcr ve adil\\\" yap\u0131lmas\u0131n\u0131n ko\u015fullar\u0131 daha sa\u011flanmad\u0131 - Darka Mazi\",\"isPartOf\":{\"@id\":\"https:\\\/\\\/darkamazi.site\\\/#website\"},\"primaryImageOfPage\":{\"@id\":\"https:\\\/\\\/darkamazi.site\\\/archives\\\/1030950#primaryimage\"},\"image\":{\"@id\":\"https:\\\/\\\/darkamazi.site\\\/archives\\\/1030950#primaryimage\"},\"thumbnailUrl\":\"https:\\\/\\\/darkamazi.site\\\/darka-content\\\/uploads\\\/2024\\\/09\\\/821461Image1-1.jpg\",\"datePublished\":\"2024-09-14T05:28:35+00:00\",\"dateModified\":\"2026-03-31T13:18:50+00:00\",\"breadcrumb\":{\"@id\":\"https:\\\/\\\/darkamazi.site\\\/archives\\\/1030950#breadcrumb\"},\"inLanguage\":\"en-US\",\"potentialAction\":[{\"@type\":\"ReadAction\",\"target\":[\"https:\\\/\\\/darkamazi.site\\\/archives\\\/1030950\"]}]},{\"@type\":\"ImageObject\",\"inLanguage\":\"en-US\",\"@id\":\"https:\\\/\\\/darkamazi.site\\\/archives\\\/1030950#primaryimage\",\"url\":\"https:\\\/\\\/darkamazi.site\\\/darka-content\\\/uploads\\\/2024\\\/09\\\/821461Image1-1.jpg\",\"contentUrl\":\"https:\\\/\\\/darkamazi.site\\\/darka-content\\\/uploads\\\/2024\\\/09\\\/821461Image1-1.jpg\",\"width\":752,\"height\":472,\"caption\":\"ABD: Rojava'da yerel se\u00e7imlerin \\\"\u00f6zg\u00fcr ve adil\\\" yap\u0131lmas\u0131n\u0131n ko\u015fullar\u0131 daha sa\u011flanmad\u0131\"},{\"@type\":\"BreadcrumbList\",\"@id\":\"https:\\\/\\\/darkamazi.site\\\/archives\\\/1030950#breadcrumb\",\"itemListElement\":[{\"@type\":\"ListItem\",\"position\":1,\"name\":\"Home\",\"item\":\"https:\\\/\\\/darkamazi.site\\\/\"},{\"@type\":\"ListItem\",\"position\":2,\"name\":\"ABD: Rojava&#8217;da yerel se\u00e7imlerin &#8220;\u00f6zg\u00fcr ve adil&#8221; yap\u0131lmas\u0131n\u0131n ko\u015fullar\u0131 daha sa\u011flanmad\u0131\"}]},{\"@type\":\"WebSite\",\"@id\":\"https:\\\/\\\/darkamazi.site\\\/#website\",\"url\":\"https:\\\/\\\/darkamazi.site\\\/\",\"name\":\"Darka Mazi\",\"description\":\"Ana Sayfa\",\"publisher\":{\"@id\":\"https:\\\/\\\/darkamazi.site\\\/#organization\"},\"potentialAction\":[{\"@type\":\"SearchAction\",\"target\":{\"@type\":\"EntryPoint\",\"urlTemplate\":\"https:\\\/\\\/darkamazi.site\\\/?s={search_term_string}\"},\"query-input\":{\"@type\":\"PropertyValueSpecification\",\"valueRequired\":true,\"valueName\":\"search_term_string\"}}],\"inLanguage\":\"en-US\"},{\"@type\":\"Organization\",\"@id\":\"https:\\\/\\\/darkamazi.site\\\/#organization\",\"name\":\"Darka Mazi T\u00fcrk\u00e7e\",\"alternateName\":\"Darka Mazi\",\"url\":\"https:\\\/\\\/darkamazi.site\\\/\",\"logo\":{\"@type\":\"ImageObject\",\"inLanguage\":\"en-US\",\"@id\":\"https:\\\/\\\/darkamazi.site\\\/#\\\/schema\\\/logo\\\/image\\\/\",\"url\":\"https:\\\/\\\/darkamazi.site\\\/darka-content\\\/uploads\\\/2017\\\/12\\\/darka-mazi-logo.png\",\"contentUrl\":\"https:\\\/\\\/darkamazi.site\\\/darka-content\\\/uploads\\\/2017\\\/12\\\/darka-mazi-logo.png\",\"width\":151,\"height\":75,\"caption\":\"Darka Mazi T\u00fcrk\u00e7e\"},\"image\":{\"@id\":\"https:\\\/\\\/darkamazi.site\\\/#\\\/schema\\\/logo\\\/image\\\/\"},\"sameAs\":[\"https:\\\/\\\/www.facebook.com\\\/DarkaMaziturkce\",\"https:\\\/\\\/x.com\\\/DarkaMaziTurkce\"]},{\"@type\":\"Person\",\"@id\":\"https:\\\/\\\/darkamazi.site\\\/#\\\/schema\\\/person\\\/67986a95ac546c16760365877ef4a9d3\",\"name\":\"darka mazi\",\"sameAs\":[\"https:\\\/\\\/darkamazi.site\"],\"url\":\"https:\\\/\\\/darkamazi.site\\\/archives\\\/author\\\/turkish\"}]}<\/script>\n<!-- \/ Yoast SEO plugin. -->","seo_head_json":{"title":"ABD: Rojava'da yerel se\u00e7imlerin \"\u00f6zg\u00fcr ve adil\" yap\u0131lmas\u0131n\u0131n ko\u015fullar\u0131 daha sa\u011flanmad\u0131 - Darka Mazi","robots":{"index":"index","follow":"follow","max-snippet":"max-snippet:-1","max-image-preview":"max-image-preview:large","max-video-preview":"max-video-preview:-1"},"canonical":"https:\/\/darkamazi.site\/archives\/1030950","og_locale":"en_US","og_type":"article","og_title":"ABD: Rojava'da yerel se\u00e7imlerin \"\u00f6zg\u00fcr ve adil\" yap\u0131lmas\u0131n\u0131n ko\u015fullar\u0131 daha sa\u011flanmad\u0131 - Darka Mazi","og_description":"ABD D\u0131\u015fi\u015fleri Bakanl\u0131\u011f\u0131, Rojava\u2019daki yerel se\u00e7imlere kar\u015f\u0131 tutumunu yineleyerek, se\u00e7imlerin \u201c\u00f6zg\u00fcr ve adil\u201d bir \u015fekilde yap\u0131lmas\u0131 i\u00e7in gerekli ko\u015fullar\u0131n sa\u011flanmad\u0131\u011f\u0131n\u0131 a\u00e7\u0131klad\u0131. ABD D\u0131\u015fi\u015fleri Bakanl\u0131\u011f\u0131 S\u00f6zc\u00fcs\u00fc Matthew Miller, \u201cAmerika Birle\u015fik Devletleri, Suriye&#8217;nin kuzey ve do\u011fusunda dahil olmak \u00fczere \u00f6zg\u00fcr, adil, \u015feffaf ve kapsay\u0131c\u0131 se\u00e7imler d\u00fczenlemek i\u00e7in gerekli ko\u015fullar\u0131n sa\u011flanmad\u0131\u011f\u0131n\u0131 de\u011ferlendiriyor\u201d \u015feklinde bir a\u00e7\u0131klama yapt\u0131. Miller, ABD&#8217;nin [&hellip;]","og_url":"https:\/\/darkamazi.site\/archives\/1030950","og_site_name":"Darka Mazi","article_publisher":"https:\/\/www.facebook.com\/DarkaMaziturkce","article_published_time":"2024-09-14T05:28:35+00:00","article_modified_time":"2026-03-31T13:18:50+00:00","og_image":[{"width":752,"height":472,"url":"https:\/\/darkamazi.site\/file\/2024\/09\/821461Image1-1.jpg","type":"image\/jpeg"}],"author":"darka mazi","twitter_card":"summary_large_image","twitter_creator":"@DarkaMaziTurkce","twitter_site":"@DarkaMaziTurkce","twitter_misc":{"Written by":"darka mazi","Est. reading time":"2 minutes"},"schema":{"@context":"https:\/\/schema.org","@graph":[{"@type":"NewsArticle","@id":"https:\/\/darkamazi.site\/archives\/1030950#article","isPartOf":{"@id":"https:\/\/darkamazi.site\/archives\/1030950"},"author":{"name":"darka mazi","@id":"https:\/\/darkamazi.site\/#\/schema\/person\/67986a95ac546c16760365877ef4a9d3"},"headline":"ABD: Rojava&#8217;da yerel se\u00e7imlerin &#8220;\u00f6zg\u00fcr ve adil&#8221; yap\u0131lmas\u0131n\u0131n ko\u015fullar\u0131 daha sa\u011flanmad\u0131","datePublished":"2024-09-14T05:28:35+00:00","dateModified":"2026-03-31T13:18:50+00:00","mainEntityOfPage":{"@id":"https:\/\/darkamazi.site\/archives\/1030950"},"wordCount":583,"publisher":{"@id":"https:\/\/darkamazi.site\/#organization"},"image":{"@id":"https:\/\/darkamazi.site\/archives\/1030950#primaryimage"},"thumbnailUrl":"https:\/\/darkamazi.site\/file\/2024\/09\/821461Image1-1.jpg","articleSection":["Kurdistan"],"inLanguage":"en-US"},{"@type":"WebPage","@id":"https:\/\/darkamazi.site\/archives\/1030950","url":"https:\/\/darkamazi.site\/archives\/1030950","name":"ABD: Rojava'da yerel se\u00e7imlerin \"\u00f6zg\u00fcr ve adil\" yap\u0131lmas\u0131n\u0131n ko\u015fullar\u0131 daha sa\u011flanmad\u0131 - Darka Mazi","isPartOf":{"@id":"https:\/\/darkamazi.site\/#website"},"primaryImageOfPage":{"@id":"https:\/\/darkamazi.site\/archives\/1030950#primaryimage"},"image":{"@id":"https:\/\/darkamazi.site\/archives\/1030950#primaryimage"},"thumbnailUrl":"https:\/\/darkamazi.site\/file\/2024\/09\/821461Image1-1.jpg","datePublished":"2024-09-14T05:28:35+00:00","dateModified":"2026-03-31T13:18:50+00:00","breadcrumb":{"@id":"https:\/\/darkamazi.site\/archives\/1030950#breadcrumb"},"inLanguage":"en-US","potentialAction":[{"@type":"ReadAction","target":["https:\/\/darkamazi.site\/archives\/1030950"]}]},{"@type":"ImageObject","inLanguage":"en-US","@id":"https:\/\/darkamazi.site\/archives\/1030950#primaryimage","url":"https:\/\/darkamazi.site\/file\/2024\/09\/821461Image1-1.jpg","contentUrl":"https:\/\/darkamazi.site\/file\/2024\/09\/821461Image1-1.jpg","width":752,"height":472,"caption":"ABD: Rojava'da yerel se\u00e7imlerin \"\u00f6zg\u00fcr ve adil\" yap\u0131lmas\u0131n\u0131n ko\u015fullar\u0131 daha sa\u011flanmad\u0131"},{"@type":"BreadcrumbList","@id":"https:\/\/darkamazi.site\/archives\/1030950#breadcrumb","itemListElement":[{"@type":"ListItem","position":1,"name":"Home","item":"https:\/\/darkamazi.site\/"},{"@type":"ListItem","position":2,"name":"ABD: Rojava&#8217;da yerel se\u00e7imlerin &#8220;\u00f6zg\u00fcr ve adil&#8221; yap\u0131lmas\u0131n\u0131n ko\u015fullar\u0131 daha sa\u011flanmad\u0131"}]},{"@type":"WebSite","@id":"https:\/\/darkamazi.site\/#website","url":"https:\/\/darkamazi.site\/","name":"Darka Mazi","description":"Ana Sayfa","publisher":{"@id":"https:\/\/darkamazi.site\/#organization"},"potentialAction":[{"@type":"SearchAction","target":{"@type":"EntryPoint","urlTemplate":"https:\/\/darkamazi.site\/?s={search_term_string}"},"query-input":{"@type":"PropertyValueSpecification","valueRequired":true,"valueName":"search_term_string"}}],"inLanguage":"en-US"},{"@type":"Organization","@id":"https:\/\/darkamazi.site\/#organization","name":"Darka Mazi T\u00fcrk\u00e7e","alternateName":"Darka Mazi","url":"https:\/\/darkamazi.site\/","logo":{"@type":"ImageObject","inLanguage":"en-US","@id":"https:\/\/darkamazi.site\/#\/schema\/logo\/image\/","url":"https:\/\/darkamazi.site\/file\/2017\/12\/darka-mazi-logo.png","contentUrl":"https:\/\/darkamazi.site\/file\/2017\/12\/darka-mazi-logo.png","width":151,"height":75,"caption":"Darka Mazi T\u00fcrk\u00e7e"},"image":{"@id":"https:\/\/darkamazi.site\/#\/schema\/logo\/image\/"},"sameAs":["https:\/\/www.facebook.com\/DarkaMaziturkce","https:\/\/x.com\/DarkaMaziTurkce"]},{"@type":"Person","@id":"https:\/\/darkamazi.site\/#\/schema\/person\/67986a95ac546c16760365877ef4a9d3","name":"darka mazi","sameAs":["https:\/\/darkamazi.site"],"url":"https:\/\/darkamazi.site\/archives\/author\/turkish"}]}},"_links":{"self":[{"href":"https:\/\/darkamazi.site\/funavuv\/wp\/v2\/posts\/1030950","targetHints":{"allow":["GET"]}}],"collection":[{"href":"https:\/\/darkamazi.site\/funavuv\/wp\/v2\/posts"}],"about":[{"href":"https:\/\/darkamazi.site\/funavuv\/wp\/v2\/types\/post"}],"author":[{"embeddable":true,"href":"https:\/\/darkamazi.site\/funavuv\/wp\/v2\/users\/2"}],"replies":[{"embeddable":true,"href":"https:\/\/darkamazi.site\/funavuv\/wp\/v2\/comments?post=1030950"}],"version-history":[{"count":0,"href":"https:\/\/darkamazi.site\/funavuv\/wp\/v2\/posts\/1030950\/revisions"}],"wp:featuredmedia":[{"embeddable":true,"href":"https:\/\/darkamazi.site\/funavuv\/wp\/v2\/media\/1030951"}],"wp:attachment":[{"href":"https:\/\/darkamazi.site\/funavuv\/wp\/v2\/media?parent=1030950"}],"wp:term":[{"taxonomy":"category","embeddable":true,"href":"https:\/\/darkamazi.site\/funavuv\/wp\/v2\/categories?post=1030950"},{"taxonomy":"post_tag","embeddable":true,"href":"https:\/\/darkamazi.site\/funavuv\/wp\/v2\/tags?post=1030950"}],"curies":[{"name":"wp","href":"https:\/\/api.w.org\/{rel}","templated":true}]}}