{"id":1031141,"date":"2024-09-28T19:37:35","date_gmt":"2024-09-28T16:37:35","guid":{"rendered":"https:\/\/darkamazi.site\/?p=1031141"},"modified":"2024-09-28T20:10:46","modified_gmt":"2024-09-28T17:10:46","slug":"dunu-ve-bugunu-ile-pkk-gercekligi-4-bolum","status":"publish","type":"post","link":"https:\/\/darkamazi.site\/archives\/1031141","title":{"rendered":"D\u00fcn\u00fc Ve Bug\u00fcn\u00fc \u0130le PKK Ger\u00e7ekli\u011fi 3. B\u00f6l\u00fcm"},"content":{"rendered":"<p style=\"text-align: justify\"><strong>3. B\u00f6l\u00fcm: Mustafa Kemal\u2019in 70 y\u0131l saklanan s\u00f6zleri \u00d6calan ile yeniden piyasaya s\u00fcr\u00fcld\u00fc<\/strong><\/p>\n<p style=\"text-align: justify\">Mustafa Kemal\u2019in 1923 y\u0131l\u0131nda K\u00fcrd sorununa ili\u015fkin \u00e7\u00f6z\u00fcm \u00f6nerisi olarak 1987 y\u0131l\u0131nda Do\u011fu Perin\u00e7ek\u2019in 2000\u2019e Do\u011fru dergisinde gizli eller taraf\u0131ndan yay\u0131nlanan ve \u0130mral\u0131 s\u00fcrecinde \u00d6calan taraf\u0131ndan yeniden ke\u015ffediliyormu\u015f gibi yap\u0131lan s\u0131radan bir konu\u015fmas\u0131, T\u00fcrk Tarih Kurumu taraf\u0131ndan bir devlet g\u00fcvencesi olarak 70 y\u0131l saklanm\u0131\u015ft\u0131r. 70 y\u0131l sakland\u0131ktan sonra piyasaya s\u00fcr\u00fclen bu konu\u015fma, \u00d6calan\u2019a K\u00fcrd ulusal sorununu Kemalizm ile harmanlayarak halk\u0131m\u0131za kurtulu\u015fun tek alternatifi olarak sunma kolayl\u0131\u011f\u0131n\u0131 sa\u011flamay\u0131 ama\u00e7lad\u0131\u011f\u0131ndan ku\u015fku duyulmamal\u0131d\u0131r.<\/p>\n<p style=\"text-align: justify\">\u0130mral\u0131 s\u00fcrecinde ifadesini bulan, \u201dDemokratik Cumhuriyet-Demokratik Konfederalizm\u201d gibi K\u00fcrdleri s\u00f6m\u00fcrgecilere entegre etmekten ba\u015fka hi\u00e7 bir anlam ifade etmeyen, ama ayn\u0131 zamanda da halk\u0131m\u0131zda kafa kar\u0131\u015f\u0131kl\u0131\u011f\u0131na sebep olan ve Ortado\u011fu ko\u015fullar\u0131nda hi\u00e7 bir ge\u00e7erlili\u011fi olmayan teorilerin sahibi \u00d6calan de\u011fildir! Tersine, Mustafa Kemal\u2019in K\u00fcrd sorununun \u00e7\u00f6z\u00fcm\u00fc ile ilgili bir konu\u015fmas\u0131n\u0131 70 y\u0131l saklad\u0131ktan sonra piyasaya s\u00fcren g\u00fc\u00e7t\u00fcr.<\/p>\n<p style=\"text-align: justify\">\u00a01970\u2019li y\u0131llarda temelleri d\u00f6\u015fenen ve K\u00fcrdleri T\u00fcrkiye\u2019ye entegre etme projesinin bir numaral\u0131 uygulay\u0131c\u0131s\u0131 konumunda olan \u00d6calan, K\u00fcrd ulusal sorununu Kemalizm ile harmanlayarak halk\u0131m\u0131za kurtulu\u015f olarak sunmaya devam ediyor. Kemalist T\u00fcrk solunun, K\u00fcrd sorununu ele al\u0131\u015f tarz\u0131 itibariyle, K\u00fcrdlerin gelenek\u00e7i T\u00fcrk solundan kesin bir kopu\u015fu ya\u015fad\u0131\u011f\u0131 1970\u2019li y\u0131llara d\u00f6n\u00fc\u015f\u00fc ifade eden bu ihanet projesine; ne yaz\u0131k ki sosyal ve politik ya\u015fam\u0131m\u0131z\u0131n handikab\u0131 olan alternatifsizlikten dolay\u0131 da bir kar\u015f\u0131 duru\u015fu sergileyemiyoruz. K\u00fcrdistan\u2019\u0131 s\u00f6m\u00fcrgele\u015ftiren g\u00fc\u00e7ler, \u00e7\u0131karlar\u0131n\u0131 s\u00fcrd\u00fcrebilme yolunun, aralar\u0131ndaki k\u0131smi \u00e7eli\u015fkileri bir kenara b\u0131rak\u0131p, K\u00fcrdistan\u2019\u0131n s\u00f6m\u00fcrge stat\u00fcs\u00fcn\u00fcn devam\u0131 i\u00e7in bir emniyet supab\u0131 olan i\u015f birli\u011fi mekanizmas\u0131n\u0131 hep i\u015fletmi\u015flerdir.<\/p>\n<p style=\"text-align: justify\">T\u00fcrkiye\u2019de s\u0131nanarak g\u00f6receli bir ba\u015far\u0131 sa\u011flad\u0131\u011f\u0131na inan\u0131lan PKK konsepti; yukar\u0131da de\u011findi\u011fim bu i\u015fbirli\u011fi g\u00fcd\u00fcs\u00fc ile di\u011fer s\u00f6m\u00fcrgeci \u00fclkelere de bir \u00f6rnek te\u015fkil etti\u011fi ve ihra\u00e7 edildi\u011fi g\u00f6r\u00fclmektedir. \u0130mral\u0131 s\u00fcreci ile K\u00fcrd sorununu Kemalizm ile s\u00fcsleyerek, halk\u0131m\u0131z\u0131 siyasi olarak aldatt\u0131\u011f\u0131 daha da bir netlik kazanan \u00d6calan\u2019\u0131n; K\u00fcrdistan\u2019\u0131n di\u011fer par\u00e7alar\u0131ndaki halk\u0131m\u0131z\u0131 da s\u00f6m\u00fcrgecilere entegre etme projesinin birer ara\u00e7lar\u0131 olan; Irak\u2019ta: K\u00fcrdistan Demokratik \u00c7\u00f6z\u00fcm Partisi (P\u00c7DK), \u0130ran\u2019da: K\u00fcrdistan \u00d6zg\u00fcr Ya\u015fam Partisi (PJAK), Suriye\u2019de: Demokratik Birlik Partisi (PYD) ve T\u00fcrkiye\u2019de: K\u00fcrdistan Demokratik Halk Birli\u011fi (YDK) gibi kontra \u00f6rg\u00fctler kurdurttu\u011fu bilinmektedir.<\/p>\n<p style=\"text-align: justify\">\u00a0Bu kontra \u00f6rg\u00fctlerin bir tek amac\u0131 vard\u0131r: K\u00fcrd ulusal sorununun i\u00e7ini bo\u015faltarak, s\u00f6m\u00fcrgeci devletlere entegrasyonunu sa\u011flamakt\u0131r. Dikkat edilirse, PKK Kuzey K\u00fcrdistan\u2019daki ulusal m\u00fccadelemizi bo\u015fa \u00e7\u0131kartmak i\u00e7in uygulad\u0131\u011f\u0131 fa\u015fist prati\u011fi, K\u00fcrdistan\u2019\u0131n di\u011fer par\u00e7alar\u0131nda da \u00e7oktan uygulamaya koymu\u015ftur. \u00d6rnek olmas\u0131 a\u00e7\u0131s\u0131ndan; Do\u011fu K\u00fcrdistan\u2019dan Sipan Rojhilat, Suriye K\u00fcrdlerinden Kemal \u015eahin, T\u00fcrkiye K\u00fcrdlerinden Hikmet Fidan ve Kani Y\u0131lmaz gibi kendilerinden ayr\u0131lan bu t\u00fcr kadrolar\u0131 yok etmeleri, insana\u201d biz bu filmi daha \u00f6nce izlemi\u015ftik\u201d dedirtecek t\u00fcrden de\u011fil midir?<\/p>\n<p style=\"text-align: justify\">PKK\u2019nin bu t\u00fcr siyasi cinayetleri devam edecektir. Bundan ku\u015fku duyulmamal\u0131d\u0131r. PKK\u2019nin G\u00fcney K\u00fcrdistan\u2019da konu\u015flanm\u0131\u015f olmas\u0131, T\u00fcrkiye\u2019nin bir mevzisi olarak alg\u0131lanmal\u0131 ve buna g\u00f6re tav\u0131r geli\u015ftirilmelidir. Yani PKK ve t\u00fcrevlerini T\u00fcrkiye\u2019nin Ortado\u011fu ve \u00f6zellikle de K\u00fcrdistan\u2019daki politikas\u0131n\u0131n hayata ge\u00e7irilmesinin ara\u00e7lar\u0131ndan birisi olarak de\u011ferlendirmek ayn\u0131 zamanda da K\u00fcrd ulusal demokratik m\u00fccadelesinin t\u0131kanm\u0131\u015f sorunlar\u0131n\u0131n da \u00e7\u00f6z\u00fcm\u00fcne y\u00f6nelik ipu\u00e7lar\u0131n\u0131 sunacakt\u0131r.<\/p>\n<p style=\"text-align: justify\">Dalkavuklu\u011fu ya\u015fam bi\u00e7imi olarak se\u00e7mi\u015fleri rahats\u0131z etse bile, tarihe kar\u015f\u0131 sorumlulu\u011fun bir gere\u011fi olarak, bir ger\u00e7e\u011fin daha alt\u0131n\u0131 \u00e7izmenin gereklili\u011fine inan\u0131yorum. PKK\u2019nin 1980\u2019li y\u0131llar\u0131n ilk yar\u0131s\u0131nda Suriye\u2019den K\u00fcrdistan\u2019\u0131n stratejik b\u00f6lgelerine ta\u015f\u0131nmas\u0131nda, G\u00fcney K\u00fcrdistanl\u0131 partilerin sorumlulu\u011fu \u00e7ok b\u00fcy\u00fckt\u00fcr. G\u00fcney K\u00fcrdistan siyasi iradesinin farkl\u0131 \u00f6rg\u00fctsel kayg\u0131lar nedeniyle, PKK\u2019ye kar\u015f\u0131 tutumu d\u00fcn oldu\u011fu gibi bug\u00fcn de ulusal vizyon ile \u00f6rt\u00fc\u015fmeyen ve pragmatist bir politikad\u0131r..<\/p>\n<p style=\"text-align: justify\">G\u00fcney K\u00fcrdistan siyasi iradesinin s\u00f6m\u00fcrgeci egemenler ile ge\u00e7mi\u015ften kaynaklanan yanl\u0131\u015f ve yukar\u0131da \u00e7er\u00e7evesini belirtti\u011fim nedenlere dayanan ili\u015fkiler sistemati\u011finin bir sonucu olarak, PKK ile ilgili politik s\u00f6ylem ve pratik yakla\u015f\u0131mlar\u0131ndan al\u0131nan sinyaller objektif olarak de\u011ferlendirilirse, G\u00fcney K\u00fcrdistan siyasi iradesinin PKK ve t\u00fcrevleri ile daha kapsaml\u0131 ili\u015fkiler i\u00e7ine girece\u011finin ipu\u00e7lar\u0131 rahatl\u0131kla tespit edilebilir.<\/p>\n<p style=\"text-align: justify\">Umar\u0131m geli\u015fmeler beni yan\u0131lt\u0131r. Fakat t\u00fcm olumsuzluklara ra\u011fmen bu s\u00fcreci halk\u0131m\u0131z\u0131n lehine \u00e7evirmenin olana\u011f\u0131 vard\u0131r. Bu da; halk\u0131m\u0131z\u0131n G\u00fcney K\u00fcrdistan\u2019daki kazan\u0131mlar\u0131na ulusal b\u00fct\u00fcnl\u00fc\u011f\u00fcm\u00fcz\u00fcn bir g\u00fcvencesi olarak sahip \u00e7\u0131kmak, G\u00fcney\u2019in ulusumuzu ilgilendiren yanl\u0131\u015f politikalar\u0131na kar\u015f\u0131 duru\u015f sergileyebilmek ve temel g\u00f6revimizin de T\u00fcrkiye Cumhuriyeti\u2019nin PKK konseptinin egemenli\u011finin devam\u0131na hizmet eden politikalar\u0131 ile alternatifsiz b\u0131rak\u0131lmak istenen Kuzey K\u00fcrdistanl\u0131 halk\u0131m\u0131z\u0131n, kendi ulusal-siyasal birlik alternatifini yaratmas\u0131 i\u00e7in gerekli politik perspektifleri ve \u00f6rg\u00fctsel ad\u0131mlar\u0131 ortaya koymakta somutla\u015ft\u0131\u011f\u0131n\u0131 d\u00fc\u015f\u00fcn\u00fcyorum<\/p>\n","protected":false},"excerpt":{"rendered":"<p>3. B\u00f6l\u00fcm: Mustafa Kemal\u2019in 70 y\u0131l saklanan s\u00f6zleri \u00d6calan ile yeniden piyasaya s\u00fcr\u00fcld\u00fc Mustafa Kemal\u2019in 1923 y\u0131l\u0131nda K\u00fcrd sorununa ili\u015fkin \u00e7\u00f6z\u00fcm \u00f6nerisi olarak 1987 y\u0131l\u0131nda Do\u011fu Perin\u00e7ek\u2019in 2000\u2019e Do\u011fru dergisinde gizli eller taraf\u0131ndan yay\u0131nlanan ve \u0130mral\u0131 s\u00fcrecinde \u00d6calan taraf\u0131ndan yeniden ke\u015ffediliyormu\u015f gibi yap\u0131lan s\u0131radan bir konu\u015fmas\u0131, T\u00fcrk Tarih Kurumu taraf\u0131ndan bir devlet g\u00fcvencesi olarak 70 [&hellip;]<\/p>\n","protected":false},"author":2,"featured_media":1031142,"comment_status":"closed","ping_status":"closed","sticky":false,"template":"","format":"standard","meta":{"footnotes":""},"categories":[26],"tags":[31],"class_list":["post-1031141","post","type-post","status-publish","format-standard","has-post-thumbnail","hentry","category-forum","tag-onemli"],"blocksy_meta":[],"seo_head":"<!-- This site is optimized with the Yoast SEO plugin v27.5 - https:\/\/yoast.com\/product\/yoast-seo-wordpress\/ -->\n<title>D\u00fcn\u00fc Ve Bug\u00fcn\u00fc \u0130le PKK Ger\u00e7ekli\u011fi 3. B\u00f6l\u00fcm - Darka Mazi<\/title>\n<meta name=\"robots\" content=\"index, follow, max-snippet:-1, max-image-preview:large, max-video-preview:-1\" \/>\n<link rel=\"canonical\" href=\"https:\/\/darkamazi.site\/archives\/1031141\" \/>\n<meta property=\"og:locale\" content=\"en_US\" \/>\n<meta property=\"og:type\" content=\"article\" \/>\n<meta property=\"og:title\" content=\"D\u00fcn\u00fc Ve Bug\u00fcn\u00fc \u0130le PKK Ger\u00e7ekli\u011fi 3. B\u00f6l\u00fcm - Darka Mazi\" \/>\n<meta property=\"og:description\" content=\"3. B\u00f6l\u00fcm: Mustafa Kemal\u2019in 70 y\u0131l saklanan s\u00f6zleri \u00d6calan ile yeniden piyasaya s\u00fcr\u00fcld\u00fc Mustafa Kemal\u2019in 1923 y\u0131l\u0131nda K\u00fcrd sorununa ili\u015fkin \u00e7\u00f6z\u00fcm \u00f6nerisi olarak 1987 y\u0131l\u0131nda Do\u011fu Perin\u00e7ek\u2019in 2000\u2019e Do\u011fru dergisinde gizli eller taraf\u0131ndan yay\u0131nlanan ve \u0130mral\u0131 s\u00fcrecinde \u00d6calan taraf\u0131ndan yeniden ke\u015ffediliyormu\u015f gibi yap\u0131lan s\u0131radan bir konu\u015fmas\u0131, T\u00fcrk Tarih Kurumu taraf\u0131ndan bir devlet g\u00fcvencesi olarak 70 [&hellip;]\" \/>\n<meta property=\"og:url\" content=\"https:\/\/darkamazi.site\/archives\/1031141\" \/>\n<meta property=\"og:site_name\" content=\"Darka Mazi\" \/>\n<meta property=\"article:publisher\" content=\"https:\/\/www.facebook.com\/DarkaMaziturkce\" \/>\n<meta property=\"article:published_time\" content=\"2024-09-28T16:37:35+00:00\" \/>\n<meta property=\"article:modified_time\" content=\"2024-09-28T17:10:46+00:00\" \/>\n<meta property=\"og:image\" content=\"https:\/\/darkamazi.site\/file\/2024\/09\/Suleyman-Akkoyun-1.jpg\" \/>\n\t<meta property=\"og:image:width\" content=\"900\" \/>\n\t<meta property=\"og:image:height\" content=\"497\" \/>\n\t<meta property=\"og:image:type\" content=\"image\/jpeg\" \/>\n<meta name=\"author\" content=\"darka mazi\" \/>\n<meta name=\"twitter:card\" content=\"summary_large_image\" \/>\n<meta name=\"twitter:creator\" content=\"@DarkaMaziTurkce\" \/>\n<meta name=\"twitter:site\" content=\"@DarkaMaziTurkce\" \/>\n<meta name=\"twitter:label1\" content=\"Written by\" \/>\n\t<meta name=\"twitter:data1\" content=\"darka mazi\" \/>\n\t<meta name=\"twitter:label2\" content=\"Est. reading time\" \/>\n\t<meta name=\"twitter:data2\" content=\"3 minutes\" \/>\n<script type=\"application\/ld+json\" class=\"seo-schema-graph\">{\"@context\":\"https:\\\/\\\/schema.org\",\"@graph\":[{\"@type\":\"NewsArticle\",\"@id\":\"https:\\\/\\\/darkamazi.site\\\/archives\\\/1031141#article\",\"isPartOf\":{\"@id\":\"https:\\\/\\\/darkamazi.site\\\/archives\\\/1031141\"},\"author\":{\"name\":\"darka mazi\",\"@id\":\"https:\\\/\\\/darkamazi.site\\\/#\\\/schema\\\/person\\\/67986a95ac546c16760365877ef4a9d3\"},\"headline\":\"D\u00fcn\u00fc Ve Bug\u00fcn\u00fc \u0130le PKK Ger\u00e7ekli\u011fi 3. B\u00f6l\u00fcm\",\"datePublished\":\"2024-09-28T16:37:35+00:00\",\"dateModified\":\"2024-09-28T17:10:46+00:00\",\"mainEntityOfPage\":{\"@id\":\"https:\\\/\\\/darkamazi.site\\\/archives\\\/1031141\"},\"wordCount\":1002,\"publisher\":{\"@id\":\"https:\\\/\\\/darkamazi.site\\\/#organization\"},\"image\":{\"@id\":\"https:\\\/\\\/darkamazi.site\\\/archives\\\/1031141#primaryimage\"},\"thumbnailUrl\":\"https:\\\/\\\/darkamazi.site\\\/darka-content\\\/uploads\\\/2024\\\/09\\\/Suleyman-Akkoyun-1.jpg\",\"keywords\":[\"\u00f6nemli\"],\"articleSection\":[\"Forum\"],\"inLanguage\":\"en-US\"},{\"@type\":\"WebPage\",\"@id\":\"https:\\\/\\\/darkamazi.site\\\/archives\\\/1031141\",\"url\":\"https:\\\/\\\/darkamazi.site\\\/archives\\\/1031141\",\"name\":\"D\u00fcn\u00fc Ve Bug\u00fcn\u00fc \u0130le PKK Ger\u00e7ekli\u011fi 3. B\u00f6l\u00fcm - Darka Mazi\",\"isPartOf\":{\"@id\":\"https:\\\/\\\/darkamazi.site\\\/#website\"},\"primaryImageOfPage\":{\"@id\":\"https:\\\/\\\/darkamazi.site\\\/archives\\\/1031141#primaryimage\"},\"image\":{\"@id\":\"https:\\\/\\\/darkamazi.site\\\/archives\\\/1031141#primaryimage\"},\"thumbnailUrl\":\"https:\\\/\\\/darkamazi.site\\\/darka-content\\\/uploads\\\/2024\\\/09\\\/Suleyman-Akkoyun-1.jpg\",\"datePublished\":\"2024-09-28T16:37:35+00:00\",\"dateModified\":\"2024-09-28T17:10:46+00:00\",\"breadcrumb\":{\"@id\":\"https:\\\/\\\/darkamazi.site\\\/archives\\\/1031141#breadcrumb\"},\"inLanguage\":\"en-US\",\"potentialAction\":[{\"@type\":\"ReadAction\",\"target\":[\"https:\\\/\\\/darkamazi.site\\\/archives\\\/1031141\"]}]},{\"@type\":\"ImageObject\",\"inLanguage\":\"en-US\",\"@id\":\"https:\\\/\\\/darkamazi.site\\\/archives\\\/1031141#primaryimage\",\"url\":\"https:\\\/\\\/darkamazi.site\\\/darka-content\\\/uploads\\\/2024\\\/09\\\/Suleyman-Akkoyun-1.jpg\",\"contentUrl\":\"https:\\\/\\\/darkamazi.site\\\/darka-content\\\/uploads\\\/2024\\\/09\\\/Suleyman-Akkoyun-1.jpg\",\"width\":900,\"height\":497,\"caption\":\"D\u00fcn\u00fc Ve Bug\u00fcn\u00fc \u0130le PKK Ger\u00e7ekli\u011fi\"},{\"@type\":\"BreadcrumbList\",\"@id\":\"https:\\\/\\\/darkamazi.site\\\/archives\\\/1031141#breadcrumb\",\"itemListElement\":[{\"@type\":\"ListItem\",\"position\":1,\"name\":\"Home\",\"item\":\"https:\\\/\\\/darkamazi.site\\\/\"},{\"@type\":\"ListItem\",\"position\":2,\"name\":\"D\u00fcn\u00fc Ve Bug\u00fcn\u00fc \u0130le PKK Ger\u00e7ekli\u011fi 3. B\u00f6l\u00fcm\"}]},{\"@type\":\"WebSite\",\"@id\":\"https:\\\/\\\/darkamazi.site\\\/#website\",\"url\":\"https:\\\/\\\/darkamazi.site\\\/\",\"name\":\"Darka Mazi\",\"description\":\"Ana Sayfa\",\"publisher\":{\"@id\":\"https:\\\/\\\/darkamazi.site\\\/#organization\"},\"potentialAction\":[{\"@type\":\"SearchAction\",\"target\":{\"@type\":\"EntryPoint\",\"urlTemplate\":\"https:\\\/\\\/darkamazi.site\\\/?s={search_term_string}\"},\"query-input\":{\"@type\":\"PropertyValueSpecification\",\"valueRequired\":true,\"valueName\":\"search_term_string\"}}],\"inLanguage\":\"en-US\"},{\"@type\":\"Organization\",\"@id\":\"https:\\\/\\\/darkamazi.site\\\/#organization\",\"name\":\"Darka Mazi T\u00fcrk\u00e7e\",\"alternateName\":\"Darka Mazi\",\"url\":\"https:\\\/\\\/darkamazi.site\\\/\",\"logo\":{\"@type\":\"ImageObject\",\"inLanguage\":\"en-US\",\"@id\":\"https:\\\/\\\/darkamazi.site\\\/#\\\/schema\\\/logo\\\/image\\\/\",\"url\":\"https:\\\/\\\/darkamazi.site\\\/darka-content\\\/uploads\\\/2017\\\/12\\\/darka-mazi-logo.png\",\"contentUrl\":\"https:\\\/\\\/darkamazi.site\\\/darka-content\\\/uploads\\\/2017\\\/12\\\/darka-mazi-logo.png\",\"width\":151,\"height\":75,\"caption\":\"Darka Mazi T\u00fcrk\u00e7e\"},\"image\":{\"@id\":\"https:\\\/\\\/darkamazi.site\\\/#\\\/schema\\\/logo\\\/image\\\/\"},\"sameAs\":[\"https:\\\/\\\/www.facebook.com\\\/DarkaMaziturkce\",\"https:\\\/\\\/x.com\\\/DarkaMaziTurkce\"]},{\"@type\":\"Person\",\"@id\":\"https:\\\/\\\/darkamazi.site\\\/#\\\/schema\\\/person\\\/67986a95ac546c16760365877ef4a9d3\",\"name\":\"darka mazi\",\"sameAs\":[\"https:\\\/\\\/darkamazi.site\"],\"url\":\"https:\\\/\\\/darkamazi.site\\\/archives\\\/author\\\/turkish\"}]}<\/script>\n<!-- \/ Yoast SEO plugin. -->","seo_head_json":{"title":"D\u00fcn\u00fc Ve Bug\u00fcn\u00fc \u0130le PKK Ger\u00e7ekli\u011fi 3. B\u00f6l\u00fcm - Darka Mazi","robots":{"index":"index","follow":"follow","max-snippet":"max-snippet:-1","max-image-preview":"max-image-preview:large","max-video-preview":"max-video-preview:-1"},"canonical":"https:\/\/darkamazi.site\/archives\/1031141","og_locale":"en_US","og_type":"article","og_title":"D\u00fcn\u00fc Ve Bug\u00fcn\u00fc \u0130le PKK Ger\u00e7ekli\u011fi 3. B\u00f6l\u00fcm - Darka Mazi","og_description":"3. B\u00f6l\u00fcm: Mustafa Kemal\u2019in 70 y\u0131l saklanan s\u00f6zleri \u00d6calan ile yeniden piyasaya s\u00fcr\u00fcld\u00fc Mustafa Kemal\u2019in 1923 y\u0131l\u0131nda K\u00fcrd sorununa ili\u015fkin \u00e7\u00f6z\u00fcm \u00f6nerisi olarak 1987 y\u0131l\u0131nda Do\u011fu Perin\u00e7ek\u2019in 2000\u2019e Do\u011fru dergisinde gizli eller taraf\u0131ndan yay\u0131nlanan ve \u0130mral\u0131 s\u00fcrecinde \u00d6calan taraf\u0131ndan yeniden ke\u015ffediliyormu\u015f gibi yap\u0131lan s\u0131radan bir konu\u015fmas\u0131, T\u00fcrk Tarih Kurumu taraf\u0131ndan bir devlet g\u00fcvencesi olarak 70 [&hellip;]","og_url":"https:\/\/darkamazi.site\/archives\/1031141","og_site_name":"Darka Mazi","article_publisher":"https:\/\/www.facebook.com\/DarkaMaziturkce","article_published_time":"2024-09-28T16:37:35+00:00","article_modified_time":"2024-09-28T17:10:46+00:00","og_image":[{"width":900,"height":497,"url":"https:\/\/darkamazi.site\/file\/2024\/09\/Suleyman-Akkoyun-1.jpg","type":"image\/jpeg"}],"author":"darka mazi","twitter_card":"summary_large_image","twitter_creator":"@DarkaMaziTurkce","twitter_site":"@DarkaMaziTurkce","twitter_misc":{"Written by":"darka mazi","Est. reading time":"3 minutes"},"schema":{"@context":"https:\/\/schema.org","@graph":[{"@type":"NewsArticle","@id":"https:\/\/darkamazi.site\/archives\/1031141#article","isPartOf":{"@id":"https:\/\/darkamazi.site\/archives\/1031141"},"author":{"name":"darka mazi","@id":"https:\/\/darkamazi.site\/#\/schema\/person\/67986a95ac546c16760365877ef4a9d3"},"headline":"D\u00fcn\u00fc Ve Bug\u00fcn\u00fc \u0130le PKK Ger\u00e7ekli\u011fi 3. B\u00f6l\u00fcm","datePublished":"2024-09-28T16:37:35+00:00","dateModified":"2024-09-28T17:10:46+00:00","mainEntityOfPage":{"@id":"https:\/\/darkamazi.site\/archives\/1031141"},"wordCount":1002,"publisher":{"@id":"https:\/\/darkamazi.site\/#organization"},"image":{"@id":"https:\/\/darkamazi.site\/archives\/1031141#primaryimage"},"thumbnailUrl":"https:\/\/darkamazi.site\/file\/2024\/09\/Suleyman-Akkoyun-1.jpg","keywords":["\u00f6nemli"],"articleSection":["Forum"],"inLanguage":"en-US"},{"@type":"WebPage","@id":"https:\/\/darkamazi.site\/archives\/1031141","url":"https:\/\/darkamazi.site\/archives\/1031141","name":"D\u00fcn\u00fc Ve Bug\u00fcn\u00fc \u0130le PKK Ger\u00e7ekli\u011fi 3. B\u00f6l\u00fcm - Darka Mazi","isPartOf":{"@id":"https:\/\/darkamazi.site\/#website"},"primaryImageOfPage":{"@id":"https:\/\/darkamazi.site\/archives\/1031141#primaryimage"},"image":{"@id":"https:\/\/darkamazi.site\/archives\/1031141#primaryimage"},"thumbnailUrl":"https:\/\/darkamazi.site\/file\/2024\/09\/Suleyman-Akkoyun-1.jpg","datePublished":"2024-09-28T16:37:35+00:00","dateModified":"2024-09-28T17:10:46+00:00","breadcrumb":{"@id":"https:\/\/darkamazi.site\/archives\/1031141#breadcrumb"},"inLanguage":"en-US","potentialAction":[{"@type":"ReadAction","target":["https:\/\/darkamazi.site\/archives\/1031141"]}]},{"@type":"ImageObject","inLanguage":"en-US","@id":"https:\/\/darkamazi.site\/archives\/1031141#primaryimage","url":"https:\/\/darkamazi.site\/file\/2024\/09\/Suleyman-Akkoyun-1.jpg","contentUrl":"https:\/\/darkamazi.site\/file\/2024\/09\/Suleyman-Akkoyun-1.jpg","width":900,"height":497,"caption":"D\u00fcn\u00fc Ve Bug\u00fcn\u00fc \u0130le PKK Ger\u00e7ekli\u011fi"},{"@type":"BreadcrumbList","@id":"https:\/\/darkamazi.site\/archives\/1031141#breadcrumb","itemListElement":[{"@type":"ListItem","position":1,"name":"Home","item":"https:\/\/darkamazi.site\/"},{"@type":"ListItem","position":2,"name":"D\u00fcn\u00fc Ve Bug\u00fcn\u00fc \u0130le PKK Ger\u00e7ekli\u011fi 3. B\u00f6l\u00fcm"}]},{"@type":"WebSite","@id":"https:\/\/darkamazi.site\/#website","url":"https:\/\/darkamazi.site\/","name":"Darka Mazi","description":"Ana Sayfa","publisher":{"@id":"https:\/\/darkamazi.site\/#organization"},"potentialAction":[{"@type":"SearchAction","target":{"@type":"EntryPoint","urlTemplate":"https:\/\/darkamazi.site\/?s={search_term_string}"},"query-input":{"@type":"PropertyValueSpecification","valueRequired":true,"valueName":"search_term_string"}}],"inLanguage":"en-US"},{"@type":"Organization","@id":"https:\/\/darkamazi.site\/#organization","name":"Darka Mazi T\u00fcrk\u00e7e","alternateName":"Darka Mazi","url":"https:\/\/darkamazi.site\/","logo":{"@type":"ImageObject","inLanguage":"en-US","@id":"https:\/\/darkamazi.site\/#\/schema\/logo\/image\/","url":"https:\/\/darkamazi.site\/file\/2017\/12\/darka-mazi-logo.png","contentUrl":"https:\/\/darkamazi.site\/file\/2017\/12\/darka-mazi-logo.png","width":151,"height":75,"caption":"Darka Mazi T\u00fcrk\u00e7e"},"image":{"@id":"https:\/\/darkamazi.site\/#\/schema\/logo\/image\/"},"sameAs":["https:\/\/www.facebook.com\/DarkaMaziturkce","https:\/\/x.com\/DarkaMaziTurkce"]},{"@type":"Person","@id":"https:\/\/darkamazi.site\/#\/schema\/person\/67986a95ac546c16760365877ef4a9d3","name":"darka mazi","sameAs":["https:\/\/darkamazi.site"],"url":"https:\/\/darkamazi.site\/archives\/author\/turkish"}]}},"_links":{"self":[{"href":"https:\/\/darkamazi.site\/funavuv\/wp\/v2\/posts\/1031141","targetHints":{"allow":["GET"]}}],"collection":[{"href":"https:\/\/darkamazi.site\/funavuv\/wp\/v2\/posts"}],"about":[{"href":"https:\/\/darkamazi.site\/funavuv\/wp\/v2\/types\/post"}],"author":[{"embeddable":true,"href":"https:\/\/darkamazi.site\/funavuv\/wp\/v2\/users\/2"}],"replies":[{"embeddable":true,"href":"https:\/\/darkamazi.site\/funavuv\/wp\/v2\/comments?post=1031141"}],"version-history":[{"count":0,"href":"https:\/\/darkamazi.site\/funavuv\/wp\/v2\/posts\/1031141\/revisions"}],"wp:featuredmedia":[{"embeddable":true,"href":"https:\/\/darkamazi.site\/funavuv\/wp\/v2\/media\/1031142"}],"wp:attachment":[{"href":"https:\/\/darkamazi.site\/funavuv\/wp\/v2\/media?parent=1031141"}],"wp:term":[{"taxonomy":"category","embeddable":true,"href":"https:\/\/darkamazi.site\/funavuv\/wp\/v2\/categories?post=1031141"},{"taxonomy":"post_tag","embeddable":true,"href":"https:\/\/darkamazi.site\/funavuv\/wp\/v2\/tags?post=1031141"}],"curies":[{"name":"wp","href":"https:\/\/api.w.org\/{rel}","templated":true}]}}