{"id":1031191,"date":"2024-10-01T18:26:53","date_gmt":"2024-10-01T15:26:53","guid":{"rendered":"https:\/\/darkamazi.site\/?p=1031191"},"modified":"2024-10-01T18:27:35","modified_gmt":"2024-10-01T15:27:35","slug":"ynkden-hewlerde-secim-provokasyonu-camide-sivillere-ates-actilar-yaralilar-var","status":"publish","type":"post","link":"https:\/\/darkamazi.site\/archives\/1031191","title":{"rendered":"YNK\u2019den Hewler\u2019de se\u00e7im provokasyonu: Camide sivillere ate\u015f a\u00e7t\u0131lar, yaral\u0131lar var"},"content":{"rendered":"<p style=\"text-align: justify\">20 Ekim\u2019de yap\u0131lmas\u0131 planlanan se\u00e7im K\u00fcrdistan se\u00e7imleri i\u00e7in \u00e7al\u0131\u015fmalar devam ediyor. YNK bulundu\u011fu alanlarda provokatif \u00e7al\u0131\u015fmalar yaparak halk\u0131 tehdit ediyor. \u00d6zellikle de Hewler\u2019de provokasyonlar yaratarak se\u00e7ime g\u00f6lge d\u00fc\u015f\u00fcrmek istiyorlar. D\u00fcn Hewler\u2019de YNK\u2019nin liste ba\u015fkan\u0131 olan \u015ealav Kosret\u2019in adamlar\u0131 camide sivillere ate\u015f a\u00e7t\u0131 biri a\u011f\u0131r olmak \u00fczere 3 ki\u015fi yaraland\u0131.<\/p>\n<p style=\"text-align: justify\">YNK\u2019nin aday\u0131 Kosret Resul d\u00fcn Re\u015fit camisindeki bir yap\u0131lan bir taziyeyi ziyaret etmek istedi. Ziyaret s\u0131ras\u0131nda taziye sahipleri ile Kosret Resul aras\u0131nda bir tart\u0131\u015fma ya\u015fand\u0131. Ve korumalar\u0131 camiden \u00e7\u0131karken bir ki\u015fiyi hedef alarak ate\u015f etti di\u011fer korumalar\u0131 da havaya ate\u015f etti. \u00a0Olay sonucu 60 ya\u015f\u0131ndaki bir \u00f6\u011fretmen yaraland\u0131. Baca\u011f\u0131 k\u0131r\u0131lan Mahmut Hewleri adl\u0131 \u00f6\u011fretmen hastaneye kald\u0131r\u0131ld\u0131.<\/p>\n<p style=\"text-align: justify\">Taziye sahibi ve g\u00f6rg\u00fc tan\u0131klar\u0131n\u0131n anlatt\u0131\u011f\u0131na g\u00f6re olay \u015f\u00f6yle geli\u015fti: Re\u015fit Camisinde taziyesi olan bir aile i\u00e7eri YNK\u2019nin 1. S\u0131ra aday\u0131 \u015ealav Kosret\u2019in girdi\u011fini g\u00f6rd\u00fc. \u015ealav Kosret\u2019in yan\u0131nda alt\u0131 \u00a0kala\u015fnikof ta\u015f\u0131yan korumalar\u0131 ve ayr\u0131ca tabanca ta\u015f\u0131yan 3 ki\u015fi vard\u0131. Gurup taziyeye gidip en \u00f6n s\u0131rada bir yere oturdu ve \u015ealav Kosret taziye sahibi ile konu\u015fmak istedi. Taziye sahibi yapt\u0131\u011f\u0131 a\u00e7\u0131klamada \u201cbizimle siyasi konular konu\u015fmak istedi fakat biz ona taziyeden gitmesini s\u00f6yledik \u00e7\u00fcnk\u00fc bizim ve \u015ealav\u2019\u0131n ailesi aras\u0131nda ge\u00e7mi\u015fe dayal\u0131 sorunlar var. Onun ailesi bizim ailemizden iki ki\u015fiyi \u00f6ld\u00fcrd\u00fc. Bu nedenle y\u0131llard\u0131r konu\u015fmuyoruz. Ona duan\u0131 ettin, art\u0131k gide bilirsin dedik ama gitmedi ve tart\u0131\u015fmay\u0131 uzatt\u0131.\u201d Dedi.<\/p>\n<p style=\"text-align: justify\">Ayr\u0131ca di\u011fer g\u00f6rg\u00fc tan\u0131klar\u0131 \u015ealav Kosret\u2019in taziye sahibinin yan\u0131ndaki gence bir tokat att\u0131\u011f\u0131n\u0131 ve babas\u0131 o\u011flunu korumak isteyince babas\u0131na da elini kald\u0131rd\u0131\u011f\u0131n\u0131 belirtiyorlar.\u00a0 Daha sonra \u015ealav Kosret ve g\u00fcvenli\u011fi kap\u0131ya do\u011fru gitti\u011fi ve ve korumalardan birinin \u015ealav\u2019\u0131n talimat\u0131 ile arkas\u0131n\u0131 d\u00f6n\u00fcp taziye sahibine ate\u015f a\u00e7t\u0131\u011f\u0131 g\u00f6r\u00fcld\u00fc. . Bu arada tabanca ta\u015f\u0131yan ki\u015filerde havaya ate\u015f a\u00e7t\u0131. Camidekilerin yapt\u0131\u011f\u0131 m\u00fcdahale ile \u015ealav Resul ve g\u00fcvenli\u011fi ayakkab\u0131lar\u0131n\u0131 b\u0131rakarak olay yerinden ka\u00e7t\u0131\u011f\u0131 g\u00f6r\u00fcl\u00fcyor. \u00a0Olay\u0131n t\u00fcm\u00fc kamera kay\u0131tlar\u0131nda bulunuyor.<\/p>\n<p style=\"text-align: justify\">Yerel halk \u015ealav Resul ve taziye sahibi aile aras\u0131nda siyasi olmayan bir sorun oldu\u011funu ve \u015ealav Resul\u2019un ailesinin bu aileden baz\u0131 ki\u015fileri \u00f6ld\u00fcrd\u011f\u00fc\u00fcn\u00fc ve uzun y\u0131llard\u0131r bu sorunun \u00e7\u00f6z\u00fclmedi\u011fini, \u015ealav Resul\u2019un taziyeye geli\u015finin bir \u00e7e\u015fit provokasyon oldu\u011funu belirtiyorlar.<\/p>\n<p style=\"text-align: justify\">Taziye sahibi \u015ealav Resul ve korumalar\u0131ndan \u015fikayet\u00e7i oldular. Hewler asayi\u015fi de \u015fikayet dahilinde su\u00e7lular\u0131n yarg\u0131lanaca\u011f\u0131n\u0131 belirtti.<\/p>\n<p style=\"text-align: justify\">Konuya ili\u015fkin siyasi g\u00f6zlemciler \u015ealav Resul\u2019un se\u00e7im s\u00fcrecini provoke etmek ve ma\u011fduru oynamak i\u00e7in bu t\u00fcr bir olay\u0131 organize etti\u011fini belirtiyorlar.<\/p>\n","protected":false},"excerpt":{"rendered":"<p>20 Ekim\u2019de yap\u0131lmas\u0131 planlanan se\u00e7im K\u00fcrdistan se\u00e7imleri i\u00e7in \u00e7al\u0131\u015fmalar devam ediyor. YNK bulundu\u011fu alanlarda provokatif \u00e7al\u0131\u015fmalar yaparak halk\u0131 tehdit ediyor. \u00d6zellikle de Hewler\u2019de provokasyonlar yaratarak se\u00e7ime g\u00f6lge d\u00fc\u015f\u00fcrmek istiyorlar. D\u00fcn Hewler\u2019de YNK\u2019nin liste ba\u015fkan\u0131 olan \u015ealav Kosret\u2019in adamlar\u0131 camide sivillere ate\u015f a\u00e7t\u0131 biri a\u011f\u0131r olmak \u00fczere 3 ki\u015fi yaraland\u0131. YNK\u2019nin aday\u0131 Kosret Resul d\u00fcn Re\u015fit [&hellip;]<\/p>\n","protected":false},"author":2,"featured_media":1031192,"comment_status":"closed","ping_status":"closed","sticky":false,"template":"","format":"standard","meta":{"footnotes":""},"categories":[3],"tags":[31],"class_list":["post-1031191","post","type-post","status-publish","format-standard","has-post-thumbnail","hentry","category-kurdistan","tag-onemli"],"blocksy_meta":[],"seo_head":"<!-- This site is optimized with the Yoast SEO plugin v27.5 - https:\/\/yoast.com\/product\/yoast-seo-wordpress\/ -->\n<title>YNK\u2019den Hewler\u2019de se\u00e7im provokasyonu: Camide sivillere ate\u015f a\u00e7t\u0131lar, yaral\u0131lar var - Darka Mazi<\/title>\n<meta name=\"robots\" content=\"index, follow, max-snippet:-1, max-image-preview:large, max-video-preview:-1\" \/>\n<link rel=\"canonical\" href=\"https:\/\/darkamazi.site\/archives\/1031191\" \/>\n<meta property=\"og:locale\" content=\"en_US\" \/>\n<meta property=\"og:type\" content=\"article\" \/>\n<meta property=\"og:title\" content=\"YNK\u2019den Hewler\u2019de se\u00e7im provokasyonu: Camide sivillere ate\u015f a\u00e7t\u0131lar, yaral\u0131lar var - Darka Mazi\" \/>\n<meta property=\"og:description\" content=\"20 Ekim\u2019de yap\u0131lmas\u0131 planlanan se\u00e7im K\u00fcrdistan se\u00e7imleri i\u00e7in \u00e7al\u0131\u015fmalar devam ediyor. YNK bulundu\u011fu alanlarda provokatif \u00e7al\u0131\u015fmalar yaparak halk\u0131 tehdit ediyor. \u00d6zellikle de Hewler\u2019de provokasyonlar yaratarak se\u00e7ime g\u00f6lge d\u00fc\u015f\u00fcrmek istiyorlar. D\u00fcn Hewler\u2019de YNK\u2019nin liste ba\u015fkan\u0131 olan \u015ealav Kosret\u2019in adamlar\u0131 camide sivillere ate\u015f a\u00e7t\u0131 biri a\u011f\u0131r olmak \u00fczere 3 ki\u015fi yaraland\u0131. YNK\u2019nin aday\u0131 Kosret Resul d\u00fcn Re\u015fit [&hellip;]\" \/>\n<meta property=\"og:url\" content=\"https:\/\/darkamazi.site\/archives\/1031191\" \/>\n<meta property=\"og:site_name\" content=\"Darka Mazi\" \/>\n<meta property=\"article:publisher\" content=\"https:\/\/www.facebook.com\/DarkaMaziturkce\" \/>\n<meta property=\"article:published_time\" content=\"2024-10-01T15:26:53+00:00\" \/>\n<meta property=\"article:modified_time\" content=\"2024-10-01T15:27:35+00:00\" \/>\n<meta property=\"og:image\" content=\"https:\/\/darkamazi.site\/file\/2024\/10\/shalaw.jpg\" \/>\n\t<meta property=\"og:image:width\" content=\"900\" \/>\n\t<meta property=\"og:image:height\" content=\"500\" \/>\n\t<meta property=\"og:image:type\" content=\"image\/jpeg\" \/>\n<meta name=\"author\" content=\"darka mazi\" \/>\n<meta name=\"twitter:card\" content=\"summary_large_image\" \/>\n<meta name=\"twitter:creator\" content=\"@DarkaMaziTurkce\" \/>\n<meta name=\"twitter:site\" content=\"@DarkaMaziTurkce\" \/>\n<meta name=\"twitter:label1\" content=\"Written by\" \/>\n\t<meta name=\"twitter:data1\" content=\"darka mazi\" \/>\n\t<meta name=\"twitter:label2\" content=\"Est. reading time\" \/>\n\t<meta name=\"twitter:data2\" content=\"2 minutes\" \/>\n<script type=\"application\/ld+json\" class=\"seo-schema-graph\">{\"@context\":\"https:\\\/\\\/schema.org\",\"@graph\":[{\"@type\":\"NewsArticle\",\"@id\":\"https:\\\/\\\/darkamazi.site\\\/archives\\\/1031191#article\",\"isPartOf\":{\"@id\":\"https:\\\/\\\/darkamazi.site\\\/archives\\\/1031191\"},\"author\":{\"name\":\"darka mazi\",\"@id\":\"https:\\\/\\\/darkamazi.site\\\/#\\\/schema\\\/person\\\/67986a95ac546c16760365877ef4a9d3\"},\"headline\":\"YNK\u2019den Hewler\u2019de se\u00e7im provokasyonu: Camide sivillere ate\u015f a\u00e7t\u0131lar, yaral\u0131lar var\",\"datePublished\":\"2024-10-01T15:26:53+00:00\",\"dateModified\":\"2024-10-01T15:27:35+00:00\",\"mainEntityOfPage\":{\"@id\":\"https:\\\/\\\/darkamazi.site\\\/archives\\\/1031191\"},\"wordCount\":513,\"publisher\":{\"@id\":\"https:\\\/\\\/darkamazi.site\\\/#organization\"},\"image\":{\"@id\":\"https:\\\/\\\/darkamazi.site\\\/archives\\\/1031191#primaryimage\"},\"thumbnailUrl\":\"https:\\\/\\\/darkamazi.site\\\/darka-content\\\/uploads\\\/2024\\\/10\\\/shalaw.jpg\",\"keywords\":[\"\u00f6nemli\"],\"articleSection\":[\"Kurdistan\"],\"inLanguage\":\"en-US\"},{\"@type\":\"WebPage\",\"@id\":\"https:\\\/\\\/darkamazi.site\\\/archives\\\/1031191\",\"url\":\"https:\\\/\\\/darkamazi.site\\\/archives\\\/1031191\",\"name\":\"YNK\u2019den Hewler\u2019de se\u00e7im provokasyonu: Camide sivillere ate\u015f a\u00e7t\u0131lar, yaral\u0131lar var - Darka Mazi\",\"isPartOf\":{\"@id\":\"https:\\\/\\\/darkamazi.site\\\/#website\"},\"primaryImageOfPage\":{\"@id\":\"https:\\\/\\\/darkamazi.site\\\/archives\\\/1031191#primaryimage\"},\"image\":{\"@id\":\"https:\\\/\\\/darkamazi.site\\\/archives\\\/1031191#primaryimage\"},\"thumbnailUrl\":\"https:\\\/\\\/darkamazi.site\\\/darka-content\\\/uploads\\\/2024\\\/10\\\/shalaw.jpg\",\"datePublished\":\"2024-10-01T15:26:53+00:00\",\"dateModified\":\"2024-10-01T15:27:35+00:00\",\"breadcrumb\":{\"@id\":\"https:\\\/\\\/darkamazi.site\\\/archives\\\/1031191#breadcrumb\"},\"inLanguage\":\"en-US\",\"potentialAction\":[{\"@type\":\"ReadAction\",\"target\":[\"https:\\\/\\\/darkamazi.site\\\/archives\\\/1031191\"]}]},{\"@type\":\"ImageObject\",\"inLanguage\":\"en-US\",\"@id\":\"https:\\\/\\\/darkamazi.site\\\/archives\\\/1031191#primaryimage\",\"url\":\"https:\\\/\\\/darkamazi.site\\\/darka-content\\\/uploads\\\/2024\\\/10\\\/shalaw.jpg\",\"contentUrl\":\"https:\\\/\\\/darkamazi.site\\\/darka-content\\\/uploads\\\/2024\\\/10\\\/shalaw.jpg\",\"width\":900,\"height\":500,\"caption\":\"YNK\u2019den Hewler\u2019de se\u00e7im provokasyonu: Camide sivillere ate\u015f a\u00e7t\u0131lar, yaral\u0131lar var\"},{\"@type\":\"BreadcrumbList\",\"@id\":\"https:\\\/\\\/darkamazi.site\\\/archives\\\/1031191#breadcrumb\",\"itemListElement\":[{\"@type\":\"ListItem\",\"position\":1,\"name\":\"Home\",\"item\":\"https:\\\/\\\/darkamazi.site\\\/\"},{\"@type\":\"ListItem\",\"position\":2,\"name\":\"YNK\u2019den Hewler\u2019de se\u00e7im provokasyonu: Camide sivillere ate\u015f a\u00e7t\u0131lar, yaral\u0131lar var\"}]},{\"@type\":\"WebSite\",\"@id\":\"https:\\\/\\\/darkamazi.site\\\/#website\",\"url\":\"https:\\\/\\\/darkamazi.site\\\/\",\"name\":\"Darka Mazi\",\"description\":\"Ana Sayfa\",\"publisher\":{\"@id\":\"https:\\\/\\\/darkamazi.site\\\/#organization\"},\"potentialAction\":[{\"@type\":\"SearchAction\",\"target\":{\"@type\":\"EntryPoint\",\"urlTemplate\":\"https:\\\/\\\/darkamazi.site\\\/?s={search_term_string}\"},\"query-input\":{\"@type\":\"PropertyValueSpecification\",\"valueRequired\":true,\"valueName\":\"search_term_string\"}}],\"inLanguage\":\"en-US\"},{\"@type\":\"Organization\",\"@id\":\"https:\\\/\\\/darkamazi.site\\\/#organization\",\"name\":\"Darka Mazi T\u00fcrk\u00e7e\",\"alternateName\":\"Darka Mazi\",\"url\":\"https:\\\/\\\/darkamazi.site\\\/\",\"logo\":{\"@type\":\"ImageObject\",\"inLanguage\":\"en-US\",\"@id\":\"https:\\\/\\\/darkamazi.site\\\/#\\\/schema\\\/logo\\\/image\\\/\",\"url\":\"https:\\\/\\\/darkamazi.site\\\/darka-content\\\/uploads\\\/2017\\\/12\\\/darka-mazi-logo.png\",\"contentUrl\":\"https:\\\/\\\/darkamazi.site\\\/darka-content\\\/uploads\\\/2017\\\/12\\\/darka-mazi-logo.png\",\"width\":151,\"height\":75,\"caption\":\"Darka Mazi T\u00fcrk\u00e7e\"},\"image\":{\"@id\":\"https:\\\/\\\/darkamazi.site\\\/#\\\/schema\\\/logo\\\/image\\\/\"},\"sameAs\":[\"https:\\\/\\\/www.facebook.com\\\/DarkaMaziturkce\",\"https:\\\/\\\/x.com\\\/DarkaMaziTurkce\"]},{\"@type\":\"Person\",\"@id\":\"https:\\\/\\\/darkamazi.site\\\/#\\\/schema\\\/person\\\/67986a95ac546c16760365877ef4a9d3\",\"name\":\"darka mazi\",\"sameAs\":[\"https:\\\/\\\/darkamazi.site\"],\"url\":\"https:\\\/\\\/darkamazi.site\\\/archives\\\/author\\\/turkish\"}]}<\/script>\n<!-- \/ Yoast SEO plugin. -->","seo_head_json":{"title":"YNK\u2019den Hewler\u2019de se\u00e7im provokasyonu: Camide sivillere ate\u015f a\u00e7t\u0131lar, yaral\u0131lar var - Darka Mazi","robots":{"index":"index","follow":"follow","max-snippet":"max-snippet:-1","max-image-preview":"max-image-preview:large","max-video-preview":"max-video-preview:-1"},"canonical":"https:\/\/darkamazi.site\/archives\/1031191","og_locale":"en_US","og_type":"article","og_title":"YNK\u2019den Hewler\u2019de se\u00e7im provokasyonu: Camide sivillere ate\u015f a\u00e7t\u0131lar, yaral\u0131lar var - Darka Mazi","og_description":"20 Ekim\u2019de yap\u0131lmas\u0131 planlanan se\u00e7im K\u00fcrdistan se\u00e7imleri i\u00e7in \u00e7al\u0131\u015fmalar devam ediyor. YNK bulundu\u011fu alanlarda provokatif \u00e7al\u0131\u015fmalar yaparak halk\u0131 tehdit ediyor. \u00d6zellikle de Hewler\u2019de provokasyonlar yaratarak se\u00e7ime g\u00f6lge d\u00fc\u015f\u00fcrmek istiyorlar. D\u00fcn Hewler\u2019de YNK\u2019nin liste ba\u015fkan\u0131 olan \u015ealav Kosret\u2019in adamlar\u0131 camide sivillere ate\u015f a\u00e7t\u0131 biri a\u011f\u0131r olmak \u00fczere 3 ki\u015fi yaraland\u0131. YNK\u2019nin aday\u0131 Kosret Resul d\u00fcn Re\u015fit [&hellip;]","og_url":"https:\/\/darkamazi.site\/archives\/1031191","og_site_name":"Darka Mazi","article_publisher":"https:\/\/www.facebook.com\/DarkaMaziturkce","article_published_time":"2024-10-01T15:26:53+00:00","article_modified_time":"2024-10-01T15:27:35+00:00","og_image":[{"width":900,"height":500,"url":"https:\/\/darkamazi.site\/file\/2024\/10\/shalaw.jpg","type":"image\/jpeg"}],"author":"darka mazi","twitter_card":"summary_large_image","twitter_creator":"@DarkaMaziTurkce","twitter_site":"@DarkaMaziTurkce","twitter_misc":{"Written by":"darka mazi","Est. reading time":"2 minutes"},"schema":{"@context":"https:\/\/schema.org","@graph":[{"@type":"NewsArticle","@id":"https:\/\/darkamazi.site\/archives\/1031191#article","isPartOf":{"@id":"https:\/\/darkamazi.site\/archives\/1031191"},"author":{"name":"darka mazi","@id":"https:\/\/darkamazi.site\/#\/schema\/person\/67986a95ac546c16760365877ef4a9d3"},"headline":"YNK\u2019den Hewler\u2019de se\u00e7im provokasyonu: Camide sivillere ate\u015f a\u00e7t\u0131lar, yaral\u0131lar var","datePublished":"2024-10-01T15:26:53+00:00","dateModified":"2024-10-01T15:27:35+00:00","mainEntityOfPage":{"@id":"https:\/\/darkamazi.site\/archives\/1031191"},"wordCount":513,"publisher":{"@id":"https:\/\/darkamazi.site\/#organization"},"image":{"@id":"https:\/\/darkamazi.site\/archives\/1031191#primaryimage"},"thumbnailUrl":"https:\/\/darkamazi.site\/file\/2024\/10\/shalaw.jpg","keywords":["\u00f6nemli"],"articleSection":["Kurdistan"],"inLanguage":"en-US"},{"@type":"WebPage","@id":"https:\/\/darkamazi.site\/archives\/1031191","url":"https:\/\/darkamazi.site\/archives\/1031191","name":"YNK\u2019den Hewler\u2019de se\u00e7im provokasyonu: Camide sivillere ate\u015f a\u00e7t\u0131lar, yaral\u0131lar var - Darka Mazi","isPartOf":{"@id":"https:\/\/darkamazi.site\/#website"},"primaryImageOfPage":{"@id":"https:\/\/darkamazi.site\/archives\/1031191#primaryimage"},"image":{"@id":"https:\/\/darkamazi.site\/archives\/1031191#primaryimage"},"thumbnailUrl":"https:\/\/darkamazi.site\/file\/2024\/10\/shalaw.jpg","datePublished":"2024-10-01T15:26:53+00:00","dateModified":"2024-10-01T15:27:35+00:00","breadcrumb":{"@id":"https:\/\/darkamazi.site\/archives\/1031191#breadcrumb"},"inLanguage":"en-US","potentialAction":[{"@type":"ReadAction","target":["https:\/\/darkamazi.site\/archives\/1031191"]}]},{"@type":"ImageObject","inLanguage":"en-US","@id":"https:\/\/darkamazi.site\/archives\/1031191#primaryimage","url":"https:\/\/darkamazi.site\/file\/2024\/10\/shalaw.jpg","contentUrl":"https:\/\/darkamazi.site\/file\/2024\/10\/shalaw.jpg","width":900,"height":500,"caption":"YNK\u2019den Hewler\u2019de se\u00e7im provokasyonu: Camide sivillere ate\u015f a\u00e7t\u0131lar, yaral\u0131lar var"},{"@type":"BreadcrumbList","@id":"https:\/\/darkamazi.site\/archives\/1031191#breadcrumb","itemListElement":[{"@type":"ListItem","position":1,"name":"Home","item":"https:\/\/darkamazi.site\/"},{"@type":"ListItem","position":2,"name":"YNK\u2019den Hewler\u2019de se\u00e7im provokasyonu: Camide sivillere ate\u015f a\u00e7t\u0131lar, yaral\u0131lar var"}]},{"@type":"WebSite","@id":"https:\/\/darkamazi.site\/#website","url":"https:\/\/darkamazi.site\/","name":"Darka Mazi","description":"Ana Sayfa","publisher":{"@id":"https:\/\/darkamazi.site\/#organization"},"potentialAction":[{"@type":"SearchAction","target":{"@type":"EntryPoint","urlTemplate":"https:\/\/darkamazi.site\/?s={search_term_string}"},"query-input":{"@type":"PropertyValueSpecification","valueRequired":true,"valueName":"search_term_string"}}],"inLanguage":"en-US"},{"@type":"Organization","@id":"https:\/\/darkamazi.site\/#organization","name":"Darka Mazi T\u00fcrk\u00e7e","alternateName":"Darka Mazi","url":"https:\/\/darkamazi.site\/","logo":{"@type":"ImageObject","inLanguage":"en-US","@id":"https:\/\/darkamazi.site\/#\/schema\/logo\/image\/","url":"https:\/\/darkamazi.site\/file\/2017\/12\/darka-mazi-logo.png","contentUrl":"https:\/\/darkamazi.site\/file\/2017\/12\/darka-mazi-logo.png","width":151,"height":75,"caption":"Darka Mazi T\u00fcrk\u00e7e"},"image":{"@id":"https:\/\/darkamazi.site\/#\/schema\/logo\/image\/"},"sameAs":["https:\/\/www.facebook.com\/DarkaMaziturkce","https:\/\/x.com\/DarkaMaziTurkce"]},{"@type":"Person","@id":"https:\/\/darkamazi.site\/#\/schema\/person\/67986a95ac546c16760365877ef4a9d3","name":"darka mazi","sameAs":["https:\/\/darkamazi.site"],"url":"https:\/\/darkamazi.site\/archives\/author\/turkish"}]}},"_links":{"self":[{"href":"https:\/\/darkamazi.site\/funavuv\/wp\/v2\/posts\/1031191","targetHints":{"allow":["GET"]}}],"collection":[{"href":"https:\/\/darkamazi.site\/funavuv\/wp\/v2\/posts"}],"about":[{"href":"https:\/\/darkamazi.site\/funavuv\/wp\/v2\/types\/post"}],"author":[{"embeddable":true,"href":"https:\/\/darkamazi.site\/funavuv\/wp\/v2\/users\/2"}],"replies":[{"embeddable":true,"href":"https:\/\/darkamazi.site\/funavuv\/wp\/v2\/comments?post=1031191"}],"version-history":[{"count":0,"href":"https:\/\/darkamazi.site\/funavuv\/wp\/v2\/posts\/1031191\/revisions"}],"wp:featuredmedia":[{"embeddable":true,"href":"https:\/\/darkamazi.site\/funavuv\/wp\/v2\/media\/1031192"}],"wp:attachment":[{"href":"https:\/\/darkamazi.site\/funavuv\/wp\/v2\/media?parent=1031191"}],"wp:term":[{"taxonomy":"category","embeddable":true,"href":"https:\/\/darkamazi.site\/funavuv\/wp\/v2\/categories?post=1031191"},{"taxonomy":"post_tag","embeddable":true,"href":"https:\/\/darkamazi.site\/funavuv\/wp\/v2\/tags?post=1031191"}],"curies":[{"name":"wp","href":"https:\/\/api.w.org\/{rel}","templated":true}]}}