{"id":1031290,"date":"2024-10-10T19:11:38","date_gmt":"2024-10-10T16:11:38","guid":{"rendered":"https:\/\/darkamazi.site\/?p=1031290"},"modified":"2024-10-10T19:14:03","modified_gmt":"2024-10-10T16:14:03","slug":"vancouver-kurt-film-festivali-12-ekimde-baslayacak","status":"publish","type":"post","link":"https:\/\/darkamazi.site\/archives\/1031290","title":{"rendered":"Vancouver K\u00fcrt Film Festivali 12 Ekim&#8217;de ba\u015flayacak"},"content":{"rendered":"<p style=\"text-align: justify\">Vancouver K\u00fcrt Film Festivali (VKFF),12 Ekim tarihinde Kanada&#8217;n\u0131n Vancouver kentindeki SFU Goldcorp Sanat Merkezi&#8217;nde ba\u015flayacak.<\/p>\n<p style=\"text-align: justify\">VKFF, K\u00fcrt sinemas\u0131n\u0131n farkl\u0131 ve zengin seslerini bir araya getirerek, Bat\u0131l\u0131 izleyicilerle bulu\u015fturmay\u0131 ama\u00e7layan bir platformdur.<\/p>\n<p style=\"text-align: justify\">K\u00fcrt ve Kanadal\u0131 film yap\u0131mc\u0131lar\u0131 aras\u0131nda k\u00f6pr\u00fc kurmay\u0131 ama\u00e7layan Vancouver K\u00fcrt Film Festivali (VKFF), anlat\u0131m ve sinema yoluyla K\u00fcrt tarihini, k\u00fclt\u00fcr\u00fcn\u00fc ve kimli\u011fini g\u00f6stermeye y\u00f6nelik bir kap\u0131d\u0131r.<\/p>\n<p style=\"text-align: justify\">Bu y\u0131lki programda K\u00fcrdistan&#8217;\u0131n d\u00f6rt par\u00e7as\u0131ndan (Rojhilat, Rojava, Bakur, K\u00fcrdistan B\u00f6lgesi) ve diyasporadan K\u00fcrt sinemac\u0131lar\u0131n \u00e7ekti\u011fi \u00e7ok say\u0131da uzun metrajl\u0131 film, belgesel ve k\u0131sa film yer al\u0131yor.<\/p>\n<p style=\"text-align: justify\">Festival 12 ve 13 Ekim tarihlerinde Kanada&#8217;n\u0131n Vancouver kentindeki SFU Goldcorp Sanat Merkezi&#8217;nde ger\u00e7ekle\u015ftirilecek.<\/p>\n","protected":false},"excerpt":{"rendered":"<p>Vancouver K\u00fcrt Film Festivali (VKFF),12 Ekim tarihinde Kanada&#8217;n\u0131n Vancouver kentindeki SFU Goldcorp Sanat Merkezi&#8217;nde ba\u015flayacak. VKFF, K\u00fcrt sinemas\u0131n\u0131n farkl\u0131 ve zengin seslerini bir araya getirerek, Bat\u0131l\u0131 izleyicilerle bulu\u015fturmay\u0131 ama\u00e7layan bir platformdur. K\u00fcrt ve Kanadal\u0131 film yap\u0131mc\u0131lar\u0131 aras\u0131nda k\u00f6pr\u00fc kurmay\u0131 ama\u00e7layan Vancouver K\u00fcrt Film Festivali (VKFF), anlat\u0131m ve sinema yoluyla K\u00fcrt tarihini, k\u00fclt\u00fcr\u00fcn\u00fc ve kimli\u011fini g\u00f6stermeye [&hellip;]<\/p>\n","protected":false},"author":2,"featured_media":1031291,"comment_status":"closed","ping_status":"closed","sticky":false,"template":"","format":"standard","meta":{"footnotes":""},"categories":[33],"tags":[],"class_list":["post-1031290","post","type-post","status-publish","format-standard","has-post-thumbnail","hentry","category-sanat"],"blocksy_meta":[],"seo_head":"<!-- This site is optimized with the Yoast SEO plugin v27.5 - https:\/\/yoast.com\/product\/yoast-seo-wordpress\/ -->\n<title>Vancouver K\u00fcrt Film Festivali 12 Ekim&#039;de ba\u015flayacak - Darka Mazi<\/title>\n<meta name=\"robots\" content=\"index, follow, max-snippet:-1, max-image-preview:large, max-video-preview:-1\" \/>\n<link rel=\"canonical\" href=\"https:\/\/darkamazi.site\/archives\/1031290\" \/>\n<meta property=\"og:locale\" content=\"en_US\" \/>\n<meta property=\"og:type\" content=\"article\" \/>\n<meta property=\"og:title\" content=\"Vancouver K\u00fcrt Film Festivali 12 Ekim&#039;de ba\u015flayacak - Darka Mazi\" \/>\n<meta property=\"og:description\" content=\"Vancouver K\u00fcrt Film Festivali (VKFF),12 Ekim tarihinde Kanada&#8217;n\u0131n Vancouver kentindeki SFU Goldcorp Sanat Merkezi&#8217;nde ba\u015flayacak. VKFF, K\u00fcrt sinemas\u0131n\u0131n farkl\u0131 ve zengin seslerini bir araya getirerek, Bat\u0131l\u0131 izleyicilerle bulu\u015fturmay\u0131 ama\u00e7layan bir platformdur. K\u00fcrt ve Kanadal\u0131 film yap\u0131mc\u0131lar\u0131 aras\u0131nda k\u00f6pr\u00fc kurmay\u0131 ama\u00e7layan Vancouver K\u00fcrt Film Festivali (VKFF), anlat\u0131m ve sinema yoluyla K\u00fcrt tarihini, k\u00fclt\u00fcr\u00fcn\u00fc ve kimli\u011fini g\u00f6stermeye [&hellip;]\" \/>\n<meta property=\"og:url\" content=\"https:\/\/darkamazi.site\/archives\/1031290\" \/>\n<meta property=\"og:site_name\" content=\"Darka Mazi\" \/>\n<meta property=\"article:publisher\" content=\"https:\/\/www.facebook.com\/DarkaMaziturkce\" \/>\n<meta property=\"article:published_time\" content=\"2024-10-10T16:11:38+00:00\" \/>\n<meta property=\"article:modified_time\" content=\"2024-10-10T16:14:03+00:00\" \/>\n<meta property=\"og:image\" content=\"https:\/\/darkamazi.site\/file\/2024\/10\/festival.jpg\" \/>\n\t<meta property=\"og:image:width\" content=\"1562\" \/>\n\t<meta property=\"og:image:height\" content=\"878\" \/>\n\t<meta property=\"og:image:type\" content=\"image\/jpeg\" \/>\n<meta name=\"author\" content=\"darka mazi\" \/>\n<meta name=\"twitter:card\" content=\"summary_large_image\" \/>\n<meta name=\"twitter:creator\" content=\"@DarkaMaziTurkce\" \/>\n<meta name=\"twitter:site\" content=\"@DarkaMaziTurkce\" \/>\n<meta name=\"twitter:label1\" content=\"Written by\" \/>\n\t<meta name=\"twitter:data1\" content=\"darka mazi\" \/>\n\t<meta name=\"twitter:label2\" content=\"Est. reading time\" \/>\n\t<meta name=\"twitter:data2\" content=\"1 minute\" \/>\n<script type=\"application\/ld+json\" class=\"seo-schema-graph\">{\"@context\":\"https:\\\/\\\/schema.org\",\"@graph\":[{\"@type\":\"NewsArticle\",\"@id\":\"https:\\\/\\\/darkamazi.site\\\/archives\\\/1031290#article\",\"isPartOf\":{\"@id\":\"https:\\\/\\\/darkamazi.site\\\/archives\\\/1031290\"},\"author\":{\"name\":\"darka mazi\",\"@id\":\"https:\\\/\\\/darkamazi.site\\\/#\\\/schema\\\/person\\\/67986a95ac546c16760365877ef4a9d3\"},\"headline\":\"Vancouver K\u00fcrt Film Festivali 12 Ekim&#8217;de ba\u015flayacak\",\"datePublished\":\"2024-10-10T16:11:38+00:00\",\"dateModified\":\"2024-10-10T16:14:03+00:00\",\"mainEntityOfPage\":{\"@id\":\"https:\\\/\\\/darkamazi.site\\\/archives\\\/1031290\"},\"wordCount\":154,\"publisher\":{\"@id\":\"https:\\\/\\\/darkamazi.site\\\/#organization\"},\"image\":{\"@id\":\"https:\\\/\\\/darkamazi.site\\\/archives\\\/1031290#primaryimage\"},\"thumbnailUrl\":\"https:\\\/\\\/darkamazi.site\\\/darka-content\\\/uploads\\\/2024\\\/10\\\/festival.jpg\",\"articleSection\":[\"Sanat\"],\"inLanguage\":\"en-US\"},{\"@type\":\"WebPage\",\"@id\":\"https:\\\/\\\/darkamazi.site\\\/archives\\\/1031290\",\"url\":\"https:\\\/\\\/darkamazi.site\\\/archives\\\/1031290\",\"name\":\"Vancouver K\u00fcrt Film Festivali 12 Ekim'de ba\u015flayacak - Darka Mazi\",\"isPartOf\":{\"@id\":\"https:\\\/\\\/darkamazi.site\\\/#website\"},\"primaryImageOfPage\":{\"@id\":\"https:\\\/\\\/darkamazi.site\\\/archives\\\/1031290#primaryimage\"},\"image\":{\"@id\":\"https:\\\/\\\/darkamazi.site\\\/archives\\\/1031290#primaryimage\"},\"thumbnailUrl\":\"https:\\\/\\\/darkamazi.site\\\/darka-content\\\/uploads\\\/2024\\\/10\\\/festival.jpg\",\"datePublished\":\"2024-10-10T16:11:38+00:00\",\"dateModified\":\"2024-10-10T16:14:03+00:00\",\"breadcrumb\":{\"@id\":\"https:\\\/\\\/darkamazi.site\\\/archives\\\/1031290#breadcrumb\"},\"inLanguage\":\"en-US\",\"potentialAction\":[{\"@type\":\"ReadAction\",\"target\":[\"https:\\\/\\\/darkamazi.site\\\/archives\\\/1031290\"]}]},{\"@type\":\"ImageObject\",\"inLanguage\":\"en-US\",\"@id\":\"https:\\\/\\\/darkamazi.site\\\/archives\\\/1031290#primaryimage\",\"url\":\"https:\\\/\\\/darkamazi.site\\\/darka-content\\\/uploads\\\/2024\\\/10\\\/festival.jpg\",\"contentUrl\":\"https:\\\/\\\/darkamazi.site\\\/darka-content\\\/uploads\\\/2024\\\/10\\\/festival.jpg\",\"width\":1562,\"height\":878,\"caption\":\"Vancouver K\u00fcrt Film Festivali 12 Ekim'de ba\u015flayacak\"},{\"@type\":\"BreadcrumbList\",\"@id\":\"https:\\\/\\\/darkamazi.site\\\/archives\\\/1031290#breadcrumb\",\"itemListElement\":[{\"@type\":\"ListItem\",\"position\":1,\"name\":\"Home\",\"item\":\"https:\\\/\\\/darkamazi.site\\\/\"},{\"@type\":\"ListItem\",\"position\":2,\"name\":\"Vancouver K\u00fcrt Film Festivali 12 Ekim&#8217;de ba\u015flayacak\"}]},{\"@type\":\"WebSite\",\"@id\":\"https:\\\/\\\/darkamazi.site\\\/#website\",\"url\":\"https:\\\/\\\/darkamazi.site\\\/\",\"name\":\"Darka Mazi\",\"description\":\"Ana Sayfa\",\"publisher\":{\"@id\":\"https:\\\/\\\/darkamazi.site\\\/#organization\"},\"potentialAction\":[{\"@type\":\"SearchAction\",\"target\":{\"@type\":\"EntryPoint\",\"urlTemplate\":\"https:\\\/\\\/darkamazi.site\\\/?s={search_term_string}\"},\"query-input\":{\"@type\":\"PropertyValueSpecification\",\"valueRequired\":true,\"valueName\":\"search_term_string\"}}],\"inLanguage\":\"en-US\"},{\"@type\":\"Organization\",\"@id\":\"https:\\\/\\\/darkamazi.site\\\/#organization\",\"name\":\"Darka Mazi T\u00fcrk\u00e7e\",\"alternateName\":\"Darka Mazi\",\"url\":\"https:\\\/\\\/darkamazi.site\\\/\",\"logo\":{\"@type\":\"ImageObject\",\"inLanguage\":\"en-US\",\"@id\":\"https:\\\/\\\/darkamazi.site\\\/#\\\/schema\\\/logo\\\/image\\\/\",\"url\":\"https:\\\/\\\/darkamazi.site\\\/darka-content\\\/uploads\\\/2017\\\/12\\\/darka-mazi-logo.png\",\"contentUrl\":\"https:\\\/\\\/darkamazi.site\\\/darka-content\\\/uploads\\\/2017\\\/12\\\/darka-mazi-logo.png\",\"width\":151,\"height\":75,\"caption\":\"Darka Mazi T\u00fcrk\u00e7e\"},\"image\":{\"@id\":\"https:\\\/\\\/darkamazi.site\\\/#\\\/schema\\\/logo\\\/image\\\/\"},\"sameAs\":[\"https:\\\/\\\/www.facebook.com\\\/DarkaMaziturkce\",\"https:\\\/\\\/x.com\\\/DarkaMaziTurkce\"]},{\"@type\":\"Person\",\"@id\":\"https:\\\/\\\/darkamazi.site\\\/#\\\/schema\\\/person\\\/67986a95ac546c16760365877ef4a9d3\",\"name\":\"darka mazi\",\"sameAs\":[\"https:\\\/\\\/darkamazi.site\"],\"url\":\"https:\\\/\\\/darkamazi.site\\\/archives\\\/author\\\/turkish\"}]}<\/script>\n<!-- \/ Yoast SEO plugin. -->","seo_head_json":{"title":"Vancouver K\u00fcrt Film Festivali 12 Ekim'de ba\u015flayacak - Darka Mazi","robots":{"index":"index","follow":"follow","max-snippet":"max-snippet:-1","max-image-preview":"max-image-preview:large","max-video-preview":"max-video-preview:-1"},"canonical":"https:\/\/darkamazi.site\/archives\/1031290","og_locale":"en_US","og_type":"article","og_title":"Vancouver K\u00fcrt Film Festivali 12 Ekim'de ba\u015flayacak - Darka Mazi","og_description":"Vancouver K\u00fcrt Film Festivali (VKFF),12 Ekim tarihinde Kanada&#8217;n\u0131n Vancouver kentindeki SFU Goldcorp Sanat Merkezi&#8217;nde ba\u015flayacak. VKFF, K\u00fcrt sinemas\u0131n\u0131n farkl\u0131 ve zengin seslerini bir araya getirerek, Bat\u0131l\u0131 izleyicilerle bulu\u015fturmay\u0131 ama\u00e7layan bir platformdur. K\u00fcrt ve Kanadal\u0131 film yap\u0131mc\u0131lar\u0131 aras\u0131nda k\u00f6pr\u00fc kurmay\u0131 ama\u00e7layan Vancouver K\u00fcrt Film Festivali (VKFF), anlat\u0131m ve sinema yoluyla K\u00fcrt tarihini, k\u00fclt\u00fcr\u00fcn\u00fc ve kimli\u011fini g\u00f6stermeye [&hellip;]","og_url":"https:\/\/darkamazi.site\/archives\/1031290","og_site_name":"Darka Mazi","article_publisher":"https:\/\/www.facebook.com\/DarkaMaziturkce","article_published_time":"2024-10-10T16:11:38+00:00","article_modified_time":"2024-10-10T16:14:03+00:00","og_image":[{"width":1562,"height":878,"url":"https:\/\/darkamazi.site\/file\/2024\/10\/festival.jpg","type":"image\/jpeg"}],"author":"darka mazi","twitter_card":"summary_large_image","twitter_creator":"@DarkaMaziTurkce","twitter_site":"@DarkaMaziTurkce","twitter_misc":{"Written by":"darka mazi","Est. reading time":"1 minute"},"schema":{"@context":"https:\/\/schema.org","@graph":[{"@type":"NewsArticle","@id":"https:\/\/darkamazi.site\/archives\/1031290#article","isPartOf":{"@id":"https:\/\/darkamazi.site\/archives\/1031290"},"author":{"name":"darka mazi","@id":"https:\/\/darkamazi.site\/#\/schema\/person\/67986a95ac546c16760365877ef4a9d3"},"headline":"Vancouver K\u00fcrt Film Festivali 12 Ekim&#8217;de ba\u015flayacak","datePublished":"2024-10-10T16:11:38+00:00","dateModified":"2024-10-10T16:14:03+00:00","mainEntityOfPage":{"@id":"https:\/\/darkamazi.site\/archives\/1031290"},"wordCount":154,"publisher":{"@id":"https:\/\/darkamazi.site\/#organization"},"image":{"@id":"https:\/\/darkamazi.site\/archives\/1031290#primaryimage"},"thumbnailUrl":"https:\/\/darkamazi.site\/file\/2024\/10\/festival.jpg","articleSection":["Sanat"],"inLanguage":"en-US"},{"@type":"WebPage","@id":"https:\/\/darkamazi.site\/archives\/1031290","url":"https:\/\/darkamazi.site\/archives\/1031290","name":"Vancouver K\u00fcrt Film Festivali 12 Ekim'de ba\u015flayacak - Darka Mazi","isPartOf":{"@id":"https:\/\/darkamazi.site\/#website"},"primaryImageOfPage":{"@id":"https:\/\/darkamazi.site\/archives\/1031290#primaryimage"},"image":{"@id":"https:\/\/darkamazi.site\/archives\/1031290#primaryimage"},"thumbnailUrl":"https:\/\/darkamazi.site\/file\/2024\/10\/festival.jpg","datePublished":"2024-10-10T16:11:38+00:00","dateModified":"2024-10-10T16:14:03+00:00","breadcrumb":{"@id":"https:\/\/darkamazi.site\/archives\/1031290#breadcrumb"},"inLanguage":"en-US","potentialAction":[{"@type":"ReadAction","target":["https:\/\/darkamazi.site\/archives\/1031290"]}]},{"@type":"ImageObject","inLanguage":"en-US","@id":"https:\/\/darkamazi.site\/archives\/1031290#primaryimage","url":"https:\/\/darkamazi.site\/file\/2024\/10\/festival.jpg","contentUrl":"https:\/\/darkamazi.site\/file\/2024\/10\/festival.jpg","width":1562,"height":878,"caption":"Vancouver K\u00fcrt Film Festivali 12 Ekim'de ba\u015flayacak"},{"@type":"BreadcrumbList","@id":"https:\/\/darkamazi.site\/archives\/1031290#breadcrumb","itemListElement":[{"@type":"ListItem","position":1,"name":"Home","item":"https:\/\/darkamazi.site\/"},{"@type":"ListItem","position":2,"name":"Vancouver K\u00fcrt Film Festivali 12 Ekim&#8217;de ba\u015flayacak"}]},{"@type":"WebSite","@id":"https:\/\/darkamazi.site\/#website","url":"https:\/\/darkamazi.site\/","name":"Darka Mazi","description":"Ana Sayfa","publisher":{"@id":"https:\/\/darkamazi.site\/#organization"},"potentialAction":[{"@type":"SearchAction","target":{"@type":"EntryPoint","urlTemplate":"https:\/\/darkamazi.site\/?s={search_term_string}"},"query-input":{"@type":"PropertyValueSpecification","valueRequired":true,"valueName":"search_term_string"}}],"inLanguage":"en-US"},{"@type":"Organization","@id":"https:\/\/darkamazi.site\/#organization","name":"Darka Mazi T\u00fcrk\u00e7e","alternateName":"Darka Mazi","url":"https:\/\/darkamazi.site\/","logo":{"@type":"ImageObject","inLanguage":"en-US","@id":"https:\/\/darkamazi.site\/#\/schema\/logo\/image\/","url":"https:\/\/darkamazi.site\/file\/2017\/12\/darka-mazi-logo.png","contentUrl":"https:\/\/darkamazi.site\/file\/2017\/12\/darka-mazi-logo.png","width":151,"height":75,"caption":"Darka Mazi T\u00fcrk\u00e7e"},"image":{"@id":"https:\/\/darkamazi.site\/#\/schema\/logo\/image\/"},"sameAs":["https:\/\/www.facebook.com\/DarkaMaziturkce","https:\/\/x.com\/DarkaMaziTurkce"]},{"@type":"Person","@id":"https:\/\/darkamazi.site\/#\/schema\/person\/67986a95ac546c16760365877ef4a9d3","name":"darka mazi","sameAs":["https:\/\/darkamazi.site"],"url":"https:\/\/darkamazi.site\/archives\/author\/turkish"}]}},"_links":{"self":[{"href":"https:\/\/darkamazi.site\/funavuv\/wp\/v2\/posts\/1031290","targetHints":{"allow":["GET"]}}],"collection":[{"href":"https:\/\/darkamazi.site\/funavuv\/wp\/v2\/posts"}],"about":[{"href":"https:\/\/darkamazi.site\/funavuv\/wp\/v2\/types\/post"}],"author":[{"embeddable":true,"href":"https:\/\/darkamazi.site\/funavuv\/wp\/v2\/users\/2"}],"replies":[{"embeddable":true,"href":"https:\/\/darkamazi.site\/funavuv\/wp\/v2\/comments?post=1031290"}],"version-history":[{"count":0,"href":"https:\/\/darkamazi.site\/funavuv\/wp\/v2\/posts\/1031290\/revisions"}],"wp:featuredmedia":[{"embeddable":true,"href":"https:\/\/darkamazi.site\/funavuv\/wp\/v2\/media\/1031291"}],"wp:attachment":[{"href":"https:\/\/darkamazi.site\/funavuv\/wp\/v2\/media?parent=1031290"}],"wp:term":[{"taxonomy":"category","embeddable":true,"href":"https:\/\/darkamazi.site\/funavuv\/wp\/v2\/categories?post=1031290"},{"taxonomy":"post_tag","embeddable":true,"href":"https:\/\/darkamazi.site\/funavuv\/wp\/v2\/tags?post=1031290"}],"curies":[{"name":"wp","href":"https:\/\/api.w.org\/{rel}","templated":true}]}}