{"id":1031692,"date":"2024-11-07T11:55:53","date_gmt":"2024-11-07T08:55:53","guid":{"rendered":"https:\/\/darkamazi.site\/?p=1031692"},"modified":"2024-11-07T11:55:53","modified_gmt":"2024-11-07T08:55:53","slug":"ahmet-turk-ve-devlet-bahcelinin-kayyumlardan-once-gorustugu-iddia-edildi","status":"publish","type":"post","link":"https:\/\/darkamazi.site\/archives\/1031692","title":{"rendered":"Ahmet T\u00fcrk ve Devlet Bah\u00e7eli&#8217;nin kayyumlardan \u00f6nce g\u00f6r\u00fc\u015ft\u00fc\u011f\u00fc iddia edildi"},"content":{"rendered":"<p>MHP Genel Ba\u015fkan\u0131 Devlet Bah\u00e7eli, Mardin B\u00fcy\u00fck\u015fehir Belediyesi&#8217;ne kayy\u0131m atanmas\u0131ndan bir hafta \u00f6nce, bir milletvekili arac\u0131l\u0131\u011f\u0131yla g\u00f6revinden al\u0131nan Ahmet T\u00fcrk&#8217;\u00fc arayarak k\u0131sa bir telefon g\u00f6r\u00fc\u015fmesi ger\u00e7ekle\u015ftirdi.<\/p>\n<p>CEGA Medya&#8217;dan Ferit Aslan&#8217;\u0131n haberine g\u00f6re; Bah\u00e7eli, g\u00f6r\u00fc\u015fme esnas\u0131nda T\u00fcrk&#8217;\u00fcn sa\u011fl\u0131\u011f\u0131n\u0131 sordu ve sonras\u0131nda da k\u0131sa bir sohbetle g\u00f6r\u00fc\u015fmeyi sona erdirdi.<\/p>\n<p>Devlet Bah\u00e7eli, d\u00fcn partisinin grup toplant\u0131s\u0131nda yapt\u0131\u011f\u0131 konu\u015fmada da yerine 3. kez kayy\u0131m atanan Ahmet T\u00fcrk\u2019ten s\u00f6z etmi\u015fti. Bah\u00e7eli, \u201c\u00d6zellikle ciddi sa\u011fl\u0131k sorunlar\u0131 olan, ya\u015f\u0131 kemale ermi\u015f olan, k\u00f6kl\u00fc bir aileye mensup K\u00fcrt a\u011fas\u0131 Say\u0131n Ahmet T\u00fcrk&#8217;\u00fcn istismar edilmesi, \u0130mral\u0131&#8217;yla DEM Parti aras\u0131na \u00e7omak sokmak sinsili\u011fi, CHP&#8217;nin ba\u015f\u0131n\u0131 \u00e7ekti\u011fi kara kampanyan\u0131n d\u0131\u015f ba\u011flant\u0131l\u0131 mahsul\u00fcd\u00fcr\u201d demi\u015fti.<\/p>\n","protected":false},"excerpt":{"rendered":"<p>MHP Genel Ba\u015fkan\u0131 Devlet Bah\u00e7eli, Mardin B\u00fcy\u00fck\u015fehir Belediyesi&#8217;ne kayy\u0131m atanmas\u0131ndan bir hafta \u00f6nce, bir milletvekili arac\u0131l\u0131\u011f\u0131yla g\u00f6revinden al\u0131nan Ahmet T\u00fcrk&#8217;\u00fc arayarak k\u0131sa bir telefon g\u00f6r\u00fc\u015fmesi ger\u00e7ekle\u015ftirdi. CEGA Medya&#8217;dan Ferit Aslan&#8217;\u0131n haberine g\u00f6re; Bah\u00e7eli, g\u00f6r\u00fc\u015fme esnas\u0131nda T\u00fcrk&#8217;\u00fcn sa\u011fl\u0131\u011f\u0131n\u0131 sordu ve sonras\u0131nda da k\u0131sa bir sohbetle g\u00f6r\u00fc\u015fmeyi sona erdirdi. Devlet Bah\u00e7eli, d\u00fcn partisinin grup toplant\u0131s\u0131nda yapt\u0131\u011f\u0131 konu\u015fmada [&hellip;]<\/p>\n","protected":false},"author":2,"featured_media":1031693,"comment_status":"closed","ping_status":"closed","sticky":false,"template":"","format":"standard","meta":{"footnotes":""},"categories":[3],"tags":[],"class_list":["post-1031692","post","type-post","status-publish","format-standard","has-post-thumbnail","hentry","category-kurdistan"],"blocksy_meta":[],"seo_head":"<!-- This site is optimized with the Yoast SEO plugin v27.5 - https:\/\/yoast.com\/product\/yoast-seo-wordpress\/ -->\n<title>Ahmet T\u00fcrk ve Devlet Bah\u00e7eli&#039;nin kayyumlardan \u00f6nce g\u00f6r\u00fc\u015ft\u00fc\u011f\u00fc iddia edildi - Darka Mazi<\/title>\n<meta name=\"robots\" content=\"index, follow, max-snippet:-1, max-image-preview:large, max-video-preview:-1\" \/>\n<link rel=\"canonical\" href=\"https:\/\/darkamazi.site\/archives\/1031692\" \/>\n<meta property=\"og:locale\" content=\"en_US\" \/>\n<meta property=\"og:type\" content=\"article\" \/>\n<meta property=\"og:title\" content=\"Ahmet T\u00fcrk ve Devlet Bah\u00e7eli&#039;nin kayyumlardan \u00f6nce g\u00f6r\u00fc\u015ft\u00fc\u011f\u00fc iddia edildi - Darka Mazi\" \/>\n<meta property=\"og:description\" content=\"MHP Genel Ba\u015fkan\u0131 Devlet Bah\u00e7eli, Mardin B\u00fcy\u00fck\u015fehir Belediyesi&#8217;ne kayy\u0131m atanmas\u0131ndan bir hafta \u00f6nce, bir milletvekili arac\u0131l\u0131\u011f\u0131yla g\u00f6revinden al\u0131nan Ahmet T\u00fcrk&#8217;\u00fc arayarak k\u0131sa bir telefon g\u00f6r\u00fc\u015fmesi ger\u00e7ekle\u015ftirdi. CEGA Medya&#8217;dan Ferit Aslan&#8217;\u0131n haberine g\u00f6re; Bah\u00e7eli, g\u00f6r\u00fc\u015fme esnas\u0131nda T\u00fcrk&#8217;\u00fcn sa\u011fl\u0131\u011f\u0131n\u0131 sordu ve sonras\u0131nda da k\u0131sa bir sohbetle g\u00f6r\u00fc\u015fmeyi sona erdirdi. Devlet Bah\u00e7eli, d\u00fcn partisinin grup toplant\u0131s\u0131nda yapt\u0131\u011f\u0131 konu\u015fmada [&hellip;]\" \/>\n<meta property=\"og:url\" content=\"https:\/\/darkamazi.site\/archives\/1031692\" \/>\n<meta property=\"og:site_name\" content=\"Darka Mazi\" \/>\n<meta property=\"article:publisher\" content=\"https:\/\/www.facebook.com\/DarkaMaziturkce\" \/>\n<meta property=\"article:published_time\" content=\"2024-11-07T08:55:53+00:00\" \/>\n<meta property=\"og:image\" content=\"https:\/\/darkamazi.site\/file\/2024\/11\/bahceli-ahmet-turk.jpg\" \/>\n\t<meta property=\"og:image:width\" content=\"900\" \/>\n\t<meta property=\"og:image:height\" content=\"497\" \/>\n\t<meta property=\"og:image:type\" content=\"image\/jpeg\" \/>\n<meta name=\"author\" content=\"darka mazi\" \/>\n<meta name=\"twitter:card\" content=\"summary_large_image\" \/>\n<meta name=\"twitter:creator\" content=\"@DarkaMaziTurkce\" \/>\n<meta name=\"twitter:site\" content=\"@DarkaMaziTurkce\" \/>\n<meta name=\"twitter:label1\" content=\"Written by\" \/>\n\t<meta name=\"twitter:data1\" content=\"darka mazi\" \/>\n\t<meta name=\"twitter:label2\" content=\"Est. reading time\" \/>\n\t<meta name=\"twitter:data2\" content=\"1 minute\" \/>\n<script type=\"application\/ld+json\" class=\"seo-schema-graph\">{\"@context\":\"https:\\\/\\\/schema.org\",\"@graph\":[{\"@type\":\"NewsArticle\",\"@id\":\"https:\\\/\\\/darkamazi.site\\\/archives\\\/1031692#article\",\"isPartOf\":{\"@id\":\"https:\\\/\\\/darkamazi.site\\\/archives\\\/1031692\"},\"author\":{\"name\":\"darka mazi\",\"@id\":\"https:\\\/\\\/darkamazi.site\\\/#\\\/schema\\\/person\\\/67986a95ac546c16760365877ef4a9d3\"},\"headline\":\"Ahmet T\u00fcrk ve Devlet Bah\u00e7eli&#8217;nin kayyumlardan \u00f6nce g\u00f6r\u00fc\u015ft\u00fc\u011f\u00fc iddia edildi\",\"datePublished\":\"2024-11-07T08:55:53+00:00\",\"mainEntityOfPage\":{\"@id\":\"https:\\\/\\\/darkamazi.site\\\/archives\\\/1031692\"},\"wordCount\":180,\"publisher\":{\"@id\":\"https:\\\/\\\/darkamazi.site\\\/#organization\"},\"image\":{\"@id\":\"https:\\\/\\\/darkamazi.site\\\/archives\\\/1031692#primaryimage\"},\"thumbnailUrl\":\"https:\\\/\\\/darkamazi.site\\\/darka-content\\\/uploads\\\/2024\\\/11\\\/bahceli-ahmet-turk.jpg\",\"articleSection\":[\"Kurdistan\"],\"inLanguage\":\"en-US\"},{\"@type\":\"WebPage\",\"@id\":\"https:\\\/\\\/darkamazi.site\\\/archives\\\/1031692\",\"url\":\"https:\\\/\\\/darkamazi.site\\\/archives\\\/1031692\",\"name\":\"Ahmet T\u00fcrk ve Devlet Bah\u00e7eli'nin kayyumlardan \u00f6nce g\u00f6r\u00fc\u015ft\u00fc\u011f\u00fc iddia edildi - Darka Mazi\",\"isPartOf\":{\"@id\":\"https:\\\/\\\/darkamazi.site\\\/#website\"},\"primaryImageOfPage\":{\"@id\":\"https:\\\/\\\/darkamazi.site\\\/archives\\\/1031692#primaryimage\"},\"image\":{\"@id\":\"https:\\\/\\\/darkamazi.site\\\/archives\\\/1031692#primaryimage\"},\"thumbnailUrl\":\"https:\\\/\\\/darkamazi.site\\\/darka-content\\\/uploads\\\/2024\\\/11\\\/bahceli-ahmet-turk.jpg\",\"datePublished\":\"2024-11-07T08:55:53+00:00\",\"breadcrumb\":{\"@id\":\"https:\\\/\\\/darkamazi.site\\\/archives\\\/1031692#breadcrumb\"},\"inLanguage\":\"en-US\",\"potentialAction\":[{\"@type\":\"ReadAction\",\"target\":[\"https:\\\/\\\/darkamazi.site\\\/archives\\\/1031692\"]}]},{\"@type\":\"ImageObject\",\"inLanguage\":\"en-US\",\"@id\":\"https:\\\/\\\/darkamazi.site\\\/archives\\\/1031692#primaryimage\",\"url\":\"https:\\\/\\\/darkamazi.site\\\/darka-content\\\/uploads\\\/2024\\\/11\\\/bahceli-ahmet-turk.jpg\",\"contentUrl\":\"https:\\\/\\\/darkamazi.site\\\/darka-content\\\/uploads\\\/2024\\\/11\\\/bahceli-ahmet-turk.jpg\",\"width\":900,\"height\":497,\"caption\":\"Ahmet T\u00fcrk ve Devlet Bah\u00e7eli'nin kayyumlardan \u00f6nce g\u00f6r\u00fc\u015ft\u00fc\u011f\u00fc iddia edildi\"},{\"@type\":\"BreadcrumbList\",\"@id\":\"https:\\\/\\\/darkamazi.site\\\/archives\\\/1031692#breadcrumb\",\"itemListElement\":[{\"@type\":\"ListItem\",\"position\":1,\"name\":\"Home\",\"item\":\"https:\\\/\\\/darkamazi.site\\\/\"},{\"@type\":\"ListItem\",\"position\":2,\"name\":\"Ahmet T\u00fcrk ve Devlet Bah\u00e7eli&#8217;nin kayyumlardan \u00f6nce g\u00f6r\u00fc\u015ft\u00fc\u011f\u00fc iddia edildi\"}]},{\"@type\":\"WebSite\",\"@id\":\"https:\\\/\\\/darkamazi.site\\\/#website\",\"url\":\"https:\\\/\\\/darkamazi.site\\\/\",\"name\":\"Darka Mazi\",\"description\":\"Ana Sayfa\",\"publisher\":{\"@id\":\"https:\\\/\\\/darkamazi.site\\\/#organization\"},\"potentialAction\":[{\"@type\":\"SearchAction\",\"target\":{\"@type\":\"EntryPoint\",\"urlTemplate\":\"https:\\\/\\\/darkamazi.site\\\/?s={search_term_string}\"},\"query-input\":{\"@type\":\"PropertyValueSpecification\",\"valueRequired\":true,\"valueName\":\"search_term_string\"}}],\"inLanguage\":\"en-US\"},{\"@type\":\"Organization\",\"@id\":\"https:\\\/\\\/darkamazi.site\\\/#organization\",\"name\":\"Darka Mazi T\u00fcrk\u00e7e\",\"alternateName\":\"Darka Mazi\",\"url\":\"https:\\\/\\\/darkamazi.site\\\/\",\"logo\":{\"@type\":\"ImageObject\",\"inLanguage\":\"en-US\",\"@id\":\"https:\\\/\\\/darkamazi.site\\\/#\\\/schema\\\/logo\\\/image\\\/\",\"url\":\"https:\\\/\\\/darkamazi.site\\\/darka-content\\\/uploads\\\/2017\\\/12\\\/darka-mazi-logo.png\",\"contentUrl\":\"https:\\\/\\\/darkamazi.site\\\/darka-content\\\/uploads\\\/2017\\\/12\\\/darka-mazi-logo.png\",\"width\":151,\"height\":75,\"caption\":\"Darka Mazi T\u00fcrk\u00e7e\"},\"image\":{\"@id\":\"https:\\\/\\\/darkamazi.site\\\/#\\\/schema\\\/logo\\\/image\\\/\"},\"sameAs\":[\"https:\\\/\\\/www.facebook.com\\\/DarkaMaziturkce\",\"https:\\\/\\\/x.com\\\/DarkaMaziTurkce\"]},{\"@type\":\"Person\",\"@id\":\"https:\\\/\\\/darkamazi.site\\\/#\\\/schema\\\/person\\\/67986a95ac546c16760365877ef4a9d3\",\"name\":\"darka mazi\",\"sameAs\":[\"https:\\\/\\\/darkamazi.site\"],\"url\":\"https:\\\/\\\/darkamazi.site\\\/archives\\\/author\\\/turkish\"}]}<\/script>\n<!-- \/ Yoast SEO plugin. -->","seo_head_json":{"title":"Ahmet T\u00fcrk ve Devlet Bah\u00e7eli'nin kayyumlardan \u00f6nce g\u00f6r\u00fc\u015ft\u00fc\u011f\u00fc iddia edildi - Darka Mazi","robots":{"index":"index","follow":"follow","max-snippet":"max-snippet:-1","max-image-preview":"max-image-preview:large","max-video-preview":"max-video-preview:-1"},"canonical":"https:\/\/darkamazi.site\/archives\/1031692","og_locale":"en_US","og_type":"article","og_title":"Ahmet T\u00fcrk ve Devlet Bah\u00e7eli'nin kayyumlardan \u00f6nce g\u00f6r\u00fc\u015ft\u00fc\u011f\u00fc iddia edildi - Darka Mazi","og_description":"MHP Genel Ba\u015fkan\u0131 Devlet Bah\u00e7eli, Mardin B\u00fcy\u00fck\u015fehir Belediyesi&#8217;ne kayy\u0131m atanmas\u0131ndan bir hafta \u00f6nce, bir milletvekili arac\u0131l\u0131\u011f\u0131yla g\u00f6revinden al\u0131nan Ahmet T\u00fcrk&#8217;\u00fc arayarak k\u0131sa bir telefon g\u00f6r\u00fc\u015fmesi ger\u00e7ekle\u015ftirdi. CEGA Medya&#8217;dan Ferit Aslan&#8217;\u0131n haberine g\u00f6re; Bah\u00e7eli, g\u00f6r\u00fc\u015fme esnas\u0131nda T\u00fcrk&#8217;\u00fcn sa\u011fl\u0131\u011f\u0131n\u0131 sordu ve sonras\u0131nda da k\u0131sa bir sohbetle g\u00f6r\u00fc\u015fmeyi sona erdirdi. Devlet Bah\u00e7eli, d\u00fcn partisinin grup toplant\u0131s\u0131nda yapt\u0131\u011f\u0131 konu\u015fmada [&hellip;]","og_url":"https:\/\/darkamazi.site\/archives\/1031692","og_site_name":"Darka Mazi","article_publisher":"https:\/\/www.facebook.com\/DarkaMaziturkce","article_published_time":"2024-11-07T08:55:53+00:00","og_image":[{"width":900,"height":497,"url":"https:\/\/darkamazi.site\/file\/2024\/11\/bahceli-ahmet-turk.jpg","type":"image\/jpeg"}],"author":"darka mazi","twitter_card":"summary_large_image","twitter_creator":"@DarkaMaziTurkce","twitter_site":"@DarkaMaziTurkce","twitter_misc":{"Written by":"darka mazi","Est. reading time":"1 minute"},"schema":{"@context":"https:\/\/schema.org","@graph":[{"@type":"NewsArticle","@id":"https:\/\/darkamazi.site\/archives\/1031692#article","isPartOf":{"@id":"https:\/\/darkamazi.site\/archives\/1031692"},"author":{"name":"darka mazi","@id":"https:\/\/darkamazi.site\/#\/schema\/person\/67986a95ac546c16760365877ef4a9d3"},"headline":"Ahmet T\u00fcrk ve Devlet Bah\u00e7eli&#8217;nin kayyumlardan \u00f6nce g\u00f6r\u00fc\u015ft\u00fc\u011f\u00fc iddia edildi","datePublished":"2024-11-07T08:55:53+00:00","mainEntityOfPage":{"@id":"https:\/\/darkamazi.site\/archives\/1031692"},"wordCount":180,"publisher":{"@id":"https:\/\/darkamazi.site\/#organization"},"image":{"@id":"https:\/\/darkamazi.site\/archives\/1031692#primaryimage"},"thumbnailUrl":"https:\/\/darkamazi.site\/file\/2024\/11\/bahceli-ahmet-turk.jpg","articleSection":["Kurdistan"],"inLanguage":"en-US"},{"@type":"WebPage","@id":"https:\/\/darkamazi.site\/archives\/1031692","url":"https:\/\/darkamazi.site\/archives\/1031692","name":"Ahmet T\u00fcrk ve Devlet Bah\u00e7eli'nin kayyumlardan \u00f6nce g\u00f6r\u00fc\u015ft\u00fc\u011f\u00fc iddia edildi - Darka Mazi","isPartOf":{"@id":"https:\/\/darkamazi.site\/#website"},"primaryImageOfPage":{"@id":"https:\/\/darkamazi.site\/archives\/1031692#primaryimage"},"image":{"@id":"https:\/\/darkamazi.site\/archives\/1031692#primaryimage"},"thumbnailUrl":"https:\/\/darkamazi.site\/file\/2024\/11\/bahceli-ahmet-turk.jpg","datePublished":"2024-11-07T08:55:53+00:00","breadcrumb":{"@id":"https:\/\/darkamazi.site\/archives\/1031692#breadcrumb"},"inLanguage":"en-US","potentialAction":[{"@type":"ReadAction","target":["https:\/\/darkamazi.site\/archives\/1031692"]}]},{"@type":"ImageObject","inLanguage":"en-US","@id":"https:\/\/darkamazi.site\/archives\/1031692#primaryimage","url":"https:\/\/darkamazi.site\/file\/2024\/11\/bahceli-ahmet-turk.jpg","contentUrl":"https:\/\/darkamazi.site\/file\/2024\/11\/bahceli-ahmet-turk.jpg","width":900,"height":497,"caption":"Ahmet T\u00fcrk ve Devlet Bah\u00e7eli'nin kayyumlardan \u00f6nce g\u00f6r\u00fc\u015ft\u00fc\u011f\u00fc iddia edildi"},{"@type":"BreadcrumbList","@id":"https:\/\/darkamazi.site\/archives\/1031692#breadcrumb","itemListElement":[{"@type":"ListItem","position":1,"name":"Home","item":"https:\/\/darkamazi.site\/"},{"@type":"ListItem","position":2,"name":"Ahmet T\u00fcrk ve Devlet Bah\u00e7eli&#8217;nin kayyumlardan \u00f6nce g\u00f6r\u00fc\u015ft\u00fc\u011f\u00fc iddia edildi"}]},{"@type":"WebSite","@id":"https:\/\/darkamazi.site\/#website","url":"https:\/\/darkamazi.site\/","name":"Darka Mazi","description":"Ana Sayfa","publisher":{"@id":"https:\/\/darkamazi.site\/#organization"},"potentialAction":[{"@type":"SearchAction","target":{"@type":"EntryPoint","urlTemplate":"https:\/\/darkamazi.site\/?s={search_term_string}"},"query-input":{"@type":"PropertyValueSpecification","valueRequired":true,"valueName":"search_term_string"}}],"inLanguage":"en-US"},{"@type":"Organization","@id":"https:\/\/darkamazi.site\/#organization","name":"Darka Mazi T\u00fcrk\u00e7e","alternateName":"Darka Mazi","url":"https:\/\/darkamazi.site\/","logo":{"@type":"ImageObject","inLanguage":"en-US","@id":"https:\/\/darkamazi.site\/#\/schema\/logo\/image\/","url":"https:\/\/darkamazi.site\/file\/2017\/12\/darka-mazi-logo.png","contentUrl":"https:\/\/darkamazi.site\/file\/2017\/12\/darka-mazi-logo.png","width":151,"height":75,"caption":"Darka Mazi T\u00fcrk\u00e7e"},"image":{"@id":"https:\/\/darkamazi.site\/#\/schema\/logo\/image\/"},"sameAs":["https:\/\/www.facebook.com\/DarkaMaziturkce","https:\/\/x.com\/DarkaMaziTurkce"]},{"@type":"Person","@id":"https:\/\/darkamazi.site\/#\/schema\/person\/67986a95ac546c16760365877ef4a9d3","name":"darka mazi","sameAs":["https:\/\/darkamazi.site"],"url":"https:\/\/darkamazi.site\/archives\/author\/turkish"}]}},"_links":{"self":[{"href":"https:\/\/darkamazi.site\/funavuv\/wp\/v2\/posts\/1031692","targetHints":{"allow":["GET"]}}],"collection":[{"href":"https:\/\/darkamazi.site\/funavuv\/wp\/v2\/posts"}],"about":[{"href":"https:\/\/darkamazi.site\/funavuv\/wp\/v2\/types\/post"}],"author":[{"embeddable":true,"href":"https:\/\/darkamazi.site\/funavuv\/wp\/v2\/users\/2"}],"replies":[{"embeddable":true,"href":"https:\/\/darkamazi.site\/funavuv\/wp\/v2\/comments?post=1031692"}],"version-history":[{"count":0,"href":"https:\/\/darkamazi.site\/funavuv\/wp\/v2\/posts\/1031692\/revisions"}],"wp:featuredmedia":[{"embeddable":true,"href":"https:\/\/darkamazi.site\/funavuv\/wp\/v2\/media\/1031693"}],"wp:attachment":[{"href":"https:\/\/darkamazi.site\/funavuv\/wp\/v2\/media?parent=1031692"}],"wp:term":[{"taxonomy":"category","embeddable":true,"href":"https:\/\/darkamazi.site\/funavuv\/wp\/v2\/categories?post=1031692"},{"taxonomy":"post_tag","embeddable":true,"href":"https:\/\/darkamazi.site\/funavuv\/wp\/v2\/tags?post=1031692"}],"curies":[{"name":"wp","href":"https:\/\/api.w.org\/{rel}","templated":true}]}}