{"id":1031706,"date":"2024-11-08T21:39:00","date_gmt":"2024-11-08T18:39:00","guid":{"rendered":"https:\/\/darkamazi.site\/?p=1031706"},"modified":"2024-11-08T21:39:00","modified_gmt":"2024-11-08T18:39:00","slug":"chpli-belediye-rojdanin-konserini-iptal-etti","status":"publish","type":"post","link":"https:\/\/darkamazi.site\/archives\/1031706","title":{"rendered":"CHP&#8217;li belediye Rojda&#8217;n\u0131n konserini iptal etti"},"content":{"rendered":"<p style=\"text-align: justify\">stanbul K\u00fc\u00e7\u00fck\u00e7ekmece Belediyesi, K\u00fcrt sanat\u00e7\u0131 Rojda\u2019n\u0131n 17 Kas\u0131m\u2019da yap\u0131lmas\u0131 planlanan konserini iptal etti. Sanat\u00e7\u0131 Rojda yapt\u0131\u011f\u0131 a\u00e7\u0131klamada \u201cBelediye ba\u015fkanl\u0131\u011f\u0131n\u0131n\u00a0bu keyfi yasak\u00e7\u0131 tutumu a\u00e7\u0131k\u00e7a K\u00fcrt k\u00fclt\u00fcr\u00fcne ve sanat\u0131na tahamm\u00fcls\u00fczl\u00fc\u011f\u00fc g\u00f6stermektedir\u201d \u015feklinde tepki g\u00f6sterdi.<\/p>\n<p style=\"text-align: justify\">CHP\u2019li K\u00fc\u00e7\u00fck\u00e7ekmece Belediyesi K\u00fcrt sanat\u00e7\u0131 Rojda\u2019n\u0131n konserini hi\u00e7bir gerek\u00e7e g\u00f6stermeden iptal etti. 17 kas\u0131m&#8217;da yap\u0131lmas\u0131 planlanan konser i\u00e7in sanat\u00e7\u0131 belediye aras\u0131nda s\u00f6zle\u015fme imzaland\u0131\u011f\u0131 ve salon paras\u0131n\u0131n ise pe\u015fin \u00f6dendi\u011fi \u00f6\u011frenildi.<\/p>\n<p style=\"text-align: justify\">Konserin iptal edilmesini sanat\u00e7\u0131 sosyal medya hesab\u0131ndan \u015fu s\u00f6zlerle duyurdu:<\/p>\n<p style=\"text-align: justify\">\u201cHaz\u0131rl\u0131klar\u0131n\u0131 2 ay \u00f6ncesinden tamamlad\u0131\u011f\u0131m\u0131z ve 4500 koltuk kapasiteli salonun t\u00fcm biletlerinin sat\u0131ld\u0131\u011f\u0131 17 Kas\u0131m 2024 tarihli Yahya Kemal Beyatl\u0131 G\u00f6steri Merkezinde yapmay\u0131 planlad\u0131\u011f\u0131m\u0131z konser, K\u00fc\u00e7\u00fck\u00e7ekmece Belediyesi taraf\u0131ndan keyfi gerek\u00e7elerle iptal edilmi\u015ftir.\u201d<\/p>\n<p style=\"text-align: justify\">Sanat\u00e7\u0131 a\u00e7\u0131klamas\u0131n\u0131n devam\u0131nda ifadeleri kulland\u0131:<\/p>\n<p style=\"text-align: justify\">\u00a0\u201cBelediye ile yap\u0131lan s\u00f6zle\u015fmeye, \u00f6ncesinde salon kiralama \u00fccreti pe\u015fin \u00f6denmesine ve m\u00fclki idarelerle yap\u0131lan g\u00f6r\u00fc\u015fmelerde herhangi bir sak\u0131nca belirtilmemesine ra\u011fmen belediye ba\u015fkanl\u0131\u011f\u0131n\u0131n bu keyfi yasak\u00e7\u0131 tutumu, a\u00e7\u0131k\u00e7a K\u00fcrt k\u00fclt\u00fcr\u00fcne ve sanat\u0131na tahamm\u00fcls\u00fczl\u00fc\u011f\u00fc g\u00f6stermektedir. Bu yasak\u00e7\u0131 zihniyete kar\u015f\u0131, halk\u0131m\u0131z\u0131n da tevecc\u00fch\u00fc ile her yerde ve her ko\u015fulda daha iyisini ve daha g\u00fczelini yapmaya devam edece\u011fim. Takdiri de\u011ferli halk\u0131m\u0131za b\u0131rak\u0131yor, herkesi sevgiyle kucakl\u0131yorum.\u201d<\/p>\n<p style=\"text-align: justify\">Rojda a\u00e7\u0131klamas\u0131n\u0131n sonunda sat\u0131n ald\u0131klar\u0131 biletlerin \u00fccretinin iadesi i\u00e7in sevenlerden bileti ald\u0131klar\u0131 firmaya ba\u015fvurmalar\u0131n\u0131 istedi.<\/p>\n<p style=\"text-align: justify\">Konserin iptal edilmesine ili\u015fkin hen\u00fcz K\u00fc\u00e7\u00fck\u00e7ekmece Belediyesinden bir a\u00e7\u0131klama yap\u0131lmad\u0131.<\/p>\n<p style=\"text-align: justify\">Rojda en son 5 Ekim\u2019de kayy\u0131m atanan Esenyurt Belediyesi\u2019nin organize etti\u011fi bir konser vermi\u015fti. Konsere binlerce ki\u015fi kat\u0131lm\u0131\u015ft\u0131.<\/p>\n<p style=\"text-align: justify\">Rojda\u2019n\u0131n konseri kayy\u0131m atanan Esenyurt Belediyesi Ba\u015fkan\u0131\u00a0\u00a0Ahmat \u00d6zer\u2019in tutuklanma gerek\u00e7esinde de yer alm\u0131\u015ft\u0131.<\/p>\n<p style=\"text-align: justify\">\n","protected":false},"excerpt":{"rendered":"<p>stanbul K\u00fc\u00e7\u00fck\u00e7ekmece Belediyesi, K\u00fcrt sanat\u00e7\u0131 Rojda\u2019n\u0131n 17 Kas\u0131m\u2019da yap\u0131lmas\u0131 planlanan konserini iptal etti. Sanat\u00e7\u0131 Rojda yapt\u0131\u011f\u0131 a\u00e7\u0131klamada \u201cBelediye ba\u015fkanl\u0131\u011f\u0131n\u0131n\u00a0bu keyfi yasak\u00e7\u0131 tutumu a\u00e7\u0131k\u00e7a K\u00fcrt k\u00fclt\u00fcr\u00fcne ve sanat\u0131na tahamm\u00fcls\u00fczl\u00fc\u011f\u00fc g\u00f6stermektedir\u201d \u015feklinde tepki g\u00f6sterdi. CHP\u2019li K\u00fc\u00e7\u00fck\u00e7ekmece Belediyesi K\u00fcrt sanat\u00e7\u0131 Rojda\u2019n\u0131n konserini hi\u00e7bir gerek\u00e7e g\u00f6stermeden iptal etti. 17 kas\u0131m&#8217;da yap\u0131lmas\u0131 planlanan konser i\u00e7in sanat\u00e7\u0131 belediye aras\u0131nda s\u00f6zle\u015fme imzaland\u0131\u011f\u0131 [&hellip;]<\/p>\n","protected":false},"author":2,"featured_media":1031707,"comment_status":"closed","ping_status":"closed","sticky":false,"template":"","format":"standard","meta":{"footnotes":""},"categories":[33],"tags":[],"class_list":["post-1031706","post","type-post","status-publish","format-standard","has-post-thumbnail","hentry","category-sanat"],"blocksy_meta":[],"seo_head":"<!-- This site is optimized with the Yoast SEO plugin v27.5 - https:\/\/yoast.com\/product\/yoast-seo-wordpress\/ -->\n<title>CHP&#039;li belediye Rojda&#039;n\u0131n konserini iptal etti - Darka Mazi<\/title>\n<meta name=\"robots\" content=\"index, follow, max-snippet:-1, max-image-preview:large, max-video-preview:-1\" \/>\n<link rel=\"canonical\" href=\"https:\/\/darkamazi.site\/archives\/1031706\" \/>\n<meta property=\"og:locale\" content=\"en_US\" \/>\n<meta property=\"og:type\" content=\"article\" \/>\n<meta property=\"og:title\" content=\"CHP&#039;li belediye Rojda&#039;n\u0131n konserini iptal etti - Darka Mazi\" \/>\n<meta property=\"og:description\" content=\"stanbul K\u00fc\u00e7\u00fck\u00e7ekmece Belediyesi, K\u00fcrt sanat\u00e7\u0131 Rojda\u2019n\u0131n 17 Kas\u0131m\u2019da yap\u0131lmas\u0131 planlanan konserini iptal etti. Sanat\u00e7\u0131 Rojda yapt\u0131\u011f\u0131 a\u00e7\u0131klamada \u201cBelediye ba\u015fkanl\u0131\u011f\u0131n\u0131n\u00a0bu keyfi yasak\u00e7\u0131 tutumu a\u00e7\u0131k\u00e7a K\u00fcrt k\u00fclt\u00fcr\u00fcne ve sanat\u0131na tahamm\u00fcls\u00fczl\u00fc\u011f\u00fc g\u00f6stermektedir\u201d \u015feklinde tepki g\u00f6sterdi. CHP\u2019li K\u00fc\u00e7\u00fck\u00e7ekmece Belediyesi K\u00fcrt sanat\u00e7\u0131 Rojda\u2019n\u0131n konserini hi\u00e7bir gerek\u00e7e g\u00f6stermeden iptal etti. 17 kas\u0131m&#8217;da yap\u0131lmas\u0131 planlanan konser i\u00e7in sanat\u00e7\u0131 belediye aras\u0131nda s\u00f6zle\u015fme imzaland\u0131\u011f\u0131 [&hellip;]\" \/>\n<meta property=\"og:url\" content=\"https:\/\/darkamazi.site\/archives\/1031706\" \/>\n<meta property=\"og:site_name\" content=\"Darka Mazi\" \/>\n<meta property=\"article:publisher\" content=\"https:\/\/www.facebook.com\/DarkaMaziturkce\" \/>\n<meta property=\"article:published_time\" content=\"2024-11-08T18:39:00+00:00\" \/>\n<meta property=\"og:image\" content=\"https:\/\/darkamazi.site\/file\/2024\/11\/09022022134639-rojda.jpg\" \/>\n\t<meta property=\"og:image:width\" content=\"457\" \/>\n\t<meta property=\"og:image:height\" content=\"252\" \/>\n\t<meta property=\"og:image:type\" content=\"image\/jpeg\" \/>\n<meta name=\"author\" content=\"darka mazi\" \/>\n<meta name=\"twitter:card\" content=\"summary_large_image\" \/>\n<meta name=\"twitter:creator\" content=\"@DarkaMaziTurkce\" \/>\n<meta name=\"twitter:site\" content=\"@DarkaMaziTurkce\" \/>\n<meta name=\"twitter:label1\" content=\"Written by\" \/>\n\t<meta name=\"twitter:data1\" content=\"darka mazi\" \/>\n\t<meta name=\"twitter:label2\" content=\"Est. reading time\" \/>\n\t<meta name=\"twitter:data2\" content=\"2 minutes\" \/>\n<script type=\"application\/ld+json\" class=\"seo-schema-graph\">{\"@context\":\"https:\\\/\\\/schema.org\",\"@graph\":[{\"@type\":\"NewsArticle\",\"@id\":\"https:\\\/\\\/darkamazi.site\\\/archives\\\/1031706#article\",\"isPartOf\":{\"@id\":\"https:\\\/\\\/darkamazi.site\\\/archives\\\/1031706\"},\"author\":{\"name\":\"darka mazi\",\"@id\":\"https:\\\/\\\/darkamazi.site\\\/#\\\/schema\\\/person\\\/67986a95ac546c16760365877ef4a9d3\"},\"headline\":\"CHP&#8217;li belediye Rojda&#8217;n\u0131n konserini iptal etti\",\"datePublished\":\"2024-11-08T18:39:00+00:00\",\"mainEntityOfPage\":{\"@id\":\"https:\\\/\\\/darkamazi.site\\\/archives\\\/1031706\"},\"wordCount\":361,\"publisher\":{\"@id\":\"https:\\\/\\\/darkamazi.site\\\/#organization\"},\"image\":{\"@id\":\"https:\\\/\\\/darkamazi.site\\\/archives\\\/1031706#primaryimage\"},\"thumbnailUrl\":\"https:\\\/\\\/darkamazi.site\\\/darka-content\\\/uploads\\\/2024\\\/11\\\/09022022134639-rojda.jpg\",\"articleSection\":[\"Sanat\"],\"inLanguage\":\"en-US\"},{\"@type\":\"WebPage\",\"@id\":\"https:\\\/\\\/darkamazi.site\\\/archives\\\/1031706\",\"url\":\"https:\\\/\\\/darkamazi.site\\\/archives\\\/1031706\",\"name\":\"CHP'li belediye Rojda'n\u0131n konserini iptal etti - Darka Mazi\",\"isPartOf\":{\"@id\":\"https:\\\/\\\/darkamazi.site\\\/#website\"},\"primaryImageOfPage\":{\"@id\":\"https:\\\/\\\/darkamazi.site\\\/archives\\\/1031706#primaryimage\"},\"image\":{\"@id\":\"https:\\\/\\\/darkamazi.site\\\/archives\\\/1031706#primaryimage\"},\"thumbnailUrl\":\"https:\\\/\\\/darkamazi.site\\\/darka-content\\\/uploads\\\/2024\\\/11\\\/09022022134639-rojda.jpg\",\"datePublished\":\"2024-11-08T18:39:00+00:00\",\"breadcrumb\":{\"@id\":\"https:\\\/\\\/darkamazi.site\\\/archives\\\/1031706#breadcrumb\"},\"inLanguage\":\"en-US\",\"potentialAction\":[{\"@type\":\"ReadAction\",\"target\":[\"https:\\\/\\\/darkamazi.site\\\/archives\\\/1031706\"]}]},{\"@type\":\"ImageObject\",\"inLanguage\":\"en-US\",\"@id\":\"https:\\\/\\\/darkamazi.site\\\/archives\\\/1031706#primaryimage\",\"url\":\"https:\\\/\\\/darkamazi.site\\\/darka-content\\\/uploads\\\/2024\\\/11\\\/09022022134639-rojda.jpg\",\"contentUrl\":\"https:\\\/\\\/darkamazi.site\\\/darka-content\\\/uploads\\\/2024\\\/11\\\/09022022134639-rojda.jpg\",\"width\":457,\"height\":252,\"caption\":\"CHP'li belediye Rojda'n\u0131n konserini iptal etti\"},{\"@type\":\"BreadcrumbList\",\"@id\":\"https:\\\/\\\/darkamazi.site\\\/archives\\\/1031706#breadcrumb\",\"itemListElement\":[{\"@type\":\"ListItem\",\"position\":1,\"name\":\"Home\",\"item\":\"https:\\\/\\\/darkamazi.site\\\/\"},{\"@type\":\"ListItem\",\"position\":2,\"name\":\"CHP&#8217;li belediye Rojda&#8217;n\u0131n konserini iptal etti\"}]},{\"@type\":\"WebSite\",\"@id\":\"https:\\\/\\\/darkamazi.site\\\/#website\",\"url\":\"https:\\\/\\\/darkamazi.site\\\/\",\"name\":\"Darka Mazi\",\"description\":\"Ana Sayfa\",\"publisher\":{\"@id\":\"https:\\\/\\\/darkamazi.site\\\/#organization\"},\"potentialAction\":[{\"@type\":\"SearchAction\",\"target\":{\"@type\":\"EntryPoint\",\"urlTemplate\":\"https:\\\/\\\/darkamazi.site\\\/?s={search_term_string}\"},\"query-input\":{\"@type\":\"PropertyValueSpecification\",\"valueRequired\":true,\"valueName\":\"search_term_string\"}}],\"inLanguage\":\"en-US\"},{\"@type\":\"Organization\",\"@id\":\"https:\\\/\\\/darkamazi.site\\\/#organization\",\"name\":\"Darka Mazi T\u00fcrk\u00e7e\",\"alternateName\":\"Darka Mazi\",\"url\":\"https:\\\/\\\/darkamazi.site\\\/\",\"logo\":{\"@type\":\"ImageObject\",\"inLanguage\":\"en-US\",\"@id\":\"https:\\\/\\\/darkamazi.site\\\/#\\\/schema\\\/logo\\\/image\\\/\",\"url\":\"https:\\\/\\\/darkamazi.site\\\/darka-content\\\/uploads\\\/2017\\\/12\\\/darka-mazi-logo.png\",\"contentUrl\":\"https:\\\/\\\/darkamazi.site\\\/darka-content\\\/uploads\\\/2017\\\/12\\\/darka-mazi-logo.png\",\"width\":151,\"height\":75,\"caption\":\"Darka Mazi T\u00fcrk\u00e7e\"},\"image\":{\"@id\":\"https:\\\/\\\/darkamazi.site\\\/#\\\/schema\\\/logo\\\/image\\\/\"},\"sameAs\":[\"https:\\\/\\\/www.facebook.com\\\/DarkaMaziturkce\",\"https:\\\/\\\/x.com\\\/DarkaMaziTurkce\"]},{\"@type\":\"Person\",\"@id\":\"https:\\\/\\\/darkamazi.site\\\/#\\\/schema\\\/person\\\/67986a95ac546c16760365877ef4a9d3\",\"name\":\"darka mazi\",\"sameAs\":[\"https:\\\/\\\/darkamazi.site\"],\"url\":\"https:\\\/\\\/darkamazi.site\\\/archives\\\/author\\\/turkish\"}]}<\/script>\n<!-- \/ Yoast SEO plugin. -->","seo_head_json":{"title":"CHP'li belediye Rojda'n\u0131n konserini iptal etti - Darka Mazi","robots":{"index":"index","follow":"follow","max-snippet":"max-snippet:-1","max-image-preview":"max-image-preview:large","max-video-preview":"max-video-preview:-1"},"canonical":"https:\/\/darkamazi.site\/archives\/1031706","og_locale":"en_US","og_type":"article","og_title":"CHP'li belediye Rojda'n\u0131n konserini iptal etti - Darka Mazi","og_description":"stanbul K\u00fc\u00e7\u00fck\u00e7ekmece Belediyesi, K\u00fcrt sanat\u00e7\u0131 Rojda\u2019n\u0131n 17 Kas\u0131m\u2019da yap\u0131lmas\u0131 planlanan konserini iptal etti. Sanat\u00e7\u0131 Rojda yapt\u0131\u011f\u0131 a\u00e7\u0131klamada \u201cBelediye ba\u015fkanl\u0131\u011f\u0131n\u0131n\u00a0bu keyfi yasak\u00e7\u0131 tutumu a\u00e7\u0131k\u00e7a K\u00fcrt k\u00fclt\u00fcr\u00fcne ve sanat\u0131na tahamm\u00fcls\u00fczl\u00fc\u011f\u00fc g\u00f6stermektedir\u201d \u015feklinde tepki g\u00f6sterdi. CHP\u2019li K\u00fc\u00e7\u00fck\u00e7ekmece Belediyesi K\u00fcrt sanat\u00e7\u0131 Rojda\u2019n\u0131n konserini hi\u00e7bir gerek\u00e7e g\u00f6stermeden iptal etti. 17 kas\u0131m&#8217;da yap\u0131lmas\u0131 planlanan konser i\u00e7in sanat\u00e7\u0131 belediye aras\u0131nda s\u00f6zle\u015fme imzaland\u0131\u011f\u0131 [&hellip;]","og_url":"https:\/\/darkamazi.site\/archives\/1031706","og_site_name":"Darka Mazi","article_publisher":"https:\/\/www.facebook.com\/DarkaMaziturkce","article_published_time":"2024-11-08T18:39:00+00:00","og_image":[{"width":457,"height":252,"url":"https:\/\/darkamazi.site\/file\/2024\/11\/09022022134639-rojda.jpg","type":"image\/jpeg"}],"author":"darka mazi","twitter_card":"summary_large_image","twitter_creator":"@DarkaMaziTurkce","twitter_site":"@DarkaMaziTurkce","twitter_misc":{"Written by":"darka mazi","Est. reading time":"2 minutes"},"schema":{"@context":"https:\/\/schema.org","@graph":[{"@type":"NewsArticle","@id":"https:\/\/darkamazi.site\/archives\/1031706#article","isPartOf":{"@id":"https:\/\/darkamazi.site\/archives\/1031706"},"author":{"name":"darka mazi","@id":"https:\/\/darkamazi.site\/#\/schema\/person\/67986a95ac546c16760365877ef4a9d3"},"headline":"CHP&#8217;li belediye Rojda&#8217;n\u0131n konserini iptal etti","datePublished":"2024-11-08T18:39:00+00:00","mainEntityOfPage":{"@id":"https:\/\/darkamazi.site\/archives\/1031706"},"wordCount":361,"publisher":{"@id":"https:\/\/darkamazi.site\/#organization"},"image":{"@id":"https:\/\/darkamazi.site\/archives\/1031706#primaryimage"},"thumbnailUrl":"https:\/\/darkamazi.site\/file\/2024\/11\/09022022134639-rojda.jpg","articleSection":["Sanat"],"inLanguage":"en-US"},{"@type":"WebPage","@id":"https:\/\/darkamazi.site\/archives\/1031706","url":"https:\/\/darkamazi.site\/archives\/1031706","name":"CHP'li belediye Rojda'n\u0131n konserini iptal etti - Darka Mazi","isPartOf":{"@id":"https:\/\/darkamazi.site\/#website"},"primaryImageOfPage":{"@id":"https:\/\/darkamazi.site\/archives\/1031706#primaryimage"},"image":{"@id":"https:\/\/darkamazi.site\/archives\/1031706#primaryimage"},"thumbnailUrl":"https:\/\/darkamazi.site\/file\/2024\/11\/09022022134639-rojda.jpg","datePublished":"2024-11-08T18:39:00+00:00","breadcrumb":{"@id":"https:\/\/darkamazi.site\/archives\/1031706#breadcrumb"},"inLanguage":"en-US","potentialAction":[{"@type":"ReadAction","target":["https:\/\/darkamazi.site\/archives\/1031706"]}]},{"@type":"ImageObject","inLanguage":"en-US","@id":"https:\/\/darkamazi.site\/archives\/1031706#primaryimage","url":"https:\/\/darkamazi.site\/file\/2024\/11\/09022022134639-rojda.jpg","contentUrl":"https:\/\/darkamazi.site\/file\/2024\/11\/09022022134639-rojda.jpg","width":457,"height":252,"caption":"CHP'li belediye Rojda'n\u0131n konserini iptal etti"},{"@type":"BreadcrumbList","@id":"https:\/\/darkamazi.site\/archives\/1031706#breadcrumb","itemListElement":[{"@type":"ListItem","position":1,"name":"Home","item":"https:\/\/darkamazi.site\/"},{"@type":"ListItem","position":2,"name":"CHP&#8217;li belediye Rojda&#8217;n\u0131n konserini iptal etti"}]},{"@type":"WebSite","@id":"https:\/\/darkamazi.site\/#website","url":"https:\/\/darkamazi.site\/","name":"Darka Mazi","description":"Ana Sayfa","publisher":{"@id":"https:\/\/darkamazi.site\/#organization"},"potentialAction":[{"@type":"SearchAction","target":{"@type":"EntryPoint","urlTemplate":"https:\/\/darkamazi.site\/?s={search_term_string}"},"query-input":{"@type":"PropertyValueSpecification","valueRequired":true,"valueName":"search_term_string"}}],"inLanguage":"en-US"},{"@type":"Organization","@id":"https:\/\/darkamazi.site\/#organization","name":"Darka Mazi T\u00fcrk\u00e7e","alternateName":"Darka Mazi","url":"https:\/\/darkamazi.site\/","logo":{"@type":"ImageObject","inLanguage":"en-US","@id":"https:\/\/darkamazi.site\/#\/schema\/logo\/image\/","url":"https:\/\/darkamazi.site\/file\/2017\/12\/darka-mazi-logo.png","contentUrl":"https:\/\/darkamazi.site\/file\/2017\/12\/darka-mazi-logo.png","width":151,"height":75,"caption":"Darka Mazi T\u00fcrk\u00e7e"},"image":{"@id":"https:\/\/darkamazi.site\/#\/schema\/logo\/image\/"},"sameAs":["https:\/\/www.facebook.com\/DarkaMaziturkce","https:\/\/x.com\/DarkaMaziTurkce"]},{"@type":"Person","@id":"https:\/\/darkamazi.site\/#\/schema\/person\/67986a95ac546c16760365877ef4a9d3","name":"darka mazi","sameAs":["https:\/\/darkamazi.site"],"url":"https:\/\/darkamazi.site\/archives\/author\/turkish"}]}},"_links":{"self":[{"href":"https:\/\/darkamazi.site\/funavuv\/wp\/v2\/posts\/1031706","targetHints":{"allow":["GET"]}}],"collection":[{"href":"https:\/\/darkamazi.site\/funavuv\/wp\/v2\/posts"}],"about":[{"href":"https:\/\/darkamazi.site\/funavuv\/wp\/v2\/types\/post"}],"author":[{"embeddable":true,"href":"https:\/\/darkamazi.site\/funavuv\/wp\/v2\/users\/2"}],"replies":[{"embeddable":true,"href":"https:\/\/darkamazi.site\/funavuv\/wp\/v2\/comments?post=1031706"}],"version-history":[{"count":0,"href":"https:\/\/darkamazi.site\/funavuv\/wp\/v2\/posts\/1031706\/revisions"}],"wp:featuredmedia":[{"embeddable":true,"href":"https:\/\/darkamazi.site\/funavuv\/wp\/v2\/media\/1031707"}],"wp:attachment":[{"href":"https:\/\/darkamazi.site\/funavuv\/wp\/v2\/media?parent=1031706"}],"wp:term":[{"taxonomy":"category","embeddable":true,"href":"https:\/\/darkamazi.site\/funavuv\/wp\/v2\/categories?post=1031706"},{"taxonomy":"post_tag","embeddable":true,"href":"https:\/\/darkamazi.site\/funavuv\/wp\/v2\/tags?post=1031706"}],"curies":[{"name":"wp","href":"https:\/\/api.w.org\/{rel}","templated":true}]}}