{"id":1031877,"date":"2024-11-21T14:58:33","date_gmt":"2024-11-21T11:58:33","guid":{"rendered":"https:\/\/darkamazi.site\/?p=1031877"},"modified":"2024-11-21T14:58:33","modified_gmt":"2024-11-21T11:58:33","slug":"irak-ve-kurdistan-nufus-sayimi-122-yasindaki-kisi-nufus-sayiminda-tespit-edildi","status":"publish","type":"post","link":"https:\/\/darkamazi.site\/archives\/1031877","title":{"rendered":"Irak ve K\u00fcrdistan n\u00fcfus say\u0131m\u0131: 122 ya\u015f\u0131ndaki ki\u015fi n\u00fcfus say\u0131m\u0131nda tespit edildi"},"content":{"rendered":"<p>Irak&#8217;ta ya\u015fayanlar\u0131n genel n\u00fcfus say\u0131m\u0131 s\u00fcreci devam ediyor ve bu s\u00fcre\u00e7te Telefer halk\u0131n\u0131n en ya\u015fl\u0131 kad\u0131n\u0131 kay\u0131t alt\u0131na al\u0131nd\u0131.<\/p>\n<p>Ninewa eyaletinin Telafer il\u00e7esindeki n\u00fcfus say\u0131m\u0131 ekibi, 1902 do\u011fumlu, 122 ya\u015f\u0131ndaki Irak&#8217;\u0131n en ya\u015fl\u0131 insan\u0131 Am\u015fe isimli ya\u015fl\u0131 kad\u0131n\u0131n ad\u0131n\u0131 kaydetti.<\/p>\n<p>Irak medyas\u0131, onun Telafer il\u00e7esi sakini oldu\u011funu ve \u015fu anda n\u00fcfus say\u0131m\u0131 s\u00fcrecinde Irak&#8217;ta kay\u0131tl\u0131 en ya\u015fl\u0131 ki\u015fi oldu\u011funu, kendisinden sonra Selahaddin vilayetinin Dujel il\u00e7esinden 119 ya\u015f\u0131nda Umm Jasim ad\u0131nda ya\u015fl\u0131 bir kad\u0131n oldu\u011funu bildirdi.<\/p>\n","protected":false},"excerpt":{"rendered":"<p>Irak&#8217;ta ya\u015fayanlar\u0131n genel n\u00fcfus say\u0131m\u0131 s\u00fcreci devam ediyor ve bu s\u00fcre\u00e7te Telefer halk\u0131n\u0131n en ya\u015fl\u0131 kad\u0131n\u0131 kay\u0131t alt\u0131na al\u0131nd\u0131. Ninewa eyaletinin Telafer il\u00e7esindeki n\u00fcfus say\u0131m\u0131 ekibi, 1902 do\u011fumlu, 122 ya\u015f\u0131ndaki Irak&#8217;\u0131n en ya\u015fl\u0131 insan\u0131 Am\u015fe isimli ya\u015fl\u0131 kad\u0131n\u0131n ad\u0131n\u0131 kaydetti. Irak medyas\u0131, onun Telafer il\u00e7esi sakini oldu\u011funu ve \u015fu anda n\u00fcfus say\u0131m\u0131 s\u00fcrecinde Irak&#8217;ta kay\u0131tl\u0131 [&hellip;]<\/p>\n","protected":false},"author":2,"featured_media":1031878,"comment_status":"closed","ping_status":"closed","sticky":false,"template":"","format":"standard","meta":{"footnotes":""},"categories":[4],"tags":[],"class_list":["post-1031877","post","type-post","status-publish","format-standard","has-post-thumbnail","hentry","category-yasamdan"],"blocksy_meta":[],"seo_head":"<!-- This site is optimized with the Yoast SEO plugin v27.5 - https:\/\/yoast.com\/product\/yoast-seo-wordpress\/ -->\n<title>Irak ve K\u00fcrdistan n\u00fcfus say\u0131m\u0131: 122 ya\u015f\u0131ndaki ki\u015fi n\u00fcfus say\u0131m\u0131nda tespit edildi - Darka Mazi<\/title>\n<meta name=\"robots\" content=\"index, follow, max-snippet:-1, max-image-preview:large, max-video-preview:-1\" \/>\n<link rel=\"canonical\" href=\"https:\/\/darkamazi.site\/archives\/1031877\" \/>\n<meta property=\"og:locale\" content=\"en_US\" \/>\n<meta property=\"og:type\" content=\"article\" \/>\n<meta property=\"og:title\" content=\"Irak ve K\u00fcrdistan n\u00fcfus say\u0131m\u0131: 122 ya\u015f\u0131ndaki ki\u015fi n\u00fcfus say\u0131m\u0131nda tespit edildi - Darka Mazi\" \/>\n<meta property=\"og:description\" content=\"Irak&#8217;ta ya\u015fayanlar\u0131n genel n\u00fcfus say\u0131m\u0131 s\u00fcreci devam ediyor ve bu s\u00fcre\u00e7te Telefer halk\u0131n\u0131n en ya\u015fl\u0131 kad\u0131n\u0131 kay\u0131t alt\u0131na al\u0131nd\u0131. Ninewa eyaletinin Telafer il\u00e7esindeki n\u00fcfus say\u0131m\u0131 ekibi, 1902 do\u011fumlu, 122 ya\u015f\u0131ndaki Irak&#8217;\u0131n en ya\u015fl\u0131 insan\u0131 Am\u015fe isimli ya\u015fl\u0131 kad\u0131n\u0131n ad\u0131n\u0131 kaydetti. Irak medyas\u0131, onun Telafer il\u00e7esi sakini oldu\u011funu ve \u015fu anda n\u00fcfus say\u0131m\u0131 s\u00fcrecinde Irak&#8217;ta kay\u0131tl\u0131 [&hellip;]\" \/>\n<meta property=\"og:url\" content=\"https:\/\/darkamazi.site\/archives\/1031877\" \/>\n<meta property=\"og:site_name\" content=\"Darka Mazi\" \/>\n<meta property=\"article:publisher\" content=\"https:\/\/www.facebook.com\/DarkaMaziturkce\" \/>\n<meta property=\"article:published_time\" content=\"2024-11-21T11:58:33+00:00\" \/>\n<meta property=\"og:image\" content=\"https:\/\/darkamazi.site\/file\/2024\/11\/En-yasli-kadin.jpg\" \/>\n\t<meta property=\"og:image:width\" content=\"710\" \/>\n\t<meta property=\"og:image:height\" content=\"418\" \/>\n\t<meta property=\"og:image:type\" content=\"image\/jpeg\" \/>\n<meta name=\"author\" content=\"darka mazi\" \/>\n<meta name=\"twitter:card\" content=\"summary_large_image\" \/>\n<meta name=\"twitter:creator\" content=\"@DarkaMaziTurkce\" \/>\n<meta name=\"twitter:site\" content=\"@DarkaMaziTurkce\" \/>\n<meta name=\"twitter:label1\" content=\"Written by\" \/>\n\t<meta name=\"twitter:data1\" content=\"darka mazi\" \/>\n\t<meta name=\"twitter:label2\" content=\"Est. reading time\" \/>\n\t<meta name=\"twitter:data2\" content=\"1 minute\" \/>\n<script type=\"application\/ld+json\" class=\"seo-schema-graph\">{\"@context\":\"https:\\\/\\\/schema.org\",\"@graph\":[{\"@type\":\"NewsArticle\",\"@id\":\"https:\\\/\\\/darkamazi.site\\\/archives\\\/1031877#article\",\"isPartOf\":{\"@id\":\"https:\\\/\\\/darkamazi.site\\\/archives\\\/1031877\"},\"author\":{\"name\":\"darka mazi\",\"@id\":\"https:\\\/\\\/darkamazi.site\\\/#\\\/schema\\\/person\\\/67986a95ac546c16760365877ef4a9d3\"},\"headline\":\"Irak ve K\u00fcrdistan n\u00fcfus say\u0131m\u0131: 122 ya\u015f\u0131ndaki ki\u015fi n\u00fcfus say\u0131m\u0131nda tespit edildi\",\"datePublished\":\"2024-11-21T11:58:33+00:00\",\"mainEntityOfPage\":{\"@id\":\"https:\\\/\\\/darkamazi.site\\\/archives\\\/1031877\"},\"wordCount\":134,\"publisher\":{\"@id\":\"https:\\\/\\\/darkamazi.site\\\/#organization\"},\"image\":{\"@id\":\"https:\\\/\\\/darkamazi.site\\\/archives\\\/1031877#primaryimage\"},\"thumbnailUrl\":\"https:\\\/\\\/darkamazi.site\\\/darka-content\\\/uploads\\\/2024\\\/11\\\/En-yasli-kadin.jpg\",\"articleSection\":[\"ya\u015famdan\"],\"inLanguage\":\"en-US\"},{\"@type\":\"WebPage\",\"@id\":\"https:\\\/\\\/darkamazi.site\\\/archives\\\/1031877\",\"url\":\"https:\\\/\\\/darkamazi.site\\\/archives\\\/1031877\",\"name\":\"Irak ve K\u00fcrdistan n\u00fcfus say\u0131m\u0131: 122 ya\u015f\u0131ndaki ki\u015fi n\u00fcfus say\u0131m\u0131nda tespit edildi - Darka Mazi\",\"isPartOf\":{\"@id\":\"https:\\\/\\\/darkamazi.site\\\/#website\"},\"primaryImageOfPage\":{\"@id\":\"https:\\\/\\\/darkamazi.site\\\/archives\\\/1031877#primaryimage\"},\"image\":{\"@id\":\"https:\\\/\\\/darkamazi.site\\\/archives\\\/1031877#primaryimage\"},\"thumbnailUrl\":\"https:\\\/\\\/darkamazi.site\\\/darka-content\\\/uploads\\\/2024\\\/11\\\/En-yasli-kadin.jpg\",\"datePublished\":\"2024-11-21T11:58:33+00:00\",\"breadcrumb\":{\"@id\":\"https:\\\/\\\/darkamazi.site\\\/archives\\\/1031877#breadcrumb\"},\"inLanguage\":\"en-US\",\"potentialAction\":[{\"@type\":\"ReadAction\",\"target\":[\"https:\\\/\\\/darkamazi.site\\\/archives\\\/1031877\"]}]},{\"@type\":\"ImageObject\",\"inLanguage\":\"en-US\",\"@id\":\"https:\\\/\\\/darkamazi.site\\\/archives\\\/1031877#primaryimage\",\"url\":\"https:\\\/\\\/darkamazi.site\\\/darka-content\\\/uploads\\\/2024\\\/11\\\/En-yasli-kadin.jpg\",\"contentUrl\":\"https:\\\/\\\/darkamazi.site\\\/darka-content\\\/uploads\\\/2024\\\/11\\\/En-yasli-kadin.jpg\",\"width\":710,\"height\":418,\"caption\":\"Irak ve K\u00fcrdistan n\u00fcfus say\u0131m\u0131: 122 ya\u015f\u0131ndaki ki\u015fi n\u00fcfus say\u0131m\u0131nda tespit edildi\"},{\"@type\":\"BreadcrumbList\",\"@id\":\"https:\\\/\\\/darkamazi.site\\\/archives\\\/1031877#breadcrumb\",\"itemListElement\":[{\"@type\":\"ListItem\",\"position\":1,\"name\":\"Home\",\"item\":\"https:\\\/\\\/darkamazi.site\\\/\"},{\"@type\":\"ListItem\",\"position\":2,\"name\":\"Irak ve K\u00fcrdistan n\u00fcfus say\u0131m\u0131: 122 ya\u015f\u0131ndaki ki\u015fi n\u00fcfus say\u0131m\u0131nda tespit edildi\"}]},{\"@type\":\"WebSite\",\"@id\":\"https:\\\/\\\/darkamazi.site\\\/#website\",\"url\":\"https:\\\/\\\/darkamazi.site\\\/\",\"name\":\"Darka Mazi\",\"description\":\"Ana Sayfa\",\"publisher\":{\"@id\":\"https:\\\/\\\/darkamazi.site\\\/#organization\"},\"potentialAction\":[{\"@type\":\"SearchAction\",\"target\":{\"@type\":\"EntryPoint\",\"urlTemplate\":\"https:\\\/\\\/darkamazi.site\\\/?s={search_term_string}\"},\"query-input\":{\"@type\":\"PropertyValueSpecification\",\"valueRequired\":true,\"valueName\":\"search_term_string\"}}],\"inLanguage\":\"en-US\"},{\"@type\":\"Organization\",\"@id\":\"https:\\\/\\\/darkamazi.site\\\/#organization\",\"name\":\"Darka Mazi T\u00fcrk\u00e7e\",\"alternateName\":\"Darka Mazi\",\"url\":\"https:\\\/\\\/darkamazi.site\\\/\",\"logo\":{\"@type\":\"ImageObject\",\"inLanguage\":\"en-US\",\"@id\":\"https:\\\/\\\/darkamazi.site\\\/#\\\/schema\\\/logo\\\/image\\\/\",\"url\":\"https:\\\/\\\/darkamazi.site\\\/darka-content\\\/uploads\\\/2017\\\/12\\\/darka-mazi-logo.png\",\"contentUrl\":\"https:\\\/\\\/darkamazi.site\\\/darka-content\\\/uploads\\\/2017\\\/12\\\/darka-mazi-logo.png\",\"width\":151,\"height\":75,\"caption\":\"Darka Mazi T\u00fcrk\u00e7e\"},\"image\":{\"@id\":\"https:\\\/\\\/darkamazi.site\\\/#\\\/schema\\\/logo\\\/image\\\/\"},\"sameAs\":[\"https:\\\/\\\/www.facebook.com\\\/DarkaMaziturkce\",\"https:\\\/\\\/x.com\\\/DarkaMaziTurkce\"]},{\"@type\":\"Person\",\"@id\":\"https:\\\/\\\/darkamazi.site\\\/#\\\/schema\\\/person\\\/67986a95ac546c16760365877ef4a9d3\",\"name\":\"darka mazi\",\"sameAs\":[\"https:\\\/\\\/darkamazi.site\"],\"url\":\"https:\\\/\\\/darkamazi.site\\\/archives\\\/author\\\/turkish\"}]}<\/script>\n<!-- \/ Yoast SEO plugin. -->","seo_head_json":{"title":"Irak ve K\u00fcrdistan n\u00fcfus say\u0131m\u0131: 122 ya\u015f\u0131ndaki ki\u015fi n\u00fcfus say\u0131m\u0131nda tespit edildi - Darka Mazi","robots":{"index":"index","follow":"follow","max-snippet":"max-snippet:-1","max-image-preview":"max-image-preview:large","max-video-preview":"max-video-preview:-1"},"canonical":"https:\/\/darkamazi.site\/archives\/1031877","og_locale":"en_US","og_type":"article","og_title":"Irak ve K\u00fcrdistan n\u00fcfus say\u0131m\u0131: 122 ya\u015f\u0131ndaki ki\u015fi n\u00fcfus say\u0131m\u0131nda tespit edildi - Darka Mazi","og_description":"Irak&#8217;ta ya\u015fayanlar\u0131n genel n\u00fcfus say\u0131m\u0131 s\u00fcreci devam ediyor ve bu s\u00fcre\u00e7te Telefer halk\u0131n\u0131n en ya\u015fl\u0131 kad\u0131n\u0131 kay\u0131t alt\u0131na al\u0131nd\u0131. Ninewa eyaletinin Telafer il\u00e7esindeki n\u00fcfus say\u0131m\u0131 ekibi, 1902 do\u011fumlu, 122 ya\u015f\u0131ndaki Irak&#8217;\u0131n en ya\u015fl\u0131 insan\u0131 Am\u015fe isimli ya\u015fl\u0131 kad\u0131n\u0131n ad\u0131n\u0131 kaydetti. Irak medyas\u0131, onun Telafer il\u00e7esi sakini oldu\u011funu ve \u015fu anda n\u00fcfus say\u0131m\u0131 s\u00fcrecinde Irak&#8217;ta kay\u0131tl\u0131 [&hellip;]","og_url":"https:\/\/darkamazi.site\/archives\/1031877","og_site_name":"Darka Mazi","article_publisher":"https:\/\/www.facebook.com\/DarkaMaziturkce","article_published_time":"2024-11-21T11:58:33+00:00","og_image":[{"width":710,"height":418,"url":"https:\/\/darkamazi.site\/file\/2024\/11\/En-yasli-kadin.jpg","type":"image\/jpeg"}],"author":"darka mazi","twitter_card":"summary_large_image","twitter_creator":"@DarkaMaziTurkce","twitter_site":"@DarkaMaziTurkce","twitter_misc":{"Written by":"darka mazi","Est. reading time":"1 minute"},"schema":{"@context":"https:\/\/schema.org","@graph":[{"@type":"NewsArticle","@id":"https:\/\/darkamazi.site\/archives\/1031877#article","isPartOf":{"@id":"https:\/\/darkamazi.site\/archives\/1031877"},"author":{"name":"darka mazi","@id":"https:\/\/darkamazi.site\/#\/schema\/person\/67986a95ac546c16760365877ef4a9d3"},"headline":"Irak ve K\u00fcrdistan n\u00fcfus say\u0131m\u0131: 122 ya\u015f\u0131ndaki ki\u015fi n\u00fcfus say\u0131m\u0131nda tespit edildi","datePublished":"2024-11-21T11:58:33+00:00","mainEntityOfPage":{"@id":"https:\/\/darkamazi.site\/archives\/1031877"},"wordCount":134,"publisher":{"@id":"https:\/\/darkamazi.site\/#organization"},"image":{"@id":"https:\/\/darkamazi.site\/archives\/1031877#primaryimage"},"thumbnailUrl":"https:\/\/darkamazi.site\/file\/2024\/11\/En-yasli-kadin.jpg","articleSection":["ya\u015famdan"],"inLanguage":"en-US"},{"@type":"WebPage","@id":"https:\/\/darkamazi.site\/archives\/1031877","url":"https:\/\/darkamazi.site\/archives\/1031877","name":"Irak ve K\u00fcrdistan n\u00fcfus say\u0131m\u0131: 122 ya\u015f\u0131ndaki ki\u015fi n\u00fcfus say\u0131m\u0131nda tespit edildi - Darka Mazi","isPartOf":{"@id":"https:\/\/darkamazi.site\/#website"},"primaryImageOfPage":{"@id":"https:\/\/darkamazi.site\/archives\/1031877#primaryimage"},"image":{"@id":"https:\/\/darkamazi.site\/archives\/1031877#primaryimage"},"thumbnailUrl":"https:\/\/darkamazi.site\/file\/2024\/11\/En-yasli-kadin.jpg","datePublished":"2024-11-21T11:58:33+00:00","breadcrumb":{"@id":"https:\/\/darkamazi.site\/archives\/1031877#breadcrumb"},"inLanguage":"en-US","potentialAction":[{"@type":"ReadAction","target":["https:\/\/darkamazi.site\/archives\/1031877"]}]},{"@type":"ImageObject","inLanguage":"en-US","@id":"https:\/\/darkamazi.site\/archives\/1031877#primaryimage","url":"https:\/\/darkamazi.site\/file\/2024\/11\/En-yasli-kadin.jpg","contentUrl":"https:\/\/darkamazi.site\/file\/2024\/11\/En-yasli-kadin.jpg","width":710,"height":418,"caption":"Irak ve K\u00fcrdistan n\u00fcfus say\u0131m\u0131: 122 ya\u015f\u0131ndaki ki\u015fi n\u00fcfus say\u0131m\u0131nda tespit edildi"},{"@type":"BreadcrumbList","@id":"https:\/\/darkamazi.site\/archives\/1031877#breadcrumb","itemListElement":[{"@type":"ListItem","position":1,"name":"Home","item":"https:\/\/darkamazi.site\/"},{"@type":"ListItem","position":2,"name":"Irak ve K\u00fcrdistan n\u00fcfus say\u0131m\u0131: 122 ya\u015f\u0131ndaki ki\u015fi n\u00fcfus say\u0131m\u0131nda tespit edildi"}]},{"@type":"WebSite","@id":"https:\/\/darkamazi.site\/#website","url":"https:\/\/darkamazi.site\/","name":"Darka Mazi","description":"Ana Sayfa","publisher":{"@id":"https:\/\/darkamazi.site\/#organization"},"potentialAction":[{"@type":"SearchAction","target":{"@type":"EntryPoint","urlTemplate":"https:\/\/darkamazi.site\/?s={search_term_string}"},"query-input":{"@type":"PropertyValueSpecification","valueRequired":true,"valueName":"search_term_string"}}],"inLanguage":"en-US"},{"@type":"Organization","@id":"https:\/\/darkamazi.site\/#organization","name":"Darka Mazi T\u00fcrk\u00e7e","alternateName":"Darka Mazi","url":"https:\/\/darkamazi.site\/","logo":{"@type":"ImageObject","inLanguage":"en-US","@id":"https:\/\/darkamazi.site\/#\/schema\/logo\/image\/","url":"https:\/\/darkamazi.site\/file\/2017\/12\/darka-mazi-logo.png","contentUrl":"https:\/\/darkamazi.site\/file\/2017\/12\/darka-mazi-logo.png","width":151,"height":75,"caption":"Darka Mazi T\u00fcrk\u00e7e"},"image":{"@id":"https:\/\/darkamazi.site\/#\/schema\/logo\/image\/"},"sameAs":["https:\/\/www.facebook.com\/DarkaMaziturkce","https:\/\/x.com\/DarkaMaziTurkce"]},{"@type":"Person","@id":"https:\/\/darkamazi.site\/#\/schema\/person\/67986a95ac546c16760365877ef4a9d3","name":"darka mazi","sameAs":["https:\/\/darkamazi.site"],"url":"https:\/\/darkamazi.site\/archives\/author\/turkish"}]}},"_links":{"self":[{"href":"https:\/\/darkamazi.site\/funavuv\/wp\/v2\/posts\/1031877","targetHints":{"allow":["GET"]}}],"collection":[{"href":"https:\/\/darkamazi.site\/funavuv\/wp\/v2\/posts"}],"about":[{"href":"https:\/\/darkamazi.site\/funavuv\/wp\/v2\/types\/post"}],"author":[{"embeddable":true,"href":"https:\/\/darkamazi.site\/funavuv\/wp\/v2\/users\/2"}],"replies":[{"embeddable":true,"href":"https:\/\/darkamazi.site\/funavuv\/wp\/v2\/comments?post=1031877"}],"version-history":[{"count":0,"href":"https:\/\/darkamazi.site\/funavuv\/wp\/v2\/posts\/1031877\/revisions"}],"wp:featuredmedia":[{"embeddable":true,"href":"https:\/\/darkamazi.site\/funavuv\/wp\/v2\/media\/1031878"}],"wp:attachment":[{"href":"https:\/\/darkamazi.site\/funavuv\/wp\/v2\/media?parent=1031877"}],"wp:term":[{"taxonomy":"category","embeddable":true,"href":"https:\/\/darkamazi.site\/funavuv\/wp\/v2\/categories?post=1031877"},{"taxonomy":"post_tag","embeddable":true,"href":"https:\/\/darkamazi.site\/funavuv\/wp\/v2\/tags?post=1031877"}],"curies":[{"name":"wp","href":"https:\/\/api.w.org\/{rel}","templated":true}]}}