{"id":1031894,"date":"2024-11-21T16:47:13","date_gmt":"2024-11-21T13:47:13","guid":{"rendered":"https:\/\/darkamazi.site\/?p=1031894"},"modified":"2024-11-21T16:47:13","modified_gmt":"2024-11-21T13:47:13","slug":"dogu-kurdistan-sanatci-ibrahim-qadiri-hayata-veda-etti","status":"publish","type":"post","link":"https:\/\/darkamazi.site\/archives\/1031894","title":{"rendered":"Do\u011fu K\u00fcrdistan: Sanat\u00e7\u0131 \u0130brahim Qadiri hayata veda etti"},"content":{"rendered":"<p>Do\u011fu K\u00fcrdistan&#8217;\u0131n sevilen sanat\u00e7\u0131lar\u0131ndan m\u00fczisyen\u00a0 \u0130brahim Kaderi 19\/11\/2 Sal\u0131 g\u00fcn\u00fc Mahabad&#8217;da vefat etti<\/p>\n<p>Sanat\u00e7\u0131 birka\u00e7 y\u0131ld\u0131r hastayd\u0131\u00a0 ve tedavi g\u00f6r\u00fcyordu. Tan\u0131nm\u0131\u015f K\u00fcrt sanat\u00e7\u0131 Nas\u0131r Rezazi k\u0131sa bir s\u00fcre \u00f6nce kendisi ile telefonda g\u00f6r\u00fc\u015fm\u00fc\u015ft\u00fc.<\/p>\n<p>\u0130brahim Qaderi, 26\/4\/1934 tarihinde Mahabad&#8217;\u0131n Isakandi k\u00f6y\u00fcnde do\u011fdu. 1951 y\u0131l\u0131nda \u015fark\u0131 s\u00f6ylemeye ba\u015flad\u0131 ve bir\u00e7ok sanatsal eser kaydetti. Kadiri K\u00fcrt m\u00fczi\u011fine \u00f6nemli katk\u0131lar\u0131 olan biri isimdi. Mahabad&#8217;ta kitlesel olarak topra\u011fa verildi. Halk Qadiri&#8217;nin \u015fark\u0131lar\u0131n\u0131 s\u00f6yledi.<\/p>\n","protected":false},"excerpt":{"rendered":"<p>Do\u011fu K\u00fcrdistan&#8217;\u0131n sevilen sanat\u00e7\u0131lar\u0131ndan m\u00fczisyen\u00a0 \u0130brahim Kaderi 19\/11\/2 Sal\u0131 g\u00fcn\u00fc Mahabad&#8217;da vefat etti Sanat\u00e7\u0131 birka\u00e7 y\u0131ld\u0131r hastayd\u0131\u00a0 ve tedavi g\u00f6r\u00fcyordu. Tan\u0131nm\u0131\u015f K\u00fcrt sanat\u00e7\u0131 Nas\u0131r Rezazi k\u0131sa bir s\u00fcre \u00f6nce kendisi ile telefonda g\u00f6r\u00fc\u015fm\u00fc\u015ft\u00fc. \u0130brahim Qaderi, 26\/4\/1934 tarihinde Mahabad&#8217;\u0131n Isakandi k\u00f6y\u00fcnde do\u011fdu. 1951 y\u0131l\u0131nda \u015fark\u0131 s\u00f6ylemeye ba\u015flad\u0131 ve bir\u00e7ok sanatsal eser kaydetti. Kadiri K\u00fcrt m\u00fczi\u011fine \u00f6nemli [&hellip;]<\/p>\n","protected":false},"author":2,"featured_media":1031895,"comment_status":"closed","ping_status":"closed","sticky":false,"template":"","format":"standard","meta":{"footnotes":""},"categories":[33],"tags":[],"class_list":["post-1031894","post","type-post","status-publish","format-standard","has-post-thumbnail","hentry","category-sanat"],"blocksy_meta":[],"seo_head":"<!-- This site is optimized with the Yoast SEO plugin v27.5 - https:\/\/yoast.com\/product\/yoast-seo-wordpress\/ -->\n<title>Do\u011fu K\u00fcrdistan: Sanat\u00e7\u0131 \u0130brahim Qadiri hayata veda etti - Darka Mazi<\/title>\n<meta name=\"robots\" content=\"index, follow, max-snippet:-1, max-image-preview:large, max-video-preview:-1\" \/>\n<link rel=\"canonical\" href=\"https:\/\/darkamazi.site\/archives\/1031894\" \/>\n<meta property=\"og:locale\" content=\"en_US\" \/>\n<meta property=\"og:type\" content=\"article\" \/>\n<meta property=\"og:title\" content=\"Do\u011fu K\u00fcrdistan: Sanat\u00e7\u0131 \u0130brahim Qadiri hayata veda etti - Darka Mazi\" \/>\n<meta property=\"og:description\" content=\"Do\u011fu K\u00fcrdistan&#8217;\u0131n sevilen sanat\u00e7\u0131lar\u0131ndan m\u00fczisyen\u00a0 \u0130brahim Kaderi 19\/11\/2 Sal\u0131 g\u00fcn\u00fc Mahabad&#8217;da vefat etti Sanat\u00e7\u0131 birka\u00e7 y\u0131ld\u0131r hastayd\u0131\u00a0 ve tedavi g\u00f6r\u00fcyordu. Tan\u0131nm\u0131\u015f K\u00fcrt sanat\u00e7\u0131 Nas\u0131r Rezazi k\u0131sa bir s\u00fcre \u00f6nce kendisi ile telefonda g\u00f6r\u00fc\u015fm\u00fc\u015ft\u00fc. \u0130brahim Qaderi, 26\/4\/1934 tarihinde Mahabad&#8217;\u0131n Isakandi k\u00f6y\u00fcnde do\u011fdu. 1951 y\u0131l\u0131nda \u015fark\u0131 s\u00f6ylemeye ba\u015flad\u0131 ve bir\u00e7ok sanatsal eser kaydetti. Kadiri K\u00fcrt m\u00fczi\u011fine \u00f6nemli [&hellip;]\" \/>\n<meta property=\"og:url\" content=\"https:\/\/darkamazi.site\/archives\/1031894\" \/>\n<meta property=\"og:site_name\" content=\"Darka Mazi\" \/>\n<meta property=\"article:publisher\" content=\"https:\/\/www.facebook.com\/DarkaMaziturkce\" \/>\n<meta property=\"article:published_time\" content=\"2024-11-21T13:47:13+00:00\" \/>\n<meta property=\"og:image\" content=\"https:\/\/darkamazi.site\/file\/2024\/11\/ibrahim-kaderi.jpg\" \/>\n\t<meta property=\"og:image:width\" content=\"1200\" \/>\n\t<meta property=\"og:image:height\" content=\"775\" \/>\n\t<meta property=\"og:image:type\" content=\"image\/jpeg\" \/>\n<meta name=\"author\" content=\"darka mazi\" \/>\n<meta name=\"twitter:card\" content=\"summary_large_image\" \/>\n<meta name=\"twitter:creator\" content=\"@DarkaMaziTurkce\" \/>\n<meta name=\"twitter:site\" content=\"@DarkaMaziTurkce\" \/>\n<meta name=\"twitter:label1\" content=\"Written by\" \/>\n\t<meta name=\"twitter:data1\" content=\"darka mazi\" \/>\n\t<meta name=\"twitter:label2\" content=\"Est. reading time\" \/>\n\t<meta name=\"twitter:data2\" content=\"1 minute\" \/>\n<script type=\"application\/ld+json\" class=\"seo-schema-graph\">{\"@context\":\"https:\\\/\\\/schema.org\",\"@graph\":[{\"@type\":\"NewsArticle\",\"@id\":\"https:\\\/\\\/darkamazi.site\\\/archives\\\/1031894#article\",\"isPartOf\":{\"@id\":\"https:\\\/\\\/darkamazi.site\\\/archives\\\/1031894\"},\"author\":{\"name\":\"darka mazi\",\"@id\":\"https:\\\/\\\/darkamazi.site\\\/#\\\/schema\\\/person\\\/67986a95ac546c16760365877ef4a9d3\"},\"headline\":\"Do\u011fu K\u00fcrdistan: Sanat\u00e7\u0131 \u0130brahim Qadiri hayata veda etti\",\"datePublished\":\"2024-11-21T13:47:13+00:00\",\"mainEntityOfPage\":{\"@id\":\"https:\\\/\\\/darkamazi.site\\\/archives\\\/1031894\"},\"wordCount\":114,\"publisher\":{\"@id\":\"https:\\\/\\\/darkamazi.site\\\/#organization\"},\"image\":{\"@id\":\"https:\\\/\\\/darkamazi.site\\\/archives\\\/1031894#primaryimage\"},\"thumbnailUrl\":\"https:\\\/\\\/darkamazi.site\\\/darka-content\\\/uploads\\\/2024\\\/11\\\/ibrahim-kaderi.jpg\",\"articleSection\":[\"Sanat\"],\"inLanguage\":\"en-US\"},{\"@type\":\"WebPage\",\"@id\":\"https:\\\/\\\/darkamazi.site\\\/archives\\\/1031894\",\"url\":\"https:\\\/\\\/darkamazi.site\\\/archives\\\/1031894\",\"name\":\"Do\u011fu K\u00fcrdistan: Sanat\u00e7\u0131 \u0130brahim Qadiri hayata veda etti - Darka Mazi\",\"isPartOf\":{\"@id\":\"https:\\\/\\\/darkamazi.site\\\/#website\"},\"primaryImageOfPage\":{\"@id\":\"https:\\\/\\\/darkamazi.site\\\/archives\\\/1031894#primaryimage\"},\"image\":{\"@id\":\"https:\\\/\\\/darkamazi.site\\\/archives\\\/1031894#primaryimage\"},\"thumbnailUrl\":\"https:\\\/\\\/darkamazi.site\\\/darka-content\\\/uploads\\\/2024\\\/11\\\/ibrahim-kaderi.jpg\",\"datePublished\":\"2024-11-21T13:47:13+00:00\",\"breadcrumb\":{\"@id\":\"https:\\\/\\\/darkamazi.site\\\/archives\\\/1031894#breadcrumb\"},\"inLanguage\":\"en-US\",\"potentialAction\":[{\"@type\":\"ReadAction\",\"target\":[\"https:\\\/\\\/darkamazi.site\\\/archives\\\/1031894\"]}]},{\"@type\":\"ImageObject\",\"inLanguage\":\"en-US\",\"@id\":\"https:\\\/\\\/darkamazi.site\\\/archives\\\/1031894#primaryimage\",\"url\":\"https:\\\/\\\/darkamazi.site\\\/darka-content\\\/uploads\\\/2024\\\/11\\\/ibrahim-kaderi.jpg\",\"contentUrl\":\"https:\\\/\\\/darkamazi.site\\\/darka-content\\\/uploads\\\/2024\\\/11\\\/ibrahim-kaderi.jpg\",\"width\":1200,\"height\":775,\"caption\":\"K\u00fcrt \u015fark\u0131c\u0131 \u0130brahim Kaderi 19\\\/11\\\/2 Sal\u0131 g\u00fcn\u00fc Mahabad'da vefat etti Sanat\u00e7\u0131 birka\u00e7 y\u0131ld\u0131r hastayd\u0131 ve bu \u00f6\u011fleden sonra vefat etti. \u0130brahim Qaderi, 26\\\/4\\\/1934 tarihinde Mahabad'\u0131n Isakandi k\u00f6y\u00fcnde do\u011fdu. 1951 y\u0131l\u0131nda \u015fark\u0131 s\u00f6ylemeye ba\u015flad\u0131 ve bir\u00e7ok sanatsal eser kaydetti.\"},{\"@type\":\"BreadcrumbList\",\"@id\":\"https:\\\/\\\/darkamazi.site\\\/archives\\\/1031894#breadcrumb\",\"itemListElement\":[{\"@type\":\"ListItem\",\"position\":1,\"name\":\"Home\",\"item\":\"https:\\\/\\\/darkamazi.site\\\/\"},{\"@type\":\"ListItem\",\"position\":2,\"name\":\"Do\u011fu K\u00fcrdistan: Sanat\u00e7\u0131 \u0130brahim Qadiri hayata veda etti\"}]},{\"@type\":\"WebSite\",\"@id\":\"https:\\\/\\\/darkamazi.site\\\/#website\",\"url\":\"https:\\\/\\\/darkamazi.site\\\/\",\"name\":\"Darka Mazi\",\"description\":\"Ana Sayfa\",\"publisher\":{\"@id\":\"https:\\\/\\\/darkamazi.site\\\/#organization\"},\"potentialAction\":[{\"@type\":\"SearchAction\",\"target\":{\"@type\":\"EntryPoint\",\"urlTemplate\":\"https:\\\/\\\/darkamazi.site\\\/?s={search_term_string}\"},\"query-input\":{\"@type\":\"PropertyValueSpecification\",\"valueRequired\":true,\"valueName\":\"search_term_string\"}}],\"inLanguage\":\"en-US\"},{\"@type\":\"Organization\",\"@id\":\"https:\\\/\\\/darkamazi.site\\\/#organization\",\"name\":\"Darka Mazi T\u00fcrk\u00e7e\",\"alternateName\":\"Darka Mazi\",\"url\":\"https:\\\/\\\/darkamazi.site\\\/\",\"logo\":{\"@type\":\"ImageObject\",\"inLanguage\":\"en-US\",\"@id\":\"https:\\\/\\\/darkamazi.site\\\/#\\\/schema\\\/logo\\\/image\\\/\",\"url\":\"https:\\\/\\\/darkamazi.site\\\/darka-content\\\/uploads\\\/2017\\\/12\\\/darka-mazi-logo.png\",\"contentUrl\":\"https:\\\/\\\/darkamazi.site\\\/darka-content\\\/uploads\\\/2017\\\/12\\\/darka-mazi-logo.png\",\"width\":151,\"height\":75,\"caption\":\"Darka Mazi T\u00fcrk\u00e7e\"},\"image\":{\"@id\":\"https:\\\/\\\/darkamazi.site\\\/#\\\/schema\\\/logo\\\/image\\\/\"},\"sameAs\":[\"https:\\\/\\\/www.facebook.com\\\/DarkaMaziturkce\",\"https:\\\/\\\/x.com\\\/DarkaMaziTurkce\"]},{\"@type\":\"Person\",\"@id\":\"https:\\\/\\\/darkamazi.site\\\/#\\\/schema\\\/person\\\/67986a95ac546c16760365877ef4a9d3\",\"name\":\"darka mazi\",\"sameAs\":[\"https:\\\/\\\/darkamazi.site\"],\"url\":\"https:\\\/\\\/darkamazi.site\\\/archives\\\/author\\\/turkish\"}]}<\/script>\n<!-- \/ Yoast SEO plugin. -->","seo_head_json":{"title":"Do\u011fu K\u00fcrdistan: Sanat\u00e7\u0131 \u0130brahim Qadiri hayata veda etti - Darka Mazi","robots":{"index":"index","follow":"follow","max-snippet":"max-snippet:-1","max-image-preview":"max-image-preview:large","max-video-preview":"max-video-preview:-1"},"canonical":"https:\/\/darkamazi.site\/archives\/1031894","og_locale":"en_US","og_type":"article","og_title":"Do\u011fu K\u00fcrdistan: Sanat\u00e7\u0131 \u0130brahim Qadiri hayata veda etti - Darka Mazi","og_description":"Do\u011fu K\u00fcrdistan&#8217;\u0131n sevilen sanat\u00e7\u0131lar\u0131ndan m\u00fczisyen\u00a0 \u0130brahim Kaderi 19\/11\/2 Sal\u0131 g\u00fcn\u00fc Mahabad&#8217;da vefat etti Sanat\u00e7\u0131 birka\u00e7 y\u0131ld\u0131r hastayd\u0131\u00a0 ve tedavi g\u00f6r\u00fcyordu. Tan\u0131nm\u0131\u015f K\u00fcrt sanat\u00e7\u0131 Nas\u0131r Rezazi k\u0131sa bir s\u00fcre \u00f6nce kendisi ile telefonda g\u00f6r\u00fc\u015fm\u00fc\u015ft\u00fc. \u0130brahim Qaderi, 26\/4\/1934 tarihinde Mahabad&#8217;\u0131n Isakandi k\u00f6y\u00fcnde do\u011fdu. 1951 y\u0131l\u0131nda \u015fark\u0131 s\u00f6ylemeye ba\u015flad\u0131 ve bir\u00e7ok sanatsal eser kaydetti. Kadiri K\u00fcrt m\u00fczi\u011fine \u00f6nemli [&hellip;]","og_url":"https:\/\/darkamazi.site\/archives\/1031894","og_site_name":"Darka Mazi","article_publisher":"https:\/\/www.facebook.com\/DarkaMaziturkce","article_published_time":"2024-11-21T13:47:13+00:00","og_image":[{"width":1200,"height":775,"url":"https:\/\/darkamazi.site\/file\/2024\/11\/ibrahim-kaderi.jpg","type":"image\/jpeg"}],"author":"darka mazi","twitter_card":"summary_large_image","twitter_creator":"@DarkaMaziTurkce","twitter_site":"@DarkaMaziTurkce","twitter_misc":{"Written by":"darka mazi","Est. reading time":"1 minute"},"schema":{"@context":"https:\/\/schema.org","@graph":[{"@type":"NewsArticle","@id":"https:\/\/darkamazi.site\/archives\/1031894#article","isPartOf":{"@id":"https:\/\/darkamazi.site\/archives\/1031894"},"author":{"name":"darka mazi","@id":"https:\/\/darkamazi.site\/#\/schema\/person\/67986a95ac546c16760365877ef4a9d3"},"headline":"Do\u011fu K\u00fcrdistan: Sanat\u00e7\u0131 \u0130brahim Qadiri hayata veda etti","datePublished":"2024-11-21T13:47:13+00:00","mainEntityOfPage":{"@id":"https:\/\/darkamazi.site\/archives\/1031894"},"wordCount":114,"publisher":{"@id":"https:\/\/darkamazi.site\/#organization"},"image":{"@id":"https:\/\/darkamazi.site\/archives\/1031894#primaryimage"},"thumbnailUrl":"https:\/\/darkamazi.site\/file\/2024\/11\/ibrahim-kaderi.jpg","articleSection":["Sanat"],"inLanguage":"en-US"},{"@type":"WebPage","@id":"https:\/\/darkamazi.site\/archives\/1031894","url":"https:\/\/darkamazi.site\/archives\/1031894","name":"Do\u011fu K\u00fcrdistan: Sanat\u00e7\u0131 \u0130brahim Qadiri hayata veda etti - Darka Mazi","isPartOf":{"@id":"https:\/\/darkamazi.site\/#website"},"primaryImageOfPage":{"@id":"https:\/\/darkamazi.site\/archives\/1031894#primaryimage"},"image":{"@id":"https:\/\/darkamazi.site\/archives\/1031894#primaryimage"},"thumbnailUrl":"https:\/\/darkamazi.site\/file\/2024\/11\/ibrahim-kaderi.jpg","datePublished":"2024-11-21T13:47:13+00:00","breadcrumb":{"@id":"https:\/\/darkamazi.site\/archives\/1031894#breadcrumb"},"inLanguage":"en-US","potentialAction":[{"@type":"ReadAction","target":["https:\/\/darkamazi.site\/archives\/1031894"]}]},{"@type":"ImageObject","inLanguage":"en-US","@id":"https:\/\/darkamazi.site\/archives\/1031894#primaryimage","url":"https:\/\/darkamazi.site\/file\/2024\/11\/ibrahim-kaderi.jpg","contentUrl":"https:\/\/darkamazi.site\/file\/2024\/11\/ibrahim-kaderi.jpg","width":1200,"height":775,"caption":"K\u00fcrt \u015fark\u0131c\u0131 \u0130brahim Kaderi 19\/11\/2 Sal\u0131 g\u00fcn\u00fc Mahabad'da vefat etti Sanat\u00e7\u0131 birka\u00e7 y\u0131ld\u0131r hastayd\u0131 ve bu \u00f6\u011fleden sonra vefat etti. \u0130brahim Qaderi, 26\/4\/1934 tarihinde Mahabad'\u0131n Isakandi k\u00f6y\u00fcnde do\u011fdu. 1951 y\u0131l\u0131nda \u015fark\u0131 s\u00f6ylemeye ba\u015flad\u0131 ve bir\u00e7ok sanatsal eser kaydetti."},{"@type":"BreadcrumbList","@id":"https:\/\/darkamazi.site\/archives\/1031894#breadcrumb","itemListElement":[{"@type":"ListItem","position":1,"name":"Home","item":"https:\/\/darkamazi.site\/"},{"@type":"ListItem","position":2,"name":"Do\u011fu K\u00fcrdistan: Sanat\u00e7\u0131 \u0130brahim Qadiri hayata veda etti"}]},{"@type":"WebSite","@id":"https:\/\/darkamazi.site\/#website","url":"https:\/\/darkamazi.site\/","name":"Darka Mazi","description":"Ana Sayfa","publisher":{"@id":"https:\/\/darkamazi.site\/#organization"},"potentialAction":[{"@type":"SearchAction","target":{"@type":"EntryPoint","urlTemplate":"https:\/\/darkamazi.site\/?s={search_term_string}"},"query-input":{"@type":"PropertyValueSpecification","valueRequired":true,"valueName":"search_term_string"}}],"inLanguage":"en-US"},{"@type":"Organization","@id":"https:\/\/darkamazi.site\/#organization","name":"Darka Mazi T\u00fcrk\u00e7e","alternateName":"Darka Mazi","url":"https:\/\/darkamazi.site\/","logo":{"@type":"ImageObject","inLanguage":"en-US","@id":"https:\/\/darkamazi.site\/#\/schema\/logo\/image\/","url":"https:\/\/darkamazi.site\/file\/2017\/12\/darka-mazi-logo.png","contentUrl":"https:\/\/darkamazi.site\/file\/2017\/12\/darka-mazi-logo.png","width":151,"height":75,"caption":"Darka Mazi T\u00fcrk\u00e7e"},"image":{"@id":"https:\/\/darkamazi.site\/#\/schema\/logo\/image\/"},"sameAs":["https:\/\/www.facebook.com\/DarkaMaziturkce","https:\/\/x.com\/DarkaMaziTurkce"]},{"@type":"Person","@id":"https:\/\/darkamazi.site\/#\/schema\/person\/67986a95ac546c16760365877ef4a9d3","name":"darka mazi","sameAs":["https:\/\/darkamazi.site"],"url":"https:\/\/darkamazi.site\/archives\/author\/turkish"}]}},"_links":{"self":[{"href":"https:\/\/darkamazi.site\/funavuv\/wp\/v2\/posts\/1031894","targetHints":{"allow":["GET"]}}],"collection":[{"href":"https:\/\/darkamazi.site\/funavuv\/wp\/v2\/posts"}],"about":[{"href":"https:\/\/darkamazi.site\/funavuv\/wp\/v2\/types\/post"}],"author":[{"embeddable":true,"href":"https:\/\/darkamazi.site\/funavuv\/wp\/v2\/users\/2"}],"replies":[{"embeddable":true,"href":"https:\/\/darkamazi.site\/funavuv\/wp\/v2\/comments?post=1031894"}],"version-history":[{"count":0,"href":"https:\/\/darkamazi.site\/funavuv\/wp\/v2\/posts\/1031894\/revisions"}],"wp:featuredmedia":[{"embeddable":true,"href":"https:\/\/darkamazi.site\/funavuv\/wp\/v2\/media\/1031895"}],"wp:attachment":[{"href":"https:\/\/darkamazi.site\/funavuv\/wp\/v2\/media?parent=1031894"}],"wp:term":[{"taxonomy":"category","embeddable":true,"href":"https:\/\/darkamazi.site\/funavuv\/wp\/v2\/categories?post=1031894"},{"taxonomy":"post_tag","embeddable":true,"href":"https:\/\/darkamazi.site\/funavuv\/wp\/v2\/tags?post=1031894"}],"curies":[{"name":"wp","href":"https:\/\/api.w.org\/{rel}","templated":true}]}}