{"id":1031954,"date":"2024-11-25T09:59:36","date_gmt":"2024-11-25T06:59:36","guid":{"rendered":"https:\/\/darkamazi.site\/?p=1031954"},"modified":"2024-11-25T09:59:36","modified_gmt":"2024-11-25T06:59:36","slug":"bugun-25-kasim-kadina-karsi-siddetle-mucadele-gunu","status":"publish","type":"post","link":"https:\/\/darkamazi.site\/archives\/1031954","title":{"rendered":"Bug\u00fcn 25 Kas\u0131m Kad\u0131na Kar\u015f\u0131 \u015eiddetle M\u00fccadele G\u00fcn\u00fc"},"content":{"rendered":"<p style=\"text-align: justify\">Mirabal Karde\u015flerin \u00f6ld\u00fcr\u00fcld\u00fc\u011f\u00fc g\u00fcn olan 25 Kas\u0131m, 1981 y\u0131l\u0131nda Kad\u0131na Y\u00f6nelik \u015eiddetle M\u00fccadele G\u00fcn\u00fc olarak ilan edilmi\u015ftir.<\/p>\n<p style=\"text-align: justify\">25 Kas\u0131m; 1960&#8217;da Dominik Cumhuriyeti&#8217;nde fa\u015fist Trujillo H\u00fck\u00fcmet&#8217;ine kar\u015f\u0131 ezilenlerin verdi\u011fi bu b\u00fcy\u00fck m\u00fccadelede sembol haline gelen Mirabal Karde\u015flerin tecav\u00fcz edilerek \u00f6ld\u00fcr\u00fcld\u00fc\u011f\u00fc g\u00fcnd\u00fcr.<\/p>\n<p style=\"text-align: justify\"><strong>&#8220;\u00dclkenin en b\u00fcy\u00fck iki sorunu Kilise Ve Mirabel Karde\u015fler&#8221;<\/strong><\/p>\n<p style=\"text-align: justify\">Trujillo, b\u00fct\u00fcn diktat\u00f6rler gibi halka \u00f6l\u00fcm, bask\u0131, zul\u00fcm dayatm\u0131\u015f biri. Kendisine kar\u015f\u0131 \u00e7\u0131kanlar ya tutuklanm\u0131\u015f ya da faili me\u00e7hul bir cinayete kurban gitmi\u015f. Yetmemi\u015f askeri istihbarat servisine kurdurdu\u011fu \u201c40\u201d adl\u0131 hapishanede muhaliflerine i\u015fkence yapt\u0131rm\u0131\u015f, bir\u00e7o\u011funu elektrikli sandalyede \u00f6ld\u00fcrtm\u00fc\u015ft\u00fcr.<\/p>\n<p style=\"text-align: justify\">Mirabal Karde\u015fler ve e\u015fleri, Trujillo diktat\u00f6rl\u00fc\u011f\u00fcne kar\u015f\u0131 Clandestina isimli gizli bir \u00f6rg\u00fct kurdu. Trujillo y\u00f6netimine kar\u015f\u0131 insan haklar\u0131 ve demokrasi i\u00e7in m\u00fccadelede simgele\u015fen kad\u0131nlar diktat\u00f6rl\u00fck taraf\u0131ndan defalarca tutukland\u0131. Mal varl\u0131klar\u0131na el konuldu. Bunlarla yetinmeyen Trujillo bir halk konu\u015fmas\u0131nda \u201c\u00dclkenin en b\u00fcy\u00fck iki sorunu kilise ve Mirabal Karde\u015flerdir\u201d diyerek Mirabal Karde\u015fleri hedef g\u00f6sterdi. Bu konu\u015fmadan sadece 23 g\u00fcn sonra, hapishanedeki e\u015flerini ziyaretten d\u00f6nen \u00fc\u00e7 k\u0131z karde\u015f, u\u00e7urumdan a\u015fa\u011f\u0131 at\u0131larak \u00f6ld\u00fcr\u00fcld\u00fc. Bu cinayet resmi kay\u0131tlara \u201ctrafik kazas\u0131\u201d olarak ge\u00e7ti.<\/p>\n<p style=\"text-align: justify\">Mirabal Karde\u015flerin \u00f6ld\u00fcr\u00fclmeleri Dominik Cumhuriyeti\u2019nde b\u00fcy\u00fck bir tepki uyand\u0131rd\u0131. Direni\u015f g\u00fc\u00e7lendi ve bir y\u0131l\u0131n sonunda diktat\u00f6rl\u00fck devrildi.<\/p>\n<p style=\"text-align: justify\"><strong>25 Kas\u0131m, Kad\u0131na Y\u00f6nelik \u015eiddete Kar\u015f\u0131 Uluslararas\u0131 M\u00fccadele G\u00fcn\u00fc olarak ilan edildi<\/strong><\/p>\n<p style=\"text-align: justify\">1981 y\u0131l\u0131nda Kolombiya\u2019n\u0131n Bogoto \u015fehrinde bir araya gelen Latin Amerikal\u0131 ve Karaipli Kad\u0131nlar Kongresinde, Mirabal Karde\u015flerin an\u0131s\u0131na 25 Kas\u0131m tarihi \u201cKad\u0131na Y\u00f6nelik \u015eiddete Kar\u015f\u0131 Uluslararas\u0131 M\u00fccadele G\u00fcn\u00fc\u201d olarak ilan edildi. Latin Amerika\u2019n\u0131n ilerici kad\u0131nlar\u0131n\u0131n bu karar\u0131, asl\u0131nda fa\u015fist diktat\u00f6rl\u00fcklerin \u015fiddetine kar\u015f\u0131 kad\u0131nlar cephesinden bir m\u00fccadele ilan\u0131yd\u0131. Mirabal k\u0131z karde\u015flerden birinin kod ad\u0131n\u0131n \u201cKelebek\u201d olmas\u0131ndan da esinlenerek; o g\u00fcnden sonra \u00fc\u00e7 k\u0131z karde\u015f, gerek Dominik\u2019te gerek d\u00fcnyada &#8220;Kelebekler&#8221; ad\u0131yla an\u0131ld\u0131lar.<\/p>\n<p style=\"text-align: justify\">1981\u2019den beri 25 Kas\u0131m, kad\u0131na kar\u015f\u0131 \u015fiddetle m\u00fccadele etme g\u00fcn\u00fc olarak an\u0131l\u0131yor. Bug\u00fcn, kad\u0131na y\u00f6nelik \u015fiddetin devlet \u015fiddetiyle nas\u0131l i\u00e7 i\u00e7e ge\u00e7ti\u011fini g\u00f6steren ve kad\u0131n dayan\u0131\u015fmas\u0131n\u0131n \u015fiddetle m\u00fccadelede en \u00f6nemli dayanak oldu\u011funu ifade eden bir g\u00fcn olarak t\u00fcm d\u00fcnya kad\u0131nlar\u0131n\u0131n sokaklara \u00e7\u0131kt\u0131\u011f\u0131 bir g\u00fcn. D\u00fcnyan\u0131n her yerinde kad\u0131nlar bug\u00fcn i\u00e7in eylemler, y\u00fcr\u00fcy\u00fc\u015fler ve kongreler d\u00fczenliyor. 1999\u2019da ise Birle\u015fmi\u015f Milletler bug\u00fcn\u00fc resmi olarak &#8220;Kad\u0131na Y\u00f6nelik \u015eiddete Kar\u015f\u0131 Uluslararas\u0131 M\u00fccadele G\u00fcn\u00fc&#8221; ilan etti.<\/p>\n","protected":false},"excerpt":{"rendered":"<p>Mirabal Karde\u015flerin \u00f6ld\u00fcr\u00fcld\u00fc\u011f\u00fc g\u00fcn olan 25 Kas\u0131m, 1981 y\u0131l\u0131nda Kad\u0131na Y\u00f6nelik \u015eiddetle M\u00fccadele G\u00fcn\u00fc olarak ilan edilmi\u015ftir. 25 Kas\u0131m; 1960&#8217;da Dominik Cumhuriyeti&#8217;nde fa\u015fist Trujillo H\u00fck\u00fcmet&#8217;ine kar\u015f\u0131 ezilenlerin verdi\u011fi bu b\u00fcy\u00fck m\u00fccadelede sembol haline gelen Mirabal Karde\u015flerin tecav\u00fcz edilerek \u00f6ld\u00fcr\u00fcld\u00fc\u011f\u00fc g\u00fcnd\u00fcr. &#8220;\u00dclkenin en b\u00fcy\u00fck iki sorunu Kilise Ve Mirabel Karde\u015fler&#8221; Trujillo, b\u00fct\u00fcn diktat\u00f6rler gibi halka \u00f6l\u00fcm, [&hellip;]<\/p>\n","protected":false},"author":2,"featured_media":1031955,"comment_status":"closed","ping_status":"closed","sticky":false,"template":"","format":"standard","meta":{"footnotes":""},"categories":[4],"tags":[31],"class_list":["post-1031954","post","type-post","status-publish","format-standard","has-post-thumbnail","hentry","category-yasamdan","tag-onemli"],"blocksy_meta":[],"seo_head":"<!-- This site is optimized with the Yoast SEO plugin v27.5 - https:\/\/yoast.com\/product\/yoast-seo-wordpress\/ -->\n<title>Bug\u00fcn 25 Kas\u0131m Kad\u0131na Kar\u015f\u0131 \u015eiddetle M\u00fccadele G\u00fcn\u00fc - Darka Mazi<\/title>\n<meta name=\"robots\" content=\"index, follow, max-snippet:-1, max-image-preview:large, max-video-preview:-1\" \/>\n<link rel=\"canonical\" href=\"https:\/\/darkamazi.site\/archives\/1031954\" \/>\n<meta property=\"og:locale\" content=\"en_US\" \/>\n<meta property=\"og:type\" content=\"article\" \/>\n<meta property=\"og:title\" content=\"Bug\u00fcn 25 Kas\u0131m Kad\u0131na Kar\u015f\u0131 \u015eiddetle M\u00fccadele G\u00fcn\u00fc - Darka Mazi\" \/>\n<meta property=\"og:description\" content=\"Mirabal Karde\u015flerin \u00f6ld\u00fcr\u00fcld\u00fc\u011f\u00fc g\u00fcn olan 25 Kas\u0131m, 1981 y\u0131l\u0131nda Kad\u0131na Y\u00f6nelik \u015eiddetle M\u00fccadele G\u00fcn\u00fc olarak ilan edilmi\u015ftir. 25 Kas\u0131m; 1960&#8217;da Dominik Cumhuriyeti&#8217;nde fa\u015fist Trujillo H\u00fck\u00fcmet&#8217;ine kar\u015f\u0131 ezilenlerin verdi\u011fi bu b\u00fcy\u00fck m\u00fccadelede sembol haline gelen Mirabal Karde\u015flerin tecav\u00fcz edilerek \u00f6ld\u00fcr\u00fcld\u00fc\u011f\u00fc g\u00fcnd\u00fcr. &#8220;\u00dclkenin en b\u00fcy\u00fck iki sorunu Kilise Ve Mirabel Karde\u015fler&#8221; Trujillo, b\u00fct\u00fcn diktat\u00f6rler gibi halka \u00f6l\u00fcm, [&hellip;]\" \/>\n<meta property=\"og:url\" content=\"https:\/\/darkamazi.site\/archives\/1031954\" \/>\n<meta property=\"og:site_name\" content=\"Darka Mazi\" \/>\n<meta property=\"article:publisher\" content=\"https:\/\/www.facebook.com\/DarkaMaziturkce\" \/>\n<meta property=\"article:published_time\" content=\"2024-11-25T06:59:36+00:00\" \/>\n<meta property=\"og:image\" content=\"https:\/\/darkamazi.site\/file\/2024\/11\/Mirabel.jpg\" \/>\n\t<meta property=\"og:image:width\" content=\"900\" \/>\n\t<meta property=\"og:image:height\" content=\"600\" \/>\n\t<meta property=\"og:image:type\" content=\"image\/jpeg\" \/>\n<meta name=\"author\" content=\"darka mazi\" \/>\n<meta name=\"twitter:card\" content=\"summary_large_image\" \/>\n<meta name=\"twitter:creator\" content=\"@DarkaMaziTurkce\" \/>\n<meta name=\"twitter:site\" content=\"@DarkaMaziTurkce\" \/>\n<meta name=\"twitter:label1\" content=\"Written by\" \/>\n\t<meta name=\"twitter:data1\" content=\"darka mazi\" \/>\n\t<meta name=\"twitter:label2\" content=\"Est. reading time\" \/>\n\t<meta name=\"twitter:data2\" content=\"2 minutes\" \/>\n<script type=\"application\/ld+json\" class=\"seo-schema-graph\">{\"@context\":\"https:\\\/\\\/schema.org\",\"@graph\":[{\"@type\":\"NewsArticle\",\"@id\":\"https:\\\/\\\/darkamazi.site\\\/archives\\\/1031954#article\",\"isPartOf\":{\"@id\":\"https:\\\/\\\/darkamazi.site\\\/archives\\\/1031954\"},\"author\":{\"name\":\"darka mazi\",\"@id\":\"https:\\\/\\\/darkamazi.site\\\/#\\\/schema\\\/person\\\/67986a95ac546c16760365877ef4a9d3\"},\"headline\":\"Bug\u00fcn 25 Kas\u0131m Kad\u0131na Kar\u015f\u0131 \u015eiddetle M\u00fccadele G\u00fcn\u00fc\",\"datePublished\":\"2024-11-25T06:59:36+00:00\",\"mainEntityOfPage\":{\"@id\":\"https:\\\/\\\/darkamazi.site\\\/archives\\\/1031954\"},\"wordCount\":509,\"publisher\":{\"@id\":\"https:\\\/\\\/darkamazi.site\\\/#organization\"},\"image\":{\"@id\":\"https:\\\/\\\/darkamazi.site\\\/archives\\\/1031954#primaryimage\"},\"thumbnailUrl\":\"https:\\\/\\\/darkamazi.site\\\/darka-content\\\/uploads\\\/2024\\\/11\\\/Mirabel.jpg\",\"keywords\":[\"\u00f6nemli\"],\"articleSection\":[\"ya\u015famdan\"],\"inLanguage\":\"en-US\"},{\"@type\":\"WebPage\",\"@id\":\"https:\\\/\\\/darkamazi.site\\\/archives\\\/1031954\",\"url\":\"https:\\\/\\\/darkamazi.site\\\/archives\\\/1031954\",\"name\":\"Bug\u00fcn 25 Kas\u0131m Kad\u0131na Kar\u015f\u0131 \u015eiddetle M\u00fccadele G\u00fcn\u00fc - Darka Mazi\",\"isPartOf\":{\"@id\":\"https:\\\/\\\/darkamazi.site\\\/#website\"},\"primaryImageOfPage\":{\"@id\":\"https:\\\/\\\/darkamazi.site\\\/archives\\\/1031954#primaryimage\"},\"image\":{\"@id\":\"https:\\\/\\\/darkamazi.site\\\/archives\\\/1031954#primaryimage\"},\"thumbnailUrl\":\"https:\\\/\\\/darkamazi.site\\\/darka-content\\\/uploads\\\/2024\\\/11\\\/Mirabel.jpg\",\"datePublished\":\"2024-11-25T06:59:36+00:00\",\"breadcrumb\":{\"@id\":\"https:\\\/\\\/darkamazi.site\\\/archives\\\/1031954#breadcrumb\"},\"inLanguage\":\"en-US\",\"potentialAction\":[{\"@type\":\"ReadAction\",\"target\":[\"https:\\\/\\\/darkamazi.site\\\/archives\\\/1031954\"]}]},{\"@type\":\"ImageObject\",\"inLanguage\":\"en-US\",\"@id\":\"https:\\\/\\\/darkamazi.site\\\/archives\\\/1031954#primaryimage\",\"url\":\"https:\\\/\\\/darkamazi.site\\\/darka-content\\\/uploads\\\/2024\\\/11\\\/Mirabel.jpg\",\"contentUrl\":\"https:\\\/\\\/darkamazi.site\\\/darka-content\\\/uploads\\\/2024\\\/11\\\/Mirabel.jpg\",\"width\":900,\"height\":600,\"caption\":\"Bug\u00fcn 25 Kas\u0131m Kad\u0131na Kar\u015f\u0131 \u015eiddetle M\u00fccadele G\u00fcn\u00fc\"},{\"@type\":\"BreadcrumbList\",\"@id\":\"https:\\\/\\\/darkamazi.site\\\/archives\\\/1031954#breadcrumb\",\"itemListElement\":[{\"@type\":\"ListItem\",\"position\":1,\"name\":\"Home\",\"item\":\"https:\\\/\\\/darkamazi.site\\\/\"},{\"@type\":\"ListItem\",\"position\":2,\"name\":\"Bug\u00fcn 25 Kas\u0131m Kad\u0131na Kar\u015f\u0131 \u015eiddetle M\u00fccadele G\u00fcn\u00fc\"}]},{\"@type\":\"WebSite\",\"@id\":\"https:\\\/\\\/darkamazi.site\\\/#website\",\"url\":\"https:\\\/\\\/darkamazi.site\\\/\",\"name\":\"Darka Mazi\",\"description\":\"Ana Sayfa\",\"publisher\":{\"@id\":\"https:\\\/\\\/darkamazi.site\\\/#organization\"},\"potentialAction\":[{\"@type\":\"SearchAction\",\"target\":{\"@type\":\"EntryPoint\",\"urlTemplate\":\"https:\\\/\\\/darkamazi.site\\\/?s={search_term_string}\"},\"query-input\":{\"@type\":\"PropertyValueSpecification\",\"valueRequired\":true,\"valueName\":\"search_term_string\"}}],\"inLanguage\":\"en-US\"},{\"@type\":\"Organization\",\"@id\":\"https:\\\/\\\/darkamazi.site\\\/#organization\",\"name\":\"Darka Mazi T\u00fcrk\u00e7e\",\"alternateName\":\"Darka Mazi\",\"url\":\"https:\\\/\\\/darkamazi.site\\\/\",\"logo\":{\"@type\":\"ImageObject\",\"inLanguage\":\"en-US\",\"@id\":\"https:\\\/\\\/darkamazi.site\\\/#\\\/schema\\\/logo\\\/image\\\/\",\"url\":\"https:\\\/\\\/darkamazi.site\\\/darka-content\\\/uploads\\\/2017\\\/12\\\/darka-mazi-logo.png\",\"contentUrl\":\"https:\\\/\\\/darkamazi.site\\\/darka-content\\\/uploads\\\/2017\\\/12\\\/darka-mazi-logo.png\",\"width\":151,\"height\":75,\"caption\":\"Darka Mazi T\u00fcrk\u00e7e\"},\"image\":{\"@id\":\"https:\\\/\\\/darkamazi.site\\\/#\\\/schema\\\/logo\\\/image\\\/\"},\"sameAs\":[\"https:\\\/\\\/www.facebook.com\\\/DarkaMaziturkce\",\"https:\\\/\\\/x.com\\\/DarkaMaziTurkce\"]},{\"@type\":\"Person\",\"@id\":\"https:\\\/\\\/darkamazi.site\\\/#\\\/schema\\\/person\\\/67986a95ac546c16760365877ef4a9d3\",\"name\":\"darka mazi\",\"sameAs\":[\"https:\\\/\\\/darkamazi.site\"],\"url\":\"https:\\\/\\\/darkamazi.site\\\/archives\\\/author\\\/turkish\"}]}<\/script>\n<!-- \/ Yoast SEO plugin. -->","seo_head_json":{"title":"Bug\u00fcn 25 Kas\u0131m Kad\u0131na Kar\u015f\u0131 \u015eiddetle M\u00fccadele G\u00fcn\u00fc - Darka Mazi","robots":{"index":"index","follow":"follow","max-snippet":"max-snippet:-1","max-image-preview":"max-image-preview:large","max-video-preview":"max-video-preview:-1"},"canonical":"https:\/\/darkamazi.site\/archives\/1031954","og_locale":"en_US","og_type":"article","og_title":"Bug\u00fcn 25 Kas\u0131m Kad\u0131na Kar\u015f\u0131 \u015eiddetle M\u00fccadele G\u00fcn\u00fc - Darka Mazi","og_description":"Mirabal Karde\u015flerin \u00f6ld\u00fcr\u00fcld\u00fc\u011f\u00fc g\u00fcn olan 25 Kas\u0131m, 1981 y\u0131l\u0131nda Kad\u0131na Y\u00f6nelik \u015eiddetle M\u00fccadele G\u00fcn\u00fc olarak ilan edilmi\u015ftir. 25 Kas\u0131m; 1960&#8217;da Dominik Cumhuriyeti&#8217;nde fa\u015fist Trujillo H\u00fck\u00fcmet&#8217;ine kar\u015f\u0131 ezilenlerin verdi\u011fi bu b\u00fcy\u00fck m\u00fccadelede sembol haline gelen Mirabal Karde\u015flerin tecav\u00fcz edilerek \u00f6ld\u00fcr\u00fcld\u00fc\u011f\u00fc g\u00fcnd\u00fcr. &#8220;\u00dclkenin en b\u00fcy\u00fck iki sorunu Kilise Ve Mirabel Karde\u015fler&#8221; Trujillo, b\u00fct\u00fcn diktat\u00f6rler gibi halka \u00f6l\u00fcm, [&hellip;]","og_url":"https:\/\/darkamazi.site\/archives\/1031954","og_site_name":"Darka Mazi","article_publisher":"https:\/\/www.facebook.com\/DarkaMaziturkce","article_published_time":"2024-11-25T06:59:36+00:00","og_image":[{"width":900,"height":600,"url":"https:\/\/darkamazi.site\/file\/2024\/11\/Mirabel.jpg","type":"image\/jpeg"}],"author":"darka mazi","twitter_card":"summary_large_image","twitter_creator":"@DarkaMaziTurkce","twitter_site":"@DarkaMaziTurkce","twitter_misc":{"Written by":"darka mazi","Est. reading time":"2 minutes"},"schema":{"@context":"https:\/\/schema.org","@graph":[{"@type":"NewsArticle","@id":"https:\/\/darkamazi.site\/archives\/1031954#article","isPartOf":{"@id":"https:\/\/darkamazi.site\/archives\/1031954"},"author":{"name":"darka mazi","@id":"https:\/\/darkamazi.site\/#\/schema\/person\/67986a95ac546c16760365877ef4a9d3"},"headline":"Bug\u00fcn 25 Kas\u0131m Kad\u0131na Kar\u015f\u0131 \u015eiddetle M\u00fccadele G\u00fcn\u00fc","datePublished":"2024-11-25T06:59:36+00:00","mainEntityOfPage":{"@id":"https:\/\/darkamazi.site\/archives\/1031954"},"wordCount":509,"publisher":{"@id":"https:\/\/darkamazi.site\/#organization"},"image":{"@id":"https:\/\/darkamazi.site\/archives\/1031954#primaryimage"},"thumbnailUrl":"https:\/\/darkamazi.site\/file\/2024\/11\/Mirabel.jpg","keywords":["\u00f6nemli"],"articleSection":["ya\u015famdan"],"inLanguage":"en-US"},{"@type":"WebPage","@id":"https:\/\/darkamazi.site\/archives\/1031954","url":"https:\/\/darkamazi.site\/archives\/1031954","name":"Bug\u00fcn 25 Kas\u0131m Kad\u0131na Kar\u015f\u0131 \u015eiddetle M\u00fccadele G\u00fcn\u00fc - Darka Mazi","isPartOf":{"@id":"https:\/\/darkamazi.site\/#website"},"primaryImageOfPage":{"@id":"https:\/\/darkamazi.site\/archives\/1031954#primaryimage"},"image":{"@id":"https:\/\/darkamazi.site\/archives\/1031954#primaryimage"},"thumbnailUrl":"https:\/\/darkamazi.site\/file\/2024\/11\/Mirabel.jpg","datePublished":"2024-11-25T06:59:36+00:00","breadcrumb":{"@id":"https:\/\/darkamazi.site\/archives\/1031954#breadcrumb"},"inLanguage":"en-US","potentialAction":[{"@type":"ReadAction","target":["https:\/\/darkamazi.site\/archives\/1031954"]}]},{"@type":"ImageObject","inLanguage":"en-US","@id":"https:\/\/darkamazi.site\/archives\/1031954#primaryimage","url":"https:\/\/darkamazi.site\/file\/2024\/11\/Mirabel.jpg","contentUrl":"https:\/\/darkamazi.site\/file\/2024\/11\/Mirabel.jpg","width":900,"height":600,"caption":"Bug\u00fcn 25 Kas\u0131m Kad\u0131na Kar\u015f\u0131 \u015eiddetle M\u00fccadele G\u00fcn\u00fc"},{"@type":"BreadcrumbList","@id":"https:\/\/darkamazi.site\/archives\/1031954#breadcrumb","itemListElement":[{"@type":"ListItem","position":1,"name":"Home","item":"https:\/\/darkamazi.site\/"},{"@type":"ListItem","position":2,"name":"Bug\u00fcn 25 Kas\u0131m Kad\u0131na Kar\u015f\u0131 \u015eiddetle M\u00fccadele G\u00fcn\u00fc"}]},{"@type":"WebSite","@id":"https:\/\/darkamazi.site\/#website","url":"https:\/\/darkamazi.site\/","name":"Darka Mazi","description":"Ana Sayfa","publisher":{"@id":"https:\/\/darkamazi.site\/#organization"},"potentialAction":[{"@type":"SearchAction","target":{"@type":"EntryPoint","urlTemplate":"https:\/\/darkamazi.site\/?s={search_term_string}"},"query-input":{"@type":"PropertyValueSpecification","valueRequired":true,"valueName":"search_term_string"}}],"inLanguage":"en-US"},{"@type":"Organization","@id":"https:\/\/darkamazi.site\/#organization","name":"Darka Mazi T\u00fcrk\u00e7e","alternateName":"Darka Mazi","url":"https:\/\/darkamazi.site\/","logo":{"@type":"ImageObject","inLanguage":"en-US","@id":"https:\/\/darkamazi.site\/#\/schema\/logo\/image\/","url":"https:\/\/darkamazi.site\/file\/2017\/12\/darka-mazi-logo.png","contentUrl":"https:\/\/darkamazi.site\/file\/2017\/12\/darka-mazi-logo.png","width":151,"height":75,"caption":"Darka Mazi T\u00fcrk\u00e7e"},"image":{"@id":"https:\/\/darkamazi.site\/#\/schema\/logo\/image\/"},"sameAs":["https:\/\/www.facebook.com\/DarkaMaziturkce","https:\/\/x.com\/DarkaMaziTurkce"]},{"@type":"Person","@id":"https:\/\/darkamazi.site\/#\/schema\/person\/67986a95ac546c16760365877ef4a9d3","name":"darka mazi","sameAs":["https:\/\/darkamazi.site"],"url":"https:\/\/darkamazi.site\/archives\/author\/turkish"}]}},"_links":{"self":[{"href":"https:\/\/darkamazi.site\/funavuv\/wp\/v2\/posts\/1031954","targetHints":{"allow":["GET"]}}],"collection":[{"href":"https:\/\/darkamazi.site\/funavuv\/wp\/v2\/posts"}],"about":[{"href":"https:\/\/darkamazi.site\/funavuv\/wp\/v2\/types\/post"}],"author":[{"embeddable":true,"href":"https:\/\/darkamazi.site\/funavuv\/wp\/v2\/users\/2"}],"replies":[{"embeddable":true,"href":"https:\/\/darkamazi.site\/funavuv\/wp\/v2\/comments?post=1031954"}],"version-history":[{"count":0,"href":"https:\/\/darkamazi.site\/funavuv\/wp\/v2\/posts\/1031954\/revisions"}],"wp:featuredmedia":[{"embeddable":true,"href":"https:\/\/darkamazi.site\/funavuv\/wp\/v2\/media\/1031955"}],"wp:attachment":[{"href":"https:\/\/darkamazi.site\/funavuv\/wp\/v2\/media?parent=1031954"}],"wp:term":[{"taxonomy":"category","embeddable":true,"href":"https:\/\/darkamazi.site\/funavuv\/wp\/v2\/categories?post=1031954"},{"taxonomy":"post_tag","embeddable":true,"href":"https:\/\/darkamazi.site\/funavuv\/wp\/v2\/tags?post=1031954"}],"curies":[{"name":"wp","href":"https:\/\/api.w.org\/{rel}","templated":true}]}}