{"id":1032073,"date":"2024-12-03T13:58:43","date_gmt":"2024-12-03T10:58:43","guid":{"rendered":"https:\/\/darkamazi.site\/?p=1032073"},"modified":"2024-12-03T13:59:21","modified_gmt":"2024-12-03T10:59:21","slug":"1032073","status":"publish","type":"post","link":"https:\/\/darkamazi.site\/archives\/1032073","title":{"rendered":"Jeopoliti\u011fi de\u011fi\u015ftirecek iddia: Rusya Tartus  Hava \u00dcss\u00fc\u2019n\u00fc tahliye ediyor"},"content":{"rendered":"<p style=\"text-align: justify\">Rusya&#8217;n\u0131n Akdeniz&#8217;deki stratejik askeri \u00fcss\u00fc olan Suriye&#8217;nin Tartus liman\u0131ndaki donanma varl\u0131klar\u0131n\u0131 tahliye etti\u011fi y\u00f6n\u00fcnde haberler geliyor. Bir \u00e7ok kanaldan teyit edilse de Rusya konuya ili\u015fkin bir a\u00e7\u0131klama yapm\u0131\u015f de\u011fil. Haberlerin do\u011fru olmas\u0131 Akdeniz ve Ortado\u011fu\u2019daki Jeopolitik dengeleri de\u011fi\u015firecek \u00f6nemli bir ad\u0131m olarak g\u00f6r\u00fcl\u00fcyor.<\/p>\n<p style=\"text-align: justify\">Haberin kayna\u011f\u0131 olan Naval News&#8217;e g\u00f6re;\u00a0 Tartus \u00fcss\u00fcnde bulunan iki Gorskhov s\u0131n\u0131f\u0131 firkateyn, bir Grigorovich s\u0131n\u0131f\u0131 firkateyn, bir \u0130yile\u015ftirilmi\u015f-Kilo s\u0131n\u0131f\u0131 denizalt\u0131 ve iki yard\u0131mc\u0131 gemi olmak \u00fczere toplam alt\u0131 geminin durumuyla ilgili dikkat \u00e7ekici geli\u015fmeler ya\u015fan\u0131yor. Haberde, 2 Aral\u0131k 2024 sabah\u0131 Yelnya adl\u0131 yard\u0131mc\u0131 geminin \u00fcsten ayr\u0131ld\u0131\u011f\u0131 ve di\u011fer gemilerin de hareket etti\u011fi bildirildi.<\/p>\n<p style=\"text-align: justify\">Rusya\u2019n\u0131n Suriye\u2019nin Lazikiye b\u00f6lgesinde hem hava \u00fcss\u00fc hem de deniz \u00fcss\u00fc bulunuyor. Limanlardan \u00e7ekilmesi yak\u0131ndan hava \u00fcss\u00fcnden de \u00e7ekilme anlam\u0131na gelece\u011fini g\u00f6steriyor olabilir. Bir\u00e7ok kaynak Tarsus \u00fcss\u00fcnden \u00e7ekilmenin Rusya\u2019\u0131n stratejisinde bir de\u011fi\u015fiklik oldu\u011fu ve Trump y\u00f6netimi ba\u015flayacak yeni bir s\u00fcrecin i\u015fareti olabilece\u011fini ve \u00a0Rusya\u2019n\u0131n Ukranya kar\u015f\u0131l\u0131\u011f\u0131nda Suriye\u2019den \u00e7ekilmeyi kabul etti\u011fini d\u00fc\u015f\u00fcn\u00fcyor. Fakat hala s\u00fcre\u00e7 netle\u015fmi\u015f de\u011fil.<\/p>\n<p style=\"text-align: justify\"><strong>Tartus: Rusya&#8217;n\u0131n Stratejik \u00dcss\u00fc<\/strong><\/p>\n<p style=\"text-align: justify\">Tartus Deniz \u00dcss\u00fc , Rusya\u2019n\u0131n Akdeniz\u2019deki en \u00f6nemli stratejik varl\u0131klar\u0131ndan biri. 1971\u2019den beri Rusya taraf\u0131ndan kullan\u0131lm\u0131\u015f ve 2012\u2019den itibaren Suriye i\u00e7 sava\u015f\u0131nda kritik bir rol oynam\u0131\u015f. \u00a0Ayr\u0131ca, 2022\u2019deki Ukrayna i\u015fgali \u00f6ncesinde NATO\u2019ya kar\u015f\u0131 \u00f6nlem almak amac\u0131yla \u00fcss\u00fcn askeri faaliyetlerinin art\u0131r\u0131ld\u0131\u011f\u0131 da belirtiliyor.<\/p>\n<p style=\"text-align: justify\">Konuya ili\u015fkin olarak Naval News\u2019te yer alan haberde Tartus, Karadeniz\u2019deki sava\u015flara kat\u0131lacak b\u00fcy\u00fck sava\u015f gemileri i\u00e7in bir haz\u0131rl\u0131k noktas\u0131 olarak da i\u015flev g\u00f6rd\u00fc\u011f\u00fc belirtililiyor. \u00a0Ancak T\u00fcrkiye\u2019nin i\u015fgal sonras\u0131 Karadeniz\u2019e ge\u00e7i\u015fleri engellemesi, gemilerin Akdeniz\u2019de kalmas\u0131na neden oldu deniyor.<\/p>\n<p style=\"text-align: justify\"><strong>De\u011ferli varl\u0131klar tahliye ediliyor<\/strong><\/p>\n<p style=\"text-align: justify\">Naval News\u2019teki haberde, Rusya\u2019n\u0131n Tartus\u2019taki de\u011ferli deniz varl\u0131klar\u0131n\u0131 korumak i\u00e7in harekete ge\u00e7ti\u011fi ifade edildi. Habere g\u00f6re, bu tahliyeler, muhalif g\u00fc\u00e7lerin ilerleyi\u015fiyle daha da \u00f6nem kazand\u0131. Naval News\u2019te,\u00a0\u201cYelnya\u2019n\u0131n tahliyesi, Suriye\u2019de k\u00f6t\u00fcle\u015fen duruma yan\u0131t olarak ger\u00e7ekle\u015fmi\u015f olabilir\u201d\u00a0denildi.<\/p>\n<p style=\"text-align: justify\">Haberde, Rusya\u2019n\u0131n deniz varl\u0131klar\u0131n\u0131n Cezayir veya Libya gibi ge\u00e7ici g\u00fcvenli limanlara y\u00f6nelmi\u015f olabilece\u011fi ve uzun vadede Balt\u0131k Denizi\u2019ne gitmelerinin muhtemel oldu\u011fu belirtildi.<\/p>\n<p style=\"text-align: justify\"><strong>Gelecekteki jeopolitik etkiler<\/strong><\/p>\n<p style=\"text-align: justify\">Haberde, Tartus\u2019tan yap\u0131lacak olas\u0131 bir \u00e7ekilmenin, b\u00f6lgedeki g\u00fc\u00e7 dengelerinde ve uluslararas\u0131 ili\u015fkilerde \u00f6nemli etkiler yaratabilece\u011fi ifade edildi. E\u011fer Rusya Tartus\u2019u kontrol etmeye devam ederse, a\u011f\u0131r takviyelerle b\u00f6lgedeki askeri varl\u0131\u011f\u0131n\u0131 s\u00fcrd\u00fcrme \u015fans\u0131 bulabilir. Ancak Naval News\u2019e g\u00f6re, bu durum uzun vadeli ve belirsiz riskler ta\u015f\u0131yor.<\/p>\n<p style=\"text-align: justify\">Haberde, Rusya\u2019n\u0131n Akdeniz\u2019deki varl\u0131klar\u0131n\u0131n azalmas\u0131n\u0131n hem NATO ile ili\u015fkilerinde hem de b\u00f6lgedeki jeopolitik denklemlerde ciddi sonu\u00e7lar do\u011furabilece\u011fine dikkat \u00e7ekiliyor.<\/p>\n","protected":false},"excerpt":{"rendered":"<p>Rusya&#8217;n\u0131n Akdeniz&#8217;deki stratejik askeri \u00fcss\u00fc olan Suriye&#8217;nin Tartus liman\u0131ndaki donanma varl\u0131klar\u0131n\u0131 tahliye etti\u011fi y\u00f6n\u00fcnde haberler geliyor. Bir \u00e7ok kanaldan teyit edilse de Rusya konuya ili\u015fkin bir a\u00e7\u0131klama yapm\u0131\u015f de\u011fil. Haberlerin do\u011fru olmas\u0131 Akdeniz ve Ortado\u011fu\u2019daki Jeopolitik dengeleri de\u011fi\u015firecek \u00f6nemli bir ad\u0131m olarak g\u00f6r\u00fcl\u00fcyor. Haberin kayna\u011f\u0131 olan Naval News&#8217;e g\u00f6re;\u00a0 Tartus \u00fcss\u00fcnde bulunan iki Gorskhov s\u0131n\u0131f\u0131 [&hellip;]<\/p>\n","protected":false},"author":2,"featured_media":1032074,"comment_status":"closed","ping_status":"closed","sticky":false,"template":"","format":"standard","meta":{"footnotes":""},"categories":[39],"tags":[31],"class_list":["post-1032073","post","type-post","status-publish","format-standard","has-post-thumbnail","hentry","category-ozel-dosya","tag-onemli"],"blocksy_meta":[],"seo_head":"<!-- This site is optimized with the Yoast SEO plugin v27.5 - https:\/\/yoast.com\/product\/yoast-seo-wordpress\/ -->\n<title>Jeopoliti\u011fi de\u011fi\u015ftirecek iddia: Rusya Tartus Hava \u00dcss\u00fc\u2019n\u00fc tahliye ediyor - Darka Mazi<\/title>\n<meta name=\"robots\" content=\"index, follow, max-snippet:-1, max-image-preview:large, max-video-preview:-1\" \/>\n<link rel=\"canonical\" href=\"https:\/\/darkamazi.site\/archives\/1032073\" \/>\n<meta property=\"og:locale\" content=\"en_US\" \/>\n<meta property=\"og:type\" content=\"article\" \/>\n<meta property=\"og:title\" content=\"Jeopoliti\u011fi de\u011fi\u015ftirecek iddia: Rusya Tartus Hava \u00dcss\u00fc\u2019n\u00fc tahliye ediyor - Darka Mazi\" \/>\n<meta property=\"og:description\" content=\"Rusya&#8217;n\u0131n Akdeniz&#8217;deki stratejik askeri \u00fcss\u00fc olan Suriye&#8217;nin Tartus liman\u0131ndaki donanma varl\u0131klar\u0131n\u0131 tahliye etti\u011fi y\u00f6n\u00fcnde haberler geliyor. Bir \u00e7ok kanaldan teyit edilse de Rusya konuya ili\u015fkin bir a\u00e7\u0131klama yapm\u0131\u015f de\u011fil. Haberlerin do\u011fru olmas\u0131 Akdeniz ve Ortado\u011fu\u2019daki Jeopolitik dengeleri de\u011fi\u015firecek \u00f6nemli bir ad\u0131m olarak g\u00f6r\u00fcl\u00fcyor. Haberin kayna\u011f\u0131 olan Naval News&#8217;e g\u00f6re;\u00a0 Tartus \u00fcss\u00fcnde bulunan iki Gorskhov s\u0131n\u0131f\u0131 [&hellip;]\" \/>\n<meta property=\"og:url\" content=\"https:\/\/darkamazi.site\/archives\/1032073\" \/>\n<meta property=\"og:site_name\" content=\"Darka Mazi\" \/>\n<meta property=\"article:publisher\" content=\"https:\/\/www.facebook.com\/DarkaMaziturkce\" \/>\n<meta property=\"article:published_time\" content=\"2024-12-03T10:58:43+00:00\" \/>\n<meta property=\"article:modified_time\" content=\"2024-12-03T10:59:21+00:00\" \/>\n<meta property=\"og:image\" content=\"https:\/\/darkamazi.site\/file\/2024\/12\/maps.jpg\" \/>\n\t<meta property=\"og:image:width\" content=\"900\" \/>\n\t<meta property=\"og:image:height\" content=\"500\" \/>\n\t<meta property=\"og:image:type\" content=\"image\/jpeg\" \/>\n<meta name=\"author\" content=\"darka mazi\" \/>\n<meta name=\"twitter:card\" content=\"summary_large_image\" \/>\n<meta name=\"twitter:creator\" content=\"@DarkaMaziTurkce\" \/>\n<meta name=\"twitter:site\" content=\"@DarkaMaziTurkce\" \/>\n<meta name=\"twitter:label1\" content=\"Written by\" \/>\n\t<meta name=\"twitter:data1\" content=\"darka mazi\" \/>\n\t<meta name=\"twitter:label2\" content=\"Est. reading time\" \/>\n\t<meta name=\"twitter:data2\" content=\"2 minutes\" \/>\n<script type=\"application\/ld+json\" class=\"seo-schema-graph\">{\"@context\":\"https:\\\/\\\/schema.org\",\"@graph\":[{\"@type\":\"NewsArticle\",\"@id\":\"https:\\\/\\\/darkamazi.site\\\/archives\\\/1032073#article\",\"isPartOf\":{\"@id\":\"https:\\\/\\\/darkamazi.site\\\/archives\\\/1032073\"},\"author\":{\"name\":\"darka mazi\",\"@id\":\"https:\\\/\\\/darkamazi.site\\\/#\\\/schema\\\/person\\\/67986a95ac546c16760365877ef4a9d3\"},\"headline\":\"Jeopoliti\u011fi de\u011fi\u015ftirecek iddia: Rusya Tartus Hava \u00dcss\u00fc\u2019n\u00fc tahliye ediyor\",\"datePublished\":\"2024-12-03T10:58:43+00:00\",\"dateModified\":\"2024-12-03T10:59:21+00:00\",\"mainEntityOfPage\":{\"@id\":\"https:\\\/\\\/darkamazi.site\\\/archives\\\/1032073\"},\"wordCount\":550,\"publisher\":{\"@id\":\"https:\\\/\\\/darkamazi.site\\\/#organization\"},\"image\":{\"@id\":\"https:\\\/\\\/darkamazi.site\\\/archives\\\/1032073#primaryimage\"},\"thumbnailUrl\":\"https:\\\/\\\/darkamazi.site\\\/darka-content\\\/uploads\\\/2024\\\/12\\\/maps.jpg\",\"keywords\":[\"\u00f6nemli\"],\"articleSection\":[\"\u00d6zel Dosya\"],\"inLanguage\":\"en-US\"},{\"@type\":\"WebPage\",\"@id\":\"https:\\\/\\\/darkamazi.site\\\/archives\\\/1032073\",\"url\":\"https:\\\/\\\/darkamazi.site\\\/archives\\\/1032073\",\"name\":\"Jeopoliti\u011fi de\u011fi\u015ftirecek iddia: Rusya Tartus Hava \u00dcss\u00fc\u2019n\u00fc tahliye ediyor - Darka Mazi\",\"isPartOf\":{\"@id\":\"https:\\\/\\\/darkamazi.site\\\/#website\"},\"primaryImageOfPage\":{\"@id\":\"https:\\\/\\\/darkamazi.site\\\/archives\\\/1032073#primaryimage\"},\"image\":{\"@id\":\"https:\\\/\\\/darkamazi.site\\\/archives\\\/1032073#primaryimage\"},\"thumbnailUrl\":\"https:\\\/\\\/darkamazi.site\\\/darka-content\\\/uploads\\\/2024\\\/12\\\/maps.jpg\",\"datePublished\":\"2024-12-03T10:58:43+00:00\",\"dateModified\":\"2024-12-03T10:59:21+00:00\",\"breadcrumb\":{\"@id\":\"https:\\\/\\\/darkamazi.site\\\/archives\\\/1032073#breadcrumb\"},\"inLanguage\":\"en-US\",\"potentialAction\":[{\"@type\":\"ReadAction\",\"target\":[\"https:\\\/\\\/darkamazi.site\\\/archives\\\/1032073\"]}]},{\"@type\":\"ImageObject\",\"inLanguage\":\"en-US\",\"@id\":\"https:\\\/\\\/darkamazi.site\\\/archives\\\/1032073#primaryimage\",\"url\":\"https:\\\/\\\/darkamazi.site\\\/darka-content\\\/uploads\\\/2024\\\/12\\\/maps.jpg\",\"contentUrl\":\"https:\\\/\\\/darkamazi.site\\\/darka-content\\\/uploads\\\/2024\\\/12\\\/maps.jpg\",\"width\":900,\"height\":500,\"caption\":\"Jeopoliti\u011fi de\u011fi\u015ftirecek iddia: Rusya Tartus Hava \u00dcss\u00fc\u2019n\u00fc tahliye ediyor\"},{\"@type\":\"BreadcrumbList\",\"@id\":\"https:\\\/\\\/darkamazi.site\\\/archives\\\/1032073#breadcrumb\",\"itemListElement\":[{\"@type\":\"ListItem\",\"position\":1,\"name\":\"Home\",\"item\":\"https:\\\/\\\/darkamazi.site\\\/\"},{\"@type\":\"ListItem\",\"position\":2,\"name\":\"Jeopoliti\u011fi de\u011fi\u015ftirecek iddia: Rusya Tartus Hava \u00dcss\u00fc\u2019n\u00fc tahliye ediyor\"}]},{\"@type\":\"WebSite\",\"@id\":\"https:\\\/\\\/darkamazi.site\\\/#website\",\"url\":\"https:\\\/\\\/darkamazi.site\\\/\",\"name\":\"Darka Mazi\",\"description\":\"Ana Sayfa\",\"publisher\":{\"@id\":\"https:\\\/\\\/darkamazi.site\\\/#organization\"},\"potentialAction\":[{\"@type\":\"SearchAction\",\"target\":{\"@type\":\"EntryPoint\",\"urlTemplate\":\"https:\\\/\\\/darkamazi.site\\\/?s={search_term_string}\"},\"query-input\":{\"@type\":\"PropertyValueSpecification\",\"valueRequired\":true,\"valueName\":\"search_term_string\"}}],\"inLanguage\":\"en-US\"},{\"@type\":\"Organization\",\"@id\":\"https:\\\/\\\/darkamazi.site\\\/#organization\",\"name\":\"Darka Mazi T\u00fcrk\u00e7e\",\"alternateName\":\"Darka Mazi\",\"url\":\"https:\\\/\\\/darkamazi.site\\\/\",\"logo\":{\"@type\":\"ImageObject\",\"inLanguage\":\"en-US\",\"@id\":\"https:\\\/\\\/darkamazi.site\\\/#\\\/schema\\\/logo\\\/image\\\/\",\"url\":\"https:\\\/\\\/darkamazi.site\\\/darka-content\\\/uploads\\\/2017\\\/12\\\/darka-mazi-logo.png\",\"contentUrl\":\"https:\\\/\\\/darkamazi.site\\\/darka-content\\\/uploads\\\/2017\\\/12\\\/darka-mazi-logo.png\",\"width\":151,\"height\":75,\"caption\":\"Darka Mazi T\u00fcrk\u00e7e\"},\"image\":{\"@id\":\"https:\\\/\\\/darkamazi.site\\\/#\\\/schema\\\/logo\\\/image\\\/\"},\"sameAs\":[\"https:\\\/\\\/www.facebook.com\\\/DarkaMaziturkce\",\"https:\\\/\\\/x.com\\\/DarkaMaziTurkce\"]},{\"@type\":\"Person\",\"@id\":\"https:\\\/\\\/darkamazi.site\\\/#\\\/schema\\\/person\\\/67986a95ac546c16760365877ef4a9d3\",\"name\":\"darka mazi\",\"sameAs\":[\"https:\\\/\\\/darkamazi.site\"],\"url\":\"https:\\\/\\\/darkamazi.site\\\/archives\\\/author\\\/turkish\"}]}<\/script>\n<!-- \/ Yoast SEO plugin. -->","seo_head_json":{"title":"Jeopoliti\u011fi de\u011fi\u015ftirecek iddia: Rusya Tartus Hava \u00dcss\u00fc\u2019n\u00fc tahliye ediyor - Darka Mazi","robots":{"index":"index","follow":"follow","max-snippet":"max-snippet:-1","max-image-preview":"max-image-preview:large","max-video-preview":"max-video-preview:-1"},"canonical":"https:\/\/darkamazi.site\/archives\/1032073","og_locale":"en_US","og_type":"article","og_title":"Jeopoliti\u011fi de\u011fi\u015ftirecek iddia: Rusya Tartus Hava \u00dcss\u00fc\u2019n\u00fc tahliye ediyor - Darka Mazi","og_description":"Rusya&#8217;n\u0131n Akdeniz&#8217;deki stratejik askeri \u00fcss\u00fc olan Suriye&#8217;nin Tartus liman\u0131ndaki donanma varl\u0131klar\u0131n\u0131 tahliye etti\u011fi y\u00f6n\u00fcnde haberler geliyor. Bir \u00e7ok kanaldan teyit edilse de Rusya konuya ili\u015fkin bir a\u00e7\u0131klama yapm\u0131\u015f de\u011fil. Haberlerin do\u011fru olmas\u0131 Akdeniz ve Ortado\u011fu\u2019daki Jeopolitik dengeleri de\u011fi\u015firecek \u00f6nemli bir ad\u0131m olarak g\u00f6r\u00fcl\u00fcyor. Haberin kayna\u011f\u0131 olan Naval News&#8217;e g\u00f6re;\u00a0 Tartus \u00fcss\u00fcnde bulunan iki Gorskhov s\u0131n\u0131f\u0131 [&hellip;]","og_url":"https:\/\/darkamazi.site\/archives\/1032073","og_site_name":"Darka Mazi","article_publisher":"https:\/\/www.facebook.com\/DarkaMaziturkce","article_published_time":"2024-12-03T10:58:43+00:00","article_modified_time":"2024-12-03T10:59:21+00:00","og_image":[{"width":900,"height":500,"url":"https:\/\/darkamazi.site\/file\/2024\/12\/maps.jpg","type":"image\/jpeg"}],"author":"darka mazi","twitter_card":"summary_large_image","twitter_creator":"@DarkaMaziTurkce","twitter_site":"@DarkaMaziTurkce","twitter_misc":{"Written by":"darka mazi","Est. reading time":"2 minutes"},"schema":{"@context":"https:\/\/schema.org","@graph":[{"@type":"NewsArticle","@id":"https:\/\/darkamazi.site\/archives\/1032073#article","isPartOf":{"@id":"https:\/\/darkamazi.site\/archives\/1032073"},"author":{"name":"darka mazi","@id":"https:\/\/darkamazi.site\/#\/schema\/person\/67986a95ac546c16760365877ef4a9d3"},"headline":"Jeopoliti\u011fi de\u011fi\u015ftirecek iddia: Rusya Tartus Hava \u00dcss\u00fc\u2019n\u00fc tahliye ediyor","datePublished":"2024-12-03T10:58:43+00:00","dateModified":"2024-12-03T10:59:21+00:00","mainEntityOfPage":{"@id":"https:\/\/darkamazi.site\/archives\/1032073"},"wordCount":550,"publisher":{"@id":"https:\/\/darkamazi.site\/#organization"},"image":{"@id":"https:\/\/darkamazi.site\/archives\/1032073#primaryimage"},"thumbnailUrl":"https:\/\/darkamazi.site\/file\/2024\/12\/maps.jpg","keywords":["\u00f6nemli"],"articleSection":["\u00d6zel Dosya"],"inLanguage":"en-US"},{"@type":"WebPage","@id":"https:\/\/darkamazi.site\/archives\/1032073","url":"https:\/\/darkamazi.site\/archives\/1032073","name":"Jeopoliti\u011fi de\u011fi\u015ftirecek iddia: Rusya Tartus Hava \u00dcss\u00fc\u2019n\u00fc tahliye ediyor - Darka Mazi","isPartOf":{"@id":"https:\/\/darkamazi.site\/#website"},"primaryImageOfPage":{"@id":"https:\/\/darkamazi.site\/archives\/1032073#primaryimage"},"image":{"@id":"https:\/\/darkamazi.site\/archives\/1032073#primaryimage"},"thumbnailUrl":"https:\/\/darkamazi.site\/file\/2024\/12\/maps.jpg","datePublished":"2024-12-03T10:58:43+00:00","dateModified":"2024-12-03T10:59:21+00:00","breadcrumb":{"@id":"https:\/\/darkamazi.site\/archives\/1032073#breadcrumb"},"inLanguage":"en-US","potentialAction":[{"@type":"ReadAction","target":["https:\/\/darkamazi.site\/archives\/1032073"]}]},{"@type":"ImageObject","inLanguage":"en-US","@id":"https:\/\/darkamazi.site\/archives\/1032073#primaryimage","url":"https:\/\/darkamazi.site\/file\/2024\/12\/maps.jpg","contentUrl":"https:\/\/darkamazi.site\/file\/2024\/12\/maps.jpg","width":900,"height":500,"caption":"Jeopoliti\u011fi de\u011fi\u015ftirecek iddia: Rusya Tartus Hava \u00dcss\u00fc\u2019n\u00fc tahliye ediyor"},{"@type":"BreadcrumbList","@id":"https:\/\/darkamazi.site\/archives\/1032073#breadcrumb","itemListElement":[{"@type":"ListItem","position":1,"name":"Home","item":"https:\/\/darkamazi.site\/"},{"@type":"ListItem","position":2,"name":"Jeopoliti\u011fi de\u011fi\u015ftirecek iddia: Rusya Tartus Hava \u00dcss\u00fc\u2019n\u00fc tahliye ediyor"}]},{"@type":"WebSite","@id":"https:\/\/darkamazi.site\/#website","url":"https:\/\/darkamazi.site\/","name":"Darka Mazi","description":"Ana Sayfa","publisher":{"@id":"https:\/\/darkamazi.site\/#organization"},"potentialAction":[{"@type":"SearchAction","target":{"@type":"EntryPoint","urlTemplate":"https:\/\/darkamazi.site\/?s={search_term_string}"},"query-input":{"@type":"PropertyValueSpecification","valueRequired":true,"valueName":"search_term_string"}}],"inLanguage":"en-US"},{"@type":"Organization","@id":"https:\/\/darkamazi.site\/#organization","name":"Darka Mazi T\u00fcrk\u00e7e","alternateName":"Darka Mazi","url":"https:\/\/darkamazi.site\/","logo":{"@type":"ImageObject","inLanguage":"en-US","@id":"https:\/\/darkamazi.site\/#\/schema\/logo\/image\/","url":"https:\/\/darkamazi.site\/file\/2017\/12\/darka-mazi-logo.png","contentUrl":"https:\/\/darkamazi.site\/file\/2017\/12\/darka-mazi-logo.png","width":151,"height":75,"caption":"Darka Mazi T\u00fcrk\u00e7e"},"image":{"@id":"https:\/\/darkamazi.site\/#\/schema\/logo\/image\/"},"sameAs":["https:\/\/www.facebook.com\/DarkaMaziturkce","https:\/\/x.com\/DarkaMaziTurkce"]},{"@type":"Person","@id":"https:\/\/darkamazi.site\/#\/schema\/person\/67986a95ac546c16760365877ef4a9d3","name":"darka mazi","sameAs":["https:\/\/darkamazi.site"],"url":"https:\/\/darkamazi.site\/archives\/author\/turkish"}]}},"_links":{"self":[{"href":"https:\/\/darkamazi.site\/funavuv\/wp\/v2\/posts\/1032073","targetHints":{"allow":["GET"]}}],"collection":[{"href":"https:\/\/darkamazi.site\/funavuv\/wp\/v2\/posts"}],"about":[{"href":"https:\/\/darkamazi.site\/funavuv\/wp\/v2\/types\/post"}],"author":[{"embeddable":true,"href":"https:\/\/darkamazi.site\/funavuv\/wp\/v2\/users\/2"}],"replies":[{"embeddable":true,"href":"https:\/\/darkamazi.site\/funavuv\/wp\/v2\/comments?post=1032073"}],"version-history":[{"count":0,"href":"https:\/\/darkamazi.site\/funavuv\/wp\/v2\/posts\/1032073\/revisions"}],"wp:featuredmedia":[{"embeddable":true,"href":"https:\/\/darkamazi.site\/funavuv\/wp\/v2\/media\/1032074"}],"wp:attachment":[{"href":"https:\/\/darkamazi.site\/funavuv\/wp\/v2\/media?parent=1032073"}],"wp:term":[{"taxonomy":"category","embeddable":true,"href":"https:\/\/darkamazi.site\/funavuv\/wp\/v2\/categories?post=1032073"},{"taxonomy":"post_tag","embeddable":true,"href":"https:\/\/darkamazi.site\/funavuv\/wp\/v2\/tags?post=1032073"}],"curies":[{"name":"wp","href":"https:\/\/api.w.org\/{rel}","templated":true}]}}