{"id":1032102,"date":"2024-12-05T18:34:27","date_gmt":"2024-12-05T15:34:27","guid":{"rendered":"https:\/\/darkamazi.site\/?p=1032102"},"modified":"2024-12-05T18:34:27","modified_gmt":"2024-12-05T15:34:27","slug":"gazeteci-kawa-germiyaninin-ynk-tarafindan-katledilmesi-uzerinden-11-yil-gecti","status":"publish","type":"post","link":"https:\/\/darkamazi.site\/archives\/1032102","title":{"rendered":"Gazeteci Kawa Germiyani\u2019nin YNK taraf\u0131ndan katledilmesi \u00fczerinden 11 y\u0131l ge\u00e7ti"},"content":{"rendered":"<p>YNK polit b\u00fcrosu taraf\u0131ndan tehtdit edilen ve daha sonra katledilen\u00a0 \u00a0Germiyan&#8217;\u0131n cesur gazetecisi Kawe Germiyan&#8217;\u0131n ter\u00f6rize edilmesinin \u00fczerinden tam 11 y\u0131l ge\u00e7ti. S\u00fcleymaniyeli gazeteciler ve gazetecileri korudu\u011funu iddia eden merkezler en basit bir anmas\u0131n\u0131 bile yapmad\u0131.<\/p>\n<p>Kawe Germiyani olarak da bilinen Kawe Mihemed Ahmed, 1981 y\u0131l\u0131nda do\u011fdu. Uzun s\u00fcre farkl\u0131 mecralarda gazetecilik yapt\u0131, Rayel adl\u0131 bir derginin ve daha \u00f6nce Geran adl\u0131 ba\u015fka bir derginin edit\u00f6rl\u00fc\u011f\u00fcn\u00fc yapt\u0131. 5.012.2013 tarihinde evinin \u00f6n\u00fcnde \u00e7ok say\u0131da silahl\u0131 ki\u015fi taraf\u0131ndan \u00f6ld\u00fcr\u00fcld\u00fc.<\/p>\n<p>S\u00fcleymaniye&#8217;de y\u00fczlerce s\u00f6zde \u00f6zg\u00fcr gazeteci, kampanya \u00e7al\u0131\u015fan\u0131, s\u00f6zde gazeteci koruma merkezi, gazeteci komitesi ve \u00f6rg\u00fct\u00fcn\u00fcn bulundu\u011funu ancak bunlar\u0131n hi\u00e7birinin bu y\u0131l d\u00f6n\u00fcm\u00fcyle ilgili bir a\u00e7\u0131klama yay\u0131nlamad\u0131\u011f\u0131n\u0131 veya bir a\u00e7\u0131klama yapmad\u0131\u011f\u0131n\u0131 belirtmekte fayda var. Bu durum, t\u00fcm ba\u011f\u0131ms\u0131z gazetecilerin ve gazetecileri korudu\u011funu iddia eden merkezlerin S\u00fcleymani&#8217;nin partisinin organlar\u0131 oldu\u011fu ve partinin siyasetine hizmet etti\u011fi y\u00f6n\u00fcnde \u015f\u00fcpheleri art\u0131r\u0131yor.<\/p>\n<p>Olay\u0131n ilk y\u0131l\u0131nda baz\u0131 muhalif \u00e7evreler Kawa Germiyani olay\u0131n\u0131 g\u00fcndemle\u015ftirip YNK \u00fczerinde bask\u0131 kurmaya \u00e7al\u0131\u015fm\u0131\u015ft\u0131. Fakat son y\u0131llarda PKK ve YNK aras\u0131ndaki ittifak nedeni ile PKK bu \u00e7evreleri de susturdu.<\/p>\n","protected":false},"excerpt":{"rendered":"<p>YNK polit b\u00fcrosu taraf\u0131ndan tehtdit edilen ve daha sonra katledilen\u00a0 \u00a0Germiyan&#8217;\u0131n cesur gazetecisi Kawe Germiyan&#8217;\u0131n ter\u00f6rize edilmesinin \u00fczerinden tam 11 y\u0131l ge\u00e7ti. S\u00fcleymaniyeli gazeteciler ve gazetecileri korudu\u011funu iddia eden merkezler en basit bir anmas\u0131n\u0131 bile yapmad\u0131. Kawe Germiyani olarak da bilinen Kawe Mihemed Ahmed, 1981 y\u0131l\u0131nda do\u011fdu. Uzun s\u00fcre farkl\u0131 mecralarda gazetecilik yapt\u0131, Rayel adl\u0131 [&hellip;]<\/p>\n","protected":false},"author":2,"featured_media":1032103,"comment_status":"closed","ping_status":"closed","sticky":false,"template":"","format":"standard","meta":{"footnotes":""},"categories":[3],"tags":[31],"class_list":["post-1032102","post","type-post","status-publish","format-standard","has-post-thumbnail","hentry","category-kurdistan","tag-onemli"],"blocksy_meta":[],"seo_head":"<!-- This site is optimized with the Yoast SEO plugin v27.5 - https:\/\/yoast.com\/product\/yoast-seo-wordpress\/ -->\n<title>Gazeteci Kawa Germiyani\u2019nin YNK taraf\u0131ndan katledilmesi \u00fczerinden 11 y\u0131l ge\u00e7ti - Darka Mazi<\/title>\n<meta name=\"robots\" content=\"index, follow, max-snippet:-1, max-image-preview:large, max-video-preview:-1\" \/>\n<link rel=\"canonical\" href=\"https:\/\/darkamazi.site\/archives\/1032102\" \/>\n<meta property=\"og:locale\" content=\"en_US\" \/>\n<meta property=\"og:type\" content=\"article\" \/>\n<meta property=\"og:title\" content=\"Gazeteci Kawa Germiyani\u2019nin YNK taraf\u0131ndan katledilmesi \u00fczerinden 11 y\u0131l ge\u00e7ti - Darka Mazi\" \/>\n<meta property=\"og:description\" content=\"YNK polit b\u00fcrosu taraf\u0131ndan tehtdit edilen ve daha sonra katledilen\u00a0 \u00a0Germiyan&#8217;\u0131n cesur gazetecisi Kawe Germiyan&#8217;\u0131n ter\u00f6rize edilmesinin \u00fczerinden tam 11 y\u0131l ge\u00e7ti. S\u00fcleymaniyeli gazeteciler ve gazetecileri korudu\u011funu iddia eden merkezler en basit bir anmas\u0131n\u0131 bile yapmad\u0131. Kawe Germiyani olarak da bilinen Kawe Mihemed Ahmed, 1981 y\u0131l\u0131nda do\u011fdu. Uzun s\u00fcre farkl\u0131 mecralarda gazetecilik yapt\u0131, Rayel adl\u0131 [&hellip;]\" \/>\n<meta property=\"og:url\" content=\"https:\/\/darkamazi.site\/archives\/1032102\" \/>\n<meta property=\"og:site_name\" content=\"Darka Mazi\" \/>\n<meta property=\"article:publisher\" content=\"https:\/\/www.facebook.com\/DarkaMaziturkce\" \/>\n<meta property=\"article:published_time\" content=\"2024-12-05T15:34:27+00:00\" \/>\n<meta property=\"og:image\" content=\"https:\/\/darkamazi.site\/file\/2024\/12\/kawa.jpg\" \/>\n\t<meta property=\"og:image:width\" content=\"710\" \/>\n\t<meta property=\"og:image:height\" content=\"420\" \/>\n\t<meta property=\"og:image:type\" content=\"image\/jpeg\" \/>\n<meta name=\"author\" content=\"darka mazi\" \/>\n<meta name=\"twitter:card\" content=\"summary_large_image\" \/>\n<meta name=\"twitter:creator\" content=\"@DarkaMaziTurkce\" \/>\n<meta name=\"twitter:site\" content=\"@DarkaMaziTurkce\" \/>\n<meta name=\"twitter:label1\" content=\"Written by\" \/>\n\t<meta name=\"twitter:data1\" content=\"darka mazi\" \/>\n\t<meta name=\"twitter:label2\" content=\"Est. reading time\" \/>\n\t<meta name=\"twitter:data2\" content=\"1 minute\" \/>\n<script type=\"application\/ld+json\" class=\"seo-schema-graph\">{\"@context\":\"https:\\\/\\\/schema.org\",\"@graph\":[{\"@type\":\"NewsArticle\",\"@id\":\"https:\\\/\\\/darkamazi.site\\\/archives\\\/1032102#article\",\"isPartOf\":{\"@id\":\"https:\\\/\\\/darkamazi.site\\\/archives\\\/1032102\"},\"author\":{\"name\":\"darka mazi\",\"@id\":\"https:\\\/\\\/darkamazi.site\\\/#\\\/schema\\\/person\\\/67986a95ac546c16760365877ef4a9d3\"},\"headline\":\"Gazeteci Kawa Germiyani\u2019nin YNK taraf\u0131ndan katledilmesi \u00fczerinden 11 y\u0131l ge\u00e7ti\",\"datePublished\":\"2024-12-05T15:34:27+00:00\",\"mainEntityOfPage\":{\"@id\":\"https:\\\/\\\/darkamazi.site\\\/archives\\\/1032102\"},\"wordCount\":240,\"publisher\":{\"@id\":\"https:\\\/\\\/darkamazi.site\\\/#organization\"},\"image\":{\"@id\":\"https:\\\/\\\/darkamazi.site\\\/archives\\\/1032102#primaryimage\"},\"thumbnailUrl\":\"https:\\\/\\\/darkamazi.site\\\/darka-content\\\/uploads\\\/2024\\\/12\\\/kawa.jpg\",\"keywords\":[\"\u00f6nemli\"],\"articleSection\":[\"Kurdistan\"],\"inLanguage\":\"en-US\"},{\"@type\":\"WebPage\",\"@id\":\"https:\\\/\\\/darkamazi.site\\\/archives\\\/1032102\",\"url\":\"https:\\\/\\\/darkamazi.site\\\/archives\\\/1032102\",\"name\":\"Gazeteci Kawa Germiyani\u2019nin YNK taraf\u0131ndan katledilmesi \u00fczerinden 11 y\u0131l ge\u00e7ti - Darka Mazi\",\"isPartOf\":{\"@id\":\"https:\\\/\\\/darkamazi.site\\\/#website\"},\"primaryImageOfPage\":{\"@id\":\"https:\\\/\\\/darkamazi.site\\\/archives\\\/1032102#primaryimage\"},\"image\":{\"@id\":\"https:\\\/\\\/darkamazi.site\\\/archives\\\/1032102#primaryimage\"},\"thumbnailUrl\":\"https:\\\/\\\/darkamazi.site\\\/darka-content\\\/uploads\\\/2024\\\/12\\\/kawa.jpg\",\"datePublished\":\"2024-12-05T15:34:27+00:00\",\"breadcrumb\":{\"@id\":\"https:\\\/\\\/darkamazi.site\\\/archives\\\/1032102#breadcrumb\"},\"inLanguage\":\"en-US\",\"potentialAction\":[{\"@type\":\"ReadAction\",\"target\":[\"https:\\\/\\\/darkamazi.site\\\/archives\\\/1032102\"]}]},{\"@type\":\"ImageObject\",\"inLanguage\":\"en-US\",\"@id\":\"https:\\\/\\\/darkamazi.site\\\/archives\\\/1032102#primaryimage\",\"url\":\"https:\\\/\\\/darkamazi.site\\\/darka-content\\\/uploads\\\/2024\\\/12\\\/kawa.jpg\",\"contentUrl\":\"https:\\\/\\\/darkamazi.site\\\/darka-content\\\/uploads\\\/2024\\\/12\\\/kawa.jpg\",\"width\":710,\"height\":420,\"caption\":\"Gazeteci Kawa Germiyani\u2019nin YNK taraf\u0131ndan katledilmesi \u00fczerinden 11 y\u0131l ge\u00e7ti\"},{\"@type\":\"BreadcrumbList\",\"@id\":\"https:\\\/\\\/darkamazi.site\\\/archives\\\/1032102#breadcrumb\",\"itemListElement\":[{\"@type\":\"ListItem\",\"position\":1,\"name\":\"Home\",\"item\":\"https:\\\/\\\/darkamazi.site\\\/\"},{\"@type\":\"ListItem\",\"position\":2,\"name\":\"Gazeteci Kawa Germiyani\u2019nin YNK taraf\u0131ndan katledilmesi \u00fczerinden 11 y\u0131l ge\u00e7ti\"}]},{\"@type\":\"WebSite\",\"@id\":\"https:\\\/\\\/darkamazi.site\\\/#website\",\"url\":\"https:\\\/\\\/darkamazi.site\\\/\",\"name\":\"Darka Mazi\",\"description\":\"Ana Sayfa\",\"publisher\":{\"@id\":\"https:\\\/\\\/darkamazi.site\\\/#organization\"},\"potentialAction\":[{\"@type\":\"SearchAction\",\"target\":{\"@type\":\"EntryPoint\",\"urlTemplate\":\"https:\\\/\\\/darkamazi.site\\\/?s={search_term_string}\"},\"query-input\":{\"@type\":\"PropertyValueSpecification\",\"valueRequired\":true,\"valueName\":\"search_term_string\"}}],\"inLanguage\":\"en-US\"},{\"@type\":\"Organization\",\"@id\":\"https:\\\/\\\/darkamazi.site\\\/#organization\",\"name\":\"Darka Mazi T\u00fcrk\u00e7e\",\"alternateName\":\"Darka Mazi\",\"url\":\"https:\\\/\\\/darkamazi.site\\\/\",\"logo\":{\"@type\":\"ImageObject\",\"inLanguage\":\"en-US\",\"@id\":\"https:\\\/\\\/darkamazi.site\\\/#\\\/schema\\\/logo\\\/image\\\/\",\"url\":\"https:\\\/\\\/darkamazi.site\\\/darka-content\\\/uploads\\\/2017\\\/12\\\/darka-mazi-logo.png\",\"contentUrl\":\"https:\\\/\\\/darkamazi.site\\\/darka-content\\\/uploads\\\/2017\\\/12\\\/darka-mazi-logo.png\",\"width\":151,\"height\":75,\"caption\":\"Darka Mazi T\u00fcrk\u00e7e\"},\"image\":{\"@id\":\"https:\\\/\\\/darkamazi.site\\\/#\\\/schema\\\/logo\\\/image\\\/\"},\"sameAs\":[\"https:\\\/\\\/www.facebook.com\\\/DarkaMaziturkce\",\"https:\\\/\\\/x.com\\\/DarkaMaziTurkce\"]},{\"@type\":\"Person\",\"@id\":\"https:\\\/\\\/darkamazi.site\\\/#\\\/schema\\\/person\\\/67986a95ac546c16760365877ef4a9d3\",\"name\":\"darka mazi\",\"sameAs\":[\"https:\\\/\\\/darkamazi.site\"],\"url\":\"https:\\\/\\\/darkamazi.site\\\/archives\\\/author\\\/turkish\"}]}<\/script>\n<!-- \/ Yoast SEO plugin. -->","seo_head_json":{"title":"Gazeteci Kawa Germiyani\u2019nin YNK taraf\u0131ndan katledilmesi \u00fczerinden 11 y\u0131l ge\u00e7ti - Darka Mazi","robots":{"index":"index","follow":"follow","max-snippet":"max-snippet:-1","max-image-preview":"max-image-preview:large","max-video-preview":"max-video-preview:-1"},"canonical":"https:\/\/darkamazi.site\/archives\/1032102","og_locale":"en_US","og_type":"article","og_title":"Gazeteci Kawa Germiyani\u2019nin YNK taraf\u0131ndan katledilmesi \u00fczerinden 11 y\u0131l ge\u00e7ti - Darka Mazi","og_description":"YNK polit b\u00fcrosu taraf\u0131ndan tehtdit edilen ve daha sonra katledilen\u00a0 \u00a0Germiyan&#8217;\u0131n cesur gazetecisi Kawe Germiyan&#8217;\u0131n ter\u00f6rize edilmesinin \u00fczerinden tam 11 y\u0131l ge\u00e7ti. S\u00fcleymaniyeli gazeteciler ve gazetecileri korudu\u011funu iddia eden merkezler en basit bir anmas\u0131n\u0131 bile yapmad\u0131. Kawe Germiyani olarak da bilinen Kawe Mihemed Ahmed, 1981 y\u0131l\u0131nda do\u011fdu. Uzun s\u00fcre farkl\u0131 mecralarda gazetecilik yapt\u0131, Rayel adl\u0131 [&hellip;]","og_url":"https:\/\/darkamazi.site\/archives\/1032102","og_site_name":"Darka Mazi","article_publisher":"https:\/\/www.facebook.com\/DarkaMaziturkce","article_published_time":"2024-12-05T15:34:27+00:00","og_image":[{"width":710,"height":420,"url":"https:\/\/darkamazi.site\/file\/2024\/12\/kawa.jpg","type":"image\/jpeg"}],"author":"darka mazi","twitter_card":"summary_large_image","twitter_creator":"@DarkaMaziTurkce","twitter_site":"@DarkaMaziTurkce","twitter_misc":{"Written by":"darka mazi","Est. reading time":"1 minute"},"schema":{"@context":"https:\/\/schema.org","@graph":[{"@type":"NewsArticle","@id":"https:\/\/darkamazi.site\/archives\/1032102#article","isPartOf":{"@id":"https:\/\/darkamazi.site\/archives\/1032102"},"author":{"name":"darka mazi","@id":"https:\/\/darkamazi.site\/#\/schema\/person\/67986a95ac546c16760365877ef4a9d3"},"headline":"Gazeteci Kawa Germiyani\u2019nin YNK taraf\u0131ndan katledilmesi \u00fczerinden 11 y\u0131l ge\u00e7ti","datePublished":"2024-12-05T15:34:27+00:00","mainEntityOfPage":{"@id":"https:\/\/darkamazi.site\/archives\/1032102"},"wordCount":240,"publisher":{"@id":"https:\/\/darkamazi.site\/#organization"},"image":{"@id":"https:\/\/darkamazi.site\/archives\/1032102#primaryimage"},"thumbnailUrl":"https:\/\/darkamazi.site\/file\/2024\/12\/kawa.jpg","keywords":["\u00f6nemli"],"articleSection":["Kurdistan"],"inLanguage":"en-US"},{"@type":"WebPage","@id":"https:\/\/darkamazi.site\/archives\/1032102","url":"https:\/\/darkamazi.site\/archives\/1032102","name":"Gazeteci Kawa Germiyani\u2019nin YNK taraf\u0131ndan katledilmesi \u00fczerinden 11 y\u0131l ge\u00e7ti - Darka Mazi","isPartOf":{"@id":"https:\/\/darkamazi.site\/#website"},"primaryImageOfPage":{"@id":"https:\/\/darkamazi.site\/archives\/1032102#primaryimage"},"image":{"@id":"https:\/\/darkamazi.site\/archives\/1032102#primaryimage"},"thumbnailUrl":"https:\/\/darkamazi.site\/file\/2024\/12\/kawa.jpg","datePublished":"2024-12-05T15:34:27+00:00","breadcrumb":{"@id":"https:\/\/darkamazi.site\/archives\/1032102#breadcrumb"},"inLanguage":"en-US","potentialAction":[{"@type":"ReadAction","target":["https:\/\/darkamazi.site\/archives\/1032102"]}]},{"@type":"ImageObject","inLanguage":"en-US","@id":"https:\/\/darkamazi.site\/archives\/1032102#primaryimage","url":"https:\/\/darkamazi.site\/file\/2024\/12\/kawa.jpg","contentUrl":"https:\/\/darkamazi.site\/file\/2024\/12\/kawa.jpg","width":710,"height":420,"caption":"Gazeteci Kawa Germiyani\u2019nin YNK taraf\u0131ndan katledilmesi \u00fczerinden 11 y\u0131l ge\u00e7ti"},{"@type":"BreadcrumbList","@id":"https:\/\/darkamazi.site\/archives\/1032102#breadcrumb","itemListElement":[{"@type":"ListItem","position":1,"name":"Home","item":"https:\/\/darkamazi.site\/"},{"@type":"ListItem","position":2,"name":"Gazeteci Kawa Germiyani\u2019nin YNK taraf\u0131ndan katledilmesi \u00fczerinden 11 y\u0131l ge\u00e7ti"}]},{"@type":"WebSite","@id":"https:\/\/darkamazi.site\/#website","url":"https:\/\/darkamazi.site\/","name":"Darka Mazi","description":"Ana Sayfa","publisher":{"@id":"https:\/\/darkamazi.site\/#organization"},"potentialAction":[{"@type":"SearchAction","target":{"@type":"EntryPoint","urlTemplate":"https:\/\/darkamazi.site\/?s={search_term_string}"},"query-input":{"@type":"PropertyValueSpecification","valueRequired":true,"valueName":"search_term_string"}}],"inLanguage":"en-US"},{"@type":"Organization","@id":"https:\/\/darkamazi.site\/#organization","name":"Darka Mazi T\u00fcrk\u00e7e","alternateName":"Darka Mazi","url":"https:\/\/darkamazi.site\/","logo":{"@type":"ImageObject","inLanguage":"en-US","@id":"https:\/\/darkamazi.site\/#\/schema\/logo\/image\/","url":"https:\/\/darkamazi.site\/file\/2017\/12\/darka-mazi-logo.png","contentUrl":"https:\/\/darkamazi.site\/file\/2017\/12\/darka-mazi-logo.png","width":151,"height":75,"caption":"Darka Mazi T\u00fcrk\u00e7e"},"image":{"@id":"https:\/\/darkamazi.site\/#\/schema\/logo\/image\/"},"sameAs":["https:\/\/www.facebook.com\/DarkaMaziturkce","https:\/\/x.com\/DarkaMaziTurkce"]},{"@type":"Person","@id":"https:\/\/darkamazi.site\/#\/schema\/person\/67986a95ac546c16760365877ef4a9d3","name":"darka mazi","sameAs":["https:\/\/darkamazi.site"],"url":"https:\/\/darkamazi.site\/archives\/author\/turkish"}]}},"_links":{"self":[{"href":"https:\/\/darkamazi.site\/funavuv\/wp\/v2\/posts\/1032102","targetHints":{"allow":["GET"]}}],"collection":[{"href":"https:\/\/darkamazi.site\/funavuv\/wp\/v2\/posts"}],"about":[{"href":"https:\/\/darkamazi.site\/funavuv\/wp\/v2\/types\/post"}],"author":[{"embeddable":true,"href":"https:\/\/darkamazi.site\/funavuv\/wp\/v2\/users\/2"}],"replies":[{"embeddable":true,"href":"https:\/\/darkamazi.site\/funavuv\/wp\/v2\/comments?post=1032102"}],"version-history":[{"count":0,"href":"https:\/\/darkamazi.site\/funavuv\/wp\/v2\/posts\/1032102\/revisions"}],"wp:featuredmedia":[{"embeddable":true,"href":"https:\/\/darkamazi.site\/funavuv\/wp\/v2\/media\/1032103"}],"wp:attachment":[{"href":"https:\/\/darkamazi.site\/funavuv\/wp\/v2\/media?parent=1032102"}],"wp:term":[{"taxonomy":"category","embeddable":true,"href":"https:\/\/darkamazi.site\/funavuv\/wp\/v2\/categories?post=1032102"},{"taxonomy":"post_tag","embeddable":true,"href":"https:\/\/darkamazi.site\/funavuv\/wp\/v2\/tags?post=1032102"}],"curies":[{"name":"wp","href":"https:\/\/api.w.org\/{rel}","templated":true}]}}