{"id":1032111,"date":"2024-12-06T15:09:01","date_gmt":"2024-12-06T12:09:01","guid":{"rendered":"https:\/\/darkamazi.site\/?p=1032111"},"modified":"2024-12-06T15:09:01","modified_gmt":"2024-12-06T12:09:01","slug":"sohr-suriye-rejim-ordusu-irak-siniri-ve-derazordan-sama-geri-cekiliyor","status":"publish","type":"post","link":"https:\/\/darkamazi.site\/archives\/1032111","title":{"rendered":"SOHR: Suriye Rejim Ordu\u2019su Irak s\u0131n\u0131r\u0131 ve Derazor\u2019dan \u015eam\u2019a geri \u00e7ekiliyor"},"content":{"rendered":"<p>Suriye \u0130nsan Haklar\u0131 G\u00f6zlemevi (SOHR) bug\u00fcn yapt\u0131\u011f\u0131 a\u00e7\u0131klamada, kuzeyden silahl\u0131 gruplar\u0131n ilerlemesi sonras\u0131 Suriye ordusunun Irak ile s\u0131n\u0131r b\u00f6lgelerinden ba\u015fkent \u015eam&#8217;a do\u011fru \u00e7ekildi\u011fini s\u00f6yledi.<\/p>\n<p>Suriye \u0130nsan Haklar\u0131 G\u00f6zlemevi, &#8220;Suriye rejim g\u00fc\u00e7leri Derazor&#8217;da konu\u015fland\u0131r\u0131lan baz\u0131 askeri birimlerini ba\u015fkent \u015eam&#8217;a do\u011fru \u00e7ekmeye ba\u015flad\u0131&#8221; dedi.<\/p>\n<p>Geri \u00e7ekilme s\u00fcrecinin Derazor, Meyadin ve Kuriya \u015fehirlerini, \u00a0ve Ebu Kemal kap\u0131s\u0131 \u00e7evresinden \u00e7ekildi\u011fini belirtti.<\/p>\n<p>Kaynaklara g\u00f6re, \u00c7ekilmeyle birlikte, \u0130ran Devrim Muhaf\u0131zlar\u0131 ve onlara ba\u011fl\u0131 gruplar ve onlarca Suriye vatanda\u015f\u0131 oldu\u011fu tahmin edilen askeri g\u00fc\u00e7ler, Suriye-Irak s\u0131n\u0131r\u0131nda stratejik bir nokta olan Alb\u00fcmal \u015fehrine ula\u015ft\u0131.<\/p>\n<p>Ayr\u0131ca Sudi Arabistan medyas\u0131 Newa kasabas\u0131 ile Der\u2019a \u00a0\u00e7evresindeki k\u00f6ylerde HT\u015e g\u00fc\u00e7leri taraf\u0131ndan ele ge\u00e7irildi\u011fini s\u00f6yledi.\u201d<\/p>\n<p>HT\u015e lideri Colani bir , birka\u00e7 g\u00fcn \u00f6nce Der&#8217;a ve Deyrizor halk\u0131n\u0131n geli\u015fmelere haz\u0131rl\u0131kl\u0131 olmalar\u0131 a\u00e7\u0131klama yapm\u0131\u015ft\u0131.<\/p>\n","protected":false},"excerpt":{"rendered":"<p>Suriye \u0130nsan Haklar\u0131 G\u00f6zlemevi (SOHR) bug\u00fcn yapt\u0131\u011f\u0131 a\u00e7\u0131klamada, kuzeyden silahl\u0131 gruplar\u0131n ilerlemesi sonras\u0131 Suriye ordusunun Irak ile s\u0131n\u0131r b\u00f6lgelerinden ba\u015fkent \u015eam&#8217;a do\u011fru \u00e7ekildi\u011fini s\u00f6yledi. Suriye \u0130nsan Haklar\u0131 G\u00f6zlemevi, &#8220;Suriye rejim g\u00fc\u00e7leri Derazor&#8217;da konu\u015fland\u0131r\u0131lan baz\u0131 askeri birimlerini ba\u015fkent \u015eam&#8217;a do\u011fru \u00e7ekmeye ba\u015flad\u0131&#8221; dedi. Geri \u00e7ekilme s\u00fcrecinin Derazor, Meyadin ve Kuriya \u015fehirlerini, \u00a0ve Ebu Kemal kap\u0131s\u0131 \u00e7evresinden [&hellip;]<\/p>\n","protected":false},"author":2,"featured_media":1032112,"comment_status":"closed","ping_status":"closed","sticky":false,"template":"","format":"standard","meta":{"footnotes":""},"categories":[29],"tags":[31],"class_list":["post-1032111","post","type-post","status-publish","format-standard","has-post-thumbnail","hentry","category-ortadogu","tag-onemli"],"blocksy_meta":[],"seo_head":"<!-- This site is optimized with the Yoast SEO plugin v27.5 - https:\/\/yoast.com\/product\/yoast-seo-wordpress\/ -->\n<title>SOHR: Suriye Rejim Ordu\u2019su Irak s\u0131n\u0131r\u0131 ve Derazor\u2019dan \u015eam\u2019a geri \u00e7ekiliyor - Darka Mazi<\/title>\n<meta name=\"robots\" content=\"index, follow, max-snippet:-1, max-image-preview:large, max-video-preview:-1\" \/>\n<link rel=\"canonical\" href=\"https:\/\/darkamazi.site\/archives\/1032111\" \/>\n<meta property=\"og:locale\" content=\"en_US\" \/>\n<meta property=\"og:type\" content=\"article\" \/>\n<meta property=\"og:title\" content=\"SOHR: Suriye Rejim Ordu\u2019su Irak s\u0131n\u0131r\u0131 ve Derazor\u2019dan \u015eam\u2019a geri \u00e7ekiliyor - Darka Mazi\" \/>\n<meta property=\"og:description\" content=\"Suriye \u0130nsan Haklar\u0131 G\u00f6zlemevi (SOHR) bug\u00fcn yapt\u0131\u011f\u0131 a\u00e7\u0131klamada, kuzeyden silahl\u0131 gruplar\u0131n ilerlemesi sonras\u0131 Suriye ordusunun Irak ile s\u0131n\u0131r b\u00f6lgelerinden ba\u015fkent \u015eam&#8217;a do\u011fru \u00e7ekildi\u011fini s\u00f6yledi. Suriye \u0130nsan Haklar\u0131 G\u00f6zlemevi, &#8220;Suriye rejim g\u00fc\u00e7leri Derazor&#8217;da konu\u015fland\u0131r\u0131lan baz\u0131 askeri birimlerini ba\u015fkent \u015eam&#8217;a do\u011fru \u00e7ekmeye ba\u015flad\u0131&#8221; dedi. Geri \u00e7ekilme s\u00fcrecinin Derazor, Meyadin ve Kuriya \u015fehirlerini, \u00a0ve Ebu Kemal kap\u0131s\u0131 \u00e7evresinden [&hellip;]\" \/>\n<meta property=\"og:url\" content=\"https:\/\/darkamazi.site\/archives\/1032111\" \/>\n<meta property=\"og:site_name\" content=\"Darka Mazi\" \/>\n<meta property=\"article:publisher\" content=\"https:\/\/www.facebook.com\/DarkaMaziturkce\" \/>\n<meta property=\"article:published_time\" content=\"2024-12-06T12:09:01+00:00\" \/>\n<meta property=\"og:image\" content=\"https:\/\/darkamazi.site\/file\/2024\/12\/Ebu-Kemal.jpg\" \/>\n\t<meta property=\"og:image:width\" content=\"1200\" \/>\n\t<meta property=\"og:image:height\" content=\"731\" \/>\n\t<meta property=\"og:image:type\" content=\"image\/jpeg\" \/>\n<meta name=\"author\" content=\"darka mazi\" \/>\n<meta name=\"twitter:card\" content=\"summary_large_image\" \/>\n<meta name=\"twitter:creator\" content=\"@DarkaMaziTurkce\" \/>\n<meta name=\"twitter:site\" content=\"@DarkaMaziTurkce\" \/>\n<meta name=\"twitter:label1\" content=\"Written by\" \/>\n\t<meta name=\"twitter:data1\" content=\"darka mazi\" \/>\n\t<meta name=\"twitter:label2\" content=\"Est. reading time\" \/>\n\t<meta name=\"twitter:data2\" content=\"1 minute\" \/>\n<script type=\"application\/ld+json\" class=\"seo-schema-graph\">{\"@context\":\"https:\\\/\\\/schema.org\",\"@graph\":[{\"@type\":\"NewsArticle\",\"@id\":\"https:\\\/\\\/darkamazi.site\\\/archives\\\/1032111#article\",\"isPartOf\":{\"@id\":\"https:\\\/\\\/darkamazi.site\\\/archives\\\/1032111\"},\"author\":{\"name\":\"darka mazi\",\"@id\":\"https:\\\/\\\/darkamazi.site\\\/#\\\/schema\\\/person\\\/67986a95ac546c16760365877ef4a9d3\"},\"headline\":\"SOHR: Suriye Rejim Ordu\u2019su Irak s\u0131n\u0131r\u0131 ve Derazor\u2019dan \u015eam\u2019a geri \u00e7ekiliyor\",\"datePublished\":\"2024-12-06T12:09:01+00:00\",\"mainEntityOfPage\":{\"@id\":\"https:\\\/\\\/darkamazi.site\\\/archives\\\/1032111\"},\"wordCount\":186,\"publisher\":{\"@id\":\"https:\\\/\\\/darkamazi.site\\\/#organization\"},\"image\":{\"@id\":\"https:\\\/\\\/darkamazi.site\\\/archives\\\/1032111#primaryimage\"},\"thumbnailUrl\":\"https:\\\/\\\/darkamazi.site\\\/darka-content\\\/uploads\\\/2024\\\/12\\\/Ebu-Kemal.jpg\",\"keywords\":[\"\u00f6nemli\"],\"articleSection\":[\"Ortado\u011fu\"],\"inLanguage\":\"en-US\"},{\"@type\":\"WebPage\",\"@id\":\"https:\\\/\\\/darkamazi.site\\\/archives\\\/1032111\",\"url\":\"https:\\\/\\\/darkamazi.site\\\/archives\\\/1032111\",\"name\":\"SOHR: Suriye Rejim Ordu\u2019su Irak s\u0131n\u0131r\u0131 ve Derazor\u2019dan \u015eam\u2019a geri \u00e7ekiliyor - Darka Mazi\",\"isPartOf\":{\"@id\":\"https:\\\/\\\/darkamazi.site\\\/#website\"},\"primaryImageOfPage\":{\"@id\":\"https:\\\/\\\/darkamazi.site\\\/archives\\\/1032111#primaryimage\"},\"image\":{\"@id\":\"https:\\\/\\\/darkamazi.site\\\/archives\\\/1032111#primaryimage\"},\"thumbnailUrl\":\"https:\\\/\\\/darkamazi.site\\\/darka-content\\\/uploads\\\/2024\\\/12\\\/Ebu-Kemal.jpg\",\"datePublished\":\"2024-12-06T12:09:01+00:00\",\"breadcrumb\":{\"@id\":\"https:\\\/\\\/darkamazi.site\\\/archives\\\/1032111#breadcrumb\"},\"inLanguage\":\"en-US\",\"potentialAction\":[{\"@type\":\"ReadAction\",\"target\":[\"https:\\\/\\\/darkamazi.site\\\/archives\\\/1032111\"]}]},{\"@type\":\"ImageObject\",\"inLanguage\":\"en-US\",\"@id\":\"https:\\\/\\\/darkamazi.site\\\/archives\\\/1032111#primaryimage\",\"url\":\"https:\\\/\\\/darkamazi.site\\\/darka-content\\\/uploads\\\/2024\\\/12\\\/Ebu-Kemal.jpg\",\"contentUrl\":\"https:\\\/\\\/darkamazi.site\\\/darka-content\\\/uploads\\\/2024\\\/12\\\/Ebu-Kemal.jpg\",\"width\":1200,\"height\":731,\"caption\":\"SOHR: Suriye Rejim Ordu\u2019su Irak s\u0131n\u0131r\u0131 ve Derazor\u2019dan \u015eam\u2019a geri \u00e7ekiliyor\"},{\"@type\":\"BreadcrumbList\",\"@id\":\"https:\\\/\\\/darkamazi.site\\\/archives\\\/1032111#breadcrumb\",\"itemListElement\":[{\"@type\":\"ListItem\",\"position\":1,\"name\":\"Home\",\"item\":\"https:\\\/\\\/darkamazi.site\\\/\"},{\"@type\":\"ListItem\",\"position\":2,\"name\":\"SOHR: Suriye Rejim Ordu\u2019su Irak s\u0131n\u0131r\u0131 ve Derazor\u2019dan \u015eam\u2019a geri \u00e7ekiliyor\"}]},{\"@type\":\"WebSite\",\"@id\":\"https:\\\/\\\/darkamazi.site\\\/#website\",\"url\":\"https:\\\/\\\/darkamazi.site\\\/\",\"name\":\"Darka Mazi\",\"description\":\"Ana Sayfa\",\"publisher\":{\"@id\":\"https:\\\/\\\/darkamazi.site\\\/#organization\"},\"potentialAction\":[{\"@type\":\"SearchAction\",\"target\":{\"@type\":\"EntryPoint\",\"urlTemplate\":\"https:\\\/\\\/darkamazi.site\\\/?s={search_term_string}\"},\"query-input\":{\"@type\":\"PropertyValueSpecification\",\"valueRequired\":true,\"valueName\":\"search_term_string\"}}],\"inLanguage\":\"en-US\"},{\"@type\":\"Organization\",\"@id\":\"https:\\\/\\\/darkamazi.site\\\/#organization\",\"name\":\"Darka Mazi T\u00fcrk\u00e7e\",\"alternateName\":\"Darka Mazi\",\"url\":\"https:\\\/\\\/darkamazi.site\\\/\",\"logo\":{\"@type\":\"ImageObject\",\"inLanguage\":\"en-US\",\"@id\":\"https:\\\/\\\/darkamazi.site\\\/#\\\/schema\\\/logo\\\/image\\\/\",\"url\":\"https:\\\/\\\/darkamazi.site\\\/darka-content\\\/uploads\\\/2017\\\/12\\\/darka-mazi-logo.png\",\"contentUrl\":\"https:\\\/\\\/darkamazi.site\\\/darka-content\\\/uploads\\\/2017\\\/12\\\/darka-mazi-logo.png\",\"width\":151,\"height\":75,\"caption\":\"Darka Mazi T\u00fcrk\u00e7e\"},\"image\":{\"@id\":\"https:\\\/\\\/darkamazi.site\\\/#\\\/schema\\\/logo\\\/image\\\/\"},\"sameAs\":[\"https:\\\/\\\/www.facebook.com\\\/DarkaMaziturkce\",\"https:\\\/\\\/x.com\\\/DarkaMaziTurkce\"]},{\"@type\":\"Person\",\"@id\":\"https:\\\/\\\/darkamazi.site\\\/#\\\/schema\\\/person\\\/67986a95ac546c16760365877ef4a9d3\",\"name\":\"darka mazi\",\"sameAs\":[\"https:\\\/\\\/darkamazi.site\"],\"url\":\"https:\\\/\\\/darkamazi.site\\\/archives\\\/author\\\/turkish\"}]}<\/script>\n<!-- \/ Yoast SEO plugin. -->","seo_head_json":{"title":"SOHR: Suriye Rejim Ordu\u2019su Irak s\u0131n\u0131r\u0131 ve Derazor\u2019dan \u015eam\u2019a geri \u00e7ekiliyor - Darka Mazi","robots":{"index":"index","follow":"follow","max-snippet":"max-snippet:-1","max-image-preview":"max-image-preview:large","max-video-preview":"max-video-preview:-1"},"canonical":"https:\/\/darkamazi.site\/archives\/1032111","og_locale":"en_US","og_type":"article","og_title":"SOHR: Suriye Rejim Ordu\u2019su Irak s\u0131n\u0131r\u0131 ve Derazor\u2019dan \u015eam\u2019a geri \u00e7ekiliyor - Darka Mazi","og_description":"Suriye \u0130nsan Haklar\u0131 G\u00f6zlemevi (SOHR) bug\u00fcn yapt\u0131\u011f\u0131 a\u00e7\u0131klamada, kuzeyden silahl\u0131 gruplar\u0131n ilerlemesi sonras\u0131 Suriye ordusunun Irak ile s\u0131n\u0131r b\u00f6lgelerinden ba\u015fkent \u015eam&#8217;a do\u011fru \u00e7ekildi\u011fini s\u00f6yledi. Suriye \u0130nsan Haklar\u0131 G\u00f6zlemevi, &#8220;Suriye rejim g\u00fc\u00e7leri Derazor&#8217;da konu\u015fland\u0131r\u0131lan baz\u0131 askeri birimlerini ba\u015fkent \u015eam&#8217;a do\u011fru \u00e7ekmeye ba\u015flad\u0131&#8221; dedi. Geri \u00e7ekilme s\u00fcrecinin Derazor, Meyadin ve Kuriya \u015fehirlerini, \u00a0ve Ebu Kemal kap\u0131s\u0131 \u00e7evresinden [&hellip;]","og_url":"https:\/\/darkamazi.site\/archives\/1032111","og_site_name":"Darka Mazi","article_publisher":"https:\/\/www.facebook.com\/DarkaMaziturkce","article_published_time":"2024-12-06T12:09:01+00:00","og_image":[{"width":1200,"height":731,"url":"https:\/\/darkamazi.site\/file\/2024\/12\/Ebu-Kemal.jpg","type":"image\/jpeg"}],"author":"darka mazi","twitter_card":"summary_large_image","twitter_creator":"@DarkaMaziTurkce","twitter_site":"@DarkaMaziTurkce","twitter_misc":{"Written by":"darka mazi","Est. reading time":"1 minute"},"schema":{"@context":"https:\/\/schema.org","@graph":[{"@type":"NewsArticle","@id":"https:\/\/darkamazi.site\/archives\/1032111#article","isPartOf":{"@id":"https:\/\/darkamazi.site\/archives\/1032111"},"author":{"name":"darka mazi","@id":"https:\/\/darkamazi.site\/#\/schema\/person\/67986a95ac546c16760365877ef4a9d3"},"headline":"SOHR: Suriye Rejim Ordu\u2019su Irak s\u0131n\u0131r\u0131 ve Derazor\u2019dan \u015eam\u2019a geri \u00e7ekiliyor","datePublished":"2024-12-06T12:09:01+00:00","mainEntityOfPage":{"@id":"https:\/\/darkamazi.site\/archives\/1032111"},"wordCount":186,"publisher":{"@id":"https:\/\/darkamazi.site\/#organization"},"image":{"@id":"https:\/\/darkamazi.site\/archives\/1032111#primaryimage"},"thumbnailUrl":"https:\/\/darkamazi.site\/file\/2024\/12\/Ebu-Kemal.jpg","keywords":["\u00f6nemli"],"articleSection":["Ortado\u011fu"],"inLanguage":"en-US"},{"@type":"WebPage","@id":"https:\/\/darkamazi.site\/archives\/1032111","url":"https:\/\/darkamazi.site\/archives\/1032111","name":"SOHR: Suriye Rejim Ordu\u2019su Irak s\u0131n\u0131r\u0131 ve Derazor\u2019dan \u015eam\u2019a geri \u00e7ekiliyor - Darka Mazi","isPartOf":{"@id":"https:\/\/darkamazi.site\/#website"},"primaryImageOfPage":{"@id":"https:\/\/darkamazi.site\/archives\/1032111#primaryimage"},"image":{"@id":"https:\/\/darkamazi.site\/archives\/1032111#primaryimage"},"thumbnailUrl":"https:\/\/darkamazi.site\/file\/2024\/12\/Ebu-Kemal.jpg","datePublished":"2024-12-06T12:09:01+00:00","breadcrumb":{"@id":"https:\/\/darkamazi.site\/archives\/1032111#breadcrumb"},"inLanguage":"en-US","potentialAction":[{"@type":"ReadAction","target":["https:\/\/darkamazi.site\/archives\/1032111"]}]},{"@type":"ImageObject","inLanguage":"en-US","@id":"https:\/\/darkamazi.site\/archives\/1032111#primaryimage","url":"https:\/\/darkamazi.site\/file\/2024\/12\/Ebu-Kemal.jpg","contentUrl":"https:\/\/darkamazi.site\/file\/2024\/12\/Ebu-Kemal.jpg","width":1200,"height":731,"caption":"SOHR: Suriye Rejim Ordu\u2019su Irak s\u0131n\u0131r\u0131 ve Derazor\u2019dan \u015eam\u2019a geri \u00e7ekiliyor"},{"@type":"BreadcrumbList","@id":"https:\/\/darkamazi.site\/archives\/1032111#breadcrumb","itemListElement":[{"@type":"ListItem","position":1,"name":"Home","item":"https:\/\/darkamazi.site\/"},{"@type":"ListItem","position":2,"name":"SOHR: Suriye Rejim Ordu\u2019su Irak s\u0131n\u0131r\u0131 ve Derazor\u2019dan \u015eam\u2019a geri \u00e7ekiliyor"}]},{"@type":"WebSite","@id":"https:\/\/darkamazi.site\/#website","url":"https:\/\/darkamazi.site\/","name":"Darka Mazi","description":"Ana Sayfa","publisher":{"@id":"https:\/\/darkamazi.site\/#organization"},"potentialAction":[{"@type":"SearchAction","target":{"@type":"EntryPoint","urlTemplate":"https:\/\/darkamazi.site\/?s={search_term_string}"},"query-input":{"@type":"PropertyValueSpecification","valueRequired":true,"valueName":"search_term_string"}}],"inLanguage":"en-US"},{"@type":"Organization","@id":"https:\/\/darkamazi.site\/#organization","name":"Darka Mazi T\u00fcrk\u00e7e","alternateName":"Darka Mazi","url":"https:\/\/darkamazi.site\/","logo":{"@type":"ImageObject","inLanguage":"en-US","@id":"https:\/\/darkamazi.site\/#\/schema\/logo\/image\/","url":"https:\/\/darkamazi.site\/file\/2017\/12\/darka-mazi-logo.png","contentUrl":"https:\/\/darkamazi.site\/file\/2017\/12\/darka-mazi-logo.png","width":151,"height":75,"caption":"Darka Mazi T\u00fcrk\u00e7e"},"image":{"@id":"https:\/\/darkamazi.site\/#\/schema\/logo\/image\/"},"sameAs":["https:\/\/www.facebook.com\/DarkaMaziturkce","https:\/\/x.com\/DarkaMaziTurkce"]},{"@type":"Person","@id":"https:\/\/darkamazi.site\/#\/schema\/person\/67986a95ac546c16760365877ef4a9d3","name":"darka mazi","sameAs":["https:\/\/darkamazi.site"],"url":"https:\/\/darkamazi.site\/archives\/author\/turkish"}]}},"_links":{"self":[{"href":"https:\/\/darkamazi.site\/funavuv\/wp\/v2\/posts\/1032111","targetHints":{"allow":["GET"]}}],"collection":[{"href":"https:\/\/darkamazi.site\/funavuv\/wp\/v2\/posts"}],"about":[{"href":"https:\/\/darkamazi.site\/funavuv\/wp\/v2\/types\/post"}],"author":[{"embeddable":true,"href":"https:\/\/darkamazi.site\/funavuv\/wp\/v2\/users\/2"}],"replies":[{"embeddable":true,"href":"https:\/\/darkamazi.site\/funavuv\/wp\/v2\/comments?post=1032111"}],"version-history":[{"count":0,"href":"https:\/\/darkamazi.site\/funavuv\/wp\/v2\/posts\/1032111\/revisions"}],"wp:featuredmedia":[{"embeddable":true,"href":"https:\/\/darkamazi.site\/funavuv\/wp\/v2\/media\/1032112"}],"wp:attachment":[{"href":"https:\/\/darkamazi.site\/funavuv\/wp\/v2\/media?parent=1032111"}],"wp:term":[{"taxonomy":"category","embeddable":true,"href":"https:\/\/darkamazi.site\/funavuv\/wp\/v2\/categories?post=1032111"},{"taxonomy":"post_tag","embeddable":true,"href":"https:\/\/darkamazi.site\/funavuv\/wp\/v2\/tags?post=1032111"}],"curies":[{"name":"wp","href":"https:\/\/api.w.org\/{rel}","templated":true}]}}