{"id":1032234,"date":"2024-12-16T17:22:16","date_gmt":"2024-12-16T14:22:16","guid":{"rendered":"https:\/\/darkamazi.site\/?p=1032234"},"modified":"2024-12-16T17:22:16","modified_gmt":"2024-12-16T14:22:16","slug":"rojavada-kurt-ittifaki-isteyenler-once-pkkye-cagri-yapmalidir","status":"publish","type":"post","link":"https:\/\/darkamazi.site\/archives\/1032234","title":{"rendered":"Rojava\u2019da K\u00fcrt ittifak\u0131 isteyenler \u00f6nce\u00a0 PKK\u2019ye \u00e7a\u011fr\u0131 yapmal\u0131d\u0131r"},"content":{"rendered":"<p style=\"text-align: justify\">Esad rejiminin y\u0131k\u0131lmas\u0131 Rojava\u2019da K\u00fcrtlere \u00e7ok b\u00fcy\u00fck imkanlar sa\u011fl\u0131yor. T\u00fcm K\u00fcrtler bu imkanlar\u0131n do\u011fru de\u011ferlendirilmesi i\u00e7in ENKS ve PYD\u2019nin ortak hareket etmesini istiyor, k\u0131saca K\u00fcrtler birlik istiyor. Ve t\u00fcm K\u00fcrtler \u201cRojava\u2019da birlik\u201d konusunda \u00e7a\u011fr\u0131 yap\u0131yor ve maalesef ki bu \u00e7a\u011fr\u0131lar sadece duygusal temelli, tek y\u00f6nl\u00fc ve ger\u00e7ek bir zemine oturmayan, yar\u0131m \u00e7a\u011fr\u0131lard\u0131r. \u00a0Meseleye daha b\u00fct\u00fcnl\u00fckl\u00fc ve ger\u00e7ek\u00e7i yakla\u015f\u0131m i\u00e7in \u00f6ncelikle \u015fu iki hususu g\u00f6rmememiz gerekir.<\/p>\n<p>1- Rojava\u2019da bir birlik sa\u011flanmas\u0131 i\u00e7in K\u00fcrdistan\u2019daki iki temel siyasi akt\u00f6r\u00fcn yani PKK ve KDP\u2019nin genel hatlar\u0131 ile baz\u0131 konularda anla\u015fma sa\u011flamas\u0131 gerekir. \u00c7\u00fcnk\u00fc Rojava meselesi di\u011fer K\u00fcrdistan par\u00e7alar\u0131nda ki siyasi durum ve dengelerden ba\u011f\u0131ms\u0131z de\u011fildir.<\/p>\n<p>2- Birlik i\u00e7in halk, Rojaval\u0131 y\u00f6neticiler ve di\u011fer \u00e7evreler hep G\u00fcney K\u00fcrdistan\u2019a ve Ba\u015fkan Barzani\u2019yi \u00e7a\u011fr\u0131 yap\u0131yor. Bu da yanl\u0131\u015ft\u0131r birlik isteyenler \u00f6ncelikle PKK\u2019ye \u00e7a\u011fr\u0131 yapmal\u0131d\u0131r.<\/p>\n<p style=\"text-align: justify\">Evet bu iki husus \u00e7er\u00e7evesinden bak\u0131nca g\u00f6r\u00fcyor ki Rojava\u2019da birlik isteyenler \u00f6ncelikle PKK\u2019ye \u00e7a\u011fr\u0131 yapmal\u0131d\u0131r. Meseleyi bir iki ba\u015fl\u0131kta \u00f6zetlersek.<\/p>\n<p style=\"text-align: justify\">\n<ol>\n<li><strong>Birinci \u00e7a\u011fr\u0131: PKK, Rojava\u2019y\u0131 kendini me\u015frula\u015ft\u0131rma sahas\u0131 yapmaktan vazge\u00e7meli<\/strong><\/li>\n<\/ol>\n<p style=\"text-align: justify\">Rojava\u2019da birlik sa\u011flamas\u0131 gereken iki g\u00fc\u00e7 yani ENKS ve HSD g\u00fc\u00e7leri t\u00fcmden ba\u011f\u0131ms\u0131z de\u011fillerdir. ENKS\u2019nin KDP ile HSD\u2019nin PKK ile ba\u011flar\u0131 vard\u0131r. Ve ayr\u0131ca her iki siyasetin de merkezi G\u00fcney K\u00fcrdistan\u2019d\u0131r.\u00a0 Fakat ENKS\u2019nin KDP ile ili\u015fkileri ileri derecede \u00f6zerktir. \u00a0PYD y\u00f6netimi ise t\u00fcmden bir PKK \u00e7al\u0131\u015fmas\u0131d\u0131r.<\/p>\n<p style=\"text-align: justify\">\u00d6rne\u011fin, sahada g\u00f6rd\u00fc\u011f\u00fcm\u00fcz PYD\u2019li isimlerden \u0130lham Ahmed (Ronahi), General Mazlum (\u015eahin), Asya Abdullah (Dilan Derik), Fawza Yusif (Zaxo Zagros) gibi isimler sadece eski PKK\u2019li de\u011fildir. PKK\u2019nin Rojava\u2019daki PKK komitesinin \u00fcyesidirler ve hatta Sabri Ok, Fatma Dersim gibi isimler taraf\u0131ndan direk y\u00f6netilmektedirler.\u00a0 Bu durum onlar\u0131 PKK ile ili\u015fkili de\u011fil PKK\u2019nin kendisi durumuna getirmektedir ve bu kimliklerinden dolay\u0131 Rojava \u00e7\u0131karlar\u0131 \u00fczerinden de\u011fil olaylara PKK talimatlar\u0131 ve PKK \u00e7\u0131karlar\u0131 \u00e7er\u00e7evesinde ele al\u0131yorlar. Ve a\u00e7\u0131k s\u00f6yleyelim HSD\u2019nin sahadaki s\u0131n\u0131rl\u0131 esnek duru\u015fu da PKK\u2019ye ra\u011fmen ABD\u2019nin zorlamas\u0131yla sa\u011flanm\u0131\u015ft\u0131r. Mazlum Abdi ara s\u0131ra \u00e7\u0131k\u0131p bir iki kelam PKK d\u0131\u015f\u0131nda edebiliyorsa bu da ABD\u2019nin sa\u011flad\u0131\u011f\u0131 bir durumdur.<\/p>\n<p style=\"text-align: justify\">PKK, Arap bahar\u0131n\u0131n ba\u015f\u0131ndan itibaren Rojava\u2019y\u0131 destekleyece\u011fi de\u011fil m\u00fclkle\u015ftirip, tek kendini h\u00e2kim k\u0131laca\u011f\u0131 ve \u00fczerinden kendini me\u015frula\u015ft\u0131raca\u011f\u0131 bir saha olarak g\u00f6rd\u00fc. Bu nedenle \u00d6calan resimleri ve bayraklar\u0131 herkesin g\u00f6z\u00fcne sokarcas\u0131na Rojava\u2019y\u0131 kaplad\u0131. E\u011fitim kitaplar\u0131n\u0131n kapa\u011f\u0131na \u00d6calan resimleri kondu.<\/p>\n<p style=\"text-align: justify\">\u015eu anda hem Bat\u0131 g\u00fc\u00e7leri hem de Amerika\u2019n\u0131n HSD\u2019ye teklifi \u015fudur \u201cPKK ile ili\u015fkinizi s\u0131n\u0131rland\u0131r\u0131n biz size siper olal\u0131m\u201d.\u00a0 Ayr\u0131ca ENKS\u2019de \u015funu s\u00f6yl\u00fcyor biz neden \u00e7ocuklar\u0131m\u0131z\u0131 okula \u00d6calan\u2019\u0131n hayat\u0131n\u0131 \u00f6\u011frenmeye, \u00d6calan i\u00e7in slogan atmaya g\u00f6nderelim. Yani PKK\u2019nin Rojava\u2019dan uzak durmas\u0131 gerekiyor.<\/p>\n<p style=\"text-align: justify\">Bu temelde birlik isteyenler ilk olarak PKK\u2019ye ilk \u00e7a\u011fr\u0131lar\u0131 yapmal\u0131: \u201cRojava\u2019y\u0131 kendi kaderini tayin konusunda serbest b\u0131rak, Rojava PKK Komitesini feshet, Rojaval\u0131 kadrolar\u0131n e\u011fer Rojava\u2019da somut g\u00f6rev ba\u015f\u0131ndaysa KCK, PKK ve PAJK sistemi i\u00e7inde birinci derecede g\u00f6rev almas\u0131n\u0131 durdur, gazi ve yaral\u0131lar d\u0131\u015f\u0131nda Rojava PKK y\u00f6neticilerinin \u00fcslenme alan\u0131 olarak kullan\u0131lmas\u0131n\u201d<\/p>\n<ol>\n<li><strong>\u00c7a\u011fr\u0131: Ba\u011fdat\u2019ta K\u00fcrdistan B\u00f6lgesi ve KDP kar\u015f\u0131t\u0131 ili\u015fkilerini durdur<\/strong><\/li>\n<\/ol>\n<p style=\"text-align: justify\">Bir soru ile ba\u015flayal\u0131m e\u011fer Suriye ve Rojava\u2019da K\u00fcrtlerin \u015eam\u2019a beraber gitmesini istiyorsak, Ba\u011fdat\u2019ta da ayn\u0131 birli\u011fi istememiz gerekmez mi? Elbette gerekir.<\/p>\n<p style=\"text-align: justify\">Rojava\u2019da K\u00fcrt birli\u011finin sa\u011flanmas\u0131 i\u00e7in PKK\u2019nin G\u00fcney K\u00fcrdistan ve Irak\u2019taki duru\u015funu de\u011fi\u015ftirmesi gerekir. Evet PKK ge\u00e7mi\u015fte de KDP d\u00fc\u015fman\u0131yd\u0131 fakat 2013 y\u0131l\u0131ndan bu yana sistemli olarak \u015eii yap\u0131larla beraber KDP d\u00fc\u015fmanl\u0131\u011f\u0131 yap\u0131yor.\u00a0 Bak\u0131n rekabet de\u011fil d\u00fc\u015fmanl\u0131k \u00f6yle bir d\u00fc\u015fmanl\u0131k ki \u0130ran devleti Hewler\u2019i bombalay\u0131p sivilleri vurunca PKK medyas\u0131 Irak ve Irak \u015eii rejimini K\u00fcrtlere \u015firin g\u00f6stermek i\u00e7in bir k\u00f6pek sadakati ile \u00e7al\u0131\u015f\u0131yor.<\/p>\n<p style=\"text-align: justify\">PKK y\u00f6neticileri Ba\u011fdat\u2019da ve S\u00fcleymaniye\u2019de KDP\u2019nin mezar\u0131n\u0131 kazmaya \u00e7al\u0131\u015f\u0131yor. Ba\u011fdat KDP\u2019yi k\u00fc\u00e7\u00fclts\u00fcn onun yerini bize versin diye etmedikleri hizmet kalmad\u0131. PKK Rojava\u2019da birlik istiyorsa \u00f6nce Ba\u011fdat\u2019taki KDP kar\u015f\u0131t\u0131 ili\u015fkilerini kesecek. Hadi \u015eam\u2019a beraber gidelim ama ben Ba\u011fdat\u2019ta senin mezar\u0131n\u0131 kazmak i\u00e7in ittifak yapay\u0131m denmez.<\/p>\n<p style=\"text-align: justify\">Tabi ki birde \u015eengal meselesi var. PKK, \u015eengal\u2019de Ezidileri K\u00fcrdistan B\u00f6lgesi\u2019ne d\u00fc\u015fman ilan etti. \u015eengalsiz bir K\u00fcrdistan, K\u00fcrdistans\u0131z bir \u015eengal i\u00e7in Irak ile anla\u015ft\u0131 ve Ezidi gen\u00e7lerin koluna Ha\u015fdi \u015eabi armas\u0131 yap\u0131\u015ft\u0131rd\u0131. Rojava\u2019da \u201cQami\u015flo, \u015eam\u2019a ba\u011flans\u0131n\u201d diyen ne kadar hainse G\u00fcney\u2019de de \u201c\u015eengal, Irak\u2019a ba\u011flans\u0131n\u201d diyen o kadar haindir.<\/p>\n<p style=\"text-align: justify\">Madem K\u00fcrtler \u015eam\u2019da birlik olmal\u0131 o zaman Ba\u011fdat\u2019ta da PKK, KDP kar\u015f\u0131t\u0131 ittifaklara hizmet etmekten vazge\u00e7meli bunun i\u00e7in de PKK\u2019ye yap\u0131lmas\u0131 gereken 2. \u00e7a\u011fr\u0131 da \u015fudur: \u201cBa\u011fdat ve S\u00fcleymaniye\u2019de KDP kar\u015f\u0131t\u0131 ittifaklardan \u00e7ekil, Ha\u015fdi \u015eabi g\u00fc\u00e7leri i\u00e7indeki yap\u0131n\u0131 feshet, \u015eengal\u2019i K\u00fcrdistan\u2019\u0131n bir par\u00e7as\u0131 g\u00f6rd\u00fc\u011f\u00fcn\u00fc a\u00e7\u0131kla, Hewler-Ba\u011fdat aras\u0131ndaki \u015eengal anla\u015fmas\u0131n\u0131n hayata ge\u00e7mesine engel olmakta vazge\u00e7, S\u00fcleymaniye\u2019den Hewler\u2019e sald\u0131r\u0131 te\u015fvikleri ve planlar\u0131 yapmay\u0131 durdur.\u201d<\/p>\n<ol>\n<li><strong>\u00c7a\u011fr\u0131: PKK medyas\u0131 K\u00fcrtler aras\u0131 nefret yayan s\u00f6ylemlerini bir kenara b\u0131raks\u0131n<\/strong><\/li>\n<\/ol>\n<p style=\"text-align: justify\">PKK medyas\u0131 PKK\u2019nin KDP d\u00fc\u015fmanl\u0131\u011f\u0131 temelinde \u00f6rg\u00fctlenmi\u015ftir. Bu medya K\u00fcrtler aras\u0131na nefret koymak, K\u00fcrtlerde vatanseverli\u011fi bitirmek, K\u00fcrtleri tek kazan\u0131m olan G\u00fcney K\u00fcrdistan\u2019a d\u00fc\u015fman olarak k\u0131\u015fk\u0131rtmak d\u0131\u015f\u0131nda bir i\u015f y\u00fcr\u00fctm\u00fcyor.\u00a0 PKK medyas\u0131 Irak devletini, \u015eiilerin Erbil\u2019i i\u015fgal projesini K\u00fcrtlere \u015firin g\u00f6steren, K\u00fcrtleri birbirine k\u0131\u015fk\u0131rtan bir aparat haline gelmi\u015ftir.<\/p>\n<p style=\"text-align: justify\">Mesela, Irak devleti bir s\u00f6m\u00fcrgeci politikas\u0131 olarak K\u00fcrtlerin kendi \u00f6z petrollerini satmas\u0131n\u0131 engelliyor ama PKK medyas\u0131 Irak ekonomik d\u00fczeltme yap\u0131yor diye propaganda yap\u0131yor.\u00a0 \u00a0\u0130ran Hewler\u2019i vuruyor, sevin\u00e7 i\u00e7inde \u201c\u0130srail\u2019in Erbil\u2019deki \u00a0b\u00fcrolar\u0131 vuruldu\u201d diye man\u015fet at\u0131yordu. Kerk\u00fck i\u015fgal edilirken y\u00f6neticileri \u00e7\u0131k\u0131p \u201cbizim paradigmam\u0131z kazand\u0131\u201d diye a\u00e7\u0131klama yap\u0131yor. Irak devleti Kerk\u00fck\u2019te K\u00fcrt \u00f6ld\u00fcr\u00fcyor PKK medyas\u0131 \u201cKDP kriz \u00e7\u0131kard\u0131\u201d diyecek kadar al\u00e7ak\u00e7a tutumlarla K\u00fcrtlerin G\u00fcney kazan\u0131mlar\u0131na sald\u0131r\u0131yor.<\/p>\n<p style=\"text-align: justify\">PKK medyas\u0131 Barzani ailesinin K\u00fcrdistan tarihinde ki y\u00fcz y\u0131ll\u0131k \u015fehitlerini ve yaratt\u0131\u011f\u0131 eme\u011fi K\u00fcrtlere \u015feytan gibi g\u00f6stermeye \u00e7al\u0131\u015f\u0131yor. \u00d6yle bir duruma geldi ki PKK kitlesi Barzani Enfal y\u0131l d\u00f6n\u00fcm\u00fcnde geri kalanlarda \u00f6ld\u00fcr\u00fcls\u00fcn diye tweet at\u0131yor.<\/p>\n<p style=\"text-align: justify\">Bug\u00fcn bile Esad y\u0131k\u0131lm\u0131\u015fken ve herkes birlik ararken PKK medyas\u0131 hala bu ko\u015fullarda PKK\u2019ye nas\u0131l sald\u0131r\u0131r\u0131m derdinde.<\/p>\n<p style=\"text-align: justify\">Birlik isteyenler PKK\u2019ye de birlik \u00e7a\u011fr\u0131s\u0131 yapacaklar, diyecekler ki \u201cMedyanda kendi d\u0131\u015f\u0131ndaki siyasi hareketlerin de\u011ferlerini a\u015fa\u011f\u0131lamaktan vazge\u00e7, medyanda KDP ve Barzani d\u00fc\u015fmanl\u0131\u011f\u0131 yapmaktan, K\u00fcrt tarihini \u00e7arp\u0131tmaktan vazge\u00e7\u201d.<\/p>\n<p style=\"text-align: justify\"><strong>Rojava\u2019da birlik geli\u015fmesinin \u00f6n\u00fcnde ki en b\u00fcy\u00fck engel PKK\u2019nin duru\u015fudur<\/strong><\/p>\n<p style=\"text-align: justify\">PKK, \u00a0\u201cben hi\u00e7 taviz vermeyeyim, Rojava\u2019y\u0131 nas\u0131l Esad\u2019a pazarlad\u0131msa \u015fimdi de biraz Colani\u2019ye pazarlayay\u0131m, rant kap\u0131m kapanmas\u0131n, Irak\u2019tan da Ha\u015fdi \u015eabi\u2019den nemalanay\u0131m, g\u00fcnl\u00fck olarak Barzani ailesine k\u00fcfredeyim\u201d derse Rojava\u2019da birlik olmaz.<\/p>\n<p style=\"text-align: justify\">Herkesin net olmas\u0131 gereken bir durum vard\u0131r. PKK 2012\u2019den beri Rojava\u2019y\u0131 kendi tekelinde tutmak i\u00e7in K\u00fcrtler aras\u0131 birli\u011fi engellemi\u015ftir, \u015fimdi de birlik meselesindeki en b\u00fcy\u00fck engel PKK\u2019dir.\u00a0 Bunun i\u00e7in Rojava\u2019da birlik i\u00e7in ilk \u00e7a\u011fr\u0131 yap\u0131l\u0131p \u201cRojava\u2019y\u0131 kendine kurban etme\u201d denmesi gereken yap\u0131 PKK\u2019dir.<\/p>\n","protected":false},"excerpt":{"rendered":"<p>Esad rejiminin y\u0131k\u0131lmas\u0131 Rojava\u2019da K\u00fcrtlere \u00e7ok b\u00fcy\u00fck imkanlar sa\u011fl\u0131yor. T\u00fcm K\u00fcrtler bu imkanlar\u0131n do\u011fru de\u011ferlendirilmesi i\u00e7in ENKS ve PYD\u2019nin ortak hareket etmesini istiyor, k\u0131saca K\u00fcrtler birlik istiyor. Ve t\u00fcm K\u00fcrtler \u201cRojava\u2019da birlik\u201d konusunda \u00e7a\u011fr\u0131 yap\u0131yor ve maalesef ki bu \u00e7a\u011fr\u0131lar sadece duygusal temelli, tek y\u00f6nl\u00fc ve ger\u00e7ek bir zemine oturmayan, yar\u0131m \u00e7a\u011fr\u0131lard\u0131r. \u00a0Meseleye daha b\u00fct\u00fcnl\u00fckl\u00fc [&hellip;]<\/p>\n","protected":false},"author":2,"featured_media":1032235,"comment_status":"closed","ping_status":"closed","sticky":false,"template":"","format":"standard","meta":{"footnotes":""},"categories":[7],"tags":[31],"class_list":["post-1032234","post","type-post","status-publish","format-standard","has-post-thumbnail","hentry","category-editorden","tag-onemli"],"blocksy_meta":[],"seo_head":"<!-- This site is optimized with the Yoast SEO plugin v27.5 - https:\/\/yoast.com\/product\/yoast-seo-wordpress\/ -->\n<title>Rojava\u2019da K\u00fcrt ittifak\u0131 isteyenler \u00f6nce\u00a0 PKK\u2019ye \u00e7a\u011fr\u0131 yapmal\u0131d\u0131r - Darka Mazi<\/title>\n<meta name=\"robots\" content=\"index, follow, max-snippet:-1, max-image-preview:large, max-video-preview:-1\" \/>\n<link rel=\"canonical\" href=\"https:\/\/darkamazi.site\/archives\/1032234\" \/>\n<meta property=\"og:locale\" content=\"en_US\" \/>\n<meta property=\"og:type\" content=\"article\" \/>\n<meta property=\"og:title\" content=\"Rojava\u2019da K\u00fcrt ittifak\u0131 isteyenler \u00f6nce\u00a0 PKK\u2019ye \u00e7a\u011fr\u0131 yapmal\u0131d\u0131r - Darka Mazi\" \/>\n<meta property=\"og:description\" content=\"Esad rejiminin y\u0131k\u0131lmas\u0131 Rojava\u2019da K\u00fcrtlere \u00e7ok b\u00fcy\u00fck imkanlar sa\u011fl\u0131yor. T\u00fcm K\u00fcrtler bu imkanlar\u0131n do\u011fru de\u011ferlendirilmesi i\u00e7in ENKS ve PYD\u2019nin ortak hareket etmesini istiyor, k\u0131saca K\u00fcrtler birlik istiyor. Ve t\u00fcm K\u00fcrtler \u201cRojava\u2019da birlik\u201d konusunda \u00e7a\u011fr\u0131 yap\u0131yor ve maalesef ki bu \u00e7a\u011fr\u0131lar sadece duygusal temelli, tek y\u00f6nl\u00fc ve ger\u00e7ek bir zemine oturmayan, yar\u0131m \u00e7a\u011fr\u0131lard\u0131r. \u00a0Meseleye daha b\u00fct\u00fcnl\u00fckl\u00fc [&hellip;]\" \/>\n<meta property=\"og:url\" content=\"https:\/\/darkamazi.site\/archives\/1032234\" \/>\n<meta property=\"og:site_name\" content=\"Darka Mazi\" \/>\n<meta property=\"article:publisher\" content=\"https:\/\/www.facebook.com\/DarkaMaziturkce\" \/>\n<meta property=\"article:published_time\" content=\"2024-12-16T14:22:16+00:00\" \/>\n<meta property=\"og:image\" content=\"https:\/\/darkamazi.site\/file\/2024\/12\/bashor-rojava.jpg\" \/>\n\t<meta property=\"og:image:width\" content=\"900\" \/>\n\t<meta property=\"og:image:height\" content=\"475\" \/>\n\t<meta property=\"og:image:type\" content=\"image\/jpeg\" \/>\n<meta name=\"author\" content=\"darka mazi\" \/>\n<meta name=\"twitter:card\" content=\"summary_large_image\" \/>\n<meta name=\"twitter:creator\" content=\"@DarkaMaziTurkce\" \/>\n<meta name=\"twitter:site\" content=\"@DarkaMaziTurkce\" \/>\n<meta name=\"twitter:label1\" content=\"Written by\" \/>\n\t<meta name=\"twitter:data1\" content=\"darka mazi\" \/>\n\t<meta name=\"twitter:label2\" content=\"Est. reading time\" \/>\n\t<meta name=\"twitter:data2\" content=\"5 minutes\" \/>\n<script type=\"application\/ld+json\" class=\"seo-schema-graph\">{\"@context\":\"https:\\\/\\\/schema.org\",\"@graph\":[{\"@type\":\"NewsArticle\",\"@id\":\"https:\\\/\\\/darkamazi.site\\\/archives\\\/1032234#article\",\"isPartOf\":{\"@id\":\"https:\\\/\\\/darkamazi.site\\\/archives\\\/1032234\"},\"author\":{\"name\":\"darka mazi\",\"@id\":\"https:\\\/\\\/darkamazi.site\\\/#\\\/schema\\\/person\\\/67986a95ac546c16760365877ef4a9d3\"},\"headline\":\"Rojava\u2019da K\u00fcrt ittifak\u0131 isteyenler \u00f6nce\u00a0 PKK\u2019ye \u00e7a\u011fr\u0131 yapmal\u0131d\u0131r\",\"datePublished\":\"2024-12-16T14:22:16+00:00\",\"mainEntityOfPage\":{\"@id\":\"https:\\\/\\\/darkamazi.site\\\/archives\\\/1032234\"},\"wordCount\":1460,\"publisher\":{\"@id\":\"https:\\\/\\\/darkamazi.site\\\/#organization\"},\"image\":{\"@id\":\"https:\\\/\\\/darkamazi.site\\\/archives\\\/1032234#primaryimage\"},\"thumbnailUrl\":\"https:\\\/\\\/darkamazi.site\\\/darka-content\\\/uploads\\\/2024\\\/12\\\/bashor-rojava.jpg\",\"keywords\":[\"\u00f6nemli\"],\"articleSection\":[\"Edit\u00f6rden\"],\"inLanguage\":\"en-US\"},{\"@type\":\"WebPage\",\"@id\":\"https:\\\/\\\/darkamazi.site\\\/archives\\\/1032234\",\"url\":\"https:\\\/\\\/darkamazi.site\\\/archives\\\/1032234\",\"name\":\"Rojava\u2019da K\u00fcrt ittifak\u0131 isteyenler \u00f6nce\u00a0 PKK\u2019ye \u00e7a\u011fr\u0131 yapmal\u0131d\u0131r - Darka Mazi\",\"isPartOf\":{\"@id\":\"https:\\\/\\\/darkamazi.site\\\/#website\"},\"primaryImageOfPage\":{\"@id\":\"https:\\\/\\\/darkamazi.site\\\/archives\\\/1032234#primaryimage\"},\"image\":{\"@id\":\"https:\\\/\\\/darkamazi.site\\\/archives\\\/1032234#primaryimage\"},\"thumbnailUrl\":\"https:\\\/\\\/darkamazi.site\\\/darka-content\\\/uploads\\\/2024\\\/12\\\/bashor-rojava.jpg\",\"datePublished\":\"2024-12-16T14:22:16+00:00\",\"breadcrumb\":{\"@id\":\"https:\\\/\\\/darkamazi.site\\\/archives\\\/1032234#breadcrumb\"},\"inLanguage\":\"en-US\",\"potentialAction\":[{\"@type\":\"ReadAction\",\"target\":[\"https:\\\/\\\/darkamazi.site\\\/archives\\\/1032234\"]}]},{\"@type\":\"ImageObject\",\"inLanguage\":\"en-US\",\"@id\":\"https:\\\/\\\/darkamazi.site\\\/archives\\\/1032234#primaryimage\",\"url\":\"https:\\\/\\\/darkamazi.site\\\/darka-content\\\/uploads\\\/2024\\\/12\\\/bashor-rojava.jpg\",\"contentUrl\":\"https:\\\/\\\/darkamazi.site\\\/darka-content\\\/uploads\\\/2024\\\/12\\\/bashor-rojava.jpg\",\"width\":900,\"height\":475,\"caption\":\"Rojava\u2019da K\u00fcrt ittifak\u0131 isteyenler \u00f6nce\u00a0 PKK\u2019ye \u00e7a\u011fr\u0131 yapmal\u0131d\u0131r, PKK medyas\u0131, Barzani, KDP, Pe\u015fmerge, \u015eengal, Hewler-Ba\u011fdat anla\u015fmas\u0131, S\u00fcleymaniye, Ha\u015fdi \u015eabi, Colani, ENKS; Mazlum Abdi, \u0130lham Ahmed, Fawza Yosif, Asya Abdullah\"},{\"@type\":\"BreadcrumbList\",\"@id\":\"https:\\\/\\\/darkamazi.site\\\/archives\\\/1032234#breadcrumb\",\"itemListElement\":[{\"@type\":\"ListItem\",\"position\":1,\"name\":\"Home\",\"item\":\"https:\\\/\\\/darkamazi.site\\\/\"},{\"@type\":\"ListItem\",\"position\":2,\"name\":\"Rojava\u2019da K\u00fcrt ittifak\u0131 isteyenler \u00f6nce\u00a0 PKK\u2019ye \u00e7a\u011fr\u0131 yapmal\u0131d\u0131r\"}]},{\"@type\":\"WebSite\",\"@id\":\"https:\\\/\\\/darkamazi.site\\\/#website\",\"url\":\"https:\\\/\\\/darkamazi.site\\\/\",\"name\":\"Darka Mazi\",\"description\":\"Ana Sayfa\",\"publisher\":{\"@id\":\"https:\\\/\\\/darkamazi.site\\\/#organization\"},\"potentialAction\":[{\"@type\":\"SearchAction\",\"target\":{\"@type\":\"EntryPoint\",\"urlTemplate\":\"https:\\\/\\\/darkamazi.site\\\/?s={search_term_string}\"},\"query-input\":{\"@type\":\"PropertyValueSpecification\",\"valueRequired\":true,\"valueName\":\"search_term_string\"}}],\"inLanguage\":\"en-US\"},{\"@type\":\"Organization\",\"@id\":\"https:\\\/\\\/darkamazi.site\\\/#organization\",\"name\":\"Darka Mazi T\u00fcrk\u00e7e\",\"alternateName\":\"Darka Mazi\",\"url\":\"https:\\\/\\\/darkamazi.site\\\/\",\"logo\":{\"@type\":\"ImageObject\",\"inLanguage\":\"en-US\",\"@id\":\"https:\\\/\\\/darkamazi.site\\\/#\\\/schema\\\/logo\\\/image\\\/\",\"url\":\"https:\\\/\\\/darkamazi.site\\\/darka-content\\\/uploads\\\/2017\\\/12\\\/darka-mazi-logo.png\",\"contentUrl\":\"https:\\\/\\\/darkamazi.site\\\/darka-content\\\/uploads\\\/2017\\\/12\\\/darka-mazi-logo.png\",\"width\":151,\"height\":75,\"caption\":\"Darka Mazi T\u00fcrk\u00e7e\"},\"image\":{\"@id\":\"https:\\\/\\\/darkamazi.site\\\/#\\\/schema\\\/logo\\\/image\\\/\"},\"sameAs\":[\"https:\\\/\\\/www.facebook.com\\\/DarkaMaziturkce\",\"https:\\\/\\\/x.com\\\/DarkaMaziTurkce\"]},{\"@type\":\"Person\",\"@id\":\"https:\\\/\\\/darkamazi.site\\\/#\\\/schema\\\/person\\\/67986a95ac546c16760365877ef4a9d3\",\"name\":\"darka mazi\",\"sameAs\":[\"https:\\\/\\\/darkamazi.site\"],\"url\":\"https:\\\/\\\/darkamazi.site\\\/archives\\\/author\\\/turkish\"}]}<\/script>\n<!-- \/ Yoast SEO plugin. -->","seo_head_json":{"title":"Rojava\u2019da K\u00fcrt ittifak\u0131 isteyenler \u00f6nce\u00a0 PKK\u2019ye \u00e7a\u011fr\u0131 yapmal\u0131d\u0131r - Darka Mazi","robots":{"index":"index","follow":"follow","max-snippet":"max-snippet:-1","max-image-preview":"max-image-preview:large","max-video-preview":"max-video-preview:-1"},"canonical":"https:\/\/darkamazi.site\/archives\/1032234","og_locale":"en_US","og_type":"article","og_title":"Rojava\u2019da K\u00fcrt ittifak\u0131 isteyenler \u00f6nce\u00a0 PKK\u2019ye \u00e7a\u011fr\u0131 yapmal\u0131d\u0131r - Darka Mazi","og_description":"Esad rejiminin y\u0131k\u0131lmas\u0131 Rojava\u2019da K\u00fcrtlere \u00e7ok b\u00fcy\u00fck imkanlar sa\u011fl\u0131yor. T\u00fcm K\u00fcrtler bu imkanlar\u0131n do\u011fru de\u011ferlendirilmesi i\u00e7in ENKS ve PYD\u2019nin ortak hareket etmesini istiyor, k\u0131saca K\u00fcrtler birlik istiyor. Ve t\u00fcm K\u00fcrtler \u201cRojava\u2019da birlik\u201d konusunda \u00e7a\u011fr\u0131 yap\u0131yor ve maalesef ki bu \u00e7a\u011fr\u0131lar sadece duygusal temelli, tek y\u00f6nl\u00fc ve ger\u00e7ek bir zemine oturmayan, yar\u0131m \u00e7a\u011fr\u0131lard\u0131r. \u00a0Meseleye daha b\u00fct\u00fcnl\u00fckl\u00fc [&hellip;]","og_url":"https:\/\/darkamazi.site\/archives\/1032234","og_site_name":"Darka Mazi","article_publisher":"https:\/\/www.facebook.com\/DarkaMaziturkce","article_published_time":"2024-12-16T14:22:16+00:00","og_image":[{"width":900,"height":475,"url":"https:\/\/darkamazi.site\/file\/2024\/12\/bashor-rojava.jpg","type":"image\/jpeg"}],"author":"darka mazi","twitter_card":"summary_large_image","twitter_creator":"@DarkaMaziTurkce","twitter_site":"@DarkaMaziTurkce","twitter_misc":{"Written by":"darka mazi","Est. reading time":"5 minutes"},"schema":{"@context":"https:\/\/schema.org","@graph":[{"@type":"NewsArticle","@id":"https:\/\/darkamazi.site\/archives\/1032234#article","isPartOf":{"@id":"https:\/\/darkamazi.site\/archives\/1032234"},"author":{"name":"darka mazi","@id":"https:\/\/darkamazi.site\/#\/schema\/person\/67986a95ac546c16760365877ef4a9d3"},"headline":"Rojava\u2019da K\u00fcrt ittifak\u0131 isteyenler \u00f6nce\u00a0 PKK\u2019ye \u00e7a\u011fr\u0131 yapmal\u0131d\u0131r","datePublished":"2024-12-16T14:22:16+00:00","mainEntityOfPage":{"@id":"https:\/\/darkamazi.site\/archives\/1032234"},"wordCount":1460,"publisher":{"@id":"https:\/\/darkamazi.site\/#organization"},"image":{"@id":"https:\/\/darkamazi.site\/archives\/1032234#primaryimage"},"thumbnailUrl":"https:\/\/darkamazi.site\/file\/2024\/12\/bashor-rojava.jpg","keywords":["\u00f6nemli"],"articleSection":["Edit\u00f6rden"],"inLanguage":"en-US"},{"@type":"WebPage","@id":"https:\/\/darkamazi.site\/archives\/1032234","url":"https:\/\/darkamazi.site\/archives\/1032234","name":"Rojava\u2019da K\u00fcrt ittifak\u0131 isteyenler \u00f6nce\u00a0 PKK\u2019ye \u00e7a\u011fr\u0131 yapmal\u0131d\u0131r - Darka Mazi","isPartOf":{"@id":"https:\/\/darkamazi.site\/#website"},"primaryImageOfPage":{"@id":"https:\/\/darkamazi.site\/archives\/1032234#primaryimage"},"image":{"@id":"https:\/\/darkamazi.site\/archives\/1032234#primaryimage"},"thumbnailUrl":"https:\/\/darkamazi.site\/file\/2024\/12\/bashor-rojava.jpg","datePublished":"2024-12-16T14:22:16+00:00","breadcrumb":{"@id":"https:\/\/darkamazi.site\/archives\/1032234#breadcrumb"},"inLanguage":"en-US","potentialAction":[{"@type":"ReadAction","target":["https:\/\/darkamazi.site\/archives\/1032234"]}]},{"@type":"ImageObject","inLanguage":"en-US","@id":"https:\/\/darkamazi.site\/archives\/1032234#primaryimage","url":"https:\/\/darkamazi.site\/file\/2024\/12\/bashor-rojava.jpg","contentUrl":"https:\/\/darkamazi.site\/file\/2024\/12\/bashor-rojava.jpg","width":900,"height":475,"caption":"Rojava\u2019da K\u00fcrt ittifak\u0131 isteyenler \u00f6nce\u00a0 PKK\u2019ye \u00e7a\u011fr\u0131 yapmal\u0131d\u0131r, PKK medyas\u0131, Barzani, KDP, Pe\u015fmerge, \u015eengal, Hewler-Ba\u011fdat anla\u015fmas\u0131, S\u00fcleymaniye, Ha\u015fdi \u015eabi, Colani, ENKS; Mazlum Abdi, \u0130lham Ahmed, Fawza Yosif, Asya Abdullah"},{"@type":"BreadcrumbList","@id":"https:\/\/darkamazi.site\/archives\/1032234#breadcrumb","itemListElement":[{"@type":"ListItem","position":1,"name":"Home","item":"https:\/\/darkamazi.site\/"},{"@type":"ListItem","position":2,"name":"Rojava\u2019da K\u00fcrt ittifak\u0131 isteyenler \u00f6nce\u00a0 PKK\u2019ye \u00e7a\u011fr\u0131 yapmal\u0131d\u0131r"}]},{"@type":"WebSite","@id":"https:\/\/darkamazi.site\/#website","url":"https:\/\/darkamazi.site\/","name":"Darka Mazi","description":"Ana Sayfa","publisher":{"@id":"https:\/\/darkamazi.site\/#organization"},"potentialAction":[{"@type":"SearchAction","target":{"@type":"EntryPoint","urlTemplate":"https:\/\/darkamazi.site\/?s={search_term_string}"},"query-input":{"@type":"PropertyValueSpecification","valueRequired":true,"valueName":"search_term_string"}}],"inLanguage":"en-US"},{"@type":"Organization","@id":"https:\/\/darkamazi.site\/#organization","name":"Darka Mazi T\u00fcrk\u00e7e","alternateName":"Darka Mazi","url":"https:\/\/darkamazi.site\/","logo":{"@type":"ImageObject","inLanguage":"en-US","@id":"https:\/\/darkamazi.site\/#\/schema\/logo\/image\/","url":"https:\/\/darkamazi.site\/file\/2017\/12\/darka-mazi-logo.png","contentUrl":"https:\/\/darkamazi.site\/file\/2017\/12\/darka-mazi-logo.png","width":151,"height":75,"caption":"Darka Mazi T\u00fcrk\u00e7e"},"image":{"@id":"https:\/\/darkamazi.site\/#\/schema\/logo\/image\/"},"sameAs":["https:\/\/www.facebook.com\/DarkaMaziturkce","https:\/\/x.com\/DarkaMaziTurkce"]},{"@type":"Person","@id":"https:\/\/darkamazi.site\/#\/schema\/person\/67986a95ac546c16760365877ef4a9d3","name":"darka mazi","sameAs":["https:\/\/darkamazi.site"],"url":"https:\/\/darkamazi.site\/archives\/author\/turkish"}]}},"_links":{"self":[{"href":"https:\/\/darkamazi.site\/funavuv\/wp\/v2\/posts\/1032234","targetHints":{"allow":["GET"]}}],"collection":[{"href":"https:\/\/darkamazi.site\/funavuv\/wp\/v2\/posts"}],"about":[{"href":"https:\/\/darkamazi.site\/funavuv\/wp\/v2\/types\/post"}],"author":[{"embeddable":true,"href":"https:\/\/darkamazi.site\/funavuv\/wp\/v2\/users\/2"}],"replies":[{"embeddable":true,"href":"https:\/\/darkamazi.site\/funavuv\/wp\/v2\/comments?post=1032234"}],"version-history":[{"count":0,"href":"https:\/\/darkamazi.site\/funavuv\/wp\/v2\/posts\/1032234\/revisions"}],"wp:featuredmedia":[{"embeddable":true,"href":"https:\/\/darkamazi.site\/funavuv\/wp\/v2\/media\/1032235"}],"wp:attachment":[{"href":"https:\/\/darkamazi.site\/funavuv\/wp\/v2\/media?parent=1032234"}],"wp:term":[{"taxonomy":"category","embeddable":true,"href":"https:\/\/darkamazi.site\/funavuv\/wp\/v2\/categories?post=1032234"},{"taxonomy":"post_tag","embeddable":true,"href":"https:\/\/darkamazi.site\/funavuv\/wp\/v2\/tags?post=1032234"}],"curies":[{"name":"wp","href":"https:\/\/api.w.org\/{rel}","templated":true}]}}