{"id":1032404,"date":"2024-12-30T20:03:59","date_gmt":"2024-12-30T17:03:59","guid":{"rendered":"https:\/\/darkamazi.site\/?p=1032404"},"modified":"2024-12-30T20:03:59","modified_gmt":"2024-12-30T17:03:59","slug":"kurt-yazar-elestirmen-dr-kemal-xembari-hayatini-kaybetti","status":"publish","type":"post","link":"https:\/\/darkamazi.site\/archives\/1032404","title":{"rendered":"K\u00fcrt yazar, ele\u015ftirmen Dr. Kemal Xembari hayat\u0131n\u0131 kaybetti"},"content":{"rendered":"<p>Bug\u00fcn, 30.12.2024, K\u00fcrt Yazarlar Birli\u011fi Erbil \u015fubesi\u00a0 K\u00fcrt yazar ve ele\u015ftirmen Dr. Kemal Xembari&#8217;nin hayat\u0131n\u0131 kaybetti\u011fini duyurdu.<\/p>\n<p>Kemal\u00a0 Xembar olarak bilinen Kemal Hus\u00ean Ahmed, 1937 y\u0131l\u0131nda Koye \u015fehrinde do\u011fmu\u015f, 1945 y\u0131l\u0131nda e\u011fitime ba\u015flam\u0131\u015f ve 1957 y\u0131l\u0131nda Erbil&#8217;de merkezi e\u011fitimini tamamlam\u0131\u015ft\u0131r.<\/p>\n<p>Onlarca y\u0131l Irak&#8217;\u0131n g\u00fcney \u015fehirlerinde ve ard\u0131ndan Erbil&#8217;de ortaokul ve liselerde\u00a0 \u00f6\u011fretmenlik yapt\u0131. Daha sonra \u00d6\u011fretmenler birli\u011finde y\u00f6neticilik yapt\u0131. \u0130lk olarak Asoye Perwerde adl\u0131 derginin yay\u0131n kurulunda yer ald\u0131. Ayr\u0131ca ilk kez 1950 y\u0131l\u0131nda Gelavej dergisinde edebi yaz\u0131s\u0131n\u0131 yay\u0131nlad\u0131.<\/p>\n<p>\u00dcnl\u00fc K\u00fcrt ele\u015ftirmenlerden biri olan Kemal Xembar, 50&#8217;li y\u0131llar\u0131n sonlar\u0131nda Arap\u00e7a ve K\u00fcrt\u00e7e yazmaya ve edebiyat ele\u015ftirisine ba\u015flam\u0131\u015f ve Abdul Pe\u015few hakk\u0131nda ilk Arap\u00e7a edebiyat ele\u015ftirisini 1973 y\u0131l\u0131nda Alpqafe dergisinde yay\u0131nlam\u0131\u015f ve onlarca makale ve kitap yay\u0131nlam\u0131\u015ft\u0131r.<\/p>\n<p>Yazar Kemal Xembar bug\u00fcn 30.12.2024 tarihinde 87 ya\u015f\u0131nda vefat etti.<\/p>\n","protected":false},"excerpt":{"rendered":"<p>Bug\u00fcn, 30.12.2024, K\u00fcrt Yazarlar Birli\u011fi Erbil \u015fubesi\u00a0 K\u00fcrt yazar ve ele\u015ftirmen Dr. Kemal Xembari&#8217;nin hayat\u0131n\u0131 kaybetti\u011fini duyurdu. Kemal\u00a0 Xembar olarak bilinen Kemal Hus\u00ean Ahmed, 1937 y\u0131l\u0131nda Koye \u015fehrinde do\u011fmu\u015f, 1945 y\u0131l\u0131nda e\u011fitime ba\u015flam\u0131\u015f ve 1957 y\u0131l\u0131nda Erbil&#8217;de merkezi e\u011fitimini tamamlam\u0131\u015ft\u0131r. Onlarca y\u0131l Irak&#8217;\u0131n g\u00fcney \u015fehirlerinde ve ard\u0131ndan Erbil&#8217;de ortaokul ve liselerde\u00a0 \u00f6\u011fretmenlik yapt\u0131. Daha sonra [&hellip;]<\/p>\n","protected":false},"author":2,"featured_media":1032405,"comment_status":"closed","ping_status":"closed","sticky":false,"template":"","format":"standard","meta":{"footnotes":""},"categories":[33],"tags":[],"class_list":["post-1032404","post","type-post","status-publish","format-standard","has-post-thumbnail","hentry","category-sanat"],"blocksy_meta":[],"seo_head":"<!-- This site is optimized with the Yoast SEO plugin v27.5 - https:\/\/yoast.com\/product\/yoast-seo-wordpress\/ -->\n<title>K\u00fcrt yazar, ele\u015ftirmen Dr. Kemal Xembari hayat\u0131n\u0131 kaybetti - Darka Mazi<\/title>\n<meta name=\"robots\" content=\"index, follow, max-snippet:-1, max-image-preview:large, max-video-preview:-1\" \/>\n<link rel=\"canonical\" href=\"https:\/\/darkamazi.site\/archives\/1032404\" \/>\n<meta property=\"og:locale\" content=\"en_US\" \/>\n<meta property=\"og:type\" content=\"article\" \/>\n<meta property=\"og:title\" content=\"K\u00fcrt yazar, ele\u015ftirmen Dr. Kemal Xembari hayat\u0131n\u0131 kaybetti - Darka Mazi\" \/>\n<meta property=\"og:description\" content=\"Bug\u00fcn, 30.12.2024, K\u00fcrt Yazarlar Birli\u011fi Erbil \u015fubesi\u00a0 K\u00fcrt yazar ve ele\u015ftirmen Dr. Kemal Xembari&#8217;nin hayat\u0131n\u0131 kaybetti\u011fini duyurdu. Kemal\u00a0 Xembar olarak bilinen Kemal Hus\u00ean Ahmed, 1937 y\u0131l\u0131nda Koye \u015fehrinde do\u011fmu\u015f, 1945 y\u0131l\u0131nda e\u011fitime ba\u015flam\u0131\u015f ve 1957 y\u0131l\u0131nda Erbil&#8217;de merkezi e\u011fitimini tamamlam\u0131\u015ft\u0131r. Onlarca y\u0131l Irak&#8217;\u0131n g\u00fcney \u015fehirlerinde ve ard\u0131ndan Erbil&#8217;de ortaokul ve liselerde\u00a0 \u00f6\u011fretmenlik yapt\u0131. Daha sonra [&hellip;]\" \/>\n<meta property=\"og:url\" content=\"https:\/\/darkamazi.site\/archives\/1032404\" \/>\n<meta property=\"og:site_name\" content=\"Darka Mazi\" \/>\n<meta property=\"article:publisher\" content=\"https:\/\/www.facebook.com\/DarkaMaziturkce\" \/>\n<meta property=\"article:published_time\" content=\"2024-12-30T17:03:59+00:00\" \/>\n<meta property=\"og:image\" content=\"https:\/\/darkamazi.site\/file\/2024\/12\/kemal-xembar.jpg\" \/>\n\t<meta property=\"og:image:width\" content=\"710\" \/>\n\t<meta property=\"og:image:height\" content=\"405\" \/>\n\t<meta property=\"og:image:type\" content=\"image\/jpeg\" \/>\n<meta name=\"author\" content=\"darka mazi\" \/>\n<meta name=\"twitter:card\" content=\"summary_large_image\" \/>\n<meta name=\"twitter:creator\" content=\"@DarkaMaziTurkce\" \/>\n<meta name=\"twitter:site\" content=\"@DarkaMaziTurkce\" \/>\n<meta name=\"twitter:label1\" content=\"Written by\" \/>\n\t<meta name=\"twitter:data1\" content=\"darka mazi\" \/>\n\t<meta name=\"twitter:label2\" content=\"Est. reading time\" \/>\n\t<meta name=\"twitter:data2\" content=\"1 minute\" \/>\n<script type=\"application\/ld+json\" class=\"seo-schema-graph\">{\"@context\":\"https:\\\/\\\/schema.org\",\"@graph\":[{\"@type\":\"NewsArticle\",\"@id\":\"https:\\\/\\\/darkamazi.site\\\/archives\\\/1032404#article\",\"isPartOf\":{\"@id\":\"https:\\\/\\\/darkamazi.site\\\/archives\\\/1032404\"},\"author\":{\"name\":\"darka mazi\",\"@id\":\"https:\\\/\\\/darkamazi.site\\\/#\\\/schema\\\/person\\\/67986a95ac546c16760365877ef4a9d3\"},\"headline\":\"K\u00fcrt yazar, ele\u015ftirmen Dr. Kemal Xembari hayat\u0131n\u0131 kaybetti\",\"datePublished\":\"2024-12-30T17:03:59+00:00\",\"mainEntityOfPage\":{\"@id\":\"https:\\\/\\\/darkamazi.site\\\/archives\\\/1032404\"},\"wordCount\":187,\"publisher\":{\"@id\":\"https:\\\/\\\/darkamazi.site\\\/#organization\"},\"image\":{\"@id\":\"https:\\\/\\\/darkamazi.site\\\/archives\\\/1032404#primaryimage\"},\"thumbnailUrl\":\"https:\\\/\\\/darkamazi.site\\\/darka-content\\\/uploads\\\/2024\\\/12\\\/kemal-xembar.jpg\",\"articleSection\":[\"Sanat\"],\"inLanguage\":\"en-US\"},{\"@type\":\"WebPage\",\"@id\":\"https:\\\/\\\/darkamazi.site\\\/archives\\\/1032404\",\"url\":\"https:\\\/\\\/darkamazi.site\\\/archives\\\/1032404\",\"name\":\"K\u00fcrt yazar, ele\u015ftirmen Dr. Kemal Xembari hayat\u0131n\u0131 kaybetti - Darka Mazi\",\"isPartOf\":{\"@id\":\"https:\\\/\\\/darkamazi.site\\\/#website\"},\"primaryImageOfPage\":{\"@id\":\"https:\\\/\\\/darkamazi.site\\\/archives\\\/1032404#primaryimage\"},\"image\":{\"@id\":\"https:\\\/\\\/darkamazi.site\\\/archives\\\/1032404#primaryimage\"},\"thumbnailUrl\":\"https:\\\/\\\/darkamazi.site\\\/darka-content\\\/uploads\\\/2024\\\/12\\\/kemal-xembar.jpg\",\"datePublished\":\"2024-12-30T17:03:59+00:00\",\"breadcrumb\":{\"@id\":\"https:\\\/\\\/darkamazi.site\\\/archives\\\/1032404#breadcrumb\"},\"inLanguage\":\"en-US\",\"potentialAction\":[{\"@type\":\"ReadAction\",\"target\":[\"https:\\\/\\\/darkamazi.site\\\/archives\\\/1032404\"]}]},{\"@type\":\"ImageObject\",\"inLanguage\":\"en-US\",\"@id\":\"https:\\\/\\\/darkamazi.site\\\/archives\\\/1032404#primaryimage\",\"url\":\"https:\\\/\\\/darkamazi.site\\\/darka-content\\\/uploads\\\/2024\\\/12\\\/kemal-xembar.jpg\",\"contentUrl\":\"https:\\\/\\\/darkamazi.site\\\/darka-content\\\/uploads\\\/2024\\\/12\\\/kemal-xembar.jpg\",\"width\":710,\"height\":405,\"caption\":\"K\u00fcrt yazar, ele\u015ftirmen Dr. Kemal Xembari hayat\u0131n\u0131 kaybetti\"},{\"@type\":\"BreadcrumbList\",\"@id\":\"https:\\\/\\\/darkamazi.site\\\/archives\\\/1032404#breadcrumb\",\"itemListElement\":[{\"@type\":\"ListItem\",\"position\":1,\"name\":\"Home\",\"item\":\"https:\\\/\\\/darkamazi.site\\\/\"},{\"@type\":\"ListItem\",\"position\":2,\"name\":\"K\u00fcrt yazar, ele\u015ftirmen Dr. Kemal Xembari hayat\u0131n\u0131 kaybetti\"}]},{\"@type\":\"WebSite\",\"@id\":\"https:\\\/\\\/darkamazi.site\\\/#website\",\"url\":\"https:\\\/\\\/darkamazi.site\\\/\",\"name\":\"Darka Mazi\",\"description\":\"Ana Sayfa\",\"publisher\":{\"@id\":\"https:\\\/\\\/darkamazi.site\\\/#organization\"},\"potentialAction\":[{\"@type\":\"SearchAction\",\"target\":{\"@type\":\"EntryPoint\",\"urlTemplate\":\"https:\\\/\\\/darkamazi.site\\\/?s={search_term_string}\"},\"query-input\":{\"@type\":\"PropertyValueSpecification\",\"valueRequired\":true,\"valueName\":\"search_term_string\"}}],\"inLanguage\":\"en-US\"},{\"@type\":\"Organization\",\"@id\":\"https:\\\/\\\/darkamazi.site\\\/#organization\",\"name\":\"Darka Mazi T\u00fcrk\u00e7e\",\"alternateName\":\"Darka Mazi\",\"url\":\"https:\\\/\\\/darkamazi.site\\\/\",\"logo\":{\"@type\":\"ImageObject\",\"inLanguage\":\"en-US\",\"@id\":\"https:\\\/\\\/darkamazi.site\\\/#\\\/schema\\\/logo\\\/image\\\/\",\"url\":\"https:\\\/\\\/darkamazi.site\\\/darka-content\\\/uploads\\\/2017\\\/12\\\/darka-mazi-logo.png\",\"contentUrl\":\"https:\\\/\\\/darkamazi.site\\\/darka-content\\\/uploads\\\/2017\\\/12\\\/darka-mazi-logo.png\",\"width\":151,\"height\":75,\"caption\":\"Darka Mazi T\u00fcrk\u00e7e\"},\"image\":{\"@id\":\"https:\\\/\\\/darkamazi.site\\\/#\\\/schema\\\/logo\\\/image\\\/\"},\"sameAs\":[\"https:\\\/\\\/www.facebook.com\\\/DarkaMaziturkce\",\"https:\\\/\\\/x.com\\\/DarkaMaziTurkce\"]},{\"@type\":\"Person\",\"@id\":\"https:\\\/\\\/darkamazi.site\\\/#\\\/schema\\\/person\\\/67986a95ac546c16760365877ef4a9d3\",\"name\":\"darka mazi\",\"sameAs\":[\"https:\\\/\\\/darkamazi.site\"],\"url\":\"https:\\\/\\\/darkamazi.site\\\/archives\\\/author\\\/turkish\"}]}<\/script>\n<!-- \/ Yoast SEO plugin. -->","seo_head_json":{"title":"K\u00fcrt yazar, ele\u015ftirmen Dr. Kemal Xembari hayat\u0131n\u0131 kaybetti - Darka Mazi","robots":{"index":"index","follow":"follow","max-snippet":"max-snippet:-1","max-image-preview":"max-image-preview:large","max-video-preview":"max-video-preview:-1"},"canonical":"https:\/\/darkamazi.site\/archives\/1032404","og_locale":"en_US","og_type":"article","og_title":"K\u00fcrt yazar, ele\u015ftirmen Dr. Kemal Xembari hayat\u0131n\u0131 kaybetti - Darka Mazi","og_description":"Bug\u00fcn, 30.12.2024, K\u00fcrt Yazarlar Birli\u011fi Erbil \u015fubesi\u00a0 K\u00fcrt yazar ve ele\u015ftirmen Dr. Kemal Xembari&#8217;nin hayat\u0131n\u0131 kaybetti\u011fini duyurdu. Kemal\u00a0 Xembar olarak bilinen Kemal Hus\u00ean Ahmed, 1937 y\u0131l\u0131nda Koye \u015fehrinde do\u011fmu\u015f, 1945 y\u0131l\u0131nda e\u011fitime ba\u015flam\u0131\u015f ve 1957 y\u0131l\u0131nda Erbil&#8217;de merkezi e\u011fitimini tamamlam\u0131\u015ft\u0131r. Onlarca y\u0131l Irak&#8217;\u0131n g\u00fcney \u015fehirlerinde ve ard\u0131ndan Erbil&#8217;de ortaokul ve liselerde\u00a0 \u00f6\u011fretmenlik yapt\u0131. Daha sonra [&hellip;]","og_url":"https:\/\/darkamazi.site\/archives\/1032404","og_site_name":"Darka Mazi","article_publisher":"https:\/\/www.facebook.com\/DarkaMaziturkce","article_published_time":"2024-12-30T17:03:59+00:00","og_image":[{"width":710,"height":405,"url":"https:\/\/darkamazi.site\/file\/2024\/12\/kemal-xembar.jpg","type":"image\/jpeg"}],"author":"darka mazi","twitter_card":"summary_large_image","twitter_creator":"@DarkaMaziTurkce","twitter_site":"@DarkaMaziTurkce","twitter_misc":{"Written by":"darka mazi","Est. reading time":"1 minute"},"schema":{"@context":"https:\/\/schema.org","@graph":[{"@type":"NewsArticle","@id":"https:\/\/darkamazi.site\/archives\/1032404#article","isPartOf":{"@id":"https:\/\/darkamazi.site\/archives\/1032404"},"author":{"name":"darka mazi","@id":"https:\/\/darkamazi.site\/#\/schema\/person\/67986a95ac546c16760365877ef4a9d3"},"headline":"K\u00fcrt yazar, ele\u015ftirmen Dr. Kemal Xembari hayat\u0131n\u0131 kaybetti","datePublished":"2024-12-30T17:03:59+00:00","mainEntityOfPage":{"@id":"https:\/\/darkamazi.site\/archives\/1032404"},"wordCount":187,"publisher":{"@id":"https:\/\/darkamazi.site\/#organization"},"image":{"@id":"https:\/\/darkamazi.site\/archives\/1032404#primaryimage"},"thumbnailUrl":"https:\/\/darkamazi.site\/file\/2024\/12\/kemal-xembar.jpg","articleSection":["Sanat"],"inLanguage":"en-US"},{"@type":"WebPage","@id":"https:\/\/darkamazi.site\/archives\/1032404","url":"https:\/\/darkamazi.site\/archives\/1032404","name":"K\u00fcrt yazar, ele\u015ftirmen Dr. Kemal Xembari hayat\u0131n\u0131 kaybetti - Darka Mazi","isPartOf":{"@id":"https:\/\/darkamazi.site\/#website"},"primaryImageOfPage":{"@id":"https:\/\/darkamazi.site\/archives\/1032404#primaryimage"},"image":{"@id":"https:\/\/darkamazi.site\/archives\/1032404#primaryimage"},"thumbnailUrl":"https:\/\/darkamazi.site\/file\/2024\/12\/kemal-xembar.jpg","datePublished":"2024-12-30T17:03:59+00:00","breadcrumb":{"@id":"https:\/\/darkamazi.site\/archives\/1032404#breadcrumb"},"inLanguage":"en-US","potentialAction":[{"@type":"ReadAction","target":["https:\/\/darkamazi.site\/archives\/1032404"]}]},{"@type":"ImageObject","inLanguage":"en-US","@id":"https:\/\/darkamazi.site\/archives\/1032404#primaryimage","url":"https:\/\/darkamazi.site\/file\/2024\/12\/kemal-xembar.jpg","contentUrl":"https:\/\/darkamazi.site\/file\/2024\/12\/kemal-xembar.jpg","width":710,"height":405,"caption":"K\u00fcrt yazar, ele\u015ftirmen Dr. Kemal Xembari hayat\u0131n\u0131 kaybetti"},{"@type":"BreadcrumbList","@id":"https:\/\/darkamazi.site\/archives\/1032404#breadcrumb","itemListElement":[{"@type":"ListItem","position":1,"name":"Home","item":"https:\/\/darkamazi.site\/"},{"@type":"ListItem","position":2,"name":"K\u00fcrt yazar, ele\u015ftirmen Dr. Kemal Xembari hayat\u0131n\u0131 kaybetti"}]},{"@type":"WebSite","@id":"https:\/\/darkamazi.site\/#website","url":"https:\/\/darkamazi.site\/","name":"Darka Mazi","description":"Ana Sayfa","publisher":{"@id":"https:\/\/darkamazi.site\/#organization"},"potentialAction":[{"@type":"SearchAction","target":{"@type":"EntryPoint","urlTemplate":"https:\/\/darkamazi.site\/?s={search_term_string}"},"query-input":{"@type":"PropertyValueSpecification","valueRequired":true,"valueName":"search_term_string"}}],"inLanguage":"en-US"},{"@type":"Organization","@id":"https:\/\/darkamazi.site\/#organization","name":"Darka Mazi T\u00fcrk\u00e7e","alternateName":"Darka Mazi","url":"https:\/\/darkamazi.site\/","logo":{"@type":"ImageObject","inLanguage":"en-US","@id":"https:\/\/darkamazi.site\/#\/schema\/logo\/image\/","url":"https:\/\/darkamazi.site\/file\/2017\/12\/darka-mazi-logo.png","contentUrl":"https:\/\/darkamazi.site\/file\/2017\/12\/darka-mazi-logo.png","width":151,"height":75,"caption":"Darka Mazi T\u00fcrk\u00e7e"},"image":{"@id":"https:\/\/darkamazi.site\/#\/schema\/logo\/image\/"},"sameAs":["https:\/\/www.facebook.com\/DarkaMaziturkce","https:\/\/x.com\/DarkaMaziTurkce"]},{"@type":"Person","@id":"https:\/\/darkamazi.site\/#\/schema\/person\/67986a95ac546c16760365877ef4a9d3","name":"darka mazi","sameAs":["https:\/\/darkamazi.site"],"url":"https:\/\/darkamazi.site\/archives\/author\/turkish"}]}},"_links":{"self":[{"href":"https:\/\/darkamazi.site\/funavuv\/wp\/v2\/posts\/1032404","targetHints":{"allow":["GET"]}}],"collection":[{"href":"https:\/\/darkamazi.site\/funavuv\/wp\/v2\/posts"}],"about":[{"href":"https:\/\/darkamazi.site\/funavuv\/wp\/v2\/types\/post"}],"author":[{"embeddable":true,"href":"https:\/\/darkamazi.site\/funavuv\/wp\/v2\/users\/2"}],"replies":[{"embeddable":true,"href":"https:\/\/darkamazi.site\/funavuv\/wp\/v2\/comments?post=1032404"}],"version-history":[{"count":0,"href":"https:\/\/darkamazi.site\/funavuv\/wp\/v2\/posts\/1032404\/revisions"}],"wp:featuredmedia":[{"embeddable":true,"href":"https:\/\/darkamazi.site\/funavuv\/wp\/v2\/media\/1032405"}],"wp:attachment":[{"href":"https:\/\/darkamazi.site\/funavuv\/wp\/v2\/media?parent=1032404"}],"wp:term":[{"taxonomy":"category","embeddable":true,"href":"https:\/\/darkamazi.site\/funavuv\/wp\/v2\/categories?post=1032404"},{"taxonomy":"post_tag","embeddable":true,"href":"https:\/\/darkamazi.site\/funavuv\/wp\/v2\/tags?post=1032404"}],"curies":[{"name":"wp","href":"https:\/\/api.w.org\/{rel}","templated":true}]}}