{"id":1032436,"date":"2025-01-04T15:00:43","date_gmt":"2025-01-04T12:00:43","guid":{"rendered":"https:\/\/darkamazi.site\/?p=1032436"},"modified":"2025-01-04T15:00:43","modified_gmt":"2025-01-04T12:00:43","slug":"sonun-baslangici-kasim-suleymani-ve-mehdi-muhendisinin-oldurulmesinin-ustunden-4-yil-gecti","status":"publish","type":"post","link":"https:\/\/darkamazi.site\/archives\/1032436","title":{"rendered":"Sonun ba\u015flang\u0131c\u0131: Kas\u0131m S\u00fcleymani ve Mehdi M\u00fchendisinin \u00f6ld\u00fcr\u00fclmesinin \u00fcst\u00fcnden 4 y\u0131l ge\u00e7ti"},"content":{"rendered":"<p style=\"text-align: justify\">3 Ocak 2020 tarihinde \u0130ran Devrim Muhaf\u0131zlar\u0131 Ordusu\u2019na ba\u011fl\u0131 Kud\u00fcs G\u00fcc\u00fc Komutan\u0131 Kas\u0131m S\u00fcleymani ve Ha\u015fdi \u015eabi Komutan\u0131 Ebu Mehdi Muhendis, Ba\u011fdat\u2019ta Amerika taraf\u0131ndan d\u00fczenlenen hava sald\u0131r\u0131s\u0131nda \u00f6ld\u00fcr\u00fclm\u00fc\u015ft\u00fc.<\/p>\n<p style=\"text-align: justify\">\u0130ran\u2019\u0131n t\u00fcm askeri hamlelerinde \u00f6nemli bir yeri olan Kas\u0131m S\u00fcleymani \u00f6zellikle 2011 sonras\u0131 Arap Bahar\u0131 denen s\u00fcre\u00e7le beraber \u0130ran\u2019\u0131n Ortado\u011fu\u2019daki imparatorluk projesinin \u00f6nc\u00fc ismiydi. S\u00fcleymani\u2019nin \u00f6ld\u00fcr\u00fclmesi \u0130ran i\u00e7in b\u00fcy\u00fck bir darbe anlam\u0131n\u0131 ta\u015f\u0131yordu. \u00d6zellikle da son bir y\u0131l i\u00e7inde \u0130ran\u2019\u0131n Direni\u015f Cephesi i\u00e7inde yer alan t\u00fcm g\u00fc\u00e7ler b\u00fcy\u00fck darbe ald\u0131. Hamas lideri Haniye, Hizbullah lideri Nasrallah ve Simav\u2019\u0131n pe\u015f pe\u015fe \u00f6ld\u00fcr\u00fclmesi hep S\u00fcleymani\u2019nin ard\u0131l\u0131 olaylar olarak de\u011ferlendirildi. Ayr\u0131ca bir\u00e7ok siyasi \u00e7evre Suriye\u2019de Esad rejiminin y\u0131k\u0131lmas\u0131ndan sonra da \u201cKas\u0131m S\u00fcleymani ikinci kez \u00f6ld\u00fc\u201d diyerek S\u00fcleymani\u2019nin t\u00fcm kurdu\u011fu yap\u0131lar\u0131n y\u0131k\u0131ld\u0131\u011f\u0131 yorumunu yapm\u0131\u015ft\u0131. Yani bir anlamda S\u00fcleymani\u2019nin \u00f6ld\u00fcr\u00fclmesi sonun ba\u015flang\u0131c\u0131 olarak kabul ediliyor.<\/p>\n","protected":false},"excerpt":{"rendered":"<p>3 Ocak 2020 tarihinde \u0130ran Devrim Muhaf\u0131zlar\u0131 Ordusu\u2019na ba\u011fl\u0131 Kud\u00fcs G\u00fcc\u00fc Komutan\u0131 Kas\u0131m S\u00fcleymani ve Ha\u015fdi \u015eabi Komutan\u0131 Ebu Mehdi Muhendis, Ba\u011fdat\u2019ta Amerika taraf\u0131ndan d\u00fczenlenen hava sald\u0131r\u0131s\u0131nda \u00f6ld\u00fcr\u00fclm\u00fc\u015ft\u00fc. \u0130ran\u2019\u0131n t\u00fcm askeri hamlelerinde \u00f6nemli bir yeri olan Kas\u0131m S\u00fcleymani \u00f6zellikle 2011 sonras\u0131 Arap Bahar\u0131 denen s\u00fcre\u00e7le beraber \u0130ran\u2019\u0131n Ortado\u011fu\u2019daki imparatorluk projesinin \u00f6nc\u00fc ismiydi. S\u00fcleymani\u2019nin \u00f6ld\u00fcr\u00fclmesi \u0130ran [&hellip;]<\/p>\n","protected":false},"author":2,"featured_media":1032437,"comment_status":"closed","ping_status":"closed","sticky":false,"template":"","format":"standard","meta":{"footnotes":""},"categories":[29],"tags":[],"class_list":["post-1032436","post","type-post","status-publish","format-standard","has-post-thumbnail","hentry","category-ortadogu"],"blocksy_meta":[],"seo_head":"<!-- This site is optimized with the Yoast SEO plugin v27.5 - https:\/\/yoast.com\/product\/yoast-seo-wordpress\/ -->\n<title>Sonun ba\u015flang\u0131c\u0131: Kas\u0131m S\u00fcleymani ve Mehdi M\u00fchendisinin \u00f6ld\u00fcr\u00fclmesinin \u00fcst\u00fcnden 4 y\u0131l ge\u00e7ti - Darka Mazi<\/title>\n<meta name=\"robots\" content=\"index, follow, max-snippet:-1, max-image-preview:large, max-video-preview:-1\" \/>\n<link rel=\"canonical\" href=\"https:\/\/darkamazi.site\/archives\/1032436\" \/>\n<meta property=\"og:locale\" content=\"en_US\" \/>\n<meta property=\"og:type\" content=\"article\" \/>\n<meta property=\"og:title\" content=\"Sonun ba\u015flang\u0131c\u0131: Kas\u0131m S\u00fcleymani ve Mehdi M\u00fchendisinin \u00f6ld\u00fcr\u00fclmesinin \u00fcst\u00fcnden 4 y\u0131l ge\u00e7ti - Darka Mazi\" \/>\n<meta property=\"og:description\" content=\"3 Ocak 2020 tarihinde \u0130ran Devrim Muhaf\u0131zlar\u0131 Ordusu\u2019na ba\u011fl\u0131 Kud\u00fcs G\u00fcc\u00fc Komutan\u0131 Kas\u0131m S\u00fcleymani ve Ha\u015fdi \u015eabi Komutan\u0131 Ebu Mehdi Muhendis, Ba\u011fdat\u2019ta Amerika taraf\u0131ndan d\u00fczenlenen hava sald\u0131r\u0131s\u0131nda \u00f6ld\u00fcr\u00fclm\u00fc\u015ft\u00fc. \u0130ran\u2019\u0131n t\u00fcm askeri hamlelerinde \u00f6nemli bir yeri olan Kas\u0131m S\u00fcleymani \u00f6zellikle 2011 sonras\u0131 Arap Bahar\u0131 denen s\u00fcre\u00e7le beraber \u0130ran\u2019\u0131n Ortado\u011fu\u2019daki imparatorluk projesinin \u00f6nc\u00fc ismiydi. S\u00fcleymani\u2019nin \u00f6ld\u00fcr\u00fclmesi \u0130ran [&hellip;]\" \/>\n<meta property=\"og:url\" content=\"https:\/\/darkamazi.site\/archives\/1032436\" \/>\n<meta property=\"og:site_name\" content=\"Darka Mazi\" \/>\n<meta property=\"article:publisher\" content=\"https:\/\/www.facebook.com\/DarkaMaziturkce\" \/>\n<meta property=\"article:published_time\" content=\"2025-01-04T12:00:43+00:00\" \/>\n<meta property=\"og:image\" content=\"https:\/\/darkamazi.site\/file\/2025\/01\/kasim.jpg\" \/>\n\t<meta property=\"og:image:width\" content=\"800\" \/>\n\t<meta property=\"og:image:height\" content=\"450\" \/>\n\t<meta property=\"og:image:type\" content=\"image\/jpeg\" \/>\n<meta name=\"author\" content=\"darka mazi\" \/>\n<meta name=\"twitter:card\" content=\"summary_large_image\" \/>\n<meta name=\"twitter:creator\" content=\"@DarkaMaziTurkce\" \/>\n<meta name=\"twitter:site\" content=\"@DarkaMaziTurkce\" \/>\n<meta name=\"twitter:label1\" content=\"Written by\" \/>\n\t<meta name=\"twitter:data1\" content=\"darka mazi\" \/>\n\t<meta name=\"twitter:label2\" content=\"Est. reading time\" \/>\n\t<meta name=\"twitter:data2\" content=\"1 minute\" \/>\n<script type=\"application\/ld+json\" class=\"seo-schema-graph\">{\"@context\":\"https:\\\/\\\/schema.org\",\"@graph\":[{\"@type\":\"NewsArticle\",\"@id\":\"https:\\\/\\\/darkamazi.site\\\/archives\\\/1032436#article\",\"isPartOf\":{\"@id\":\"https:\\\/\\\/darkamazi.site\\\/archives\\\/1032436\"},\"author\":{\"name\":\"darka mazi\",\"@id\":\"https:\\\/\\\/darkamazi.site\\\/#\\\/schema\\\/person\\\/67986a95ac546c16760365877ef4a9d3\"},\"headline\":\"Sonun ba\u015flang\u0131c\u0131: Kas\u0131m S\u00fcleymani ve Mehdi M\u00fchendisinin \u00f6ld\u00fcr\u00fclmesinin \u00fcst\u00fcnden 4 y\u0131l ge\u00e7ti\",\"datePublished\":\"2025-01-04T12:00:43+00:00\",\"mainEntityOfPage\":{\"@id\":\"https:\\\/\\\/darkamazi.site\\\/archives\\\/1032436\"},\"wordCount\":221,\"publisher\":{\"@id\":\"https:\\\/\\\/darkamazi.site\\\/#organization\"},\"image\":{\"@id\":\"https:\\\/\\\/darkamazi.site\\\/archives\\\/1032436#primaryimage\"},\"thumbnailUrl\":\"https:\\\/\\\/darkamazi.site\\\/darka-content\\\/uploads\\\/2025\\\/01\\\/kasim.jpg\",\"articleSection\":[\"Ortado\u011fu\"],\"inLanguage\":\"en-US\"},{\"@type\":\"WebPage\",\"@id\":\"https:\\\/\\\/darkamazi.site\\\/archives\\\/1032436\",\"url\":\"https:\\\/\\\/darkamazi.site\\\/archives\\\/1032436\",\"name\":\"Sonun ba\u015flang\u0131c\u0131: Kas\u0131m S\u00fcleymani ve Mehdi M\u00fchendisinin \u00f6ld\u00fcr\u00fclmesinin \u00fcst\u00fcnden 4 y\u0131l ge\u00e7ti - Darka Mazi\",\"isPartOf\":{\"@id\":\"https:\\\/\\\/darkamazi.site\\\/#website\"},\"primaryImageOfPage\":{\"@id\":\"https:\\\/\\\/darkamazi.site\\\/archives\\\/1032436#primaryimage\"},\"image\":{\"@id\":\"https:\\\/\\\/darkamazi.site\\\/archives\\\/1032436#primaryimage\"},\"thumbnailUrl\":\"https:\\\/\\\/darkamazi.site\\\/darka-content\\\/uploads\\\/2025\\\/01\\\/kasim.jpg\",\"datePublished\":\"2025-01-04T12:00:43+00:00\",\"breadcrumb\":{\"@id\":\"https:\\\/\\\/darkamazi.site\\\/archives\\\/1032436#breadcrumb\"},\"inLanguage\":\"en-US\",\"potentialAction\":[{\"@type\":\"ReadAction\",\"target\":[\"https:\\\/\\\/darkamazi.site\\\/archives\\\/1032436\"]}]},{\"@type\":\"ImageObject\",\"inLanguage\":\"en-US\",\"@id\":\"https:\\\/\\\/darkamazi.site\\\/archives\\\/1032436#primaryimage\",\"url\":\"https:\\\/\\\/darkamazi.site\\\/darka-content\\\/uploads\\\/2025\\\/01\\\/kasim.jpg\",\"contentUrl\":\"https:\\\/\\\/darkamazi.site\\\/darka-content\\\/uploads\\\/2025\\\/01\\\/kasim.jpg\",\"width\":800,\"height\":450,\"caption\":\"Sonun ba\u015flang\u0131c\u0131: Kas\u0131m S\u00fcleymani ve Mehdi M\u00fchendisinin \u00f6ld\u00fcr\u00fclmesinin \u00fcst\u00fcnden 4 y\u0131l ge\u00e7ti\"},{\"@type\":\"BreadcrumbList\",\"@id\":\"https:\\\/\\\/darkamazi.site\\\/archives\\\/1032436#breadcrumb\",\"itemListElement\":[{\"@type\":\"ListItem\",\"position\":1,\"name\":\"Home\",\"item\":\"https:\\\/\\\/darkamazi.site\\\/\"},{\"@type\":\"ListItem\",\"position\":2,\"name\":\"Sonun ba\u015flang\u0131c\u0131: Kas\u0131m S\u00fcleymani ve Mehdi M\u00fchendisinin \u00f6ld\u00fcr\u00fclmesinin \u00fcst\u00fcnden 4 y\u0131l ge\u00e7ti\"}]},{\"@type\":\"WebSite\",\"@id\":\"https:\\\/\\\/darkamazi.site\\\/#website\",\"url\":\"https:\\\/\\\/darkamazi.site\\\/\",\"name\":\"Darka Mazi\",\"description\":\"Ana Sayfa\",\"publisher\":{\"@id\":\"https:\\\/\\\/darkamazi.site\\\/#organization\"},\"potentialAction\":[{\"@type\":\"SearchAction\",\"target\":{\"@type\":\"EntryPoint\",\"urlTemplate\":\"https:\\\/\\\/darkamazi.site\\\/?s={search_term_string}\"},\"query-input\":{\"@type\":\"PropertyValueSpecification\",\"valueRequired\":true,\"valueName\":\"search_term_string\"}}],\"inLanguage\":\"en-US\"},{\"@type\":\"Organization\",\"@id\":\"https:\\\/\\\/darkamazi.site\\\/#organization\",\"name\":\"Darka Mazi T\u00fcrk\u00e7e\",\"alternateName\":\"Darka Mazi\",\"url\":\"https:\\\/\\\/darkamazi.site\\\/\",\"logo\":{\"@type\":\"ImageObject\",\"inLanguage\":\"en-US\",\"@id\":\"https:\\\/\\\/darkamazi.site\\\/#\\\/schema\\\/logo\\\/image\\\/\",\"url\":\"https:\\\/\\\/darkamazi.site\\\/darka-content\\\/uploads\\\/2017\\\/12\\\/darka-mazi-logo.png\",\"contentUrl\":\"https:\\\/\\\/darkamazi.site\\\/darka-content\\\/uploads\\\/2017\\\/12\\\/darka-mazi-logo.png\",\"width\":151,\"height\":75,\"caption\":\"Darka Mazi T\u00fcrk\u00e7e\"},\"image\":{\"@id\":\"https:\\\/\\\/darkamazi.site\\\/#\\\/schema\\\/logo\\\/image\\\/\"},\"sameAs\":[\"https:\\\/\\\/www.facebook.com\\\/DarkaMaziturkce\",\"https:\\\/\\\/x.com\\\/DarkaMaziTurkce\"]},{\"@type\":\"Person\",\"@id\":\"https:\\\/\\\/darkamazi.site\\\/#\\\/schema\\\/person\\\/67986a95ac546c16760365877ef4a9d3\",\"name\":\"darka mazi\",\"sameAs\":[\"https:\\\/\\\/darkamazi.site\"],\"url\":\"https:\\\/\\\/darkamazi.site\\\/archives\\\/author\\\/turkish\"}]}<\/script>\n<!-- \/ Yoast SEO plugin. -->","seo_head_json":{"title":"Sonun ba\u015flang\u0131c\u0131: Kas\u0131m S\u00fcleymani ve Mehdi M\u00fchendisinin \u00f6ld\u00fcr\u00fclmesinin \u00fcst\u00fcnden 4 y\u0131l ge\u00e7ti - Darka Mazi","robots":{"index":"index","follow":"follow","max-snippet":"max-snippet:-1","max-image-preview":"max-image-preview:large","max-video-preview":"max-video-preview:-1"},"canonical":"https:\/\/darkamazi.site\/archives\/1032436","og_locale":"en_US","og_type":"article","og_title":"Sonun ba\u015flang\u0131c\u0131: Kas\u0131m S\u00fcleymani ve Mehdi M\u00fchendisinin \u00f6ld\u00fcr\u00fclmesinin \u00fcst\u00fcnden 4 y\u0131l ge\u00e7ti - Darka Mazi","og_description":"3 Ocak 2020 tarihinde \u0130ran Devrim Muhaf\u0131zlar\u0131 Ordusu\u2019na ba\u011fl\u0131 Kud\u00fcs G\u00fcc\u00fc Komutan\u0131 Kas\u0131m S\u00fcleymani ve Ha\u015fdi \u015eabi Komutan\u0131 Ebu Mehdi Muhendis, Ba\u011fdat\u2019ta Amerika taraf\u0131ndan d\u00fczenlenen hava sald\u0131r\u0131s\u0131nda \u00f6ld\u00fcr\u00fclm\u00fc\u015ft\u00fc. \u0130ran\u2019\u0131n t\u00fcm askeri hamlelerinde \u00f6nemli bir yeri olan Kas\u0131m S\u00fcleymani \u00f6zellikle 2011 sonras\u0131 Arap Bahar\u0131 denen s\u00fcre\u00e7le beraber \u0130ran\u2019\u0131n Ortado\u011fu\u2019daki imparatorluk projesinin \u00f6nc\u00fc ismiydi. S\u00fcleymani\u2019nin \u00f6ld\u00fcr\u00fclmesi \u0130ran [&hellip;]","og_url":"https:\/\/darkamazi.site\/archives\/1032436","og_site_name":"Darka Mazi","article_publisher":"https:\/\/www.facebook.com\/DarkaMaziturkce","article_published_time":"2025-01-04T12:00:43+00:00","og_image":[{"width":800,"height":450,"url":"https:\/\/darkamazi.site\/file\/2025\/01\/kasim.jpg","type":"image\/jpeg"}],"author":"darka mazi","twitter_card":"summary_large_image","twitter_creator":"@DarkaMaziTurkce","twitter_site":"@DarkaMaziTurkce","twitter_misc":{"Written by":"darka mazi","Est. reading time":"1 minute"},"schema":{"@context":"https:\/\/schema.org","@graph":[{"@type":"NewsArticle","@id":"https:\/\/darkamazi.site\/archives\/1032436#article","isPartOf":{"@id":"https:\/\/darkamazi.site\/archives\/1032436"},"author":{"name":"darka mazi","@id":"https:\/\/darkamazi.site\/#\/schema\/person\/67986a95ac546c16760365877ef4a9d3"},"headline":"Sonun ba\u015flang\u0131c\u0131: Kas\u0131m S\u00fcleymani ve Mehdi M\u00fchendisinin \u00f6ld\u00fcr\u00fclmesinin \u00fcst\u00fcnden 4 y\u0131l ge\u00e7ti","datePublished":"2025-01-04T12:00:43+00:00","mainEntityOfPage":{"@id":"https:\/\/darkamazi.site\/archives\/1032436"},"wordCount":221,"publisher":{"@id":"https:\/\/darkamazi.site\/#organization"},"image":{"@id":"https:\/\/darkamazi.site\/archives\/1032436#primaryimage"},"thumbnailUrl":"https:\/\/darkamazi.site\/file\/2025\/01\/kasim.jpg","articleSection":["Ortado\u011fu"],"inLanguage":"en-US"},{"@type":"WebPage","@id":"https:\/\/darkamazi.site\/archives\/1032436","url":"https:\/\/darkamazi.site\/archives\/1032436","name":"Sonun ba\u015flang\u0131c\u0131: Kas\u0131m S\u00fcleymani ve Mehdi M\u00fchendisinin \u00f6ld\u00fcr\u00fclmesinin \u00fcst\u00fcnden 4 y\u0131l ge\u00e7ti - Darka Mazi","isPartOf":{"@id":"https:\/\/darkamazi.site\/#website"},"primaryImageOfPage":{"@id":"https:\/\/darkamazi.site\/archives\/1032436#primaryimage"},"image":{"@id":"https:\/\/darkamazi.site\/archives\/1032436#primaryimage"},"thumbnailUrl":"https:\/\/darkamazi.site\/file\/2025\/01\/kasim.jpg","datePublished":"2025-01-04T12:00:43+00:00","breadcrumb":{"@id":"https:\/\/darkamazi.site\/archives\/1032436#breadcrumb"},"inLanguage":"en-US","potentialAction":[{"@type":"ReadAction","target":["https:\/\/darkamazi.site\/archives\/1032436"]}]},{"@type":"ImageObject","inLanguage":"en-US","@id":"https:\/\/darkamazi.site\/archives\/1032436#primaryimage","url":"https:\/\/darkamazi.site\/file\/2025\/01\/kasim.jpg","contentUrl":"https:\/\/darkamazi.site\/file\/2025\/01\/kasim.jpg","width":800,"height":450,"caption":"Sonun ba\u015flang\u0131c\u0131: Kas\u0131m S\u00fcleymani ve Mehdi M\u00fchendisinin \u00f6ld\u00fcr\u00fclmesinin \u00fcst\u00fcnden 4 y\u0131l ge\u00e7ti"},{"@type":"BreadcrumbList","@id":"https:\/\/darkamazi.site\/archives\/1032436#breadcrumb","itemListElement":[{"@type":"ListItem","position":1,"name":"Home","item":"https:\/\/darkamazi.site\/"},{"@type":"ListItem","position":2,"name":"Sonun ba\u015flang\u0131c\u0131: Kas\u0131m S\u00fcleymani ve Mehdi M\u00fchendisinin \u00f6ld\u00fcr\u00fclmesinin \u00fcst\u00fcnden 4 y\u0131l ge\u00e7ti"}]},{"@type":"WebSite","@id":"https:\/\/darkamazi.site\/#website","url":"https:\/\/darkamazi.site\/","name":"Darka Mazi","description":"Ana Sayfa","publisher":{"@id":"https:\/\/darkamazi.site\/#organization"},"potentialAction":[{"@type":"SearchAction","target":{"@type":"EntryPoint","urlTemplate":"https:\/\/darkamazi.site\/?s={search_term_string}"},"query-input":{"@type":"PropertyValueSpecification","valueRequired":true,"valueName":"search_term_string"}}],"inLanguage":"en-US"},{"@type":"Organization","@id":"https:\/\/darkamazi.site\/#organization","name":"Darka Mazi T\u00fcrk\u00e7e","alternateName":"Darka Mazi","url":"https:\/\/darkamazi.site\/","logo":{"@type":"ImageObject","inLanguage":"en-US","@id":"https:\/\/darkamazi.site\/#\/schema\/logo\/image\/","url":"https:\/\/darkamazi.site\/file\/2017\/12\/darka-mazi-logo.png","contentUrl":"https:\/\/darkamazi.site\/file\/2017\/12\/darka-mazi-logo.png","width":151,"height":75,"caption":"Darka Mazi T\u00fcrk\u00e7e"},"image":{"@id":"https:\/\/darkamazi.site\/#\/schema\/logo\/image\/"},"sameAs":["https:\/\/www.facebook.com\/DarkaMaziturkce","https:\/\/x.com\/DarkaMaziTurkce"]},{"@type":"Person","@id":"https:\/\/darkamazi.site\/#\/schema\/person\/67986a95ac546c16760365877ef4a9d3","name":"darka mazi","sameAs":["https:\/\/darkamazi.site"],"url":"https:\/\/darkamazi.site\/archives\/author\/turkish"}]}},"_links":{"self":[{"href":"https:\/\/darkamazi.site\/funavuv\/wp\/v2\/posts\/1032436","targetHints":{"allow":["GET"]}}],"collection":[{"href":"https:\/\/darkamazi.site\/funavuv\/wp\/v2\/posts"}],"about":[{"href":"https:\/\/darkamazi.site\/funavuv\/wp\/v2\/types\/post"}],"author":[{"embeddable":true,"href":"https:\/\/darkamazi.site\/funavuv\/wp\/v2\/users\/2"}],"replies":[{"embeddable":true,"href":"https:\/\/darkamazi.site\/funavuv\/wp\/v2\/comments?post=1032436"}],"version-history":[{"count":0,"href":"https:\/\/darkamazi.site\/funavuv\/wp\/v2\/posts\/1032436\/revisions"}],"wp:featuredmedia":[{"embeddable":true,"href":"https:\/\/darkamazi.site\/funavuv\/wp\/v2\/media\/1032437"}],"wp:attachment":[{"href":"https:\/\/darkamazi.site\/funavuv\/wp\/v2\/media?parent=1032436"}],"wp:term":[{"taxonomy":"category","embeddable":true,"href":"https:\/\/darkamazi.site\/funavuv\/wp\/v2\/categories?post=1032436"},{"taxonomy":"post_tag","embeddable":true,"href":"https:\/\/darkamazi.site\/funavuv\/wp\/v2\/tags?post=1032436"}],"curies":[{"name":"wp","href":"https:\/\/api.w.org\/{rel}","templated":true}]}}