{"id":1032439,"date":"2025-01-04T15:17:43","date_gmt":"2025-01-04T12:17:43","guid":{"rendered":"https:\/\/darkamazi.site\/?p=1032439"},"modified":"2025-01-04T15:17:43","modified_gmt":"2025-01-04T12:17:43","slug":"dogu-kurdistanli-sanatci-saro-sozeni-gecirdigi-bir-trafik-kazasinda-hayatini-kaybetti","status":"publish","type":"post","link":"https:\/\/darkamazi.site\/archives\/1032439","title":{"rendered":"Do\u011fu K\u00fcrdistanl\u0131 sanat\u00e7\u0131\u00a0 Saro S\u00f6zeni ge\u00e7irdi\u011fi bir trafik kazas\u0131nda hayat\u0131n\u0131 kaybetti"},"content":{"rendered":"<p style=\"text-align: justify\">Do\u011fu K\u00fcrdistan\u2019\u0131n sevilen ses sanat\u00e7\u0131lar\u0131ndan Saro S\u00f6zen\u00ee, Seqiz ve Diwandere kentleri aras\u0131ndaki yolda ge\u00e7irdi\u011fi trafik kazas\u0131nda hayat\u0131n\u0131 kaybetti.<\/p>\n<p style=\"text-align: justify\">Saro S\u00f6zeni 22 ya\u015f\u0131ndayd\u0131 ve Do\u011fu K\u00fcrdistan&#8217;\u0131n yetenekli m\u00fczisyenlerinden biriydi. Jina Emini ba\u015fkald\u0131r\u0131s\u0131nda \u00a0g\u00f6stericileri destekledi ve kendisi de direk kat\u0131ld\u0131 bu nedenle \u00a0\u0130ran devlet g\u00fc\u00e7leri taraf\u0131ndan tutuklanm\u0131\u015f, i\u015fkence g\u00f6rm\u00fc\u015ft\u00fc.\u00a0 Daha sonra kefaletle serbest b\u0131rak\u0131ld\u0131 ve hapis cezas\u0131na \u00e7arpt\u0131r\u0131ld\u0131. Cezas\u0131 ise dondurulmu\u015ftu.<\/p>\n<p style=\"text-align: justify\">Saro\u2019nun cenazesi Saqiz\u2019da ailesi ve sevenlerinin\u00a0 kat\u0131l\u0131 ile topra\u011fa verildi. Tabutuna K\u00fcrdistan Bayra\u011f\u0131 konan Saro\u2019nun mezar\u0131nda seslendirdi\u011fi eserler \u00e7al\u0131nd\u0131.<\/p>\n<p style=\"text-align: justify\">03.01.2025 tarihinde K\u00fcrdistan Emek\u00e7iler \u00a0Birli\u011fi Sekreterli\u011fi (Komala Zahmetke\u015fan) bir taziye mesaj\u0131 yay\u0131nlayarak \u015funlar\u0131 duyurdu: &#8220;Maalesef Saro S\u00f6zen\u00ee trafik kazas\u0131 sonucu hayat\u0131n\u0131 kaybetti. Ailesine ve t\u00fcm sevenlerine ba\u015fsa\u011fl\u0131\u011f\u0131 dileriz.<\/p>\n","protected":false},"excerpt":{"rendered":"<p>Do\u011fu K\u00fcrdistan\u2019\u0131n sevilen ses sanat\u00e7\u0131lar\u0131ndan Saro S\u00f6zen\u00ee, Seqiz ve Diwandere kentleri aras\u0131ndaki yolda ge\u00e7irdi\u011fi trafik kazas\u0131nda hayat\u0131n\u0131 kaybetti. Saro S\u00f6zeni 22 ya\u015f\u0131ndayd\u0131 ve Do\u011fu K\u00fcrdistan&#8217;\u0131n yetenekli m\u00fczisyenlerinden biriydi. Jina Emini ba\u015fkald\u0131r\u0131s\u0131nda \u00a0g\u00f6stericileri destekledi ve kendisi de direk kat\u0131ld\u0131 bu nedenle \u00a0\u0130ran devlet g\u00fc\u00e7leri taraf\u0131ndan tutuklanm\u0131\u015f, i\u015fkence g\u00f6rm\u00fc\u015ft\u00fc.\u00a0 Daha sonra kefaletle serbest b\u0131rak\u0131ld\u0131 ve hapis cezas\u0131na [&hellip;]<\/p>\n","protected":false},"author":2,"featured_media":1032440,"comment_status":"closed","ping_status":"closed","sticky":false,"template":"","format":"standard","meta":{"footnotes":""},"categories":[33],"tags":[31],"class_list":["post-1032439","post","type-post","status-publish","format-standard","has-post-thumbnail","hentry","category-sanat","tag-onemli"],"blocksy_meta":[],"seo_head":"<!-- This site is optimized with the Yoast SEO plugin v27.5 - https:\/\/yoast.com\/product\/yoast-seo-wordpress\/ -->\n<title>Do\u011fu K\u00fcrdistanl\u0131 sanat\u00e7\u0131\u00a0 Saro S\u00f6zeni ge\u00e7irdi\u011fi bir trafik kazas\u0131nda hayat\u0131n\u0131 kaybetti - Darka Mazi<\/title>\n<meta name=\"robots\" content=\"index, follow, max-snippet:-1, max-image-preview:large, max-video-preview:-1\" \/>\n<link rel=\"canonical\" href=\"https:\/\/darkamazi.site\/archives\/1032439\" \/>\n<meta property=\"og:locale\" content=\"en_US\" \/>\n<meta property=\"og:type\" content=\"article\" \/>\n<meta property=\"og:title\" content=\"Do\u011fu K\u00fcrdistanl\u0131 sanat\u00e7\u0131\u00a0 Saro S\u00f6zeni ge\u00e7irdi\u011fi bir trafik kazas\u0131nda hayat\u0131n\u0131 kaybetti - Darka Mazi\" \/>\n<meta property=\"og:description\" content=\"Do\u011fu K\u00fcrdistan\u2019\u0131n sevilen ses sanat\u00e7\u0131lar\u0131ndan Saro S\u00f6zen\u00ee, Seqiz ve Diwandere kentleri aras\u0131ndaki yolda ge\u00e7irdi\u011fi trafik kazas\u0131nda hayat\u0131n\u0131 kaybetti. Saro S\u00f6zeni 22 ya\u015f\u0131ndayd\u0131 ve Do\u011fu K\u00fcrdistan&#8217;\u0131n yetenekli m\u00fczisyenlerinden biriydi. Jina Emini ba\u015fkald\u0131r\u0131s\u0131nda \u00a0g\u00f6stericileri destekledi ve kendisi de direk kat\u0131ld\u0131 bu nedenle \u00a0\u0130ran devlet g\u00fc\u00e7leri taraf\u0131ndan tutuklanm\u0131\u015f, i\u015fkence g\u00f6rm\u00fc\u015ft\u00fc.\u00a0 Daha sonra kefaletle serbest b\u0131rak\u0131ld\u0131 ve hapis cezas\u0131na [&hellip;]\" \/>\n<meta property=\"og:url\" content=\"https:\/\/darkamazi.site\/archives\/1032439\" \/>\n<meta property=\"og:site_name\" content=\"Darka Mazi\" \/>\n<meta property=\"article:publisher\" content=\"https:\/\/www.facebook.com\/DarkaMaziturkce\" \/>\n<meta property=\"article:published_time\" content=\"2025-01-04T12:17:43+00:00\" \/>\n<meta property=\"og:image\" content=\"https:\/\/darkamazi.site\/file\/2025\/01\/saro-sozeni.jpg\" \/>\n\t<meta property=\"og:image:width\" content=\"710\" \/>\n\t<meta property=\"og:image:height\" content=\"352\" \/>\n\t<meta property=\"og:image:type\" content=\"image\/jpeg\" \/>\n<meta name=\"author\" content=\"darka mazi\" \/>\n<meta name=\"twitter:card\" content=\"summary_large_image\" \/>\n<meta name=\"twitter:creator\" content=\"@DarkaMaziTurkce\" \/>\n<meta name=\"twitter:site\" content=\"@DarkaMaziTurkce\" \/>\n<meta name=\"twitter:label1\" content=\"Written by\" \/>\n\t<meta name=\"twitter:data1\" content=\"darka mazi\" \/>\n\t<meta name=\"twitter:label2\" content=\"Est. reading time\" \/>\n\t<meta name=\"twitter:data2\" content=\"1 minute\" \/>\n<script type=\"application\/ld+json\" class=\"seo-schema-graph\">{\"@context\":\"https:\\\/\\\/schema.org\",\"@graph\":[{\"@type\":\"NewsArticle\",\"@id\":\"https:\\\/\\\/darkamazi.site\\\/archives\\\/1032439#article\",\"isPartOf\":{\"@id\":\"https:\\\/\\\/darkamazi.site\\\/archives\\\/1032439\"},\"author\":{\"name\":\"darka mazi\",\"@id\":\"https:\\\/\\\/darkamazi.site\\\/#\\\/schema\\\/person\\\/67986a95ac546c16760365877ef4a9d3\"},\"headline\":\"Do\u011fu K\u00fcrdistanl\u0131 sanat\u00e7\u0131\u00a0 Saro S\u00f6zeni ge\u00e7irdi\u011fi bir trafik kazas\u0131nda hayat\u0131n\u0131 kaybetti\",\"datePublished\":\"2025-01-04T12:17:43+00:00\",\"mainEntityOfPage\":{\"@id\":\"https:\\\/\\\/darkamazi.site\\\/archives\\\/1032439\"},\"wordCount\":176,\"publisher\":{\"@id\":\"https:\\\/\\\/darkamazi.site\\\/#organization\"},\"image\":{\"@id\":\"https:\\\/\\\/darkamazi.site\\\/archives\\\/1032439#primaryimage\"},\"thumbnailUrl\":\"https:\\\/\\\/darkamazi.site\\\/darka-content\\\/uploads\\\/2025\\\/01\\\/saro-sozeni.jpg\",\"keywords\":[\"\u00f6nemli\"],\"articleSection\":[\"Sanat\"],\"inLanguage\":\"en-US\"},{\"@type\":\"WebPage\",\"@id\":\"https:\\\/\\\/darkamazi.site\\\/archives\\\/1032439\",\"url\":\"https:\\\/\\\/darkamazi.site\\\/archives\\\/1032439\",\"name\":\"Do\u011fu K\u00fcrdistanl\u0131 sanat\u00e7\u0131\u00a0 Saro S\u00f6zeni ge\u00e7irdi\u011fi bir trafik kazas\u0131nda hayat\u0131n\u0131 kaybetti - Darka Mazi\",\"isPartOf\":{\"@id\":\"https:\\\/\\\/darkamazi.site\\\/#website\"},\"primaryImageOfPage\":{\"@id\":\"https:\\\/\\\/darkamazi.site\\\/archives\\\/1032439#primaryimage\"},\"image\":{\"@id\":\"https:\\\/\\\/darkamazi.site\\\/archives\\\/1032439#primaryimage\"},\"thumbnailUrl\":\"https:\\\/\\\/darkamazi.site\\\/darka-content\\\/uploads\\\/2025\\\/01\\\/saro-sozeni.jpg\",\"datePublished\":\"2025-01-04T12:17:43+00:00\",\"breadcrumb\":{\"@id\":\"https:\\\/\\\/darkamazi.site\\\/archives\\\/1032439#breadcrumb\"},\"inLanguage\":\"en-US\",\"potentialAction\":[{\"@type\":\"ReadAction\",\"target\":[\"https:\\\/\\\/darkamazi.site\\\/archives\\\/1032439\"]}]},{\"@type\":\"ImageObject\",\"inLanguage\":\"en-US\",\"@id\":\"https:\\\/\\\/darkamazi.site\\\/archives\\\/1032439#primaryimage\",\"url\":\"https:\\\/\\\/darkamazi.site\\\/darka-content\\\/uploads\\\/2025\\\/01\\\/saro-sozeni.jpg\",\"contentUrl\":\"https:\\\/\\\/darkamazi.site\\\/darka-content\\\/uploads\\\/2025\\\/01\\\/saro-sozeni.jpg\",\"width\":710,\"height\":352,\"caption\":\"Do\u011fu K\u00fcrdistanl\u0131 sanat\u00e7\u0131\u00a0 Saro S\u00f6zeni ge\u00e7irdi\u011fi bir trafik kazas\u0131nda hayat\u0131n\u0131 kaybetti\"},{\"@type\":\"BreadcrumbList\",\"@id\":\"https:\\\/\\\/darkamazi.site\\\/archives\\\/1032439#breadcrumb\",\"itemListElement\":[{\"@type\":\"ListItem\",\"position\":1,\"name\":\"Home\",\"item\":\"https:\\\/\\\/darkamazi.site\\\/\"},{\"@type\":\"ListItem\",\"position\":2,\"name\":\"Do\u011fu K\u00fcrdistanl\u0131 sanat\u00e7\u0131\u00a0 Saro S\u00f6zeni ge\u00e7irdi\u011fi bir trafik kazas\u0131nda hayat\u0131n\u0131 kaybetti\"}]},{\"@type\":\"WebSite\",\"@id\":\"https:\\\/\\\/darkamazi.site\\\/#website\",\"url\":\"https:\\\/\\\/darkamazi.site\\\/\",\"name\":\"Darka Mazi\",\"description\":\"Ana Sayfa\",\"publisher\":{\"@id\":\"https:\\\/\\\/darkamazi.site\\\/#organization\"},\"potentialAction\":[{\"@type\":\"SearchAction\",\"target\":{\"@type\":\"EntryPoint\",\"urlTemplate\":\"https:\\\/\\\/darkamazi.site\\\/?s={search_term_string}\"},\"query-input\":{\"@type\":\"PropertyValueSpecification\",\"valueRequired\":true,\"valueName\":\"search_term_string\"}}],\"inLanguage\":\"en-US\"},{\"@type\":\"Organization\",\"@id\":\"https:\\\/\\\/darkamazi.site\\\/#organization\",\"name\":\"Darka Mazi T\u00fcrk\u00e7e\",\"alternateName\":\"Darka Mazi\",\"url\":\"https:\\\/\\\/darkamazi.site\\\/\",\"logo\":{\"@type\":\"ImageObject\",\"inLanguage\":\"en-US\",\"@id\":\"https:\\\/\\\/darkamazi.site\\\/#\\\/schema\\\/logo\\\/image\\\/\",\"url\":\"https:\\\/\\\/darkamazi.site\\\/darka-content\\\/uploads\\\/2017\\\/12\\\/darka-mazi-logo.png\",\"contentUrl\":\"https:\\\/\\\/darkamazi.site\\\/darka-content\\\/uploads\\\/2017\\\/12\\\/darka-mazi-logo.png\",\"width\":151,\"height\":75,\"caption\":\"Darka Mazi T\u00fcrk\u00e7e\"},\"image\":{\"@id\":\"https:\\\/\\\/darkamazi.site\\\/#\\\/schema\\\/logo\\\/image\\\/\"},\"sameAs\":[\"https:\\\/\\\/www.facebook.com\\\/DarkaMaziturkce\",\"https:\\\/\\\/x.com\\\/DarkaMaziTurkce\"]},{\"@type\":\"Person\",\"@id\":\"https:\\\/\\\/darkamazi.site\\\/#\\\/schema\\\/person\\\/67986a95ac546c16760365877ef4a9d3\",\"name\":\"darka mazi\",\"sameAs\":[\"https:\\\/\\\/darkamazi.site\"],\"url\":\"https:\\\/\\\/darkamazi.site\\\/archives\\\/author\\\/turkish\"}]}<\/script>\n<!-- \/ Yoast SEO plugin. -->","seo_head_json":{"title":"Do\u011fu K\u00fcrdistanl\u0131 sanat\u00e7\u0131\u00a0 Saro S\u00f6zeni ge\u00e7irdi\u011fi bir trafik kazas\u0131nda hayat\u0131n\u0131 kaybetti - Darka Mazi","robots":{"index":"index","follow":"follow","max-snippet":"max-snippet:-1","max-image-preview":"max-image-preview:large","max-video-preview":"max-video-preview:-1"},"canonical":"https:\/\/darkamazi.site\/archives\/1032439","og_locale":"en_US","og_type":"article","og_title":"Do\u011fu K\u00fcrdistanl\u0131 sanat\u00e7\u0131\u00a0 Saro S\u00f6zeni ge\u00e7irdi\u011fi bir trafik kazas\u0131nda hayat\u0131n\u0131 kaybetti - Darka Mazi","og_description":"Do\u011fu K\u00fcrdistan\u2019\u0131n sevilen ses sanat\u00e7\u0131lar\u0131ndan Saro S\u00f6zen\u00ee, Seqiz ve Diwandere kentleri aras\u0131ndaki yolda ge\u00e7irdi\u011fi trafik kazas\u0131nda hayat\u0131n\u0131 kaybetti. Saro S\u00f6zeni 22 ya\u015f\u0131ndayd\u0131 ve Do\u011fu K\u00fcrdistan&#8217;\u0131n yetenekli m\u00fczisyenlerinden biriydi. Jina Emini ba\u015fkald\u0131r\u0131s\u0131nda \u00a0g\u00f6stericileri destekledi ve kendisi de direk kat\u0131ld\u0131 bu nedenle \u00a0\u0130ran devlet g\u00fc\u00e7leri taraf\u0131ndan tutuklanm\u0131\u015f, i\u015fkence g\u00f6rm\u00fc\u015ft\u00fc.\u00a0 Daha sonra kefaletle serbest b\u0131rak\u0131ld\u0131 ve hapis cezas\u0131na [&hellip;]","og_url":"https:\/\/darkamazi.site\/archives\/1032439","og_site_name":"Darka Mazi","article_publisher":"https:\/\/www.facebook.com\/DarkaMaziturkce","article_published_time":"2025-01-04T12:17:43+00:00","og_image":[{"width":710,"height":352,"url":"https:\/\/darkamazi.site\/file\/2025\/01\/saro-sozeni.jpg","type":"image\/jpeg"}],"author":"darka mazi","twitter_card":"summary_large_image","twitter_creator":"@DarkaMaziTurkce","twitter_site":"@DarkaMaziTurkce","twitter_misc":{"Written by":"darka mazi","Est. reading time":"1 minute"},"schema":{"@context":"https:\/\/schema.org","@graph":[{"@type":"NewsArticle","@id":"https:\/\/darkamazi.site\/archives\/1032439#article","isPartOf":{"@id":"https:\/\/darkamazi.site\/archives\/1032439"},"author":{"name":"darka mazi","@id":"https:\/\/darkamazi.site\/#\/schema\/person\/67986a95ac546c16760365877ef4a9d3"},"headline":"Do\u011fu K\u00fcrdistanl\u0131 sanat\u00e7\u0131\u00a0 Saro S\u00f6zeni ge\u00e7irdi\u011fi bir trafik kazas\u0131nda hayat\u0131n\u0131 kaybetti","datePublished":"2025-01-04T12:17:43+00:00","mainEntityOfPage":{"@id":"https:\/\/darkamazi.site\/archives\/1032439"},"wordCount":176,"publisher":{"@id":"https:\/\/darkamazi.site\/#organization"},"image":{"@id":"https:\/\/darkamazi.site\/archives\/1032439#primaryimage"},"thumbnailUrl":"https:\/\/darkamazi.site\/file\/2025\/01\/saro-sozeni.jpg","keywords":["\u00f6nemli"],"articleSection":["Sanat"],"inLanguage":"en-US"},{"@type":"WebPage","@id":"https:\/\/darkamazi.site\/archives\/1032439","url":"https:\/\/darkamazi.site\/archives\/1032439","name":"Do\u011fu K\u00fcrdistanl\u0131 sanat\u00e7\u0131\u00a0 Saro S\u00f6zeni ge\u00e7irdi\u011fi bir trafik kazas\u0131nda hayat\u0131n\u0131 kaybetti - Darka Mazi","isPartOf":{"@id":"https:\/\/darkamazi.site\/#website"},"primaryImageOfPage":{"@id":"https:\/\/darkamazi.site\/archives\/1032439#primaryimage"},"image":{"@id":"https:\/\/darkamazi.site\/archives\/1032439#primaryimage"},"thumbnailUrl":"https:\/\/darkamazi.site\/file\/2025\/01\/saro-sozeni.jpg","datePublished":"2025-01-04T12:17:43+00:00","breadcrumb":{"@id":"https:\/\/darkamazi.site\/archives\/1032439#breadcrumb"},"inLanguage":"en-US","potentialAction":[{"@type":"ReadAction","target":["https:\/\/darkamazi.site\/archives\/1032439"]}]},{"@type":"ImageObject","inLanguage":"en-US","@id":"https:\/\/darkamazi.site\/archives\/1032439#primaryimage","url":"https:\/\/darkamazi.site\/file\/2025\/01\/saro-sozeni.jpg","contentUrl":"https:\/\/darkamazi.site\/file\/2025\/01\/saro-sozeni.jpg","width":710,"height":352,"caption":"Do\u011fu K\u00fcrdistanl\u0131 sanat\u00e7\u0131\u00a0 Saro S\u00f6zeni ge\u00e7irdi\u011fi bir trafik kazas\u0131nda hayat\u0131n\u0131 kaybetti"},{"@type":"BreadcrumbList","@id":"https:\/\/darkamazi.site\/archives\/1032439#breadcrumb","itemListElement":[{"@type":"ListItem","position":1,"name":"Home","item":"https:\/\/darkamazi.site\/"},{"@type":"ListItem","position":2,"name":"Do\u011fu K\u00fcrdistanl\u0131 sanat\u00e7\u0131\u00a0 Saro S\u00f6zeni ge\u00e7irdi\u011fi bir trafik kazas\u0131nda hayat\u0131n\u0131 kaybetti"}]},{"@type":"WebSite","@id":"https:\/\/darkamazi.site\/#website","url":"https:\/\/darkamazi.site\/","name":"Darka Mazi","description":"Ana Sayfa","publisher":{"@id":"https:\/\/darkamazi.site\/#organization"},"potentialAction":[{"@type":"SearchAction","target":{"@type":"EntryPoint","urlTemplate":"https:\/\/darkamazi.site\/?s={search_term_string}"},"query-input":{"@type":"PropertyValueSpecification","valueRequired":true,"valueName":"search_term_string"}}],"inLanguage":"en-US"},{"@type":"Organization","@id":"https:\/\/darkamazi.site\/#organization","name":"Darka Mazi T\u00fcrk\u00e7e","alternateName":"Darka Mazi","url":"https:\/\/darkamazi.site\/","logo":{"@type":"ImageObject","inLanguage":"en-US","@id":"https:\/\/darkamazi.site\/#\/schema\/logo\/image\/","url":"https:\/\/darkamazi.site\/file\/2017\/12\/darka-mazi-logo.png","contentUrl":"https:\/\/darkamazi.site\/file\/2017\/12\/darka-mazi-logo.png","width":151,"height":75,"caption":"Darka Mazi T\u00fcrk\u00e7e"},"image":{"@id":"https:\/\/darkamazi.site\/#\/schema\/logo\/image\/"},"sameAs":["https:\/\/www.facebook.com\/DarkaMaziturkce","https:\/\/x.com\/DarkaMaziTurkce"]},{"@type":"Person","@id":"https:\/\/darkamazi.site\/#\/schema\/person\/67986a95ac546c16760365877ef4a9d3","name":"darka mazi","sameAs":["https:\/\/darkamazi.site"],"url":"https:\/\/darkamazi.site\/archives\/author\/turkish"}]}},"_links":{"self":[{"href":"https:\/\/darkamazi.site\/funavuv\/wp\/v2\/posts\/1032439","targetHints":{"allow":["GET"]}}],"collection":[{"href":"https:\/\/darkamazi.site\/funavuv\/wp\/v2\/posts"}],"about":[{"href":"https:\/\/darkamazi.site\/funavuv\/wp\/v2\/types\/post"}],"author":[{"embeddable":true,"href":"https:\/\/darkamazi.site\/funavuv\/wp\/v2\/users\/2"}],"replies":[{"embeddable":true,"href":"https:\/\/darkamazi.site\/funavuv\/wp\/v2\/comments?post=1032439"}],"version-history":[{"count":0,"href":"https:\/\/darkamazi.site\/funavuv\/wp\/v2\/posts\/1032439\/revisions"}],"wp:featuredmedia":[{"embeddable":true,"href":"https:\/\/darkamazi.site\/funavuv\/wp\/v2\/media\/1032440"}],"wp:attachment":[{"href":"https:\/\/darkamazi.site\/funavuv\/wp\/v2\/media?parent=1032439"}],"wp:term":[{"taxonomy":"category","embeddable":true,"href":"https:\/\/darkamazi.site\/funavuv\/wp\/v2\/categories?post=1032439"},{"taxonomy":"post_tag","embeddable":true,"href":"https:\/\/darkamazi.site\/funavuv\/wp\/v2\/tags?post=1032439"}],"curies":[{"name":"wp","href":"https:\/\/api.w.org\/{rel}","templated":true}]}}