{"id":1032475,"date":"2025-01-07T14:26:32","date_gmt":"2025-01-07T11:26:32","guid":{"rendered":"https:\/\/darkamazi.site\/?p=1032475"},"modified":"2026-03-31T16:18:01","modified_gmt":"2026-03-31T13:18:01","slug":"mesrur-barzani-ankarada","status":"publish","type":"post","link":"https:\/\/darkamazi.site\/archives\/1032475","title":{"rendered":"Mesrur Barzani Ankara&#8217;da"},"content":{"rendered":"<p><strong>K\u00fcrdistan B\u00f6lgesi Ba\u015fbakan\u0131 Mesrur Barzani, resmi ziyaret \u00e7er\u00e7evesinde ba\u015fkent Ankara&#8217;ya ula\u015ft\u0131.\u00a0<\/strong><\/p>\n<p>K\u00fcrdistan B\u00f6lgesi H\u00fck\u00fcmetinden yap\u0131lan a\u00e7\u0131klamada, Ba\u015fbakan Barzani&#8217;nin s\u00f6z konusu ziyarette T\u00fcrkiye Cumhurba\u015fkan\u0131 Recep Tayyip Erdo\u011fan, D\u0131\u015fi\u015fleri Bakan\u0131 Hakan Fidan ve \u00e7ok say\u0131da \u00fcst d\u00fczey yetkiliyle bir araya gelece\u011fi aktar\u0131ld\u0131.<\/p>\n<p>A\u00e7\u0131klamada, g\u00f6r\u00fc\u015fmelerde ikili ili\u015fkilerin geli\u015fimi ve Irak ile b\u00f6lgedeki genel durum, \u00f6zellikle Suriye&#8217;deki son geli\u015fmelerin ele al\u0131naca\u011f\u0131 belirtildi.<\/p>\n<p>T\u00fcrkiye Cumhurba\u015fkanl\u0131\u011f\u0131n\u0131n resmi sitesinden yap\u0131lan a\u00e7\u0131klamada, Ba\u015fbakan Barzani\u2019nin 7 Ocak 2025 Sal\u0131 g\u00fcn\u00fc (bug\u00fcn) Ankara\u2019y\u0131 ziyaret edece\u011fi bildirilmi\u015fti.<\/p>\n<p>A\u00e7\u0131klamaya g\u00f6re Mesrur Barzani s\u00f6z konusu ziyaret kapsam\u0131nda saat 14.00\u2019te Recep Tayyip Erdo\u011fan ile g\u00f6r\u00fc\u015fme ger\u00e7ekle\u015ftirecek.<\/p>\n<p>\u00d6te yandan Ba\u015fbakan Barzani\u2019nin saat 12.00\u2019de T\u00fcrkiye D\u0131\u015fi\u015fleri Bakan\u0131 Hakan Fidan ile g\u00f6r\u00fc\u015fece\u011fi kaydedildi.<\/p>\n<p>Ba\u015fbakan Mesrur \u200b\u200bBarzani, 20 Haziran 2024&#8217;te Ankara&#8217;da Erdo\u011fan ve Bakan Fidan&#8217;la g\u00f6r\u00fc\u015fme ger\u00e7ekle\u015ftirmi\u015fti.<\/p>\n<p>Kaynak: K24<\/p>\n","protected":false},"excerpt":{"rendered":"<p>K\u00fcrdistan B\u00f6lgesi Ba\u015fbakan\u0131 Mesrur Barzani, resmi ziyaret \u00e7er\u00e7evesinde ba\u015fkent Ankara&#8217;ya ula\u015ft\u0131.\u00a0 K\u00fcrdistan B\u00f6lgesi H\u00fck\u00fcmetinden yap\u0131lan a\u00e7\u0131klamada, Ba\u015fbakan Barzani&#8217;nin s\u00f6z konusu ziyarette T\u00fcrkiye Cumhurba\u015fkan\u0131 Recep Tayyip Erdo\u011fan, D\u0131\u015fi\u015fleri Bakan\u0131 Hakan Fidan ve \u00e7ok say\u0131da \u00fcst d\u00fczey yetkiliyle bir araya gelece\u011fi aktar\u0131ld\u0131. A\u00e7\u0131klamada, g\u00f6r\u00fc\u015fmelerde ikili ili\u015fkilerin geli\u015fimi ve Irak ile b\u00f6lgedeki genel durum, \u00f6zellikle Suriye&#8217;deki son geli\u015fmelerin [&hellip;]<\/p>\n","protected":false},"author":2,"featured_media":1032476,"comment_status":"closed","ping_status":"closed","sticky":false,"template":"","format":"standard","meta":{"footnotes":""},"categories":[3],"tags":[31],"class_list":["post-1032475","post","type-post","status-publish","format-standard","has-post-thumbnail","hentry","category-kurdistan","tag-onemli"],"blocksy_meta":[],"seo_head":"<!-- This site is optimized with the Yoast SEO plugin v27.5 - https:\/\/yoast.com\/product\/yoast-seo-wordpress\/ -->\n<title>Mesrur Barzani Ankara&#039;da - Darka Mazi<\/title>\n<meta name=\"robots\" content=\"index, follow, max-snippet:-1, max-image-preview:large, max-video-preview:-1\" \/>\n<link rel=\"canonical\" href=\"https:\/\/darkamazi.site\/archives\/1032475\" \/>\n<meta property=\"og:locale\" content=\"en_US\" \/>\n<meta property=\"og:type\" content=\"article\" \/>\n<meta property=\"og:title\" content=\"Mesrur Barzani Ankara&#039;da - Darka Mazi\" \/>\n<meta property=\"og:description\" content=\"K\u00fcrdistan B\u00f6lgesi Ba\u015fbakan\u0131 Mesrur Barzani, resmi ziyaret \u00e7er\u00e7evesinde ba\u015fkent Ankara&#8217;ya ula\u015ft\u0131.\u00a0 K\u00fcrdistan B\u00f6lgesi H\u00fck\u00fcmetinden yap\u0131lan a\u00e7\u0131klamada, Ba\u015fbakan Barzani&#8217;nin s\u00f6z konusu ziyarette T\u00fcrkiye Cumhurba\u015fkan\u0131 Recep Tayyip Erdo\u011fan, D\u0131\u015fi\u015fleri Bakan\u0131 Hakan Fidan ve \u00e7ok say\u0131da \u00fcst d\u00fczey yetkiliyle bir araya gelece\u011fi aktar\u0131ld\u0131. A\u00e7\u0131klamada, g\u00f6r\u00fc\u015fmelerde ikili ili\u015fkilerin geli\u015fimi ve Irak ile b\u00f6lgedeki genel durum, \u00f6zellikle Suriye&#8217;deki son geli\u015fmelerin [&hellip;]\" \/>\n<meta property=\"og:url\" content=\"https:\/\/darkamazi.site\/archives\/1032475\" \/>\n<meta property=\"og:site_name\" content=\"Darka Mazi\" \/>\n<meta property=\"article:publisher\" content=\"https:\/\/www.facebook.com\/DarkaMaziturkce\" \/>\n<meta property=\"article:published_time\" content=\"2025-01-07T11:26:32+00:00\" \/>\n<meta property=\"article:modified_time\" content=\"2026-03-31T13:18:01+00:00\" \/>\n<meta property=\"og:image\" content=\"https:\/\/darkamazi.site\/file\/2025\/01\/indir.jpeg\" \/>\n\t<meta property=\"og:image:width\" content=\"300\" \/>\n\t<meta property=\"og:image:height\" content=\"168\" \/>\n\t<meta property=\"og:image:type\" content=\"image\/jpeg\" \/>\n<meta name=\"author\" content=\"darka mazi\" \/>\n<meta name=\"twitter:card\" content=\"summary_large_image\" \/>\n<meta name=\"twitter:creator\" content=\"@DarkaMaziTurkce\" \/>\n<meta name=\"twitter:site\" content=\"@DarkaMaziTurkce\" \/>\n<meta name=\"twitter:label1\" content=\"Written by\" \/>\n\t<meta name=\"twitter:data1\" content=\"darka mazi\" \/>\n\t<meta name=\"twitter:label2\" content=\"Est. reading time\" \/>\n\t<meta name=\"twitter:data2\" content=\"1 minute\" \/>\n<script type=\"application\/ld+json\" class=\"seo-schema-graph\">{\"@context\":\"https:\\\/\\\/schema.org\",\"@graph\":[{\"@type\":\"NewsArticle\",\"@id\":\"https:\\\/\\\/darkamazi.site\\\/archives\\\/1032475#article\",\"isPartOf\":{\"@id\":\"https:\\\/\\\/darkamazi.site\\\/archives\\\/1032475\"},\"author\":{\"name\":\"darka mazi\",\"@id\":\"https:\\\/\\\/darkamazi.site\\\/#\\\/schema\\\/person\\\/67986a95ac546c16760365877ef4a9d3\"},\"headline\":\"Mesrur Barzani Ankara&#8217;da\",\"datePublished\":\"2025-01-07T11:26:32+00:00\",\"dateModified\":\"2026-03-31T13:18:01+00:00\",\"mainEntityOfPage\":{\"@id\":\"https:\\\/\\\/darkamazi.site\\\/archives\\\/1032475\"},\"wordCount\":195,\"publisher\":{\"@id\":\"https:\\\/\\\/darkamazi.site\\\/#organization\"},\"image\":{\"@id\":\"https:\\\/\\\/darkamazi.site\\\/archives\\\/1032475#primaryimage\"},\"thumbnailUrl\":\"https:\\\/\\\/darkamazi.site\\\/darka-content\\\/uploads\\\/2025\\\/01\\\/indir.jpeg\",\"keywords\":[\"\u00f6nemli\"],\"articleSection\":[\"Kurdistan\"],\"inLanguage\":\"en-US\"},{\"@type\":\"WebPage\",\"@id\":\"https:\\\/\\\/darkamazi.site\\\/archives\\\/1032475\",\"url\":\"https:\\\/\\\/darkamazi.site\\\/archives\\\/1032475\",\"name\":\"Mesrur Barzani Ankara'da - Darka Mazi\",\"isPartOf\":{\"@id\":\"https:\\\/\\\/darkamazi.site\\\/#website\"},\"primaryImageOfPage\":{\"@id\":\"https:\\\/\\\/darkamazi.site\\\/archives\\\/1032475#primaryimage\"},\"image\":{\"@id\":\"https:\\\/\\\/darkamazi.site\\\/archives\\\/1032475#primaryimage\"},\"thumbnailUrl\":\"https:\\\/\\\/darkamazi.site\\\/darka-content\\\/uploads\\\/2025\\\/01\\\/indir.jpeg\",\"datePublished\":\"2025-01-07T11:26:32+00:00\",\"dateModified\":\"2026-03-31T13:18:01+00:00\",\"breadcrumb\":{\"@id\":\"https:\\\/\\\/darkamazi.site\\\/archives\\\/1032475#breadcrumb\"},\"inLanguage\":\"en-US\",\"potentialAction\":[{\"@type\":\"ReadAction\",\"target\":[\"https:\\\/\\\/darkamazi.site\\\/archives\\\/1032475\"]}]},{\"@type\":\"ImageObject\",\"inLanguage\":\"en-US\",\"@id\":\"https:\\\/\\\/darkamazi.site\\\/archives\\\/1032475#primaryimage\",\"url\":\"https:\\\/\\\/darkamazi.site\\\/darka-content\\\/uploads\\\/2025\\\/01\\\/indir.jpeg\",\"contentUrl\":\"https:\\\/\\\/darkamazi.site\\\/darka-content\\\/uploads\\\/2025\\\/01\\\/indir.jpeg\",\"width\":300,\"height\":168,\"caption\":\"Mesrur Barzani Ankara'da\"},{\"@type\":\"BreadcrumbList\",\"@id\":\"https:\\\/\\\/darkamazi.site\\\/archives\\\/1032475#breadcrumb\",\"itemListElement\":[{\"@type\":\"ListItem\",\"position\":1,\"name\":\"Home\",\"item\":\"https:\\\/\\\/darkamazi.site\\\/\"},{\"@type\":\"ListItem\",\"position\":2,\"name\":\"Mesrur Barzani Ankara&#8217;da\"}]},{\"@type\":\"WebSite\",\"@id\":\"https:\\\/\\\/darkamazi.site\\\/#website\",\"url\":\"https:\\\/\\\/darkamazi.site\\\/\",\"name\":\"Darka Mazi\",\"description\":\"Ana Sayfa\",\"publisher\":{\"@id\":\"https:\\\/\\\/darkamazi.site\\\/#organization\"},\"potentialAction\":[{\"@type\":\"SearchAction\",\"target\":{\"@type\":\"EntryPoint\",\"urlTemplate\":\"https:\\\/\\\/darkamazi.site\\\/?s={search_term_string}\"},\"query-input\":{\"@type\":\"PropertyValueSpecification\",\"valueRequired\":true,\"valueName\":\"search_term_string\"}}],\"inLanguage\":\"en-US\"},{\"@type\":\"Organization\",\"@id\":\"https:\\\/\\\/darkamazi.site\\\/#organization\",\"name\":\"Darka Mazi T\u00fcrk\u00e7e\",\"alternateName\":\"Darka Mazi\",\"url\":\"https:\\\/\\\/darkamazi.site\\\/\",\"logo\":{\"@type\":\"ImageObject\",\"inLanguage\":\"en-US\",\"@id\":\"https:\\\/\\\/darkamazi.site\\\/#\\\/schema\\\/logo\\\/image\\\/\",\"url\":\"https:\\\/\\\/darkamazi.site\\\/darka-content\\\/uploads\\\/2017\\\/12\\\/darka-mazi-logo.png\",\"contentUrl\":\"https:\\\/\\\/darkamazi.site\\\/darka-content\\\/uploads\\\/2017\\\/12\\\/darka-mazi-logo.png\",\"width\":151,\"height\":75,\"caption\":\"Darka Mazi T\u00fcrk\u00e7e\"},\"image\":{\"@id\":\"https:\\\/\\\/darkamazi.site\\\/#\\\/schema\\\/logo\\\/image\\\/\"},\"sameAs\":[\"https:\\\/\\\/www.facebook.com\\\/DarkaMaziturkce\",\"https:\\\/\\\/x.com\\\/DarkaMaziTurkce\"]},{\"@type\":\"Person\",\"@id\":\"https:\\\/\\\/darkamazi.site\\\/#\\\/schema\\\/person\\\/67986a95ac546c16760365877ef4a9d3\",\"name\":\"darka mazi\",\"sameAs\":[\"https:\\\/\\\/darkamazi.site\"],\"url\":\"https:\\\/\\\/darkamazi.site\\\/archives\\\/author\\\/turkish\"}]}<\/script>\n<!-- \/ Yoast SEO plugin. -->","seo_head_json":{"title":"Mesrur Barzani Ankara'da - Darka Mazi","robots":{"index":"index","follow":"follow","max-snippet":"max-snippet:-1","max-image-preview":"max-image-preview:large","max-video-preview":"max-video-preview:-1"},"canonical":"https:\/\/darkamazi.site\/archives\/1032475","og_locale":"en_US","og_type":"article","og_title":"Mesrur Barzani Ankara'da - Darka Mazi","og_description":"K\u00fcrdistan B\u00f6lgesi Ba\u015fbakan\u0131 Mesrur Barzani, resmi ziyaret \u00e7er\u00e7evesinde ba\u015fkent Ankara&#8217;ya ula\u015ft\u0131.\u00a0 K\u00fcrdistan B\u00f6lgesi H\u00fck\u00fcmetinden yap\u0131lan a\u00e7\u0131klamada, Ba\u015fbakan Barzani&#8217;nin s\u00f6z konusu ziyarette T\u00fcrkiye Cumhurba\u015fkan\u0131 Recep Tayyip Erdo\u011fan, D\u0131\u015fi\u015fleri Bakan\u0131 Hakan Fidan ve \u00e7ok say\u0131da \u00fcst d\u00fczey yetkiliyle bir araya gelece\u011fi aktar\u0131ld\u0131. A\u00e7\u0131klamada, g\u00f6r\u00fc\u015fmelerde ikili ili\u015fkilerin geli\u015fimi ve Irak ile b\u00f6lgedeki genel durum, \u00f6zellikle Suriye&#8217;deki son geli\u015fmelerin [&hellip;]","og_url":"https:\/\/darkamazi.site\/archives\/1032475","og_site_name":"Darka Mazi","article_publisher":"https:\/\/www.facebook.com\/DarkaMaziturkce","article_published_time":"2025-01-07T11:26:32+00:00","article_modified_time":"2026-03-31T13:18:01+00:00","og_image":[{"width":300,"height":168,"url":"https:\/\/darkamazi.site\/file\/2025\/01\/indir.jpeg","type":"image\/jpeg"}],"author":"darka mazi","twitter_card":"summary_large_image","twitter_creator":"@DarkaMaziTurkce","twitter_site":"@DarkaMaziTurkce","twitter_misc":{"Written by":"darka mazi","Est. reading time":"1 minute"},"schema":{"@context":"https:\/\/schema.org","@graph":[{"@type":"NewsArticle","@id":"https:\/\/darkamazi.site\/archives\/1032475#article","isPartOf":{"@id":"https:\/\/darkamazi.site\/archives\/1032475"},"author":{"name":"darka mazi","@id":"https:\/\/darkamazi.site\/#\/schema\/person\/67986a95ac546c16760365877ef4a9d3"},"headline":"Mesrur Barzani Ankara&#8217;da","datePublished":"2025-01-07T11:26:32+00:00","dateModified":"2026-03-31T13:18:01+00:00","mainEntityOfPage":{"@id":"https:\/\/darkamazi.site\/archives\/1032475"},"wordCount":195,"publisher":{"@id":"https:\/\/darkamazi.site\/#organization"},"image":{"@id":"https:\/\/darkamazi.site\/archives\/1032475#primaryimage"},"thumbnailUrl":"https:\/\/darkamazi.site\/file\/2025\/01\/indir.jpeg","keywords":["\u00f6nemli"],"articleSection":["Kurdistan"],"inLanguage":"en-US"},{"@type":"WebPage","@id":"https:\/\/darkamazi.site\/archives\/1032475","url":"https:\/\/darkamazi.site\/archives\/1032475","name":"Mesrur Barzani Ankara'da - Darka Mazi","isPartOf":{"@id":"https:\/\/darkamazi.site\/#website"},"primaryImageOfPage":{"@id":"https:\/\/darkamazi.site\/archives\/1032475#primaryimage"},"image":{"@id":"https:\/\/darkamazi.site\/archives\/1032475#primaryimage"},"thumbnailUrl":"https:\/\/darkamazi.site\/file\/2025\/01\/indir.jpeg","datePublished":"2025-01-07T11:26:32+00:00","dateModified":"2026-03-31T13:18:01+00:00","breadcrumb":{"@id":"https:\/\/darkamazi.site\/archives\/1032475#breadcrumb"},"inLanguage":"en-US","potentialAction":[{"@type":"ReadAction","target":["https:\/\/darkamazi.site\/archives\/1032475"]}]},{"@type":"ImageObject","inLanguage":"en-US","@id":"https:\/\/darkamazi.site\/archives\/1032475#primaryimage","url":"https:\/\/darkamazi.site\/file\/2025\/01\/indir.jpeg","contentUrl":"https:\/\/darkamazi.site\/file\/2025\/01\/indir.jpeg","width":300,"height":168,"caption":"Mesrur Barzani Ankara'da"},{"@type":"BreadcrumbList","@id":"https:\/\/darkamazi.site\/archives\/1032475#breadcrumb","itemListElement":[{"@type":"ListItem","position":1,"name":"Home","item":"https:\/\/darkamazi.site\/"},{"@type":"ListItem","position":2,"name":"Mesrur Barzani Ankara&#8217;da"}]},{"@type":"WebSite","@id":"https:\/\/darkamazi.site\/#website","url":"https:\/\/darkamazi.site\/","name":"Darka Mazi","description":"Ana Sayfa","publisher":{"@id":"https:\/\/darkamazi.site\/#organization"},"potentialAction":[{"@type":"SearchAction","target":{"@type":"EntryPoint","urlTemplate":"https:\/\/darkamazi.site\/?s={search_term_string}"},"query-input":{"@type":"PropertyValueSpecification","valueRequired":true,"valueName":"search_term_string"}}],"inLanguage":"en-US"},{"@type":"Organization","@id":"https:\/\/darkamazi.site\/#organization","name":"Darka Mazi T\u00fcrk\u00e7e","alternateName":"Darka Mazi","url":"https:\/\/darkamazi.site\/","logo":{"@type":"ImageObject","inLanguage":"en-US","@id":"https:\/\/darkamazi.site\/#\/schema\/logo\/image\/","url":"https:\/\/darkamazi.site\/file\/2017\/12\/darka-mazi-logo.png","contentUrl":"https:\/\/darkamazi.site\/file\/2017\/12\/darka-mazi-logo.png","width":151,"height":75,"caption":"Darka Mazi T\u00fcrk\u00e7e"},"image":{"@id":"https:\/\/darkamazi.site\/#\/schema\/logo\/image\/"},"sameAs":["https:\/\/www.facebook.com\/DarkaMaziturkce","https:\/\/x.com\/DarkaMaziTurkce"]},{"@type":"Person","@id":"https:\/\/darkamazi.site\/#\/schema\/person\/67986a95ac546c16760365877ef4a9d3","name":"darka mazi","sameAs":["https:\/\/darkamazi.site"],"url":"https:\/\/darkamazi.site\/archives\/author\/turkish"}]}},"_links":{"self":[{"href":"https:\/\/darkamazi.site\/funavuv\/wp\/v2\/posts\/1032475","targetHints":{"allow":["GET"]}}],"collection":[{"href":"https:\/\/darkamazi.site\/funavuv\/wp\/v2\/posts"}],"about":[{"href":"https:\/\/darkamazi.site\/funavuv\/wp\/v2\/types\/post"}],"author":[{"embeddable":true,"href":"https:\/\/darkamazi.site\/funavuv\/wp\/v2\/users\/2"}],"replies":[{"embeddable":true,"href":"https:\/\/darkamazi.site\/funavuv\/wp\/v2\/comments?post=1032475"}],"version-history":[{"count":0,"href":"https:\/\/darkamazi.site\/funavuv\/wp\/v2\/posts\/1032475\/revisions"}],"wp:featuredmedia":[{"embeddable":true,"href":"https:\/\/darkamazi.site\/funavuv\/wp\/v2\/media\/1032476"}],"wp:attachment":[{"href":"https:\/\/darkamazi.site\/funavuv\/wp\/v2\/media?parent=1032475"}],"wp:term":[{"taxonomy":"category","embeddable":true,"href":"https:\/\/darkamazi.site\/funavuv\/wp\/v2\/categories?post=1032475"},{"taxonomy":"post_tag","embeddable":true,"href":"https:\/\/darkamazi.site\/funavuv\/wp\/v2\/tags?post=1032475"}],"curies":[{"name":"wp","href":"https:\/\/api.w.org\/{rel}","templated":true}]}}