{"id":1032478,"date":"2025-01-07T14:34:36","date_gmt":"2025-01-07T11:34:36","guid":{"rendered":"https:\/\/darkamazi.site\/?p=1032478"},"modified":"2026-03-31T16:18:01","modified_gmt":"2026-03-31T13:18:01","slug":"imrali-heyeti-chp-genel-baskani-ozgur-ozel-ile-meclisteki-makaminda-bir-araya-geldi","status":"publish","type":"post","link":"https:\/\/darkamazi.site\/archives\/1032478","title":{"rendered":"\u0130mral\u0131 Heyeti CHP Genel Ba\u015fkan\u0131 \u00d6zg\u00fcr \u00d6zel ile Meclis\u2019teki makam\u0131nda bir araya geldi."},"content":{"rendered":"<p>DEM Parti heyeti, PKK lideri Abdullah \u00d6calan ile yapt\u0131\u011f\u0131 g\u00f6r\u00fc\u015fmenin ard\u0131ndan ba\u015flatt\u0131\u011f\u0131 siyasi partilere ziyaretlerini s\u00fcrd\u00fcr\u00fcyor.<\/p>\n<p>S\u0131rr\u0131 S\u00fcreyya \u00d6nder, Pervin Buldan ve Ahmet T\u00fcrk\u2019ten olu\u015fan heyet bu sabah CHP Genel Ba\u015fkan\u0131 \u00d6zg\u00fcr \u00d6zel ile Meclis\u2019teki makam\u0131nda bir araya geldi.<\/p>\n<p>\u00d6nder, Buldan ve T\u00fcrk, DEM Parti grubu ile ayn\u0131 katta bulunan CHP grubuna saat 10.30&#8217;da geldi.<\/p>\n<p>Heyeti makam odas\u0131n\u0131n kap\u0131s\u0131nda CHP Genel Ba\u015fkan\u0131 \u00d6zg\u00fcr \u00d6zel kar\u015f\u0131lad\u0131.<\/p>\n<p>Kar\u015f\u0131lamada CHP Grup Ba\u015fkanvekili G\u00f6khan G\u00fcnayd\u0131n, CHP Genel Sekreteri Selin Sayek B\u00f6ke ve CHP Genel Ba\u015fkan Yard\u0131mc\u0131s\u0131 G\u00f6k\u00e7e G\u00f6k\u00e7en de bulundu.<\/p>\n<p>Tokala\u015fan heyetler, bas\u0131na poz verdi ve ard\u0131ndan \u00d6zel&#8217;in makam odas\u0131nda ger\u00e7ekle\u015fen g\u00f6r\u00fc\u015fmeye ge\u00e7ildi.<\/p>\n<p><strong>\u201cMeclis&#8217;in \u00f6nderli\u011finde ve denetiminde ilerlemeli\u201d<\/strong><\/p>\n<p>G\u00f6r\u00fc\u015fmenin ard\u0131ndan heyetler ad\u0131na CHP lideri \u00d6zel ve Meclis Ba\u015fkanvekili S\u0131rr\u0131 S\u00fcreyya \u00d6nder a\u00e7\u0131klama yapt\u0131.<\/p>\n<p>\u00d6zel, &#8220;Kendilerini dinledik ve i\u00e7inde bulundu\u011fumuz s\u00fcrece y\u00f6nelik olarak ilk ba\u015ftan beri T\u00fcrkiye&#8217;nin 50 y\u0131ld\u0131r s\u00fcren bir sorununu ortadan kald\u0131rmak, annelerin g\u00f6z\u00fcn\u00fcn ya\u015f\u0131n\u0131 dindirmek, yeni \u015fehitlerimizle sars\u0131lmamak, daha fazla kay\u0131plar vermemek ad\u0131na at\u0131lacak her t\u00fcrl\u00fc ad\u0131ma CHP olarak katk\u0131 sa\u011flayaca\u011f\u0131m\u0131z\u0131 daha \u00f6nce ifade etmi\u015ftik. Bu g\u00f6r\u00fc\u015flerimizi, de\u011ferli heyetimizle payla\u015ft\u0131k. Bug\u00fcne kadarki ve bundan sonras\u0131yla ilgili beklentilerimizi, endi\u015felerimizi, olumlu-olumsuz g\u00f6rd\u00fc\u011f\u00fcm\u00fcz y\u00f6nleri, ele\u015ftirilerimizi b\u00fcy\u00fck bir a\u00e7\u0131kl\u0131kla dile getirdik. Bundan sonras\u0131na y\u00f6nelik olarak CHP olarak \u00f6nerilerimizi, tavr\u0131m\u0131z\u0131 ifade ettik. Bizim tarihsel tutarl\u0131l\u0131\u011f\u0131m\u0131z b\u00f6yle bir s\u00fcreci Meclis odakl\u0131, Meclis&#8217;in \u00f6nc\u00fcl\u00fc\u011f\u00fcnde, \u00f6nderli\u011finde ve denetiminde ilerlemesi gerekti\u011fidir. Bu konuda herhangi bir \u015f\u00fcphemiz, herhangi bir farkl\u0131 d\u00fc\u015f\u00fcncemiz yok. Bundan sonraki s\u00fcre\u00e7te at\u0131lacak t\u00fcm ad\u0131mlar i\u00e7in Meclis&#8217;te t\u00fcm siyasi partilerin i\u00e7inde oldu\u011fu g\u00fc\u00e7l\u00fc bir komisyon \u00e7al\u0131\u015fmas\u0131na ihtiya\u00e7 oldu\u011funu a\u00e7\u0131k y\u00fcreklilikle ifade ettik&#8221; dedi. \u00d6zel, \u015funlar\u0131 kaydetti:<\/p>\n<p><strong>\u201c\u0130fade edilen iradeyi \u00f6nemsiyoruz&#8221;<\/strong><\/p>\n<p>&#8220;Toplumsal mutabakat\u0131n \u00f6nemli oldu\u011funu, toplumun en hassas duygular\u0131n\u0131n g\u00f6zard\u0131 edilmeden ad\u0131mlar at\u0131lmas\u0131 gerekti\u011fini ifade ettik. Daha \u00f6nce de s\u00f6ylemi\u015ftik: Biz, toplumsal mutabakat dedi\u011fimizde t\u00fcm toplumun kendini d\u0131\u015flanmam\u0131\u015f hissetti\u011fi, i\u00e7inde oldu\u011fu bir s\u00fcreci kastediyoruz. \u00d6zellikle \u015fehit aileleri ve gazilerin bu s\u00fcre\u00e7te rencide edilmeden, d\u0131\u015flanmadan endi\u015feleri, korkular\u0131, duygular\u0131 g\u00f6z \u00f6n\u00fcne al\u0131narak ve onlar\u0131n da s\u00fcrecin i\u00e7inde s\u00f6zlerini s\u00f6yleyebildikleri mekanizmalar\u0131n olu\u015fturulmas\u0131na y\u00f6nelik \u00f6nerilerimizi ifade ettik. Ben hem ziyaretleri i\u00e7in hem bundan sonra T\u00fcrkiye&#8217;nin bar\u0131\u015f\u0131na y\u00f6nelik at\u0131lacak ad\u0131mlarda hi\u00e7bir siyasi \u00e7\u0131kar, pazarl\u0131k, beklenti olmaks\u0131z\u0131n, esas olan\u0131n T\u00fcrkiye&#8217;deki b\u00fct\u00fcn vatanda\u015flar\u0131n hep birlikte gelecek umutlar\u0131n\u0131 y\u00fckseltmek, akan g\u00f6zya\u015flar\u0131n\u0131 durdurmak, kan\u0131 durdurmak noktas\u0131nda ifade edilen iradeyi \u00f6nemsiyoruz. Buradan sonra at\u0131lacak t\u00fcm ad\u0131mlar\u0131n hem demokratik hem yasal ad\u0131mlar olmas\u0131 gerekti\u011fini, \u015feffaf y\u00fcr\u00fct\u00fclmesi gerekti\u011fini \u00f6nemsiyoruz.<\/p>\n<p><strong>&#8220;Anayasa de\u011fi\u015fikli\u011fi ihtimalinin tamamen d\u0131\u015flanmas\u0131 noktas\u0131nda mutab\u0131k\u0131z&#8221;<\/strong><\/p>\n<p>Ayr\u0131ca toplumun da &#8216;Acaba birtak\u0131m siyasi \u00e7\u0131kar ili\u015fkileri mi var? Bu i\u015f bir anayasa de\u011fi\u015fikli\u011finin ilk ad\u0131mlar\u0131 m\u0131d\u0131r&#8217; gibi bir noktada da bu ihtimali tamamen d\u0131\u015flayan bir s\u00fcrecin i\u00e7inde olunmas\u0131 gerekti\u011fi noktas\u0131ndaki mutabakat\u0131m\u0131z\u0131 da memnuniyetle g\u00f6rm\u00fc\u015f noktaday\u0131z. \u00d6nemli olan kan\u0131, g\u00f6zya\u015f\u0131n\u0131 ve T\u00fcrkiye&#8217;nin bir b\u00fct\u00fcn olarak kaybetmesini engelleyip hep beraber yar\u0131nlara umutla bakabilmek. Biz bu umudu muhafaza ediyoruz.&#8221;<\/p>\n<p><strong>S\u0131rr\u0131 S\u00fcreyya \u00d6nder: &#8220;Evlatlar\u0131m\u0131za bar\u0131\u015f i\u00e7inde bir \u00fclke borcumuz var&#8221;<\/strong><\/p>\n<p>\u00d6nder ise yapt\u0131\u011f\u0131 a\u00e7\u0131klamada, &#8220;\u00c7ok kapsaml\u0131 bir g\u00f6r\u00fc\u015fme imkan\u0131 bulduk. Say\u0131n Ba\u015fkan\u0131n da aktard\u0131\u011f\u0131 gibi \u00f6nerileri, katk\u0131lar\u0131 ve endi\u015felerini dinledik. Hepsi birbirinden k\u0131ymetliydi. \u00d6zellikle endi\u015fe ve itirazlar bizim a\u00e7\u0131m\u0131zdan verilen destekler kadar hatta ondan daha fazla anlaml\u0131. \u00c7\u00fcnk\u00fc bu dar bir kesimin siyasi bir manevras\u0131 de\u011fil, b\u00fct\u00fcn toplumun gelece\u011fini ilgilendiren bir \u015fey oldu\u011fu i\u00e7in hepsini dikkate almak, hepsine kulak kesilmek, hepsi i\u00e7in \u00e7areler ve \u00e7\u00f6z\u00fcmler bulmak zorunday\u0131z. \u00c7\u00fcnk\u00fc evlatlar\u0131m\u0131za, torunlar\u0131m\u0131za bar\u0131\u015f i\u00e7inde bir \u00fclke borcumuz var. Bu bor\u00e7tan ka\u00e7amay\u0131z. Bu sorumlulukla yakla\u015f\u0131yoruz ve bunu da hep birlikte toplum olarak sa\u011flayaca\u011f\u0131m\u0131za olan g\u00fcvencimizle hepinizi selaml\u0131yoruz&#8221; diye konu\u015ftu.<\/p>\n","protected":false},"excerpt":{"rendered":"<p>DEM Parti heyeti, PKK lideri Abdullah \u00d6calan ile yapt\u0131\u011f\u0131 g\u00f6r\u00fc\u015fmenin ard\u0131ndan ba\u015flatt\u0131\u011f\u0131 siyasi partilere ziyaretlerini s\u00fcrd\u00fcr\u00fcyor. S\u0131rr\u0131 S\u00fcreyya \u00d6nder, Pervin Buldan ve Ahmet T\u00fcrk\u2019ten olu\u015fan heyet bu sabah CHP Genel Ba\u015fkan\u0131 \u00d6zg\u00fcr \u00d6zel ile Meclis\u2019teki makam\u0131nda bir araya geldi. \u00d6nder, Buldan ve T\u00fcrk, DEM Parti grubu ile ayn\u0131 katta bulunan CHP grubuna saat 10.30&#8217;da geldi. [&hellip;]<\/p>\n","protected":false},"author":2,"featured_media":1032479,"comment_status":"closed","ping_status":"closed","sticky":false,"template":"","format":"standard","meta":{"footnotes":""},"categories":[3],"tags":[],"class_list":["post-1032478","post","type-post","status-publish","format-standard","has-post-thumbnail","hentry","category-kurdistan"],"blocksy_meta":[],"seo_head":"<!-- This site is optimized with the Yoast SEO plugin v27.5 - https:\/\/yoast.com\/product\/yoast-seo-wordpress\/ -->\n<title>\u0130mral\u0131 Heyeti CHP Genel Ba\u015fkan\u0131 \u00d6zg\u00fcr \u00d6zel ile Meclis\u2019teki makam\u0131nda bir araya geldi. - Darka Mazi<\/title>\n<meta name=\"robots\" content=\"index, follow, max-snippet:-1, max-image-preview:large, max-video-preview:-1\" \/>\n<link rel=\"canonical\" href=\"https:\/\/darkamazi.site\/archives\/1032478\" \/>\n<meta property=\"og:locale\" content=\"en_US\" \/>\n<meta property=\"og:type\" content=\"article\" \/>\n<meta property=\"og:title\" content=\"\u0130mral\u0131 Heyeti CHP Genel Ba\u015fkan\u0131 \u00d6zg\u00fcr \u00d6zel ile Meclis\u2019teki makam\u0131nda bir araya geldi. - Darka Mazi\" \/>\n<meta property=\"og:description\" content=\"DEM Parti heyeti, PKK lideri Abdullah \u00d6calan ile yapt\u0131\u011f\u0131 g\u00f6r\u00fc\u015fmenin ard\u0131ndan ba\u015flatt\u0131\u011f\u0131 siyasi partilere ziyaretlerini s\u00fcrd\u00fcr\u00fcyor. S\u0131rr\u0131 S\u00fcreyya \u00d6nder, Pervin Buldan ve Ahmet T\u00fcrk\u2019ten olu\u015fan heyet bu sabah CHP Genel Ba\u015fkan\u0131 \u00d6zg\u00fcr \u00d6zel ile Meclis\u2019teki makam\u0131nda bir araya geldi. \u00d6nder, Buldan ve T\u00fcrk, DEM Parti grubu ile ayn\u0131 katta bulunan CHP grubuna saat 10.30&#8217;da geldi. [&hellip;]\" \/>\n<meta property=\"og:url\" content=\"https:\/\/darkamazi.site\/archives\/1032478\" \/>\n<meta property=\"og:site_name\" content=\"Darka Mazi\" \/>\n<meta property=\"article:publisher\" content=\"https:\/\/www.facebook.com\/DarkaMaziturkce\" \/>\n<meta property=\"article:published_time\" content=\"2025-01-07T11:34:36+00:00\" \/>\n<meta property=\"article:modified_time\" content=\"2026-03-31T13:18:01+00:00\" \/>\n<meta property=\"og:image\" content=\"https:\/\/darkamazi.site\/file\/2025\/01\/844302Image1.jpg\" \/>\n\t<meta property=\"og:image:width\" content=\"752\" \/>\n\t<meta property=\"og:image:height\" content=\"472\" \/>\n\t<meta property=\"og:image:type\" content=\"image\/jpeg\" \/>\n<meta name=\"author\" content=\"darka mazi\" \/>\n<meta name=\"twitter:card\" content=\"summary_large_image\" \/>\n<meta name=\"twitter:creator\" content=\"@DarkaMaziTurkce\" \/>\n<meta name=\"twitter:site\" content=\"@DarkaMaziTurkce\" \/>\n<meta name=\"twitter:label1\" content=\"Written by\" \/>\n\t<meta name=\"twitter:data1\" content=\"darka mazi\" \/>\n\t<meta name=\"twitter:label2\" content=\"Est. reading time\" \/>\n\t<meta name=\"twitter:data2\" content=\"3 minutes\" \/>\n<script type=\"application\/ld+json\" class=\"seo-schema-graph\">{\"@context\":\"https:\\\/\\\/schema.org\",\"@graph\":[{\"@type\":\"NewsArticle\",\"@id\":\"https:\\\/\\\/darkamazi.site\\\/archives\\\/1032478#article\",\"isPartOf\":{\"@id\":\"https:\\\/\\\/darkamazi.site\\\/archives\\\/1032478\"},\"author\":{\"name\":\"darka mazi\",\"@id\":\"https:\\\/\\\/darkamazi.site\\\/#\\\/schema\\\/person\\\/67986a95ac546c16760365877ef4a9d3\"},\"headline\":\"\u0130mral\u0131 Heyeti CHP Genel Ba\u015fkan\u0131 \u00d6zg\u00fcr \u00d6zel ile Meclis\u2019teki makam\u0131nda bir araya geldi.\",\"datePublished\":\"2025-01-07T11:34:36+00:00\",\"dateModified\":\"2026-03-31T13:18:01+00:00\",\"mainEntityOfPage\":{\"@id\":\"https:\\\/\\\/darkamazi.site\\\/archives\\\/1032478\"},\"wordCount\":824,\"publisher\":{\"@id\":\"https:\\\/\\\/darkamazi.site\\\/#organization\"},\"image\":{\"@id\":\"https:\\\/\\\/darkamazi.site\\\/archives\\\/1032478#primaryimage\"},\"thumbnailUrl\":\"https:\\\/\\\/darkamazi.site\\\/darka-content\\\/uploads\\\/2025\\\/01\\\/844302Image1.jpg\",\"articleSection\":[\"Kurdistan\"],\"inLanguage\":\"en-US\"},{\"@type\":\"WebPage\",\"@id\":\"https:\\\/\\\/darkamazi.site\\\/archives\\\/1032478\",\"url\":\"https:\\\/\\\/darkamazi.site\\\/archives\\\/1032478\",\"name\":\"\u0130mral\u0131 Heyeti CHP Genel Ba\u015fkan\u0131 \u00d6zg\u00fcr \u00d6zel ile Meclis\u2019teki makam\u0131nda bir araya geldi. - Darka Mazi\",\"isPartOf\":{\"@id\":\"https:\\\/\\\/darkamazi.site\\\/#website\"},\"primaryImageOfPage\":{\"@id\":\"https:\\\/\\\/darkamazi.site\\\/archives\\\/1032478#primaryimage\"},\"image\":{\"@id\":\"https:\\\/\\\/darkamazi.site\\\/archives\\\/1032478#primaryimage\"},\"thumbnailUrl\":\"https:\\\/\\\/darkamazi.site\\\/darka-content\\\/uploads\\\/2025\\\/01\\\/844302Image1.jpg\",\"datePublished\":\"2025-01-07T11:34:36+00:00\",\"dateModified\":\"2026-03-31T13:18:01+00:00\",\"breadcrumb\":{\"@id\":\"https:\\\/\\\/darkamazi.site\\\/archives\\\/1032478#breadcrumb\"},\"inLanguage\":\"en-US\",\"potentialAction\":[{\"@type\":\"ReadAction\",\"target\":[\"https:\\\/\\\/darkamazi.site\\\/archives\\\/1032478\"]}]},{\"@type\":\"ImageObject\",\"inLanguage\":\"en-US\",\"@id\":\"https:\\\/\\\/darkamazi.site\\\/archives\\\/1032478#primaryimage\",\"url\":\"https:\\\/\\\/darkamazi.site\\\/darka-content\\\/uploads\\\/2025\\\/01\\\/844302Image1.jpg\",\"contentUrl\":\"https:\\\/\\\/darkamazi.site\\\/darka-content\\\/uploads\\\/2025\\\/01\\\/844302Image1.jpg\",\"width\":752,\"height\":472,\"caption\":\"\u0130mral\u0131 Heyeti CHP Genel Ba\u015fkan\u0131 \u00d6zg\u00fcr \u00d6zel ile Meclis\u2019teki makam\u0131nda bir araya geldi.\"},{\"@type\":\"BreadcrumbList\",\"@id\":\"https:\\\/\\\/darkamazi.site\\\/archives\\\/1032478#breadcrumb\",\"itemListElement\":[{\"@type\":\"ListItem\",\"position\":1,\"name\":\"Home\",\"item\":\"https:\\\/\\\/darkamazi.site\\\/\"},{\"@type\":\"ListItem\",\"position\":2,\"name\":\"\u0130mral\u0131 Heyeti CHP Genel Ba\u015fkan\u0131 \u00d6zg\u00fcr \u00d6zel ile Meclis\u2019teki makam\u0131nda bir araya geldi.\"}]},{\"@type\":\"WebSite\",\"@id\":\"https:\\\/\\\/darkamazi.site\\\/#website\",\"url\":\"https:\\\/\\\/darkamazi.site\\\/\",\"name\":\"Darka Mazi\",\"description\":\"Ana Sayfa\",\"publisher\":{\"@id\":\"https:\\\/\\\/darkamazi.site\\\/#organization\"},\"potentialAction\":[{\"@type\":\"SearchAction\",\"target\":{\"@type\":\"EntryPoint\",\"urlTemplate\":\"https:\\\/\\\/darkamazi.site\\\/?s={search_term_string}\"},\"query-input\":{\"@type\":\"PropertyValueSpecification\",\"valueRequired\":true,\"valueName\":\"search_term_string\"}}],\"inLanguage\":\"en-US\"},{\"@type\":\"Organization\",\"@id\":\"https:\\\/\\\/darkamazi.site\\\/#organization\",\"name\":\"Darka Mazi T\u00fcrk\u00e7e\",\"alternateName\":\"Darka Mazi\",\"url\":\"https:\\\/\\\/darkamazi.site\\\/\",\"logo\":{\"@type\":\"ImageObject\",\"inLanguage\":\"en-US\",\"@id\":\"https:\\\/\\\/darkamazi.site\\\/#\\\/schema\\\/logo\\\/image\\\/\",\"url\":\"https:\\\/\\\/darkamazi.site\\\/darka-content\\\/uploads\\\/2017\\\/12\\\/darka-mazi-logo.png\",\"contentUrl\":\"https:\\\/\\\/darkamazi.site\\\/darka-content\\\/uploads\\\/2017\\\/12\\\/darka-mazi-logo.png\",\"width\":151,\"height\":75,\"caption\":\"Darka Mazi T\u00fcrk\u00e7e\"},\"image\":{\"@id\":\"https:\\\/\\\/darkamazi.site\\\/#\\\/schema\\\/logo\\\/image\\\/\"},\"sameAs\":[\"https:\\\/\\\/www.facebook.com\\\/DarkaMaziturkce\",\"https:\\\/\\\/x.com\\\/DarkaMaziTurkce\"]},{\"@type\":\"Person\",\"@id\":\"https:\\\/\\\/darkamazi.site\\\/#\\\/schema\\\/person\\\/67986a95ac546c16760365877ef4a9d3\",\"name\":\"darka mazi\",\"sameAs\":[\"https:\\\/\\\/darkamazi.site\"],\"url\":\"https:\\\/\\\/darkamazi.site\\\/archives\\\/author\\\/turkish\"}]}<\/script>\n<!-- \/ Yoast SEO plugin. -->","seo_head_json":{"title":"\u0130mral\u0131 Heyeti CHP Genel Ba\u015fkan\u0131 \u00d6zg\u00fcr \u00d6zel ile Meclis\u2019teki makam\u0131nda bir araya geldi. - Darka Mazi","robots":{"index":"index","follow":"follow","max-snippet":"max-snippet:-1","max-image-preview":"max-image-preview:large","max-video-preview":"max-video-preview:-1"},"canonical":"https:\/\/darkamazi.site\/archives\/1032478","og_locale":"en_US","og_type":"article","og_title":"\u0130mral\u0131 Heyeti CHP Genel Ba\u015fkan\u0131 \u00d6zg\u00fcr \u00d6zel ile Meclis\u2019teki makam\u0131nda bir araya geldi. - Darka Mazi","og_description":"DEM Parti heyeti, PKK lideri Abdullah \u00d6calan ile yapt\u0131\u011f\u0131 g\u00f6r\u00fc\u015fmenin ard\u0131ndan ba\u015flatt\u0131\u011f\u0131 siyasi partilere ziyaretlerini s\u00fcrd\u00fcr\u00fcyor. S\u0131rr\u0131 S\u00fcreyya \u00d6nder, Pervin Buldan ve Ahmet T\u00fcrk\u2019ten olu\u015fan heyet bu sabah CHP Genel Ba\u015fkan\u0131 \u00d6zg\u00fcr \u00d6zel ile Meclis\u2019teki makam\u0131nda bir araya geldi. \u00d6nder, Buldan ve T\u00fcrk, DEM Parti grubu ile ayn\u0131 katta bulunan CHP grubuna saat 10.30&#8217;da geldi. [&hellip;]","og_url":"https:\/\/darkamazi.site\/archives\/1032478","og_site_name":"Darka Mazi","article_publisher":"https:\/\/www.facebook.com\/DarkaMaziturkce","article_published_time":"2025-01-07T11:34:36+00:00","article_modified_time":"2026-03-31T13:18:01+00:00","og_image":[{"width":752,"height":472,"url":"https:\/\/darkamazi.site\/file\/2025\/01\/844302Image1.jpg","type":"image\/jpeg"}],"author":"darka mazi","twitter_card":"summary_large_image","twitter_creator":"@DarkaMaziTurkce","twitter_site":"@DarkaMaziTurkce","twitter_misc":{"Written by":"darka mazi","Est. reading time":"3 minutes"},"schema":{"@context":"https:\/\/schema.org","@graph":[{"@type":"NewsArticle","@id":"https:\/\/darkamazi.site\/archives\/1032478#article","isPartOf":{"@id":"https:\/\/darkamazi.site\/archives\/1032478"},"author":{"name":"darka mazi","@id":"https:\/\/darkamazi.site\/#\/schema\/person\/67986a95ac546c16760365877ef4a9d3"},"headline":"\u0130mral\u0131 Heyeti CHP Genel Ba\u015fkan\u0131 \u00d6zg\u00fcr \u00d6zel ile Meclis\u2019teki makam\u0131nda bir araya geldi.","datePublished":"2025-01-07T11:34:36+00:00","dateModified":"2026-03-31T13:18:01+00:00","mainEntityOfPage":{"@id":"https:\/\/darkamazi.site\/archives\/1032478"},"wordCount":824,"publisher":{"@id":"https:\/\/darkamazi.site\/#organization"},"image":{"@id":"https:\/\/darkamazi.site\/archives\/1032478#primaryimage"},"thumbnailUrl":"https:\/\/darkamazi.site\/file\/2025\/01\/844302Image1.jpg","articleSection":["Kurdistan"],"inLanguage":"en-US"},{"@type":"WebPage","@id":"https:\/\/darkamazi.site\/archives\/1032478","url":"https:\/\/darkamazi.site\/archives\/1032478","name":"\u0130mral\u0131 Heyeti CHP Genel Ba\u015fkan\u0131 \u00d6zg\u00fcr \u00d6zel ile Meclis\u2019teki makam\u0131nda bir araya geldi. - Darka Mazi","isPartOf":{"@id":"https:\/\/darkamazi.site\/#website"},"primaryImageOfPage":{"@id":"https:\/\/darkamazi.site\/archives\/1032478#primaryimage"},"image":{"@id":"https:\/\/darkamazi.site\/archives\/1032478#primaryimage"},"thumbnailUrl":"https:\/\/darkamazi.site\/file\/2025\/01\/844302Image1.jpg","datePublished":"2025-01-07T11:34:36+00:00","dateModified":"2026-03-31T13:18:01+00:00","breadcrumb":{"@id":"https:\/\/darkamazi.site\/archives\/1032478#breadcrumb"},"inLanguage":"en-US","potentialAction":[{"@type":"ReadAction","target":["https:\/\/darkamazi.site\/archives\/1032478"]}]},{"@type":"ImageObject","inLanguage":"en-US","@id":"https:\/\/darkamazi.site\/archives\/1032478#primaryimage","url":"https:\/\/darkamazi.site\/file\/2025\/01\/844302Image1.jpg","contentUrl":"https:\/\/darkamazi.site\/file\/2025\/01\/844302Image1.jpg","width":752,"height":472,"caption":"\u0130mral\u0131 Heyeti CHP Genel Ba\u015fkan\u0131 \u00d6zg\u00fcr \u00d6zel ile Meclis\u2019teki makam\u0131nda bir araya geldi."},{"@type":"BreadcrumbList","@id":"https:\/\/darkamazi.site\/archives\/1032478#breadcrumb","itemListElement":[{"@type":"ListItem","position":1,"name":"Home","item":"https:\/\/darkamazi.site\/"},{"@type":"ListItem","position":2,"name":"\u0130mral\u0131 Heyeti CHP Genel Ba\u015fkan\u0131 \u00d6zg\u00fcr \u00d6zel ile Meclis\u2019teki makam\u0131nda bir araya geldi."}]},{"@type":"WebSite","@id":"https:\/\/darkamazi.site\/#website","url":"https:\/\/darkamazi.site\/","name":"Darka Mazi","description":"Ana Sayfa","publisher":{"@id":"https:\/\/darkamazi.site\/#organization"},"potentialAction":[{"@type":"SearchAction","target":{"@type":"EntryPoint","urlTemplate":"https:\/\/darkamazi.site\/?s={search_term_string}"},"query-input":{"@type":"PropertyValueSpecification","valueRequired":true,"valueName":"search_term_string"}}],"inLanguage":"en-US"},{"@type":"Organization","@id":"https:\/\/darkamazi.site\/#organization","name":"Darka Mazi T\u00fcrk\u00e7e","alternateName":"Darka Mazi","url":"https:\/\/darkamazi.site\/","logo":{"@type":"ImageObject","inLanguage":"en-US","@id":"https:\/\/darkamazi.site\/#\/schema\/logo\/image\/","url":"https:\/\/darkamazi.site\/file\/2017\/12\/darka-mazi-logo.png","contentUrl":"https:\/\/darkamazi.site\/file\/2017\/12\/darka-mazi-logo.png","width":151,"height":75,"caption":"Darka Mazi T\u00fcrk\u00e7e"},"image":{"@id":"https:\/\/darkamazi.site\/#\/schema\/logo\/image\/"},"sameAs":["https:\/\/www.facebook.com\/DarkaMaziturkce","https:\/\/x.com\/DarkaMaziTurkce"]},{"@type":"Person","@id":"https:\/\/darkamazi.site\/#\/schema\/person\/67986a95ac546c16760365877ef4a9d3","name":"darka mazi","sameAs":["https:\/\/darkamazi.site"],"url":"https:\/\/darkamazi.site\/archives\/author\/turkish"}]}},"_links":{"self":[{"href":"https:\/\/darkamazi.site\/funavuv\/wp\/v2\/posts\/1032478","targetHints":{"allow":["GET"]}}],"collection":[{"href":"https:\/\/darkamazi.site\/funavuv\/wp\/v2\/posts"}],"about":[{"href":"https:\/\/darkamazi.site\/funavuv\/wp\/v2\/types\/post"}],"author":[{"embeddable":true,"href":"https:\/\/darkamazi.site\/funavuv\/wp\/v2\/users\/2"}],"replies":[{"embeddable":true,"href":"https:\/\/darkamazi.site\/funavuv\/wp\/v2\/comments?post=1032478"}],"version-history":[{"count":0,"href":"https:\/\/darkamazi.site\/funavuv\/wp\/v2\/posts\/1032478\/revisions"}],"wp:featuredmedia":[{"embeddable":true,"href":"https:\/\/darkamazi.site\/funavuv\/wp\/v2\/media\/1032479"}],"wp:attachment":[{"href":"https:\/\/darkamazi.site\/funavuv\/wp\/v2\/media?parent=1032478"}],"wp:term":[{"taxonomy":"category","embeddable":true,"href":"https:\/\/darkamazi.site\/funavuv\/wp\/v2\/categories?post=1032478"},{"taxonomy":"post_tag","embeddable":true,"href":"https:\/\/darkamazi.site\/funavuv\/wp\/v2\/tags?post=1032478"}],"curies":[{"name":"wp","href":"https:\/\/api.w.org\/{rel}","templated":true}]}}