{"id":1032481,"date":"2025-01-07T15:22:19","date_gmt":"2025-01-07T12:22:19","guid":{"rendered":"https:\/\/darkamazi.site\/?p=1032481"},"modified":"2026-03-31T16:18:01","modified_gmt":"2026-03-31T13:18:01","slug":"sam-havalimani-uluslararasi-ucuslara-acildi","status":"publish","type":"post","link":"https:\/\/darkamazi.site\/archives\/1032481","title":{"rendered":"\u015eam Havaliman\u0131 uluslararas\u0131 u\u00e7u\u015flara a\u00e7\u0131ld\u0131"},"content":{"rendered":"<p><strong>Suriye&#8217;nin ba\u015fkentindeki \u015eam Uluslararas\u0131 Havaliman\u0131 uluslararas\u0131 u\u00e7u\u015flara a\u00e7\u0131ld\u0131 ve ilk u\u00e7u\u015f Birle\u015fik Arap Emirlikleri\u2019ne (BAE) ger\u00e7ekle\u015ftirildi.<\/strong><\/p>\n<p>Medyada yer alan haberlere g\u00f6re 7 Ocak 2025 Sal\u0131 g\u00fcn\u00fc \u015eam Uluslararas\u0131 Havaliman\u0131ndan uluslararas\u0131 u\u00e7u\u015flar yeniden ba\u015flad\u0131. Suriye Hava Yollar\u0131, BAE&#8217;nin \u015earika \u015fehrine ilk u\u00e7u\u015fu ger\u00e7ekle\u015ftirdi.<\/p>\n<p>Bug\u00fcn 3 u\u00e7u\u015fun ger\u00e7ekle\u015ftirildi\u011fi kaydedilirken, Suriye\u2019nin y\u0131llar sonra d\u00fcnyayla ileti\u015fimde yeni ufuklara a\u00e7\u0131ld\u0131\u011f\u0131 da belirtildi.<\/p>\n<p>Daha \u00f6nce Suriye Haber Ajans\u0131na (SANA) konu\u015fan Sivil Havac\u0131l\u0131k ve Hava Ta\u015f\u0131mac\u0131l\u0131k Heyeti Ba\u015fkan\u0131 E\u015fhed Salibi, \u015eam Uluslararas\u0131 Havaliman\u0131n\u0131n 7 Ocak&#8217;ta uluslararas\u0131 u\u00e7u\u015flara a\u00e7\u0131laca\u011f\u0131n\u0131 s\u00f6ylemi\u015fti.<\/p>\n<p>Salibi, Halep ve \u015eam havaalanlar\u0131n\u0131n operasyonlar\u0131na yeniden ba\u015flamas\u0131 i\u00e7in haz\u0131rl\u0131klara devam ettiklerini bildirerek, &#8220;Ortaklar\u0131m\u0131z\u0131n yard\u0131m\u0131yla, bu havaalanlar\u0131n\u0131n d\u00fcnyan\u0131n d\u00f6rt bir yan\u0131ndan gelen u\u00e7u\u015flar\u0131 kar\u015f\u0131layabilecek kapasitede olmas\u0131n\u0131 sa\u011fl\u0131yoruz.&#8221; demi\u015fti.<\/p>\n<p>Suriye&#8217;de Baas rejiminin devrilmesinin ard\u0131ndan yeniden faaliyete ge\u00e7en \u015eam Havaliman\u0131ndan 18 Aral\u0131k&#8217;ta kalkan ilk yolcu u\u00e7a\u011f\u0131, Halep Havaliman\u0131na ini\u015f yapm\u0131\u015ft\u0131.<\/p>\n","protected":false},"excerpt":{"rendered":"<p>Suriye&#8217;nin ba\u015fkentindeki \u015eam Uluslararas\u0131 Havaliman\u0131 uluslararas\u0131 u\u00e7u\u015flara a\u00e7\u0131ld\u0131 ve ilk u\u00e7u\u015f Birle\u015fik Arap Emirlikleri\u2019ne (BAE) ger\u00e7ekle\u015ftirildi. Medyada yer alan haberlere g\u00f6re 7 Ocak 2025 Sal\u0131 g\u00fcn\u00fc \u015eam Uluslararas\u0131 Havaliman\u0131ndan uluslararas\u0131 u\u00e7u\u015flar yeniden ba\u015flad\u0131. Suriye Hava Yollar\u0131, BAE&#8217;nin \u015earika \u015fehrine ilk u\u00e7u\u015fu ger\u00e7ekle\u015ftirdi. Bug\u00fcn 3 u\u00e7u\u015fun ger\u00e7ekle\u015ftirildi\u011fi kaydedilirken, Suriye\u2019nin y\u0131llar sonra d\u00fcnyayla ileti\u015fimde yeni ufuklara a\u00e7\u0131ld\u0131\u011f\u0131 [&hellip;]<\/p>\n","protected":false},"author":2,"featured_media":1032482,"comment_status":"closed","ping_status":"closed","sticky":false,"template":"","format":"standard","meta":{"footnotes":""},"categories":[29],"tags":[],"class_list":["post-1032481","post","type-post","status-publish","format-standard","has-post-thumbnail","hentry","category-ortadogu"],"blocksy_meta":[],"seo_head":"<!-- This site is optimized with the Yoast SEO plugin v27.5 - https:\/\/yoast.com\/product\/yoast-seo-wordpress\/ -->\n<title>\u015eam Havaliman\u0131 uluslararas\u0131 u\u00e7u\u015flara a\u00e7\u0131ld\u0131 - Darka Mazi<\/title>\n<meta name=\"robots\" content=\"index, follow, max-snippet:-1, max-image-preview:large, max-video-preview:-1\" \/>\n<link rel=\"canonical\" href=\"https:\/\/darkamazi.site\/archives\/1032481\" \/>\n<meta property=\"og:locale\" content=\"en_US\" \/>\n<meta property=\"og:type\" content=\"article\" \/>\n<meta property=\"og:title\" content=\"\u015eam Havaliman\u0131 uluslararas\u0131 u\u00e7u\u015flara a\u00e7\u0131ld\u0131 - Darka Mazi\" \/>\n<meta property=\"og:description\" content=\"Suriye&#8217;nin ba\u015fkentindeki \u015eam Uluslararas\u0131 Havaliman\u0131 uluslararas\u0131 u\u00e7u\u015flara a\u00e7\u0131ld\u0131 ve ilk u\u00e7u\u015f Birle\u015fik Arap Emirlikleri\u2019ne (BAE) ger\u00e7ekle\u015ftirildi. Medyada yer alan haberlere g\u00f6re 7 Ocak 2025 Sal\u0131 g\u00fcn\u00fc \u015eam Uluslararas\u0131 Havaliman\u0131ndan uluslararas\u0131 u\u00e7u\u015flar yeniden ba\u015flad\u0131. Suriye Hava Yollar\u0131, BAE&#8217;nin \u015earika \u015fehrine ilk u\u00e7u\u015fu ger\u00e7ekle\u015ftirdi. Bug\u00fcn 3 u\u00e7u\u015fun ger\u00e7ekle\u015ftirildi\u011fi kaydedilirken, Suriye\u2019nin y\u0131llar sonra d\u00fcnyayla ileti\u015fimde yeni ufuklara a\u00e7\u0131ld\u0131\u011f\u0131 [&hellip;]\" \/>\n<meta property=\"og:url\" content=\"https:\/\/darkamazi.site\/archives\/1032481\" \/>\n<meta property=\"og:site_name\" content=\"Darka Mazi\" \/>\n<meta property=\"article:publisher\" content=\"https:\/\/www.facebook.com\/DarkaMaziturkce\" \/>\n<meta property=\"article:published_time\" content=\"2025-01-07T12:22:19+00:00\" \/>\n<meta property=\"article:modified_time\" content=\"2026-03-31T13:18:01+00:00\" \/>\n<meta property=\"og:image\" content=\"https:\/\/darkamazi.site\/file\/2025\/01\/1736237289_kurdistan24.jpg\" \/>\n\t<meta property=\"og:image:width\" content=\"1562\" \/>\n\t<meta property=\"og:image:height\" content=\"878\" \/>\n\t<meta property=\"og:image:type\" content=\"image\/jpeg\" \/>\n<meta name=\"author\" content=\"darka mazi\" \/>\n<meta name=\"twitter:card\" content=\"summary_large_image\" \/>\n<meta name=\"twitter:creator\" content=\"@DarkaMaziTurkce\" \/>\n<meta name=\"twitter:site\" content=\"@DarkaMaziTurkce\" \/>\n<meta name=\"twitter:label1\" content=\"Written by\" \/>\n\t<meta name=\"twitter:data1\" content=\"darka mazi\" \/>\n\t<meta name=\"twitter:label2\" content=\"Est. reading time\" \/>\n\t<meta name=\"twitter:data2\" content=\"1 minute\" \/>\n<script type=\"application\/ld+json\" class=\"seo-schema-graph\">{\"@context\":\"https:\\\/\\\/schema.org\",\"@graph\":[{\"@type\":\"NewsArticle\",\"@id\":\"https:\\\/\\\/darkamazi.site\\\/archives\\\/1032481#article\",\"isPartOf\":{\"@id\":\"https:\\\/\\\/darkamazi.site\\\/archives\\\/1032481\"},\"author\":{\"name\":\"darka mazi\",\"@id\":\"https:\\\/\\\/darkamazi.site\\\/#\\\/schema\\\/person\\\/67986a95ac546c16760365877ef4a9d3\"},\"headline\":\"\u015eam Havaliman\u0131 uluslararas\u0131 u\u00e7u\u015flara a\u00e7\u0131ld\u0131\",\"datePublished\":\"2025-01-07T12:22:19+00:00\",\"dateModified\":\"2026-03-31T13:18:01+00:00\",\"mainEntityOfPage\":{\"@id\":\"https:\\\/\\\/darkamazi.site\\\/archives\\\/1032481\"},\"wordCount\":217,\"publisher\":{\"@id\":\"https:\\\/\\\/darkamazi.site\\\/#organization\"},\"image\":{\"@id\":\"https:\\\/\\\/darkamazi.site\\\/archives\\\/1032481#primaryimage\"},\"thumbnailUrl\":\"https:\\\/\\\/darkamazi.site\\\/darka-content\\\/uploads\\\/2025\\\/01\\\/1736237289_kurdistan24.jpg\",\"articleSection\":[\"Ortado\u011fu\"],\"inLanguage\":\"en-US\"},{\"@type\":\"WebPage\",\"@id\":\"https:\\\/\\\/darkamazi.site\\\/archives\\\/1032481\",\"url\":\"https:\\\/\\\/darkamazi.site\\\/archives\\\/1032481\",\"name\":\"\u015eam Havaliman\u0131 uluslararas\u0131 u\u00e7u\u015flara a\u00e7\u0131ld\u0131 - Darka Mazi\",\"isPartOf\":{\"@id\":\"https:\\\/\\\/darkamazi.site\\\/#website\"},\"primaryImageOfPage\":{\"@id\":\"https:\\\/\\\/darkamazi.site\\\/archives\\\/1032481#primaryimage\"},\"image\":{\"@id\":\"https:\\\/\\\/darkamazi.site\\\/archives\\\/1032481#primaryimage\"},\"thumbnailUrl\":\"https:\\\/\\\/darkamazi.site\\\/darka-content\\\/uploads\\\/2025\\\/01\\\/1736237289_kurdistan24.jpg\",\"datePublished\":\"2025-01-07T12:22:19+00:00\",\"dateModified\":\"2026-03-31T13:18:01+00:00\",\"breadcrumb\":{\"@id\":\"https:\\\/\\\/darkamazi.site\\\/archives\\\/1032481#breadcrumb\"},\"inLanguage\":\"en-US\",\"potentialAction\":[{\"@type\":\"ReadAction\",\"target\":[\"https:\\\/\\\/darkamazi.site\\\/archives\\\/1032481\"]}]},{\"@type\":\"ImageObject\",\"inLanguage\":\"en-US\",\"@id\":\"https:\\\/\\\/darkamazi.site\\\/archives\\\/1032481#primaryimage\",\"url\":\"https:\\\/\\\/darkamazi.site\\\/darka-content\\\/uploads\\\/2025\\\/01\\\/1736237289_kurdistan24.jpg\",\"contentUrl\":\"https:\\\/\\\/darkamazi.site\\\/darka-content\\\/uploads\\\/2025\\\/01\\\/1736237289_kurdistan24.jpg\",\"width\":1562,\"height\":878,\"caption\":\"\u015eam Havaliman\u0131 uluslararas\u0131 u\u00e7u\u015flara a\u00e7\u0131ld\u0131\"},{\"@type\":\"BreadcrumbList\",\"@id\":\"https:\\\/\\\/darkamazi.site\\\/archives\\\/1032481#breadcrumb\",\"itemListElement\":[{\"@type\":\"ListItem\",\"position\":1,\"name\":\"Home\",\"item\":\"https:\\\/\\\/darkamazi.site\\\/\"},{\"@type\":\"ListItem\",\"position\":2,\"name\":\"\u015eam Havaliman\u0131 uluslararas\u0131 u\u00e7u\u015flara a\u00e7\u0131ld\u0131\"}]},{\"@type\":\"WebSite\",\"@id\":\"https:\\\/\\\/darkamazi.site\\\/#website\",\"url\":\"https:\\\/\\\/darkamazi.site\\\/\",\"name\":\"Darka Mazi\",\"description\":\"Ana Sayfa\",\"publisher\":{\"@id\":\"https:\\\/\\\/darkamazi.site\\\/#organization\"},\"potentialAction\":[{\"@type\":\"SearchAction\",\"target\":{\"@type\":\"EntryPoint\",\"urlTemplate\":\"https:\\\/\\\/darkamazi.site\\\/?s={search_term_string}\"},\"query-input\":{\"@type\":\"PropertyValueSpecification\",\"valueRequired\":true,\"valueName\":\"search_term_string\"}}],\"inLanguage\":\"en-US\"},{\"@type\":\"Organization\",\"@id\":\"https:\\\/\\\/darkamazi.site\\\/#organization\",\"name\":\"Darka Mazi T\u00fcrk\u00e7e\",\"alternateName\":\"Darka Mazi\",\"url\":\"https:\\\/\\\/darkamazi.site\\\/\",\"logo\":{\"@type\":\"ImageObject\",\"inLanguage\":\"en-US\",\"@id\":\"https:\\\/\\\/darkamazi.site\\\/#\\\/schema\\\/logo\\\/image\\\/\",\"url\":\"https:\\\/\\\/darkamazi.site\\\/darka-content\\\/uploads\\\/2017\\\/12\\\/darka-mazi-logo.png\",\"contentUrl\":\"https:\\\/\\\/darkamazi.site\\\/darka-content\\\/uploads\\\/2017\\\/12\\\/darka-mazi-logo.png\",\"width\":151,\"height\":75,\"caption\":\"Darka Mazi T\u00fcrk\u00e7e\"},\"image\":{\"@id\":\"https:\\\/\\\/darkamazi.site\\\/#\\\/schema\\\/logo\\\/image\\\/\"},\"sameAs\":[\"https:\\\/\\\/www.facebook.com\\\/DarkaMaziturkce\",\"https:\\\/\\\/x.com\\\/DarkaMaziTurkce\"]},{\"@type\":\"Person\",\"@id\":\"https:\\\/\\\/darkamazi.site\\\/#\\\/schema\\\/person\\\/67986a95ac546c16760365877ef4a9d3\",\"name\":\"darka mazi\",\"sameAs\":[\"https:\\\/\\\/darkamazi.site\"],\"url\":\"https:\\\/\\\/darkamazi.site\\\/archives\\\/author\\\/turkish\"}]}<\/script>\n<!-- \/ Yoast SEO plugin. -->","seo_head_json":{"title":"\u015eam Havaliman\u0131 uluslararas\u0131 u\u00e7u\u015flara a\u00e7\u0131ld\u0131 - Darka Mazi","robots":{"index":"index","follow":"follow","max-snippet":"max-snippet:-1","max-image-preview":"max-image-preview:large","max-video-preview":"max-video-preview:-1"},"canonical":"https:\/\/darkamazi.site\/archives\/1032481","og_locale":"en_US","og_type":"article","og_title":"\u015eam Havaliman\u0131 uluslararas\u0131 u\u00e7u\u015flara a\u00e7\u0131ld\u0131 - Darka Mazi","og_description":"Suriye&#8217;nin ba\u015fkentindeki \u015eam Uluslararas\u0131 Havaliman\u0131 uluslararas\u0131 u\u00e7u\u015flara a\u00e7\u0131ld\u0131 ve ilk u\u00e7u\u015f Birle\u015fik Arap Emirlikleri\u2019ne (BAE) ger\u00e7ekle\u015ftirildi. Medyada yer alan haberlere g\u00f6re 7 Ocak 2025 Sal\u0131 g\u00fcn\u00fc \u015eam Uluslararas\u0131 Havaliman\u0131ndan uluslararas\u0131 u\u00e7u\u015flar yeniden ba\u015flad\u0131. Suriye Hava Yollar\u0131, BAE&#8217;nin \u015earika \u015fehrine ilk u\u00e7u\u015fu ger\u00e7ekle\u015ftirdi. Bug\u00fcn 3 u\u00e7u\u015fun ger\u00e7ekle\u015ftirildi\u011fi kaydedilirken, Suriye\u2019nin y\u0131llar sonra d\u00fcnyayla ileti\u015fimde yeni ufuklara a\u00e7\u0131ld\u0131\u011f\u0131 [&hellip;]","og_url":"https:\/\/darkamazi.site\/archives\/1032481","og_site_name":"Darka Mazi","article_publisher":"https:\/\/www.facebook.com\/DarkaMaziturkce","article_published_time":"2025-01-07T12:22:19+00:00","article_modified_time":"2026-03-31T13:18:01+00:00","og_image":[{"width":1562,"height":878,"url":"https:\/\/darkamazi.site\/file\/2025\/01\/1736237289_kurdistan24.jpg","type":"image\/jpeg"}],"author":"darka mazi","twitter_card":"summary_large_image","twitter_creator":"@DarkaMaziTurkce","twitter_site":"@DarkaMaziTurkce","twitter_misc":{"Written by":"darka mazi","Est. reading time":"1 minute"},"schema":{"@context":"https:\/\/schema.org","@graph":[{"@type":"NewsArticle","@id":"https:\/\/darkamazi.site\/archives\/1032481#article","isPartOf":{"@id":"https:\/\/darkamazi.site\/archives\/1032481"},"author":{"name":"darka mazi","@id":"https:\/\/darkamazi.site\/#\/schema\/person\/67986a95ac546c16760365877ef4a9d3"},"headline":"\u015eam Havaliman\u0131 uluslararas\u0131 u\u00e7u\u015flara a\u00e7\u0131ld\u0131","datePublished":"2025-01-07T12:22:19+00:00","dateModified":"2026-03-31T13:18:01+00:00","mainEntityOfPage":{"@id":"https:\/\/darkamazi.site\/archives\/1032481"},"wordCount":217,"publisher":{"@id":"https:\/\/darkamazi.site\/#organization"},"image":{"@id":"https:\/\/darkamazi.site\/archives\/1032481#primaryimage"},"thumbnailUrl":"https:\/\/darkamazi.site\/file\/2025\/01\/1736237289_kurdistan24.jpg","articleSection":["Ortado\u011fu"],"inLanguage":"en-US"},{"@type":"WebPage","@id":"https:\/\/darkamazi.site\/archives\/1032481","url":"https:\/\/darkamazi.site\/archives\/1032481","name":"\u015eam Havaliman\u0131 uluslararas\u0131 u\u00e7u\u015flara a\u00e7\u0131ld\u0131 - Darka Mazi","isPartOf":{"@id":"https:\/\/darkamazi.site\/#website"},"primaryImageOfPage":{"@id":"https:\/\/darkamazi.site\/archives\/1032481#primaryimage"},"image":{"@id":"https:\/\/darkamazi.site\/archives\/1032481#primaryimage"},"thumbnailUrl":"https:\/\/darkamazi.site\/file\/2025\/01\/1736237289_kurdistan24.jpg","datePublished":"2025-01-07T12:22:19+00:00","dateModified":"2026-03-31T13:18:01+00:00","breadcrumb":{"@id":"https:\/\/darkamazi.site\/archives\/1032481#breadcrumb"},"inLanguage":"en-US","potentialAction":[{"@type":"ReadAction","target":["https:\/\/darkamazi.site\/archives\/1032481"]}]},{"@type":"ImageObject","inLanguage":"en-US","@id":"https:\/\/darkamazi.site\/archives\/1032481#primaryimage","url":"https:\/\/darkamazi.site\/file\/2025\/01\/1736237289_kurdistan24.jpg","contentUrl":"https:\/\/darkamazi.site\/file\/2025\/01\/1736237289_kurdistan24.jpg","width":1562,"height":878,"caption":"\u015eam Havaliman\u0131 uluslararas\u0131 u\u00e7u\u015flara a\u00e7\u0131ld\u0131"},{"@type":"BreadcrumbList","@id":"https:\/\/darkamazi.site\/archives\/1032481#breadcrumb","itemListElement":[{"@type":"ListItem","position":1,"name":"Home","item":"https:\/\/darkamazi.site\/"},{"@type":"ListItem","position":2,"name":"\u015eam Havaliman\u0131 uluslararas\u0131 u\u00e7u\u015flara a\u00e7\u0131ld\u0131"}]},{"@type":"WebSite","@id":"https:\/\/darkamazi.site\/#website","url":"https:\/\/darkamazi.site\/","name":"Darka Mazi","description":"Ana Sayfa","publisher":{"@id":"https:\/\/darkamazi.site\/#organization"},"potentialAction":[{"@type":"SearchAction","target":{"@type":"EntryPoint","urlTemplate":"https:\/\/darkamazi.site\/?s={search_term_string}"},"query-input":{"@type":"PropertyValueSpecification","valueRequired":true,"valueName":"search_term_string"}}],"inLanguage":"en-US"},{"@type":"Organization","@id":"https:\/\/darkamazi.site\/#organization","name":"Darka Mazi T\u00fcrk\u00e7e","alternateName":"Darka Mazi","url":"https:\/\/darkamazi.site\/","logo":{"@type":"ImageObject","inLanguage":"en-US","@id":"https:\/\/darkamazi.site\/#\/schema\/logo\/image\/","url":"https:\/\/darkamazi.site\/file\/2017\/12\/darka-mazi-logo.png","contentUrl":"https:\/\/darkamazi.site\/file\/2017\/12\/darka-mazi-logo.png","width":151,"height":75,"caption":"Darka Mazi T\u00fcrk\u00e7e"},"image":{"@id":"https:\/\/darkamazi.site\/#\/schema\/logo\/image\/"},"sameAs":["https:\/\/www.facebook.com\/DarkaMaziturkce","https:\/\/x.com\/DarkaMaziTurkce"]},{"@type":"Person","@id":"https:\/\/darkamazi.site\/#\/schema\/person\/67986a95ac546c16760365877ef4a9d3","name":"darka mazi","sameAs":["https:\/\/darkamazi.site"],"url":"https:\/\/darkamazi.site\/archives\/author\/turkish"}]}},"_links":{"self":[{"href":"https:\/\/darkamazi.site\/funavuv\/wp\/v2\/posts\/1032481","targetHints":{"allow":["GET"]}}],"collection":[{"href":"https:\/\/darkamazi.site\/funavuv\/wp\/v2\/posts"}],"about":[{"href":"https:\/\/darkamazi.site\/funavuv\/wp\/v2\/types\/post"}],"author":[{"embeddable":true,"href":"https:\/\/darkamazi.site\/funavuv\/wp\/v2\/users\/2"}],"replies":[{"embeddable":true,"href":"https:\/\/darkamazi.site\/funavuv\/wp\/v2\/comments?post=1032481"}],"version-history":[{"count":0,"href":"https:\/\/darkamazi.site\/funavuv\/wp\/v2\/posts\/1032481\/revisions"}],"wp:featuredmedia":[{"embeddable":true,"href":"https:\/\/darkamazi.site\/funavuv\/wp\/v2\/media\/1032482"}],"wp:attachment":[{"href":"https:\/\/darkamazi.site\/funavuv\/wp\/v2\/media?parent=1032481"}],"wp:term":[{"taxonomy":"category","embeddable":true,"href":"https:\/\/darkamazi.site\/funavuv\/wp\/v2\/categories?post=1032481"},{"taxonomy":"post_tag","embeddable":true,"href":"https:\/\/darkamazi.site\/funavuv\/wp\/v2\/tags?post=1032481"}],"curies":[{"name":"wp","href":"https:\/\/api.w.org\/{rel}","templated":true}]}}