{"id":1032484,"date":"2025-01-07T15:32:07","date_gmt":"2025-01-07T12:32:07","guid":{"rendered":"https:\/\/darkamazi.site\/?p=1032484"},"modified":"2026-03-31T16:18:00","modified_gmt":"2026-03-31T13:18:00","slug":"basbakan-mesrur-barzani-turkiye-cumhurbaskani-erdogan-ile-bir-araya-geldi","status":"publish","type":"post","link":"https:\/\/darkamazi.site\/archives\/1032484","title":{"rendered":"Ba\u015fbakan Mesrur Barzani, T\u00fcrkiye Cumhurba\u015fkan\u0131 Erdo\u011fan ile bir araya geldi"},"content":{"rendered":"<p><span style=\"font-family: 'arial black', sans-serif\">Ba\u015fbakan Mesrur Barzani, resmi temaslar \u00e7er\u00e7evesinde gitti\u011fi T\u00fcrkiye\u2019nin ba\u015fkenti Ankara\u2019da T\u00fcrkiye Cumhurba\u015fkan\u0131 Recep Tayyip Erdo\u011fan ile bir araya geldi.<\/span><\/p>\n<p>Cumhurba\u015fkanl\u0131\u011f\u0131 K\u00fclliyesi&#8217;nde, bas\u0131na kapal\u0131 ger\u00e7ekle\u015ftirilen g\u00f6r\u00fc\u015fmede T\u00fcrkiye D\u0131\u015fi\u015fleri Bakan\u0131 Hakan Fidan da yer ald\u0131.<\/p>\n<p>G\u00f6r\u00fc\u015fmelerde iki \u00fclke aras\u0131ndaki ili\u015fkilerin geli\u015ftirilmesi, Irak ve b\u00f6lgedeki son durum ve \u00f6zellikle Suriye\u2019deki geli\u015fmelerin de\u011ferlendirilece\u011fi bildirilmi\u015fti.<\/p>\n<p>Ba\u015fbakan Mesrur Barzani, Erdo\u011fan\u2019dan \u00f6nce T\u00fcrkiye D\u0131\u015fi\u015fleri Bakan\u0131 Hakan Fidan ile bir araya gelmi\u015fti.<\/p>\n<p>Ba\u015fbakan Barzani bug\u00fcn ula\u015ft\u0131\u011f\u0131 Ankara\u2019da T\u00fcrkiye D\u0131\u015fi\u015fleri Bakan Yard\u0131mc\u0131s\u0131 Nuh Y\u0131lmaz ve bir dizi yetkili taraf\u0131ndan kar\u015f\u0131lanm\u0131\u015ft\u0131<\/p>\n","protected":false},"excerpt":{"rendered":"<p>Ba\u015fbakan Mesrur Barzani, resmi temaslar \u00e7er\u00e7evesinde gitti\u011fi T\u00fcrkiye\u2019nin ba\u015fkenti Ankara\u2019da T\u00fcrkiye Cumhurba\u015fkan\u0131 Recep Tayyip Erdo\u011fan ile bir araya geldi. Cumhurba\u015fkanl\u0131\u011f\u0131 K\u00fclliyesi&#8217;nde, bas\u0131na kapal\u0131 ger\u00e7ekle\u015ftirilen g\u00f6r\u00fc\u015fmede T\u00fcrkiye D\u0131\u015fi\u015fleri Bakan\u0131 Hakan Fidan da yer ald\u0131. G\u00f6r\u00fc\u015fmelerde iki \u00fclke aras\u0131ndaki ili\u015fkilerin geli\u015ftirilmesi, Irak ve b\u00f6lgedeki son durum ve \u00f6zellikle Suriye\u2019deki geli\u015fmelerin de\u011ferlendirilece\u011fi bildirilmi\u015fti. Ba\u015fbakan Mesrur Barzani, Erdo\u011fan\u2019dan \u00f6nce [&hellip;]<\/p>\n","protected":false},"author":2,"featured_media":1032487,"comment_status":"closed","ping_status":"closed","sticky":false,"template":"","format":"standard","meta":{"footnotes":""},"categories":[29],"tags":[31],"class_list":["post-1032484","post","type-post","status-publish","format-standard","has-post-thumbnail","hentry","category-ortadogu","tag-onemli"],"blocksy_meta":[],"seo_head":"<!-- This site is optimized with the Yoast SEO plugin v27.5 - https:\/\/yoast.com\/product\/yoast-seo-wordpress\/ -->\n<title>Ba\u015fbakan Mesrur Barzani, T\u00fcrkiye Cumhurba\u015fkan\u0131 Erdo\u011fan ile bir araya geldi - Darka Mazi<\/title>\n<meta name=\"robots\" content=\"index, follow, max-snippet:-1, max-image-preview:large, max-video-preview:-1\" \/>\n<link rel=\"canonical\" href=\"https:\/\/darkamazi.site\/archives\/1032484\" \/>\n<meta property=\"og:locale\" content=\"en_US\" \/>\n<meta property=\"og:type\" content=\"article\" \/>\n<meta property=\"og:title\" content=\"Ba\u015fbakan Mesrur Barzani, T\u00fcrkiye Cumhurba\u015fkan\u0131 Erdo\u011fan ile bir araya geldi - Darka Mazi\" \/>\n<meta property=\"og:description\" content=\"Ba\u015fbakan Mesrur Barzani, resmi temaslar \u00e7er\u00e7evesinde gitti\u011fi T\u00fcrkiye\u2019nin ba\u015fkenti Ankara\u2019da T\u00fcrkiye Cumhurba\u015fkan\u0131 Recep Tayyip Erdo\u011fan ile bir araya geldi. Cumhurba\u015fkanl\u0131\u011f\u0131 K\u00fclliyesi&#8217;nde, bas\u0131na kapal\u0131 ger\u00e7ekle\u015ftirilen g\u00f6r\u00fc\u015fmede T\u00fcrkiye D\u0131\u015fi\u015fleri Bakan\u0131 Hakan Fidan da yer ald\u0131. G\u00f6r\u00fc\u015fmelerde iki \u00fclke aras\u0131ndaki ili\u015fkilerin geli\u015ftirilmesi, Irak ve b\u00f6lgedeki son durum ve \u00f6zellikle Suriye\u2019deki geli\u015fmelerin de\u011ferlendirilece\u011fi bildirilmi\u015fti. Ba\u015fbakan Mesrur Barzani, Erdo\u011fan\u2019dan \u00f6nce [&hellip;]\" \/>\n<meta property=\"og:url\" content=\"https:\/\/darkamazi.site\/archives\/1032484\" \/>\n<meta property=\"og:site_name\" content=\"Darka Mazi\" \/>\n<meta property=\"article:publisher\" content=\"https:\/\/www.facebook.com\/DarkaMaziturkce\" \/>\n<meta property=\"article:published_time\" content=\"2025-01-07T12:32:07+00:00\" \/>\n<meta property=\"article:modified_time\" content=\"2026-03-31T13:18:00+00:00\" \/>\n<meta property=\"og:image\" content=\"https:\/\/darkamazi.site\/file\/2025\/01\/844370Highlighted-Image.jpg\" \/>\n\t<meta property=\"og:image:width\" content=\"2000\" \/>\n\t<meta property=\"og:image:height\" content=\"750\" \/>\n\t<meta property=\"og:image:type\" content=\"image\/jpeg\" \/>\n<meta name=\"author\" content=\"darka mazi\" \/>\n<meta name=\"twitter:card\" content=\"summary_large_image\" \/>\n<meta name=\"twitter:creator\" content=\"@DarkaMaziTurkce\" \/>\n<meta name=\"twitter:site\" content=\"@DarkaMaziTurkce\" \/>\n<meta name=\"twitter:label1\" content=\"Written by\" \/>\n\t<meta name=\"twitter:data1\" content=\"darka mazi\" \/>\n\t<meta name=\"twitter:label2\" content=\"Est. reading time\" \/>\n\t<meta name=\"twitter:data2\" content=\"1 minute\" \/>\n<script type=\"application\/ld+json\" class=\"seo-schema-graph\">{\"@context\":\"https:\\\/\\\/schema.org\",\"@graph\":[{\"@type\":\"NewsArticle\",\"@id\":\"https:\\\/\\\/darkamazi.site\\\/archives\\\/1032484#article\",\"isPartOf\":{\"@id\":\"https:\\\/\\\/darkamazi.site\\\/archives\\\/1032484\"},\"author\":{\"name\":\"darka mazi\",\"@id\":\"https:\\\/\\\/darkamazi.site\\\/#\\\/schema\\\/person\\\/67986a95ac546c16760365877ef4a9d3\"},\"headline\":\"Ba\u015fbakan Mesrur Barzani, T\u00fcrkiye Cumhurba\u015fkan\u0131 Erdo\u011fan ile bir araya geldi\",\"datePublished\":\"2025-01-07T12:32:07+00:00\",\"dateModified\":\"2026-03-31T13:18:00+00:00\",\"mainEntityOfPage\":{\"@id\":\"https:\\\/\\\/darkamazi.site\\\/archives\\\/1032484\"},\"wordCount\":147,\"publisher\":{\"@id\":\"https:\\\/\\\/darkamazi.site\\\/#organization\"},\"image\":{\"@id\":\"https:\\\/\\\/darkamazi.site\\\/archives\\\/1032484#primaryimage\"},\"thumbnailUrl\":\"https:\\\/\\\/darkamazi.site\\\/darka-content\\\/uploads\\\/2025\\\/01\\\/844370Highlighted-Image.jpg\",\"keywords\":[\"\u00f6nemli\"],\"articleSection\":[\"Ortado\u011fu\"],\"inLanguage\":\"en-US\"},{\"@type\":\"WebPage\",\"@id\":\"https:\\\/\\\/darkamazi.site\\\/archives\\\/1032484\",\"url\":\"https:\\\/\\\/darkamazi.site\\\/archives\\\/1032484\",\"name\":\"Ba\u015fbakan Mesrur Barzani, T\u00fcrkiye Cumhurba\u015fkan\u0131 Erdo\u011fan ile bir araya geldi - Darka Mazi\",\"isPartOf\":{\"@id\":\"https:\\\/\\\/darkamazi.site\\\/#website\"},\"primaryImageOfPage\":{\"@id\":\"https:\\\/\\\/darkamazi.site\\\/archives\\\/1032484#primaryimage\"},\"image\":{\"@id\":\"https:\\\/\\\/darkamazi.site\\\/archives\\\/1032484#primaryimage\"},\"thumbnailUrl\":\"https:\\\/\\\/darkamazi.site\\\/darka-content\\\/uploads\\\/2025\\\/01\\\/844370Highlighted-Image.jpg\",\"datePublished\":\"2025-01-07T12:32:07+00:00\",\"dateModified\":\"2026-03-31T13:18:00+00:00\",\"breadcrumb\":{\"@id\":\"https:\\\/\\\/darkamazi.site\\\/archives\\\/1032484#breadcrumb\"},\"inLanguage\":\"en-US\",\"potentialAction\":[{\"@type\":\"ReadAction\",\"target\":[\"https:\\\/\\\/darkamazi.site\\\/archives\\\/1032484\"]}]},{\"@type\":\"ImageObject\",\"inLanguage\":\"en-US\",\"@id\":\"https:\\\/\\\/darkamazi.site\\\/archives\\\/1032484#primaryimage\",\"url\":\"https:\\\/\\\/darkamazi.site\\\/darka-content\\\/uploads\\\/2025\\\/01\\\/844370Highlighted-Image.jpg\",\"contentUrl\":\"https:\\\/\\\/darkamazi.site\\\/darka-content\\\/uploads\\\/2025\\\/01\\\/844370Highlighted-Image.jpg\",\"width\":2000,\"height\":750,\"caption\":\"Ba\u015fbakan Mesrur Barzani, T\u00fcrkiye Cumhurba\u015fkan\u0131 Erdo\u011fan ile bir araya geldi\"},{\"@type\":\"BreadcrumbList\",\"@id\":\"https:\\\/\\\/darkamazi.site\\\/archives\\\/1032484#breadcrumb\",\"itemListElement\":[{\"@type\":\"ListItem\",\"position\":1,\"name\":\"Home\",\"item\":\"https:\\\/\\\/darkamazi.site\\\/\"},{\"@type\":\"ListItem\",\"position\":2,\"name\":\"Ba\u015fbakan Mesrur Barzani, T\u00fcrkiye Cumhurba\u015fkan\u0131 Erdo\u011fan ile bir araya geldi\"}]},{\"@type\":\"WebSite\",\"@id\":\"https:\\\/\\\/darkamazi.site\\\/#website\",\"url\":\"https:\\\/\\\/darkamazi.site\\\/\",\"name\":\"Darka Mazi\",\"description\":\"Ana Sayfa\",\"publisher\":{\"@id\":\"https:\\\/\\\/darkamazi.site\\\/#organization\"},\"potentialAction\":[{\"@type\":\"SearchAction\",\"target\":{\"@type\":\"EntryPoint\",\"urlTemplate\":\"https:\\\/\\\/darkamazi.site\\\/?s={search_term_string}\"},\"query-input\":{\"@type\":\"PropertyValueSpecification\",\"valueRequired\":true,\"valueName\":\"search_term_string\"}}],\"inLanguage\":\"en-US\"},{\"@type\":\"Organization\",\"@id\":\"https:\\\/\\\/darkamazi.site\\\/#organization\",\"name\":\"Darka Mazi T\u00fcrk\u00e7e\",\"alternateName\":\"Darka Mazi\",\"url\":\"https:\\\/\\\/darkamazi.site\\\/\",\"logo\":{\"@type\":\"ImageObject\",\"inLanguage\":\"en-US\",\"@id\":\"https:\\\/\\\/darkamazi.site\\\/#\\\/schema\\\/logo\\\/image\\\/\",\"url\":\"https:\\\/\\\/darkamazi.site\\\/darka-content\\\/uploads\\\/2017\\\/12\\\/darka-mazi-logo.png\",\"contentUrl\":\"https:\\\/\\\/darkamazi.site\\\/darka-content\\\/uploads\\\/2017\\\/12\\\/darka-mazi-logo.png\",\"width\":151,\"height\":75,\"caption\":\"Darka Mazi T\u00fcrk\u00e7e\"},\"image\":{\"@id\":\"https:\\\/\\\/darkamazi.site\\\/#\\\/schema\\\/logo\\\/image\\\/\"},\"sameAs\":[\"https:\\\/\\\/www.facebook.com\\\/DarkaMaziturkce\",\"https:\\\/\\\/x.com\\\/DarkaMaziTurkce\"]},{\"@type\":\"Person\",\"@id\":\"https:\\\/\\\/darkamazi.site\\\/#\\\/schema\\\/person\\\/67986a95ac546c16760365877ef4a9d3\",\"name\":\"darka mazi\",\"sameAs\":[\"https:\\\/\\\/darkamazi.site\"],\"url\":\"https:\\\/\\\/darkamazi.site\\\/archives\\\/author\\\/turkish\"}]}<\/script>\n<!-- \/ Yoast SEO plugin. -->","seo_head_json":{"title":"Ba\u015fbakan Mesrur Barzani, T\u00fcrkiye Cumhurba\u015fkan\u0131 Erdo\u011fan ile bir araya geldi - Darka Mazi","robots":{"index":"index","follow":"follow","max-snippet":"max-snippet:-1","max-image-preview":"max-image-preview:large","max-video-preview":"max-video-preview:-1"},"canonical":"https:\/\/darkamazi.site\/archives\/1032484","og_locale":"en_US","og_type":"article","og_title":"Ba\u015fbakan Mesrur Barzani, T\u00fcrkiye Cumhurba\u015fkan\u0131 Erdo\u011fan ile bir araya geldi - Darka Mazi","og_description":"Ba\u015fbakan Mesrur Barzani, resmi temaslar \u00e7er\u00e7evesinde gitti\u011fi T\u00fcrkiye\u2019nin ba\u015fkenti Ankara\u2019da T\u00fcrkiye Cumhurba\u015fkan\u0131 Recep Tayyip Erdo\u011fan ile bir araya geldi. Cumhurba\u015fkanl\u0131\u011f\u0131 K\u00fclliyesi&#8217;nde, bas\u0131na kapal\u0131 ger\u00e7ekle\u015ftirilen g\u00f6r\u00fc\u015fmede T\u00fcrkiye D\u0131\u015fi\u015fleri Bakan\u0131 Hakan Fidan da yer ald\u0131. G\u00f6r\u00fc\u015fmelerde iki \u00fclke aras\u0131ndaki ili\u015fkilerin geli\u015ftirilmesi, Irak ve b\u00f6lgedeki son durum ve \u00f6zellikle Suriye\u2019deki geli\u015fmelerin de\u011ferlendirilece\u011fi bildirilmi\u015fti. Ba\u015fbakan Mesrur Barzani, Erdo\u011fan\u2019dan \u00f6nce [&hellip;]","og_url":"https:\/\/darkamazi.site\/archives\/1032484","og_site_name":"Darka Mazi","article_publisher":"https:\/\/www.facebook.com\/DarkaMaziturkce","article_published_time":"2025-01-07T12:32:07+00:00","article_modified_time":"2026-03-31T13:18:00+00:00","og_image":[{"width":2000,"height":750,"url":"https:\/\/darkamazi.site\/file\/2025\/01\/844370Highlighted-Image.jpg","type":"image\/jpeg"}],"author":"darka mazi","twitter_card":"summary_large_image","twitter_creator":"@DarkaMaziTurkce","twitter_site":"@DarkaMaziTurkce","twitter_misc":{"Written by":"darka mazi","Est. reading time":"1 minute"},"schema":{"@context":"https:\/\/schema.org","@graph":[{"@type":"NewsArticle","@id":"https:\/\/darkamazi.site\/archives\/1032484#article","isPartOf":{"@id":"https:\/\/darkamazi.site\/archives\/1032484"},"author":{"name":"darka mazi","@id":"https:\/\/darkamazi.site\/#\/schema\/person\/67986a95ac546c16760365877ef4a9d3"},"headline":"Ba\u015fbakan Mesrur Barzani, T\u00fcrkiye Cumhurba\u015fkan\u0131 Erdo\u011fan ile bir araya geldi","datePublished":"2025-01-07T12:32:07+00:00","dateModified":"2026-03-31T13:18:00+00:00","mainEntityOfPage":{"@id":"https:\/\/darkamazi.site\/archives\/1032484"},"wordCount":147,"publisher":{"@id":"https:\/\/darkamazi.site\/#organization"},"image":{"@id":"https:\/\/darkamazi.site\/archives\/1032484#primaryimage"},"thumbnailUrl":"https:\/\/darkamazi.site\/file\/2025\/01\/844370Highlighted-Image.jpg","keywords":["\u00f6nemli"],"articleSection":["Ortado\u011fu"],"inLanguage":"en-US"},{"@type":"WebPage","@id":"https:\/\/darkamazi.site\/archives\/1032484","url":"https:\/\/darkamazi.site\/archives\/1032484","name":"Ba\u015fbakan Mesrur Barzani, T\u00fcrkiye Cumhurba\u015fkan\u0131 Erdo\u011fan ile bir araya geldi - Darka Mazi","isPartOf":{"@id":"https:\/\/darkamazi.site\/#website"},"primaryImageOfPage":{"@id":"https:\/\/darkamazi.site\/archives\/1032484#primaryimage"},"image":{"@id":"https:\/\/darkamazi.site\/archives\/1032484#primaryimage"},"thumbnailUrl":"https:\/\/darkamazi.site\/file\/2025\/01\/844370Highlighted-Image.jpg","datePublished":"2025-01-07T12:32:07+00:00","dateModified":"2026-03-31T13:18:00+00:00","breadcrumb":{"@id":"https:\/\/darkamazi.site\/archives\/1032484#breadcrumb"},"inLanguage":"en-US","potentialAction":[{"@type":"ReadAction","target":["https:\/\/darkamazi.site\/archives\/1032484"]}]},{"@type":"ImageObject","inLanguage":"en-US","@id":"https:\/\/darkamazi.site\/archives\/1032484#primaryimage","url":"https:\/\/darkamazi.site\/file\/2025\/01\/844370Highlighted-Image.jpg","contentUrl":"https:\/\/darkamazi.site\/file\/2025\/01\/844370Highlighted-Image.jpg","width":2000,"height":750,"caption":"Ba\u015fbakan Mesrur Barzani, T\u00fcrkiye Cumhurba\u015fkan\u0131 Erdo\u011fan ile bir araya geldi"},{"@type":"BreadcrumbList","@id":"https:\/\/darkamazi.site\/archives\/1032484#breadcrumb","itemListElement":[{"@type":"ListItem","position":1,"name":"Home","item":"https:\/\/darkamazi.site\/"},{"@type":"ListItem","position":2,"name":"Ba\u015fbakan Mesrur Barzani, T\u00fcrkiye Cumhurba\u015fkan\u0131 Erdo\u011fan ile bir araya geldi"}]},{"@type":"WebSite","@id":"https:\/\/darkamazi.site\/#website","url":"https:\/\/darkamazi.site\/","name":"Darka Mazi","description":"Ana Sayfa","publisher":{"@id":"https:\/\/darkamazi.site\/#organization"},"potentialAction":[{"@type":"SearchAction","target":{"@type":"EntryPoint","urlTemplate":"https:\/\/darkamazi.site\/?s={search_term_string}"},"query-input":{"@type":"PropertyValueSpecification","valueRequired":true,"valueName":"search_term_string"}}],"inLanguage":"en-US"},{"@type":"Organization","@id":"https:\/\/darkamazi.site\/#organization","name":"Darka Mazi T\u00fcrk\u00e7e","alternateName":"Darka Mazi","url":"https:\/\/darkamazi.site\/","logo":{"@type":"ImageObject","inLanguage":"en-US","@id":"https:\/\/darkamazi.site\/#\/schema\/logo\/image\/","url":"https:\/\/darkamazi.site\/file\/2017\/12\/darka-mazi-logo.png","contentUrl":"https:\/\/darkamazi.site\/file\/2017\/12\/darka-mazi-logo.png","width":151,"height":75,"caption":"Darka Mazi T\u00fcrk\u00e7e"},"image":{"@id":"https:\/\/darkamazi.site\/#\/schema\/logo\/image\/"},"sameAs":["https:\/\/www.facebook.com\/DarkaMaziturkce","https:\/\/x.com\/DarkaMaziTurkce"]},{"@type":"Person","@id":"https:\/\/darkamazi.site\/#\/schema\/person\/67986a95ac546c16760365877ef4a9d3","name":"darka mazi","sameAs":["https:\/\/darkamazi.site"],"url":"https:\/\/darkamazi.site\/archives\/author\/turkish"}]}},"_links":{"self":[{"href":"https:\/\/darkamazi.site\/funavuv\/wp\/v2\/posts\/1032484","targetHints":{"allow":["GET"]}}],"collection":[{"href":"https:\/\/darkamazi.site\/funavuv\/wp\/v2\/posts"}],"about":[{"href":"https:\/\/darkamazi.site\/funavuv\/wp\/v2\/types\/post"}],"author":[{"embeddable":true,"href":"https:\/\/darkamazi.site\/funavuv\/wp\/v2\/users\/2"}],"replies":[{"embeddable":true,"href":"https:\/\/darkamazi.site\/funavuv\/wp\/v2\/comments?post=1032484"}],"version-history":[{"count":0,"href":"https:\/\/darkamazi.site\/funavuv\/wp\/v2\/posts\/1032484\/revisions"}],"wp:featuredmedia":[{"embeddable":true,"href":"https:\/\/darkamazi.site\/funavuv\/wp\/v2\/media\/1032487"}],"wp:attachment":[{"href":"https:\/\/darkamazi.site\/funavuv\/wp\/v2\/media?parent=1032484"}],"wp:term":[{"taxonomy":"category","embeddable":true,"href":"https:\/\/darkamazi.site\/funavuv\/wp\/v2\/categories?post=1032484"},{"taxonomy":"post_tag","embeddable":true,"href":"https:\/\/darkamazi.site\/funavuv\/wp\/v2\/tags?post=1032484"}],"curies":[{"name":"wp","href":"https:\/\/api.w.org\/{rel}","templated":true}]}}