{"id":1032489,"date":"2025-01-08T10:52:57","date_gmt":"2025-01-08T07:52:57","guid":{"rendered":"https:\/\/darkamazi.site\/?p=1032489"},"modified":"2026-03-31T16:18:00","modified_gmt":"2026-03-31T13:18:00","slug":"irak-basbakani-sudani-tahrana-ziyaret-gerceklestirdi","status":"publish","type":"post","link":"https:\/\/darkamazi.site\/archives\/1032489","title":{"rendered":"Irak Ba\u015fbakan\u0131 Sudani Tahran&#8217;a ziyaret ger\u00e7ekle\u015ftirdi"},"content":{"rendered":"<p><strong>Irak Ba\u015fbakan\u0131 Muhammed \u015eiya Sudani, b\u00f6lgesel geli\u015fmeleri g\u00f6r\u00fc\u015fmek \u00fczere \u0130ran\u2019\u0131n ba\u015fkenti Tahran\u2019a gitti.\u00a0<\/strong><\/p>\n<p>Irak Ba\u015fbakan\u0131 Sudani, 8 Ocak 2025 \u00c7ar\u015famba g\u00fcn\u00fc, resmi ziyaret \u00e7er\u00e7evesinde Tahran\u2019a gitti. Mehrabad Uluslararas\u0131 Havaliman\u0131na ini\u015f yapan Sudani&#8217;yi \u0130ran Ekonomi Bakan\u0131 Abdulnas\u0131r Himmati kar\u015f\u0131lad\u0131.<\/p>\n<p>\u0130ran D\u0131\u015fi\u015fleri Bakanl\u0131\u011f\u0131 S\u00f6zc\u00fcs\u00fc \u0130smail Baqayi, yapt\u0131\u011f\u0131 a\u00e7\u0131klamada, Sudani ile \u0130ranl\u0131 \u00fcst d\u00fczey yetkililer aras\u0131ndaki g\u00f6r\u00fc\u015fmelerin ana konusunun Suriye meselesi ve \u00fclkedeki geli\u015fmeler olaca\u011f\u0131n\u0131 s\u00f6yledi.<\/p>\n<p>S\u00f6zc\u00fc Baqayi, Irak Ba\u015fbakan\u0131\u2019n\u0131n ziyaretini b\u00f6lgedeki de\u011fi\u015fimde \u00f6nemli ve etkili bir ad\u0131m olarak nitelendirdi.<\/p>\n<p>\u0130ran\u2019\u0131n Irak B\u00fcy\u00fckel\u00e7isi Muhammed Kaz\u0131m Al Sadegi ise Sudani\u2019nin s\u00f6z konusu ziyaretinde \u0130ran Cumhurba\u015fkan\u0131 Mesud Peze\u015fkiyan&#8217;\u0131n Eyl\u00fcl 2024\u2019te Ba\u011fdat&#8217;a yapt\u0131\u011f\u0131 ziyaretin takibinin yap\u0131laca\u011f\u0131n\u0131 dile getirdi.<\/p>\n<p>Irak ve L\u00fcbnan&#8217;da \u0130ran&#8217;a yak\u0131n baz\u0131 medya kurulu\u015flar\u0131, Sudani ve \u0130ranl\u0131 yetkililer aras\u0131ndaki g\u00f6r\u00fc\u015fmelerde, Suriye&#8217;deki geli\u015fmelerin yan\u0131 s\u0131ra, Orta Do\u011fu&#8217;daki siyasi durum ve ABD&#8217;nin, \u0130ran&#8217;\u0131n Suriye&#8217;deki i\u00e7 duruma m\u00fcdahalesinin s\u0131n\u0131rland\u0131r\u0131lmas\u0131 y\u00f6n\u00fcndeki mesaj\u0131n\u0131n masaya yat\u0131r\u0131laca\u011f\u0131n\u0131 yazd\u0131.<\/p>\n","protected":false},"excerpt":{"rendered":"<p>Irak Ba\u015fbakan\u0131 Muhammed \u015eiya Sudani, b\u00f6lgesel geli\u015fmeleri g\u00f6r\u00fc\u015fmek \u00fczere \u0130ran\u2019\u0131n ba\u015fkenti Tahran\u2019a gitti.\u00a0 Irak Ba\u015fbakan\u0131 Sudani, 8 Ocak 2025 \u00c7ar\u015famba g\u00fcn\u00fc, resmi ziyaret \u00e7er\u00e7evesinde Tahran\u2019a gitti. Mehrabad Uluslararas\u0131 Havaliman\u0131na ini\u015f yapan Sudani&#8217;yi \u0130ran Ekonomi Bakan\u0131 Abdulnas\u0131r Himmati kar\u015f\u0131lad\u0131. \u0130ran D\u0131\u015fi\u015fleri Bakanl\u0131\u011f\u0131 S\u00f6zc\u00fcs\u00fc \u0130smail Baqayi, yapt\u0131\u011f\u0131 a\u00e7\u0131klamada, Sudani ile \u0130ranl\u0131 \u00fcst d\u00fczey yetkililer aras\u0131ndaki g\u00f6r\u00fc\u015fmelerin ana [&hellip;]<\/p>\n","protected":false},"author":2,"featured_media":1032490,"comment_status":"closed","ping_status":"closed","sticky":false,"template":"","format":"standard","meta":{"footnotes":""},"categories":[29],"tags":[],"class_list":["post-1032489","post","type-post","status-publish","format-standard","has-post-thumbnail","hentry","category-ortadogu"],"blocksy_meta":[],"seo_head":"<!-- This site is optimized with the Yoast SEO plugin v27.5 - https:\/\/yoast.com\/product\/yoast-seo-wordpress\/ -->\n<title>Irak Ba\u015fbakan\u0131 Sudani Tahran&#039;a ziyaret ger\u00e7ekle\u015ftirdi - Darka Mazi<\/title>\n<meta name=\"robots\" content=\"index, follow, max-snippet:-1, max-image-preview:large, max-video-preview:-1\" \/>\n<link rel=\"canonical\" href=\"https:\/\/darkamazi.site\/archives\/1032489\" \/>\n<meta property=\"og:locale\" content=\"en_US\" \/>\n<meta property=\"og:type\" content=\"article\" \/>\n<meta property=\"og:title\" content=\"Irak Ba\u015fbakan\u0131 Sudani Tahran&#039;a ziyaret ger\u00e7ekle\u015ftirdi - Darka Mazi\" \/>\n<meta property=\"og:description\" content=\"Irak Ba\u015fbakan\u0131 Muhammed \u015eiya Sudani, b\u00f6lgesel geli\u015fmeleri g\u00f6r\u00fc\u015fmek \u00fczere \u0130ran\u2019\u0131n ba\u015fkenti Tahran\u2019a gitti.\u00a0 Irak Ba\u015fbakan\u0131 Sudani, 8 Ocak 2025 \u00c7ar\u015famba g\u00fcn\u00fc, resmi ziyaret \u00e7er\u00e7evesinde Tahran\u2019a gitti. Mehrabad Uluslararas\u0131 Havaliman\u0131na ini\u015f yapan Sudani&#8217;yi \u0130ran Ekonomi Bakan\u0131 Abdulnas\u0131r Himmati kar\u015f\u0131lad\u0131. \u0130ran D\u0131\u015fi\u015fleri Bakanl\u0131\u011f\u0131 S\u00f6zc\u00fcs\u00fc \u0130smail Baqayi, yapt\u0131\u011f\u0131 a\u00e7\u0131klamada, Sudani ile \u0130ranl\u0131 \u00fcst d\u00fczey yetkililer aras\u0131ndaki g\u00f6r\u00fc\u015fmelerin ana [&hellip;]\" \/>\n<meta property=\"og:url\" content=\"https:\/\/darkamazi.site\/archives\/1032489\" \/>\n<meta property=\"og:site_name\" content=\"Darka Mazi\" \/>\n<meta property=\"article:publisher\" content=\"https:\/\/www.facebook.com\/DarkaMaziturkce\" \/>\n<meta property=\"article:published_time\" content=\"2025-01-08T07:52:57+00:00\" \/>\n<meta property=\"article:modified_time\" content=\"2026-03-31T13:18:00+00:00\" \/>\n<meta property=\"og:image\" content=\"https:\/\/darkamazi.site\/file\/2025\/01\/1736322451_kurdistan24.jpg\" \/>\n\t<meta property=\"og:image:width\" content=\"1920\" \/>\n\t<meta property=\"og:image:height\" content=\"1080\" \/>\n\t<meta property=\"og:image:type\" content=\"image\/jpeg\" \/>\n<meta name=\"author\" content=\"darka mazi\" \/>\n<meta name=\"twitter:card\" content=\"summary_large_image\" \/>\n<meta name=\"twitter:creator\" content=\"@DarkaMaziTurkce\" \/>\n<meta name=\"twitter:site\" content=\"@DarkaMaziTurkce\" \/>\n<meta name=\"twitter:label1\" content=\"Written by\" \/>\n\t<meta name=\"twitter:data1\" content=\"darka mazi\" \/>\n\t<meta name=\"twitter:label2\" content=\"Est. reading time\" \/>\n\t<meta name=\"twitter:data2\" content=\"1 minute\" \/>\n<script type=\"application\/ld+json\" class=\"seo-schema-graph\">{\"@context\":\"https:\\\/\\\/schema.org\",\"@graph\":[{\"@type\":\"NewsArticle\",\"@id\":\"https:\\\/\\\/darkamazi.site\\\/archives\\\/1032489#article\",\"isPartOf\":{\"@id\":\"https:\\\/\\\/darkamazi.site\\\/archives\\\/1032489\"},\"author\":{\"name\":\"darka mazi\",\"@id\":\"https:\\\/\\\/darkamazi.site\\\/#\\\/schema\\\/person\\\/67986a95ac546c16760365877ef4a9d3\"},\"headline\":\"Irak Ba\u015fbakan\u0131 Sudani Tahran&#8217;a ziyaret ger\u00e7ekle\u015ftirdi\",\"datePublished\":\"2025-01-08T07:52:57+00:00\",\"dateModified\":\"2026-03-31T13:18:00+00:00\",\"mainEntityOfPage\":{\"@id\":\"https:\\\/\\\/darkamazi.site\\\/archives\\\/1032489\"},\"wordCount\":225,\"publisher\":{\"@id\":\"https:\\\/\\\/darkamazi.site\\\/#organization\"},\"image\":{\"@id\":\"https:\\\/\\\/darkamazi.site\\\/archives\\\/1032489#primaryimage\"},\"thumbnailUrl\":\"https:\\\/\\\/darkamazi.site\\\/darka-content\\\/uploads\\\/2025\\\/01\\\/1736322451_kurdistan24.jpg\",\"articleSection\":[\"Ortado\u011fu\"],\"inLanguage\":\"en-US\"},{\"@type\":\"WebPage\",\"@id\":\"https:\\\/\\\/darkamazi.site\\\/archives\\\/1032489\",\"url\":\"https:\\\/\\\/darkamazi.site\\\/archives\\\/1032489\",\"name\":\"Irak Ba\u015fbakan\u0131 Sudani Tahran'a ziyaret ger\u00e7ekle\u015ftirdi - Darka Mazi\",\"isPartOf\":{\"@id\":\"https:\\\/\\\/darkamazi.site\\\/#website\"},\"primaryImageOfPage\":{\"@id\":\"https:\\\/\\\/darkamazi.site\\\/archives\\\/1032489#primaryimage\"},\"image\":{\"@id\":\"https:\\\/\\\/darkamazi.site\\\/archives\\\/1032489#primaryimage\"},\"thumbnailUrl\":\"https:\\\/\\\/darkamazi.site\\\/darka-content\\\/uploads\\\/2025\\\/01\\\/1736322451_kurdistan24.jpg\",\"datePublished\":\"2025-01-08T07:52:57+00:00\",\"dateModified\":\"2026-03-31T13:18:00+00:00\",\"breadcrumb\":{\"@id\":\"https:\\\/\\\/darkamazi.site\\\/archives\\\/1032489#breadcrumb\"},\"inLanguage\":\"en-US\",\"potentialAction\":[{\"@type\":\"ReadAction\",\"target\":[\"https:\\\/\\\/darkamazi.site\\\/archives\\\/1032489\"]}]},{\"@type\":\"ImageObject\",\"inLanguage\":\"en-US\",\"@id\":\"https:\\\/\\\/darkamazi.site\\\/archives\\\/1032489#primaryimage\",\"url\":\"https:\\\/\\\/darkamazi.site\\\/darka-content\\\/uploads\\\/2025\\\/01\\\/1736322451_kurdistan24.jpg\",\"contentUrl\":\"https:\\\/\\\/darkamazi.site\\\/darka-content\\\/uploads\\\/2025\\\/01\\\/1736322451_kurdistan24.jpg\",\"width\":1920,\"height\":1080,\"caption\":\"Irak Ba\u015fbakan\u0131 Sudani Tahran'a ziyaret ger\u00e7ekle\u015ftirdi\"},{\"@type\":\"BreadcrumbList\",\"@id\":\"https:\\\/\\\/darkamazi.site\\\/archives\\\/1032489#breadcrumb\",\"itemListElement\":[{\"@type\":\"ListItem\",\"position\":1,\"name\":\"Home\",\"item\":\"https:\\\/\\\/darkamazi.site\\\/\"},{\"@type\":\"ListItem\",\"position\":2,\"name\":\"Irak Ba\u015fbakan\u0131 Sudani Tahran&#8217;a ziyaret ger\u00e7ekle\u015ftirdi\"}]},{\"@type\":\"WebSite\",\"@id\":\"https:\\\/\\\/darkamazi.site\\\/#website\",\"url\":\"https:\\\/\\\/darkamazi.site\\\/\",\"name\":\"Darka Mazi\",\"description\":\"Ana Sayfa\",\"publisher\":{\"@id\":\"https:\\\/\\\/darkamazi.site\\\/#organization\"},\"potentialAction\":[{\"@type\":\"SearchAction\",\"target\":{\"@type\":\"EntryPoint\",\"urlTemplate\":\"https:\\\/\\\/darkamazi.site\\\/?s={search_term_string}\"},\"query-input\":{\"@type\":\"PropertyValueSpecification\",\"valueRequired\":true,\"valueName\":\"search_term_string\"}}],\"inLanguage\":\"en-US\"},{\"@type\":\"Organization\",\"@id\":\"https:\\\/\\\/darkamazi.site\\\/#organization\",\"name\":\"Darka Mazi T\u00fcrk\u00e7e\",\"alternateName\":\"Darka Mazi\",\"url\":\"https:\\\/\\\/darkamazi.site\\\/\",\"logo\":{\"@type\":\"ImageObject\",\"inLanguage\":\"en-US\",\"@id\":\"https:\\\/\\\/darkamazi.site\\\/#\\\/schema\\\/logo\\\/image\\\/\",\"url\":\"https:\\\/\\\/darkamazi.site\\\/darka-content\\\/uploads\\\/2017\\\/12\\\/darka-mazi-logo.png\",\"contentUrl\":\"https:\\\/\\\/darkamazi.site\\\/darka-content\\\/uploads\\\/2017\\\/12\\\/darka-mazi-logo.png\",\"width\":151,\"height\":75,\"caption\":\"Darka Mazi T\u00fcrk\u00e7e\"},\"image\":{\"@id\":\"https:\\\/\\\/darkamazi.site\\\/#\\\/schema\\\/logo\\\/image\\\/\"},\"sameAs\":[\"https:\\\/\\\/www.facebook.com\\\/DarkaMaziturkce\",\"https:\\\/\\\/x.com\\\/DarkaMaziTurkce\"]},{\"@type\":\"Person\",\"@id\":\"https:\\\/\\\/darkamazi.site\\\/#\\\/schema\\\/person\\\/67986a95ac546c16760365877ef4a9d3\",\"name\":\"darka mazi\",\"sameAs\":[\"https:\\\/\\\/darkamazi.site\"],\"url\":\"https:\\\/\\\/darkamazi.site\\\/archives\\\/author\\\/turkish\"}]}<\/script>\n<!-- \/ Yoast SEO plugin. -->","seo_head_json":{"title":"Irak Ba\u015fbakan\u0131 Sudani Tahran'a ziyaret ger\u00e7ekle\u015ftirdi - Darka Mazi","robots":{"index":"index","follow":"follow","max-snippet":"max-snippet:-1","max-image-preview":"max-image-preview:large","max-video-preview":"max-video-preview:-1"},"canonical":"https:\/\/darkamazi.site\/archives\/1032489","og_locale":"en_US","og_type":"article","og_title":"Irak Ba\u015fbakan\u0131 Sudani Tahran'a ziyaret ger\u00e7ekle\u015ftirdi - Darka Mazi","og_description":"Irak Ba\u015fbakan\u0131 Muhammed \u015eiya Sudani, b\u00f6lgesel geli\u015fmeleri g\u00f6r\u00fc\u015fmek \u00fczere \u0130ran\u2019\u0131n ba\u015fkenti Tahran\u2019a gitti.\u00a0 Irak Ba\u015fbakan\u0131 Sudani, 8 Ocak 2025 \u00c7ar\u015famba g\u00fcn\u00fc, resmi ziyaret \u00e7er\u00e7evesinde Tahran\u2019a gitti. Mehrabad Uluslararas\u0131 Havaliman\u0131na ini\u015f yapan Sudani&#8217;yi \u0130ran Ekonomi Bakan\u0131 Abdulnas\u0131r Himmati kar\u015f\u0131lad\u0131. \u0130ran D\u0131\u015fi\u015fleri Bakanl\u0131\u011f\u0131 S\u00f6zc\u00fcs\u00fc \u0130smail Baqayi, yapt\u0131\u011f\u0131 a\u00e7\u0131klamada, Sudani ile \u0130ranl\u0131 \u00fcst d\u00fczey yetkililer aras\u0131ndaki g\u00f6r\u00fc\u015fmelerin ana [&hellip;]","og_url":"https:\/\/darkamazi.site\/archives\/1032489","og_site_name":"Darka Mazi","article_publisher":"https:\/\/www.facebook.com\/DarkaMaziturkce","article_published_time":"2025-01-08T07:52:57+00:00","article_modified_time":"2026-03-31T13:18:00+00:00","og_image":[{"width":1920,"height":1080,"url":"https:\/\/darkamazi.site\/file\/2025\/01\/1736322451_kurdistan24.jpg","type":"image\/jpeg"}],"author":"darka mazi","twitter_card":"summary_large_image","twitter_creator":"@DarkaMaziTurkce","twitter_site":"@DarkaMaziTurkce","twitter_misc":{"Written by":"darka mazi","Est. reading time":"1 minute"},"schema":{"@context":"https:\/\/schema.org","@graph":[{"@type":"NewsArticle","@id":"https:\/\/darkamazi.site\/archives\/1032489#article","isPartOf":{"@id":"https:\/\/darkamazi.site\/archives\/1032489"},"author":{"name":"darka mazi","@id":"https:\/\/darkamazi.site\/#\/schema\/person\/67986a95ac546c16760365877ef4a9d3"},"headline":"Irak Ba\u015fbakan\u0131 Sudani Tahran&#8217;a ziyaret ger\u00e7ekle\u015ftirdi","datePublished":"2025-01-08T07:52:57+00:00","dateModified":"2026-03-31T13:18:00+00:00","mainEntityOfPage":{"@id":"https:\/\/darkamazi.site\/archives\/1032489"},"wordCount":225,"publisher":{"@id":"https:\/\/darkamazi.site\/#organization"},"image":{"@id":"https:\/\/darkamazi.site\/archives\/1032489#primaryimage"},"thumbnailUrl":"https:\/\/darkamazi.site\/file\/2025\/01\/1736322451_kurdistan24.jpg","articleSection":["Ortado\u011fu"],"inLanguage":"en-US"},{"@type":"WebPage","@id":"https:\/\/darkamazi.site\/archives\/1032489","url":"https:\/\/darkamazi.site\/archives\/1032489","name":"Irak Ba\u015fbakan\u0131 Sudani Tahran'a ziyaret ger\u00e7ekle\u015ftirdi - Darka Mazi","isPartOf":{"@id":"https:\/\/darkamazi.site\/#website"},"primaryImageOfPage":{"@id":"https:\/\/darkamazi.site\/archives\/1032489#primaryimage"},"image":{"@id":"https:\/\/darkamazi.site\/archives\/1032489#primaryimage"},"thumbnailUrl":"https:\/\/darkamazi.site\/file\/2025\/01\/1736322451_kurdistan24.jpg","datePublished":"2025-01-08T07:52:57+00:00","dateModified":"2026-03-31T13:18:00+00:00","breadcrumb":{"@id":"https:\/\/darkamazi.site\/archives\/1032489#breadcrumb"},"inLanguage":"en-US","potentialAction":[{"@type":"ReadAction","target":["https:\/\/darkamazi.site\/archives\/1032489"]}]},{"@type":"ImageObject","inLanguage":"en-US","@id":"https:\/\/darkamazi.site\/archives\/1032489#primaryimage","url":"https:\/\/darkamazi.site\/file\/2025\/01\/1736322451_kurdistan24.jpg","contentUrl":"https:\/\/darkamazi.site\/file\/2025\/01\/1736322451_kurdistan24.jpg","width":1920,"height":1080,"caption":"Irak Ba\u015fbakan\u0131 Sudani Tahran'a ziyaret ger\u00e7ekle\u015ftirdi"},{"@type":"BreadcrumbList","@id":"https:\/\/darkamazi.site\/archives\/1032489#breadcrumb","itemListElement":[{"@type":"ListItem","position":1,"name":"Home","item":"https:\/\/darkamazi.site\/"},{"@type":"ListItem","position":2,"name":"Irak Ba\u015fbakan\u0131 Sudani Tahran&#8217;a ziyaret ger\u00e7ekle\u015ftirdi"}]},{"@type":"WebSite","@id":"https:\/\/darkamazi.site\/#website","url":"https:\/\/darkamazi.site\/","name":"Darka Mazi","description":"Ana Sayfa","publisher":{"@id":"https:\/\/darkamazi.site\/#organization"},"potentialAction":[{"@type":"SearchAction","target":{"@type":"EntryPoint","urlTemplate":"https:\/\/darkamazi.site\/?s={search_term_string}"},"query-input":{"@type":"PropertyValueSpecification","valueRequired":true,"valueName":"search_term_string"}}],"inLanguage":"en-US"},{"@type":"Organization","@id":"https:\/\/darkamazi.site\/#organization","name":"Darka Mazi T\u00fcrk\u00e7e","alternateName":"Darka Mazi","url":"https:\/\/darkamazi.site\/","logo":{"@type":"ImageObject","inLanguage":"en-US","@id":"https:\/\/darkamazi.site\/#\/schema\/logo\/image\/","url":"https:\/\/darkamazi.site\/file\/2017\/12\/darka-mazi-logo.png","contentUrl":"https:\/\/darkamazi.site\/file\/2017\/12\/darka-mazi-logo.png","width":151,"height":75,"caption":"Darka Mazi T\u00fcrk\u00e7e"},"image":{"@id":"https:\/\/darkamazi.site\/#\/schema\/logo\/image\/"},"sameAs":["https:\/\/www.facebook.com\/DarkaMaziturkce","https:\/\/x.com\/DarkaMaziTurkce"]},{"@type":"Person","@id":"https:\/\/darkamazi.site\/#\/schema\/person\/67986a95ac546c16760365877ef4a9d3","name":"darka mazi","sameAs":["https:\/\/darkamazi.site"],"url":"https:\/\/darkamazi.site\/archives\/author\/turkish"}]}},"_links":{"self":[{"href":"https:\/\/darkamazi.site\/funavuv\/wp\/v2\/posts\/1032489","targetHints":{"allow":["GET"]}}],"collection":[{"href":"https:\/\/darkamazi.site\/funavuv\/wp\/v2\/posts"}],"about":[{"href":"https:\/\/darkamazi.site\/funavuv\/wp\/v2\/types\/post"}],"author":[{"embeddable":true,"href":"https:\/\/darkamazi.site\/funavuv\/wp\/v2\/users\/2"}],"replies":[{"embeddable":true,"href":"https:\/\/darkamazi.site\/funavuv\/wp\/v2\/comments?post=1032489"}],"version-history":[{"count":0,"href":"https:\/\/darkamazi.site\/funavuv\/wp\/v2\/posts\/1032489\/revisions"}],"wp:featuredmedia":[{"embeddable":true,"href":"https:\/\/darkamazi.site\/funavuv\/wp\/v2\/media\/1032490"}],"wp:attachment":[{"href":"https:\/\/darkamazi.site\/funavuv\/wp\/v2\/media?parent=1032489"}],"wp:term":[{"taxonomy":"category","embeddable":true,"href":"https:\/\/darkamazi.site\/funavuv\/wp\/v2\/categories?post=1032489"},{"taxonomy":"post_tag","embeddable":true,"href":"https:\/\/darkamazi.site\/funavuv\/wp\/v2\/tags?post=1032489"}],"curies":[{"name":"wp","href":"https:\/\/api.w.org\/{rel}","templated":true}]}}